{"id":21530,"date":"2024-05-20T16:04:17","date_gmt":"2024-05-20T20:04:17","guid":{"rendered":"https:\/\/energiesnet.com\/espanol\/?p=21530"},"modified":"2024-05-20T16:05:56","modified_gmt":"2024-05-20T20:05:56","slug":"iranian-president-foreign-minister-killed-in-helicopter-crash-video","status":"publish","type":"post","link":"https:\/\/energiesnet.com\/espanol\/iranian-president-foreign-minister-killed-in-helicopter-crash-video\/","title":{"rendered":"Ebrahim Raisi, presidente de Ir\u00e1n, muere a los 63 a\u00f1os (video)"},"content":{"rendered":"\n<figure class=\"wp-block-image size-full\"><img fetchpriority=\"high\" decoding=\"async\" width=\"600\" height=\"400\" src=\"https:\/\/energiesnet.com\/espanol\/wp-content\/uploads\/2024\/05\/iran_presiodent_raishi-nyt.jpg\" alt=\"Ebrahim Raisi, presidente de Ir\u00e1n\u00a0. El cl\u00e9rigo chiita de l\u00ednea dura era considerado posible sucesor del l\u00edder supremo de Ir\u00e1n. Su muerte en un accidente de helic\u00f3ptero ocurre en un momento de turbulencia su pa\u00eds. Maansi Srivastava\/The New York Times\" class=\"wp-image-21531\" srcset=\"https:\/\/energiesnet.com\/espanol\/wp-content\/uploads\/2024\/05\/iran_presiodent_raishi-nyt.jpg 600w, https:\/\/energiesnet.com\/espanol\/wp-content\/uploads\/2024\/05\/iran_presiodent_raishi-nyt-300x200.jpg 300w\" sizes=\"(max-width: 600px) 100vw, 600px\" \/><figcaption class=\"wp-element-caption\"><mark style=\"background-color:rgba(0, 0, 0, 0)\" class=\"has-inline-color has-ast-global-color-6-color\"><strong>Watch video:<\/strong><\/mark> <a href=\"https:\/\/www.nytimes.com\/es\/2024\/05\/20\/espanol\/ebrahim-raisi-presidente-de-iran-muere.html?smid=url-share\"><em>Ebrahim Raisi, presidente de Ir\u00e1n\u00a0. El cl\u00e9rigo chiita de l\u00ednea dura era considerado posible sucesor del l\u00edder supremo de Ir\u00e1n. Su muerte en un accidente de helic\u00f3ptero ocurre en un momento de turbulencia su pa\u00eds. <\/em>M<\/a>aansi Srivastava\/The New York Times<\/figcaption><\/figure>\n\n\n\n<p>Erika Solomon y Farnaz Fassihi, NYTimes               <\/p>\n\n\n\n<p>BERLIN\/UNITED NATIONS            <br>EnergiesNet.com 20 05 2024          <\/p>\n\n\n\n<p>Ebrahim Raisi, presidente de Ir\u00e1n y uno de los principales aspirantes a suceder al l\u00edder supremo de la naci\u00f3n, muri\u00f3 el domingo&nbsp;<a href=\"https:\/\/www.nytimes.com\/live\/2024\/05\/19\/world\/iran-president-helicopter-crash\">en un accidente de helic\u00f3ptero<\/a>. Ten\u00eda 63 a\u00f1os.<\/p>\n\n\n\n<p><a href=\"https:\/\/www.nytimes.com\/2024\/05\/19\/world\/middleeast\/iran-president-ebrahim-raisi.html\">Raisi<\/a>, cl\u00e9rigo musulm\u00e1n chiita conservador que particip\u00f3 en algunas de las m\u00e1s brutales medidas represivas contra opositores a la Rep\u00fablica Isl\u00e1mica, era&nbsp;<a href=\"https:\/\/www.nytimes.com\/2024\/05\/19\/world\/middleeast\/iran-president-ebrahim-raisi.html\">un protegido<\/a>&nbsp;del l\u00edder supremo de Ir\u00e1n, el ayatol\u00e1 Al\u00ed Jamenei, y un devoto defensor del r\u00e9gimen religioso en el pa\u00eds.<\/p>\n\n\n\n<p>La presidencia de Raisi estuvo marcada por dos acontecimientos importantes: el levantamiento nacional de 2022, liderado por mujeres y ni\u00f1as, que exig\u00eda el fin del dominio de la Rep\u00fablica Isl\u00e1mica y el brutal aplastamiento de ese movimiento por parte del gobierno; y la actual guerra de Medio Oriente con Israel, con el que ten\u00eda un largo historial de ataques clandestinos.<\/p>\n\n\n\n<p>Como presidente seg\u00fan el sistema pol\u00edtico iran\u00ed, Raisi&nbsp;<a href=\"https:\/\/www.nytimes.com\/2024\/05\/19\/world\/middleeast\/us-iran-raisi-crash.html\">no estableci\u00f3 la pol\u00edtica nuclear o regional del pa\u00eds<\/a>. Pero hered\u00f3 un gobierno que no dejaba de ampliar su influencia regional a trav\u00e9s de una red de milicias aliadas y un programa nuclear que avanzaba r\u00e1pidamente hacia niveles de enriquecimiento de uranio apto para armamento tras la salida de Estados Unidos de un acuerdo nuclear.<\/p>\n\n\n\n<p>Raisi respaldaba y apoyaba ambas pol\u00edticas y las consideraba esenciales para que Ir\u00e1n mantuviera su influencia en la regi\u00f3n y ejerciera presi\u00f3n sobre Occidente.<\/p>\n\n\n\n<p><a href=\"https:\/\/www.nytimes.com\/2024\/05\/19\/world\/middleeast\/us-iran-raisi-crash.html\">Su muerte ocurri\u00f3 cuando una guerra en la sombra que llevaba a\u00f1os<\/a>&nbsp;se convirti\u00f3 en una confrontaci\u00f3n directa a ra\u00edz del ataque militar de Israel contra Gaza en represalia por los atentados del 7 de octubre de Ham\u00e1s contra Israel.<\/p>\n\n\n\n<p>Raisi naci\u00f3 en la ciudad nororiental de Mashhad, en una familia de cl\u00e9rigos, y estudi\u00f3 en el famoso seminario de Qom antes de participar, con 18 a\u00f1os, en la revoluci\u00f3n isl\u00e1mica de 1979, que derroc\u00f3 al sha de Ir\u00e1n. Solo dos a\u00f1os despu\u00e9s, Raisi se convirti\u00f3 en juez de la reci\u00e9n creada Rep\u00fablica Isl\u00e1mica, iniciando un ascenso constante a la cima de la pol\u00edtica iran\u00ed.<\/p>\n\n\n\n<p>Al igual que Jamenei y su predecesor, el ayatol\u00e1 Ruhollah Jomeini, fundador de la revoluci\u00f3n isl\u00e1mica, Raisi se puso el turbante negro de los cl\u00e9rigos, reservado a los&nbsp;<em>sayyids<\/em>, o personas cuyo linaje se remonta al profeta Mahoma.<\/p>\n\n\n\n<figure class=\"wp-block-image\"><img decoding=\"async\" src=\"https:\/\/static01.nyt.com\/images\/2024\/05\/19\/multimedia\/00iran-raisi-obit-HFO-pbjk-esp\/00iran-raisi-obit-HFO-pbjk-articleLarge.jpg?quality=75&amp;auto=webp&amp;disable=upscale\" alt=\"Mr. Raisi is in the center of five men, all dressed in black. At far right is Ayatollah Ali Khamenei, facing the four men to the left. Between the two men is Hassan Rouhani, wearing a white turban.\"\/><figcaption class=\"wp-element-caption\">Fotograf\u00eda facilitada por el gobierno iran\u00ed que muestra a Ebrahim Raisi, en el centro, saludando al l\u00edder supremo de Ir\u00e1n, el ayatol\u00e1 Al\u00ed Jamenei, en 2020. Entre los dos hombres est\u00e1 Hassan Rouhani, entonces presidente de Ir\u00e1n, con un turbante blanco.   Credit&#8230;Oficina del L\u00edder Supremo de Ir\u00e1n, v\u00eda EPA, v\u00eda Shutterstock<\/figcaption><\/figure>\n\n\n\n<p>La cuesti\u00f3n de la sucesi\u00f3n en Ir\u00e1n se ha hecho m\u00e1s acuciante porque Jamenei tiene 85 a\u00f1os y est\u00e1 d\u00e9bil. La selecci\u00f3n del pr\u00f3ximo l\u00edder supremo es un proceso opaco de rivalidades pol\u00edticas y artima\u00f1as. Seg\u00fan la Constituci\u00f3n, un \u00f3rgano electo de cl\u00e9rigos llamado Asamblea de Expertos elige al l\u00edder supremo.<\/p>\n\n\n\n<p>Raisi era considerado uno de los principales aspirantes a ese cargo y contaba con el favor de la facci\u00f3n de l\u00ednea dura, al igual que el hijo del ayatol\u00e1 Jamenei, Mojtabai, un influyente cl\u00e9rigo que ayuda a dirigir la oficina de su padre. La muerte de Raisi allana el camino para que el joven Jamenei suceda a su padre.<\/p>\n\n\n\n<p>Los analistas pol\u00edticos describieron a Raisi como un fiel ejecutor de las pol\u00edticas de Jamenei y un facilitador del creciente poder del Cuerpo de la Guardia Revolucionaria Isl\u00e1mica en la pol\u00edtica y la econom\u00eda de Ir\u00e1n.<\/p>\n\n\n\n<p>\u201cNo era alguien que rebosara de carisma. Sus discursos no motivaban a la gente a salir a la calle. Ejecutaba pol\u00edticas\u201d, afirm\u00f3 Sanam Vakil, directora del programa de Medio Oriente y Norte de \u00c1frica de Chatham House. \u201cPor encima de todo, era un conocedor del r\u00e9gimen. Era un ide\u00f3logo que trabajaba dentro del sistema y a trav\u00e9s del sistema\u201d.<\/p>\n\n\n\n<p>Los partidarios de Raisi, incluidos los comentaristas conservadores en los medios estatales, lo elogiaron por reimponer estrictas reglas religiosas y sociales, ser intolerante con la disidencia y alejar las pol\u00edticas de Ir\u00e1n de Occidente hacia un mayor compromiso con Rusia y China.<\/p>\n\n\n\n<p>De 2016 a 2019, Raisi estuvo al frente de Astan Quds Razavi, un poderoso conglomerado religioso multimillonario bajo el control de Jamenei y que se cree que es una de&nbsp;<a href=\"https:\/\/www.nytimes.com\/2021\/06\/19\/world\/middleeast\/ebrahim-raisi-iran-president.html\">sus fuentes de riqueza m\u00e1s importantes.<\/a><\/p>\n\n\n\n<p>En 2019, Raisi se convirti\u00f3 en el jefe del poder judicial de Ir\u00e1n, y durante su mandato supervis\u00f3 algunas de las medidas represivas m\u00e1s brutales contra la disidencia. Al menos 500 personas murieron durante&nbsp;<a href=\"https:\/\/www.nytimes.com\/2019\/12\/01\/world\/middleeast\/iran-protests-deaths.html\">las manifestaciones que tuvieron lugar en todo el pa\u00eds en noviembre de 2019<\/a>&nbsp;en respuesta a una subida de los precios del combustible. Detuvo a activistas, periodistas, abogados y ciudadanos con doble nacionalidad.<\/p>\n\n\n\n<figure class=\"wp-block-image\"><img decoding=\"async\" src=\"https:\/\/static01.nyt.com\/images\/2024\/05\/19\/multimedia\/00iran-raisi-obit-HFO-jhkb-esp1\/00iran-raisi-obit-HFO-jhkb-articleLarge.jpg?quality=75&amp;auto=webp&amp;disable=upscale\" alt=\"Ebrahim Raisi, wearing a dark robe and a black turban, holding both palms out. Long tables are on the right as well as behind him. The walls and columns are tiled in blue and green; the floor is tiled in green and white.\"\/><figcaption class=\"wp-element-caption\">Ebrahim Raisi, entonces jefe del poder judicial iran\u00ed y candidato presidencial, saludando a los medios de comunicaci\u00f3n tras votar en Teher\u00e1n en 2021.   Credit&#8230;Arash Khamooshi para The New York Times<\/figcaption><\/figure>\n\n\n\n<p>Se convirti\u00f3 en presidente en 2021, en una elecci\u00f3n que fue ampliamente vista como orquestada para asegurar su victoria, con sus rivales m\u00e1s serios habiendo sido descalificados.<\/p>\n\n\n\n<p>Raisi hizo campa\u00f1a como candidato anticorrupci\u00f3n, pero asumi\u00f3 la presidencia bajo una nube de condena por parte de opositores al gobierno y grupos internacionales de derechos humanos. Los grupos de derechos humanos destacaron los antecedentes de Raisi&nbsp;<a href=\"https:\/\/www.nytimes.com\/2021\/06\/19\/world\/middleeast\/ebrahim-raisi-iran-president.html\">como miembro de un grupo de cuatro personas<\/a>&nbsp;que orden\u00f3 la ejecuci\u00f3n sin juicio de 5000 disidentes pol\u00edticos en 1988, al final de la guerra entre Ir\u00e1n e Irak. Raisi no ha negado haber formado parte del panel y dijo en un discurso que era un funcionario subalterno nombrado para el cargo por el l\u00edder supremo en aquel momento.<\/p>\n\n\n\n<p>\u201cHemos perdido una generaci\u00f3n de mentes pol\u00edticas y activistas que podr\u00edan haber desempe\u00f1ado un papel importante en la sociedad iran\u00ed\u201d, declar\u00f3 Hadi Ghaemi, director ejecutivo del Centro de Derechos Humanos de Ir\u00e1n.<\/p>\n\n\n\n<p>Raisi, sostuvo, particip\u00f3 en varios de los momentos m\u00e1s represivos de la historia de Ir\u00e1n, en particular en la represi\u00f3n de las protestas antigubernamentales de 2009 y 2022.<\/p>\n\n\n\n<figure class=\"wp-block-image\"><img decoding=\"async\" src=\"https:\/\/static01.nyt.com\/images\/2024\/05\/19\/multimedia\/00iran-raisi-obit-HFO-mvgk-esp2\/00iran-raisi-obit-HFO-mvgk-articleLarge.jpg?quality=75&amp;auto=webp&amp;disable=upscale\" alt=\"Supporters of the Green movement stand atop a wall, as seen in the reflection of a window.\"\/><figcaption class=\"wp-element-caption\">El Movimiento Verde en 2009 en Teher\u00e1n, donde el gobierno iran\u00ed acus\u00f3 a muchos manifestantes de ser esp\u00edas extranjeros.  Credit&#8230;The New York Times<\/figcaption><\/figure>\n\n\n\n<p>Raisi asumi\u00f3 el poder tres a\u00f1os despu\u00e9s de que Donald Trump, como presidente, se retirara del acuerdo nuclear entre Ir\u00e1n y las potencias mundiales. Tras la salida de Estados Unidos del acuerdo, Trump volvi\u00f3 a imponer duras sanciones econ\u00f3micas a Ir\u00e1n, que afectaron a las ventas de petr\u00f3leo y a los bancos del pa\u00eds. Un a\u00f1o m\u00e1s tarde, despu\u00e9s de que Ir\u00e1n no lograra aprovechar los beneficios del acuerdo nuclear, volvi\u00f3 a enriquecer uranio a un nivel cercano al armament\u00edstico.<\/p>\n\n\n\n<p>Raisi asumi\u00f3 el cargo con la promesa de llevar a cabo una \u201cdiplomacia de resistencia\u201d, es decir, un desaf\u00edo a las potencias de Occidente, pero una apertura a las negociaciones, en particular con Estados Unidos, para volver al acuerdo nuclear y tratar de eliminar las sanciones. Pero meses de negociaciones fracasaron en oto\u00f1o de 2021 y no se ha llegado a ning\u00fan acuerdo con el gobierno de Joe Biden.<\/p>\n\n\n\n<figure class=\"wp-block-image\"><img decoding=\"async\" src=\"https:\/\/static01.nyt.com\/images\/2024\/05\/19\/multimedia\/00iran-raisi-obit-HFO-kvgq-esp3\/00iran-raisi-obit-HFO-kvgq-articleLarge.jpg?quality=75&amp;auto=webp&amp;disable=upscale\" alt=\"Xi Jinping, left, in a black suit, stands shoulder to shoulder with Ebrahim Raisi, in black robes and a black turban. An honor guard is behind them, as is a mural of the Great Wall.\"\/><figcaption class=\"wp-element-caption\">Raisi, a la derecha, con Xi Jinping en Pek\u00edn en 2023, en una foto publicada por los medios de comunicaci\u00f3n estatales chinos  Credit&#8230;Yan Yan\/Xinhua, v\u00eda Associated Press<\/figcaption><\/figure>\n\n\n\n<p>Uno de los logros m\u00e1s importantes en pol\u00edtica exterior de Raisi como presidente fue uno que sus predecesores hab\u00edan eludido durante mucho tiempo: el restablecimiento de los lazos con Arabia Saudita, el antiguo adversario regional de Ir\u00e1n. En 2023, ambas naciones firmaron en Pek\u00edn un acuerdo para restablecer relaciones diplom\u00e1ticas. Aunque simb\u00f3lico en gran medida, el acuerdo se consider\u00f3 clave para apaciguar su rivalidad regional.<\/p>\n\n\n\n<p>Raisi dio prioridad a estrechar las relaciones con Rusia y China y a alejarse de Occidente, afirmando que Ir\u00e1n no pod\u00eda confiar en Estados Unidos y Europa tras el fracaso del acuerdo nuclear. El gobierno de Raisi alcanz\u00f3&nbsp;<a href=\"https:\/\/www.nytimes.com\/2021\/03\/27\/world\/middleeast\/china-iran-deal.html\">un amplio acuerdo econ\u00f3mico, militar y de seguridad de 25 a\u00f1os<\/a>&nbsp;con China: Ir\u00e1n acept\u00f3 vender a Pek\u00edn petr\u00f3leo con descuento a cambio de que empresas chinas invirtieran 400.000 millones de d\u00f3lares en Ir\u00e1n en una amplia gama de sectores.<\/p>\n\n\n\n<p>Tambi\u00e9n viaj\u00f3 con frecuencia a Mosc\u00fa para reunirse con su hom\u00f3logo ruso, el presidente Vladimir Putin, e intensificaron las relaciones militares y de seguridad.&nbsp;<a href=\"https:\/\/www.nytimes.com\/2022\/08\/29\/world\/europe\/iran-military-drones.html\">Ir\u00e1n ha vendido aviones no tripulados<\/a>&nbsp;a Rusia, que los ha utilizado en su guerra de Ucrania, aunque Raisi ha negado este papel.<\/p>\n\n\n\n<p>El impacto de Raisi en la pol\u00edtica interior durante su presidencia se ha dejado sentir mucho m\u00e1s profundamente, y es probable que su legado sea controvertido. Durante su mandato, el pa\u00eds sufri\u00f3 graves recesiones econ\u00f3micas, impulsadas por las sanciones internacionales y el elevado desempleo.<\/p>\n\n\n\n<figure class=\"wp-block-image\"><img decoding=\"async\" src=\"https:\/\/static01.nyt.com\/images\/2024\/05\/19\/multimedia\/00iran-raisi-obit-HFO-bfvz-esp4\/00iran-raisi-obit-HFO-bfvz-articleLarge.jpg?quality=75&amp;auto=webp&amp;disable=upscale\" alt=\"A woman is seen in light among a large crowd, her hair covered, at the Grand Bazaar.\"\/><figcaption class=\"wp-element-caption\">Interior del Gran Bazar de Teher\u00e1n en abril\u00a0 Credit&#8230;Arash Khamooshi para The New York Times<\/figcaption><\/figure>\n\n\n\n<p>\u201cSi se quiere pensar en su legado, dej\u00f3 la econom\u00eda del pa\u00eds en ruinas, y este se ha vuelto m\u00e1s represivo\u201d, afirm\u00f3 Sina Azodi, profesor sobre Ir\u00e1n en la Universidad George Washington. \u201cIr\u00e1n nunca fue democr\u00e1tico ni libre, pero, desde 2021, la represi\u00f3n pol\u00edtica ha aumentado. No se tolera ninguna voz disidente\u201d.<\/p>\n\n\n\n<p>Bajo el mandato de Raisi, la moneda de Ir\u00e1n se desplom\u00f3 a un m\u00ednimo hist\u00f3rico, el&nbsp;<a href=\"https:\/\/www.nytimes.com\/2023\/07\/23\/world\/middleeast\/iran-heat-water.html\">cambio clim\u00e1tico y la mala gesti\u00f3n intensificaron la escasez de agua<\/a>&nbsp;, y el pa\u00eds fue golpeado en enero&nbsp;<a href=\"https:\/\/www.nytimes.com\/2024\/01\/05\/world\/middleeast\/iran-terrorism-isis-israel.html\">por el ataque terrorista m\u00e1s mort\u00edfero<\/a>&nbsp;desde la fundaci\u00f3n de la rep\u00fablica en 1979.<\/p>\n\n\n\n<p>Raisi tambi\u00e9n supervis\u00f3 una brutal represi\u00f3n de las protestas antigubernamentales que estallaron en 2022 tras la&nbsp;<a href=\"https:\/\/www.nytimes.com\/2022\/09\/16\/world\/middleeast\/iran-death-woman-protests.html\">muerte de una joven kurda de 21 a\u00f1os, Mahsa Amini<\/a>, mientras se encontraba bajo custodia de la polic\u00eda de moralidad iran\u00ed. Su muerte desencaden\u00f3 una oleada de protestas encabezadas por mujeres que se quitaron el pa\u00f1uelo de la cabeza y pidieron el derrocamiento de la Rep\u00fablica Isl\u00e1mica.<\/p>\n\n\n\n<p>Despu\u00e9s de que muchas mujeres iran\u00edes desafiaran la norma del hiyab obligatorio y aparecieran en p\u00fablico durante m\u00e1s de un a\u00f1o sin cubrirse el cabello, Raisi anunci\u00f3 esta primavera que iba a reforzar la norma del hiyab. En abril, su gobierno envi\u00f3 de nuevo a las calles a la polic\u00eda de la moralidad, tras haber dicho anteriormente que se hab\u00eda abolido, y muchas detenciones de mujeres se volvieron violentas.<\/p>\n\n\n\n<figure class=\"wp-block-image\"><img decoding=\"async\" src=\"https:\/\/static01.nyt.com\/images\/2024\/05\/19\/multimedia\/00iran-raisi-obit-HFO-qzcl-esp5\/00iran-raisi-obit-HFO-qzcl-articleLarge.jpg?quality=75&amp;auto=webp&amp;disable=upscale\" alt=\"A police motorcycle burns in the middle of a street, as cars are stopped in both directions. A crowd of people can be seen on the opposite sidewalks.\"\/><figcaption class=\"wp-element-caption\">Una motocicleta de la polic\u00eda ardi\u00f3 durante una protesta en 2022 tras la muerte de Mahsa Amini, joven kurda de 21 a\u00f1os, bajo custodia policial en Teher\u00e1n. Credit&#8230;Wana News Agency, v\u00eda Reuters<\/figcaption><\/figure>\n\n\n\n<p>Las acusaciones de abusos contra los derechos humanos, por las que Estados Unidos impuso sanciones a Raisi en 2019, lo persiguieron en la escena internacional hasta los \u00faltimos a\u00f1os de su vida.<\/p>\n\n\n\n<p>En diciembre pasado, cancel\u00f3 una visita a las Naciones Unidas en Ginebra ante la preocupaci\u00f3n de que pudiera ser arrestado por su presunto papel en las ejecuciones masivas de 1988, ya que&nbsp;<a href=\"https:\/\/www.nytimes.com\/2021\/07\/30\/world\/middleeast\/iran-sweden-trial-raisi.html\">Suecia hab\u00eda procesado a un funcionario judicial iran\u00ed de menor rango<\/a>&nbsp;por cr\u00edmenes contra la humanidad. Sin embargo, Raisi asisti\u00f3 todos los a\u00f1os a la Asamblea General de la ONU en Nueva York, donde pronunci\u00f3 encendidos discursos en los que culpaba de la disidencia en Ir\u00e1n a enemigos extranjeros, al tiempo que presentaba a su pa\u00eds como modelo de buen gobierno y defensor de los derechos humanos.<\/p>\n\n\n\n<p>A Raisi le sobrevive su esposa, Jamileh Alamolhoda, profesora universitaria de Filosof\u00eda y Educaci\u00f3n e hija de un influyente cl\u00e9rigo de l\u00ednea ultra dura, Ahmad Alamolhoda. La pareja tiene dos hijas y al menos un nieto.<\/p>\n\n\n\n<p><a href=\"https:\/\/www.nytimes.com\/by\/farnaz-fassihi\">Farnaz Fassihi<\/a>\u00a0es la jefa del bur\u00f3 de las Naciones Unidas para el Times, que dirige la cobertura de la organizaci\u00f3n, y tambi\u00e9n cubre Ir\u00e1n y la guerra en la sombra entre Ir\u00e1n e Israel. Radica en Nueva York.\u00a0<\/p>\n\n\n\n<p><\/p>\n\n\n\n<p>nytimes.com 20 05 2024<\/p>\n","protected":false},"excerpt":{"rendered":"<p>Erika Solomon y Farnaz Fassihi, NYTimes BERLIN\/UNITED NATIONS EnergiesNet.com 20 05 2024 Ebrahim Raisi, presidente de Ir\u00e1n y uno de los principales aspirantes a suceder al l\u00edder supremo de la naci\u00f3n, muri\u00f3 el domingo&nbsp;en un accidente de helic\u00f3ptero. Ten\u00eda 63 a\u00f1os. Raisi, cl\u00e9rigo musulm\u00e1n chiita conservador que particip\u00f3 en algunas de las m\u00e1s brutales medidas &hellip;<\/p>\n<p class=\"read-more\"> <a class=\"\" href=\"https:\/\/energiesnet.com\/espanol\/iranian-president-foreign-minister-killed-in-helicopter-crash-video\/\"> <span class=\"screen-reader-text\">Ebrahim Raisi, presidente de Ir\u00e1n, muere a los 63 a\u00f1os (video)<\/span> Leer m\u00e1s &raquo;<\/a><\/p>\n","protected":false},"author":2,"featured_media":21531,"comment_status":"open","ping_status":"open","sticky":false,"template":"","format":"standard","meta":{"_monsterinsights_skip_tracking":false,"_monsterinsights_sitenote_active":false,"_monsterinsights_sitenote_note":"","_monsterinsights_sitenote_category":0,"site-sidebar-layout":"default","site-content-layout":"default","ast-global-header-display":"","ast-main-header-display":"","ast-hfb-above-header-display":"","ast-hfb-below-header-display":"","ast-hfb-mobile-header-display":"","site-post-title":"","ast-breadcrumbs-content":"","ast-featured-img":"","footer-sml-layout":"","theme-transparent-header-meta":"","adv-header-id-meta":"","stick-header-meta":"","header-above-stick-meta":"","header-main-stick-meta":"","header-below-stick-meta":"","footnotes":""},"categories":[30],"tags":[3661,3659,471,3660],"class_list":["post-21530","post","type-post","status-publish","format-standard","has-post-thumbnail","hentry","category-top-news","tag-accidente-helicoptero","tag-ebrahim-raisi","tag-iran","tag-presidente-de-iran"],"aioseo_notices":[],"_links":{"self":[{"href":"https:\/\/energiesnet.com\/espanol\/wp-json\/wp\/v2\/posts\/21530","targetHints":{"allow":["GET"]}}],"collection":[{"href":"https:\/\/energiesnet.com\/espanol\/wp-json\/wp\/v2\/posts"}],"about":[{"href":"https:\/\/energiesnet.com\/espanol\/wp-json\/wp\/v2\/types\/post"}],"author":[{"embeddable":true,"href":"https:\/\/energiesnet.com\/espanol\/wp-json\/wp\/v2\/users\/2"}],"replies":[{"embeddable":true,"href":"https:\/\/energiesnet.com\/espanol\/wp-json\/wp\/v2\/comments?post=21530"}],"version-history":[{"count":0,"href":"https:\/\/energiesnet.com\/espanol\/wp-json\/wp\/v2\/posts\/21530\/revisions"}],"wp:featuredmedia":[{"embeddable":true,"href":"https:\/\/energiesnet.com\/espanol\/wp-json\/wp\/v2\/media\/21531"}],"wp:attachment":[{"href":"https:\/\/energiesnet.com\/espanol\/wp-json\/wp\/v2\/media?parent=21530"}],"wp:term":[{"taxonomy":"category","embeddable":true,"href":"https:\/\/energiesnet.com\/espanol\/wp-json\/wp\/v2\/categories?post=21530"},{"taxonomy":"post_tag","embeddable":true,"href":"https:\/\/energiesnet.com\/espanol\/wp-json\/wp\/v2\/tags?post=21530"}],"curies":[{"name":"wp","href":"https:\/\/api.w.org\/{rel}","templated":true}]}}