{"id":21732,"date":"2024-06-04T13:56:42","date_gmt":"2024-06-04T17:56:42","guid":{"rendered":"https:\/\/energiesnet.com\/espanol\/?p=21732"},"modified":"2024-10-10T07:40:45","modified_gmt":"2024-10-10T11:40:45","slug":"mexico-entrego-todo-el-poder-a-sheinbaum-que-hara-con-el-sandra-weiss","status":"publish","type":"post","link":"https:\/\/energiesnet.com\/espanol\/mexico-entrego-todo-el-poder-a-sheinbaum-que-hara-con-el-sandra-weiss\/","title":{"rendered":"M\u00e9xico entreg\u00f3 todo el poder a Sheinbaum: \u00bfqu\u00e9 har\u00e1 con \u00e9l? &#8211; Sandra Weiss (video)"},"content":{"rendered":"\n<figure class=\"wp-block-image size-full\"><img fetchpriority=\"high\" decoding=\"async\" width=\"600\" height=\"400\" src=\"https:\/\/energiesnet.com\/espanol\/wp-content\/uploads\/2024\/06\/cladia_amlo_afiche-.-Kayo-Goto-The-Yomiuri-Shimbun.jpg\" alt=\"Afiche de campa\u00f1a con las im\u00e1genes de Claudia Sheinbaum y Andr\u00e9s Manuel L\u00f3pez Obrador. (Kayo Goto\/The Yomiuri Shimbun)\" class=\"wp-image-21733\" srcset=\"https:\/\/energiesnet.com\/espanol\/wp-content\/uploads\/2024\/06\/cladia_amlo_afiche-.-Kayo-Goto-The-Yomiuri-Shimbun.jpg 600w, https:\/\/energiesnet.com\/espanol\/wp-content\/uploads\/2024\/06\/cladia_amlo_afiche-.-Kayo-Goto-The-Yomiuri-Shimbun-300x200.jpg 300w\" sizes=\"(max-width: 600px) 100vw, 600px\" \/><figcaption class=\"wp-element-caption\"><mark style=\"background-color:rgba(0, 0, 0, 0)\" class=\"has-inline-color has-ast-global-color-6-color\"><strong>Vea video DW:<\/strong><\/mark> <em><a href=\"https:\/\/youtu.be\/OSKz-jO032U?si=5OUHakXhVnXxYEWn\">Amplia victoria electoral en M\u00e9xico de Claudia Sheinbaum, protegida de AMLO<\/a><\/em><br><strong>Expertos hablan con DW de un cambio de era en M\u00e9xico, con nuevas posibilidades para las mujeres. Pero advierten sobre la enorme concentraci\u00f3n de poder en manos de un partido de Estado, sin contrapesos.<\/strong> Afiche de campa\u00f1a con las im\u00e1genes de Claudia Sheinbaum y Andr\u00e9s Manuel L\u00f3pez Obrador. (Kayo Goto\/The Yomiuri Shimbun<small>)<\/small><\/figcaption><\/figure>\n\n\n\n<p>Por Sandra Weiss <\/p>\n\n\n\n<p>En&nbsp;<a href=\"https:\/\/www.dw.com\/es\/m%C3%A9xico\/t-17409380\">M\u00e9xico<\/a>,&nbsp;<a href=\"https:\/\/www.dw.com\/es\/claudia-sheinbaum\/t-69249825\">Claudia Sheinbaum<\/a>&nbsp;no solo gan\u00f3 el domingo la Presidencia de forma contundente; lo hizo adem\u00e1s&nbsp;<a href=\"https:\/\/www.dw.com\/es\/claudia-sheinbaum-felicitaciones-de-todo-el-abanico-mundial\/a-69258433\">con m\u00e1s poder que cualquier otro jefe de Estado mexicano en la era democr\u00e1tica<\/a>. Seg\u00fan el conteo oficial, el partido oficialista Morena controlar\u00e1 probablemente 25 de 32 estados de la Rep\u00fablica y est\u00e1 muy cerca de la mayor\u00eda calificada en las dos c\u00e1maras del Congreso, mientras la oposici\u00f3n qued\u00f3 pulverizada.&nbsp;<\/p>\n\n\n\n<p><a href=\"https:\/\/www.dw.com\/es\/m%C3%A9xico-claudia-sheinbaum-y-la-larga-sombra-de-l%C3%B3pez-obrador\/a-69258039\">Sheinbaum<\/a>&nbsp;tendr\u00e1 as\u00ed v\u00eda libre para una transformaci\u00f3n de fondo de la institucionalidad de M\u00e9xico, algo que conlleva oportunidades, pero tambi\u00e9n grandes riesgos, debido al car\u00e1cter abiertamiente autoritario que ha profesado el predecesor y mentor de Sheinbaum,&nbsp;<a href=\"https:\/\/www.dw.com\/es\/andr%C3%A9s-manuel-l%C3%B3pez-obrador\/t-17412982\">Andr\u00e9s Manuel L\u00f3pez Obrador<\/a>&nbsp;(AMLO), advierten analistas consultados por Deutsche Welle.<\/p>\n\n\n\n<p>Javier Oliva Posada, doctor en Ciencias Pol\u00edticas de la Universidad Nacional Aut\u00f3noma de M\u00e9xico (UNAM), salud\u00f3 el discurso conciliador de la ganadora: \u00abFue incluyente, mesurado, sin este tono triunfalista que tuvo el presidente de su partido, Mario Delgado, quien fue bastante intempestivo cuando excluy\u00f3 cualquier contacto con la oposici\u00f3n.\u201d<\/p>\n\n\n\n<p>Posada, tambi\u00e9n doctor en Sociolog\u00eda del Derecho de la Universidad de Lecce, considera que el contundente triunfo de una mujer, a\u00f1adido al hecho de que la Corte Suprema y el Congreso tengan actualmente mujeres presidentas, significar\u00e1 un gran avance para&nbsp;<a href=\"https:\/\/www.dw.com\/es\/escapar%C3%A1-la-pr%C3%B3xima-presidenta-de-m%C3%A9xico-a-la-trampa-machista\/a-69067702\">la inclusi\u00f3n de mujeres en la pol\u00edtica<\/a>. \u00abEs un s\u00edmbolo importante de apertura y pluralidad\u201d. se\u00f1al\u00f3.<\/p>\n\n\n\n<figure class=\"wp-block-image size-large\"><img decoding=\"async\" width=\"1024\" height=\"576\" src=\"https:\/\/energiesnet.com\/espanol\/wp-content\/uploads\/2024\/06\/image-2-1024x576.png\" alt=\"Claudia Sheinbaum y Andr\u00e9s Manuel L\u00f3pez Obrador en un acto p\u00fablico, en 2019.\" class=\"wp-image-21734\" srcset=\"https:\/\/energiesnet.com\/espanol\/wp-content\/uploads\/2024\/06\/image-2-1024x576.png 1024w, https:\/\/energiesnet.com\/espanol\/wp-content\/uploads\/2024\/06\/image-2-300x169.png 300w, https:\/\/energiesnet.com\/espanol\/wp-content\/uploads\/2024\/06\/image-2-768x432.png 768w, https:\/\/energiesnet.com\/espanol\/wp-content\/uploads\/2024\/06\/image-2.png 1110w\" sizes=\"(max-width: 1024px) 100vw, 1024px\" \/><figcaption class=\"wp-element-caption\">Claudia Sheinbaum y Andr\u00e9s Manuel L\u00f3pez Obrador en un acto p\u00fablico, en 2019.<\/figcaption><\/figure>\n\n\n\n<h2 class=\"wp-block-heading has-medium-font-size\"><strong>Un sexenio sin contrapesos<\/strong><\/h2>\n\n\n\n<p><\/p>\n\n\n\n<p>Ana Francisca Vega, polit\u00f3loga del Centro de Investigaci\u00f3n y Docencia Econ\u00f3mica (CIDE), destaca que Sheinbaum logr\u00f3 ganar con un caudal de votos mayor incluso que L\u00f3pez Obrador en 2018. \u00abLa victoria es tan grande, que Sheinbaum solo perdi\u00f3 en Aguascalientes, un estado muy peque\u00f1o\u201d, dice la experta. \u00abEso le da un poder enorme, uno que ning\u00fan presidente ha tenido en los \u00faltimos cinco sexenios\u201d.<\/p>\n\n\n\n<p>Advierte, sin embargo, que \u00abla agenda legislativa planteada por el presidente Obrador desde febrero, y asumida por Sheinbaum, es una agenda que concentra todav\u00eda m\u00e1s el poder y desaparece o debilita organismos aut\u00f3nomos que han sido un contrapeso importante a algunas decisiones del Poder Ejecutivo\u201d.<\/p>\n\n\n\n<p>Vega, que tambi\u00e9n tiene una maestr\u00eda en Relaciones Internacionales en la Universidad de Oxford, menciona como ejemplo la planteada reforma del Poder Judicial, donde la nominaci\u00f3n de los jueces ser\u00e1 por voto popular, as\u00ed como la subordinaci\u00f3n de la poderosa Guardia Nacional a la Secretar\u00eda de Defensa Nacional (Sedena), lo que aumentar\u00eda el poder de los militares.&nbsp;<\/p>\n\n\n\n<p>Oliva Posada coincide en que uno de los retos de Sheinbaum ser\u00e1 \u00abreplantear las relaci\u00f3nes civico-militares, que durante la administraci\u00f3n de AMLO dieron un brinco cuando se les asign\u00f3 a los militares una gran cantidad de actividades que no tienen nada que ver con sus obligaciones constitucionales.\u201d<\/p>\n\n\n\n<h2 class=\"wp-block-heading has-medium-font-size\"><strong>La derrota de una generaci\u00f3n que luch\u00f3 por la democracia<\/strong><\/h2>\n\n\n\n<p><\/p>\n\n\n\n<p>Joel Ortega, un dirigente estudiantil comunista de las protestas de 1968 contra la represi\u00f3n del Partido del Estado del siglo XX, advierte sobre un \u00abcambio epocal\u201d. \u00abEs la restauraci\u00f3n de la vieja ideolog\u00eda dominante del partido de Estado de la Revoluci\u00f3n mexicana\u201d, apunta, regimen presidencialista autoritario que tuvo su m\u00e1xima expresi\u00f3n en el Partido Revolucionario Institucional (PRI), que gobern\u00f3 el pa\u00eds por 71 a\u00f1os.<\/p>\n\n\n\n<p>Ortega, coautor del libro \u00abLas dos izquierdas\u00bb (Random House, 2024) recuerda que, en su \u00e9poca del poder absoluto, el PRI controlaba todo. Ten\u00eda correas de transmisi\u00f3n con un sector sindical obrero y campesino, un brazo de organizaciones populares y un pacto con los militares. De hecho, varios presidentes de M\u00e9xico hasta mediados del siglo 20 fueron generales.<\/p>\n\n\n\n<p>Para Ortega, M\u00e9xico est\u00e1 \u00abante la derrota de una generaci\u00f3n que luch\u00f3 por la democracia\u00bb. Y se\u00f1ala que \u00abtodos los sindicatos apoyaron a Sheinbaum, y el PRI se pas\u00f3 casi por completo a Morena\u201d.<\/p>\n\n\n\n<p>Algo que la propia Sheinbaum deber\u00eda rechazar, ya que muchas veces se autodefini\u00f3 como heredera del esp\u00edritu democr\u00e1tico y rebelde del movimiento del 68, aunque en esa \u00e9poca todav\u00eda estaba en el jard\u00edn de infancia.<\/p>\n\n\n\n<p>En su discurso de victoria, Claudia Sheinbaum prometi\u00f3 guardar la pluralidad, respetar las minor\u00edas y profundizar la democracia. Algo que el experimentado luchador Ortega, de 78 a\u00f1os, ve con escepticismo. \u00abYo he escuchado a Fidel Castro y Hugo Ch\u00e1vez prometiendo lo mismo\u201d, apunta el excomunista. \u00abTodos sabemos en qu\u00e9 termin\u00f3.\u201d<\/p>\n\n\n\n<p>_____________________________________________________________<\/p>\n\n\n\n<p><strong><em>Sandra Weiss<\/em><\/strong>&nbsp;es polit\u00f3loga y ex diplom\u00e1tica. Hasta 1999 fue redactora de la agencia de noticias AFP. Ha publicado, como corresponsal independiente para Am\u00e9rica Latina, en Tagesspiegel, Die Zeit y Die Welt, entre otros medios. Los puntos de vista expresados no necesariamente son los de EnergiesNet.com.<\/p>\n\n\n\n<p>Nota del Editor:&nbsp;Este art\u00edculo fue originalmente publicado en&nbsp;<em><a href=\"https:\/\/www.dw.com\/\">DW&nbsp;<\/a><\/em>el 03 de junio, 2024. Reproducimos el mismo en beneficio de los lectores.&nbsp;EnergiesNet.com no se hace responsable por los juicios de valor emitidos por sus colaboradores y columnistas de opini\u00f3n y an\u00e1lisis.<\/p>\n\n\n\n<p><a href=\"https:\/\/www.dw.com\/es\/bernardo-ar%C3%A9valo-en-guatemala-lo-primero-es-reconstruir-el-estado\/a-66542015?maca=es-Facebook-sharing&amp;fbclid=IwAR1UggHleqzBEut_iYVnWLxem8pdKBitIew6184ghlN-jwP_t7xMFBY_FOw\"><a href=\"https:\/\/www.dw.com\/es\/m%C3%A9xico-entreg%C3%B3-todo-el-poder-a-sheinbaum-qu%C3%A9-har%C3%A1-con-%C3%A9l\/a-69258686?maca=spa-newsletter_sp_Titulares-2358-xml-newsletter&amp;at_medium=Newsletter&amp;at_campaign=ES%20-%20Titulares&amp;at_dw_language=es&amp;at_number=20240603&amp;r=8726097341817184&amp;lid=2974184&amp;pm_ln=254210&amp;fbclid=IwZXh0bgNhZW0CMTAAAR2vuqrJffDYdwYLWOZgF1t2poF8T_HSqYdCVoHFe9sGrvtBQNtrRs-YeaM_aem_ZmFrZWR1bW15MTZieXRlcw\">M\u00e9xico entreg\u00f3 todo el poder a Sheinbaum: \u00bfqu\u00e9 har\u00e1 con \u00e9l? \u2013 DW <\/a><\/a><\/p>\n\n\n\n<p>Aviso de uso: Este sitio contiene material protegido por derechos de autor cuyo uso no siempre ha sido espec\u00edficamente autorizado por el propietario de los derechos. Ponemos a disposici\u00f3n dicho material en nuestro esfuerzo por avanzar en la comprensi\u00f3n de cuestiones de importancia social, medioambiental y humanitaria. Creemos que esto constituye un \u00abuso justo\u00bb de dicho material protegido por derechos de autor, tal y como se establece en la secci\u00f3n 107 de la Ley de Derechos de Autor de los Estados Unidos. De acuerdo con el T\u00edtulo 17 U.S.C. Secci\u00f3n 107.<\/p>\n\n\n\n<p>Para m\u00e1s informaci\u00f3n, visite: http:\/\/www.law.cornell.edu\/uscode\/17\/107.shtml<\/p>\n\n\n\n<p>EnergiesNet.com alienta a las personas a reproducir, reimprimir, y divulgar a trav\u00e9s de los medios audiovisuales e Internet, los comentarios editoriales y de opini\u00f3n de Petroleumworld, siempre y cuando esa reproducci\u00f3n identifique, a el autor, y la fuente original, http:\/\/www.petroleumworld.com y se haga dentro de el uso normal (fair use) de la doctrina de la secci\u00f3n 107 de la Ley de derechos de autor de los Estados Unidos de Norteam\u00e9rica (US Copyright).<\/p>\n\n\n\n<p>energiesnet.com 04 06 2022.<\/p>\n","protected":false},"excerpt":{"rendered":"<p>Por Sandra Weiss En&nbsp;M\u00e9xico,&nbsp;Claudia Sheinbaum&nbsp;no solo gan\u00f3 el domingo la Presidencia de forma contundente; lo hizo adem\u00e1s&nbsp;con m\u00e1s poder que cualquier otro jefe de Estado mexicano en la era democr\u00e1tica. Seg\u00fan el conteo oficial, el partido oficialista Morena controlar\u00e1 probablemente 25 de 32 estados de la Rep\u00fablica y est\u00e1 muy cerca de la mayor\u00eda calificada &hellip;<\/p>\n<p class=\"read-more\"> <a class=\"\" href=\"https:\/\/energiesnet.com\/espanol\/mexico-entrego-todo-el-poder-a-sheinbaum-que-hara-con-el-sandra-weiss\/\"> <span class=\"screen-reader-text\">M\u00e9xico entreg\u00f3 todo el poder a Sheinbaum: \u00bfqu\u00e9 har\u00e1 con \u00e9l? &#8211; Sandra Weiss (video)<\/span> Leer m\u00e1s &raquo;<\/a><\/p>\n","protected":false},"author":2,"featured_media":21733,"comment_status":"open","ping_status":"open","sticky":false,"template":"","format":"standard","meta":{"_monsterinsights_skip_tracking":false,"_monsterinsights_sitenote_active":false,"_monsterinsights_sitenote_note":"","_monsterinsights_sitenote_category":0,"site-sidebar-layout":"default","site-content-layout":"default","ast-global-header-display":"","ast-main-header-display":"","ast-hfb-above-header-display":"","ast-hfb-below-header-display":"","ast-hfb-mobile-header-display":"","site-post-title":"","ast-breadcrumbs-content":"","ast-featured-img":"disabled","footer-sml-layout":"","theme-transparent-header-meta":"","adv-header-id-meta":"","stick-header-meta":"","header-above-stick-meta":"","header-main-stick-meta":"","header-below-stick-meta":"","footnotes":""},"categories":[45],"tags":[3737,305,2166,304,109,3739],"class_list":["post-21732","post","type-post","status-publish","format-standard","has-post-thumbnail","hentry","category-noticias-diarias","tag-andres-manuel-lopez-obrador-amlo","tag-autocracia","tag-claudia-sheinbaum","tag-democracia","tag-mexico","tag-presidete-electo"],"aioseo_notices":[],"_links":{"self":[{"href":"https:\/\/energiesnet.com\/espanol\/wp-json\/wp\/v2\/posts\/21732","targetHints":{"allow":["GET"]}}],"collection":[{"href":"https:\/\/energiesnet.com\/espanol\/wp-json\/wp\/v2\/posts"}],"about":[{"href":"https:\/\/energiesnet.com\/espanol\/wp-json\/wp\/v2\/types\/post"}],"author":[{"embeddable":true,"href":"https:\/\/energiesnet.com\/espanol\/wp-json\/wp\/v2\/users\/2"}],"replies":[{"embeddable":true,"href":"https:\/\/energiesnet.com\/espanol\/wp-json\/wp\/v2\/comments?post=21732"}],"version-history":[{"count":0,"href":"https:\/\/energiesnet.com\/espanol\/wp-json\/wp\/v2\/posts\/21732\/revisions"}],"wp:featuredmedia":[{"embeddable":true,"href":"https:\/\/energiesnet.com\/espanol\/wp-json\/wp\/v2\/media\/21733"}],"wp:attachment":[{"href":"https:\/\/energiesnet.com\/espanol\/wp-json\/wp\/v2\/media?parent=21732"}],"wp:term":[{"taxonomy":"category","embeddable":true,"href":"https:\/\/energiesnet.com\/espanol\/wp-json\/wp\/v2\/categories?post=21732"},{"taxonomy":"post_tag","embeddable":true,"href":"https:\/\/energiesnet.com\/espanol\/wp-json\/wp\/v2\/tags?post=21732"}],"curies":[{"name":"wp","href":"https:\/\/api.w.org\/{rel}","templated":true}]}}