{"id":21756,"date":"2024-06-04T18:17:25","date_gmt":"2024-06-04T22:17:25","guid":{"rendered":"https:\/\/energiesnet.com\/espanol\/?p=21756"},"modified":"2024-06-04T18:17:31","modified_gmt":"2024-06-04T22:17:31","slug":"la-sustentabilidad-es-el-nuevo-nombre-de-la-plenitud-y-la-paz-frank-bracho","status":"publish","type":"post","link":"https:\/\/energiesnet.com\/espanol\/la-sustentabilidad-es-el-nuevo-nombre-de-la-plenitud-y-la-paz-frank-bracho\/","title":{"rendered":"La Sustentabilidad es el nuevo nombre de la Plenitud y la Paz &#8211; Frank Bracho"},"content":{"rendered":"\n<figure class=\"wp-block-image size-full\"><img fetchpriority=\"high\" decoding=\"async\" width=\"600\" height=\"400\" src=\"https:\/\/energiesnet.com\/espanol\/wp-content\/uploads\/2024\/06\/sustentabilidad_rc.jpg\" alt=\"Reporte Catolico Laico\" class=\"wp-image-21757\" srcset=\"https:\/\/energiesnet.com\/espanol\/wp-content\/uploads\/2024\/06\/sustentabilidad_rc.jpg 600w, https:\/\/energiesnet.com\/espanol\/wp-content\/uploads\/2024\/06\/sustentabilidad_rc-300x200.jpg 300w\" sizes=\"(max-width: 600px) 100vw, 600px\" \/><figcaption class=\"wp-element-caption\">Reporte Catolico Laico<\/figcaption><\/figure>\n\n\n\n<p>Por Frank Bracho <\/p>\n\n\n\n<p>Cuando&nbsp;<em>Moises<\/em>&nbsp;-aquel gran l\u00edder espiritual&nbsp; en tr\u00e1nsito a Profeta- le pregunt\u00f3 al&nbsp;<em>Poder<\/em>&nbsp;<em>Divino&nbsp; &nbsp; &nbsp;&nbsp;<\/em>\u2013 que le hablaba desde aquella \u00ab<em>Zarza<\/em>&nbsp;<em>Ardiente<\/em>\u00ab- a los pies de aquel monte llamado entonces \u00ab<em>Horeb<\/em>\u00bb \u00f3 \u00abmonta\u00f1a de Dios\u00bb \u2013 sagrada para Todos \u2013 y hoy llamada \u00ab<em>Monte<\/em>&nbsp;Sinai\u00bb-No lejos de un muy brutal actual fraticida teatro de guerra, lo siguiente:<\/p>\n\n\n\n<p><em>\u00ab\u00bf Pero c\u00f3mo te llamar\u00e9 cuando se&nbsp;<\/em><em>&nbsp;lo cuente<\/em>&nbsp;<em>a<\/em>&nbsp;<em>otros<\/em>&nbsp;?\u00bb.<\/p>\n\n\n\n<p>Dicho&nbsp;<em>Poder<\/em>&nbsp;<em>Divino<\/em>&nbsp;simplemente le contest\u00f3:<\/p>\n\n\n\n<p>\u00ab<em>Yo Soy Lo que Soy, Lo que\u00a0<\/em>Siempre<em>\u00a0he Sido, y Lo que Siempre Ser\u00e9<\/em>\u00a0!!\u00bb\u2026.\u00a0 \u00a0 \u2026Transmiti\u00e9ndole as\u00ed \u00ab<em>una Esencial\u00a0<u>Verdad<\/u>\u00a0<u>Universal<\/u><\/em>\u00bb de todas las grandes religiones o c\u00f3digos espirituales del mundo !!: \u00abLo de Dios es, realmente, Lo \u00fanico Eterno Duradero Pedurable ! -\u00f3\u00a0 \u00a0 SUSTENTABLE\u00a0!\u00bb (!!) \u2026 Todo lo dem\u00e1s, es ef\u00edmero y pasajero ! \u2013 y aun a lo que mas vanamente pretendamos \u00abaferrarnos\u00bb \u2013 en nuestro actual pasajero plano de lo solo material y f\u00edsico !\u00a0 \u00a0Y\u00a0Todo lo que mas se acerque a lo Eterno Perdurable o Sustentable Divino\u00a0como manifestaci\u00f3n del Designio o Plan Divino, ser\u00e1 entonces \u00abM\u00e1s confiable\u00bb! \u2026 Y por lo mismo \u2013 y quiz\u00e1s sin saberlo, en su larga atribulada b\u00fasqueda, la actual humanidad ya no habla sino del \u00abDesarrollo\u00a0SUSTENTABLE o de la SUSTENTABILIDAD\u00bb(!!)<\/p>\n\n\n\n<p>En vez de \u00ab<em>crecimientos econ\u00f3micos ilusionistas\u00bb \u2013<\/em>Como los del facilista \u00ab<em>rentismo depredador suicida del \u00aboro amarillo o negro\u00bb&nbsp;<\/em>(!)-o cualquier otro similar (!) \u2013&nbsp;<em>Incubadores a la postre de decadentes tiran\u00edas o mafias monopolistas!\u2026<\/em>&nbsp;El cual, despues de dos siglos intent\u00e1ndolo \u2013 y sobre todo \u00abla gran&nbsp;<em>oscurana<\/em>&nbsp;<em>enajenante<\/em>&nbsp;de la Realidad\u00bb que hemos tenido durante las ultimas decadas, la cual ha producido \u00abla peor dolorosa di\u00e1spora vanamente escapatoria que ha conocido el mundo\u2026. YA sabemos a d\u00f3nde nos ha llevado !!!<\/p>\n\n\n\n<p>Y decimos: di\u00e1spora \u00ab<em>vanamenteescapatoria<\/em>\u00ab, por aquello que dijo San Agust\u00edn de que:\u00a0 \u00ab<em>No corras, que a donde tienes que llegar es a tu propio Coraz\u00f3n\u00a0<\/em>! \u2013 O de, como dice\u00a0<em>ElEvangelio<\/em>\u00a0\u2013 y todos los otros grandes c\u00f3digos espirituales del mundo:\u00a0 \u00a0\u00ab<em>Los puros de Coraz\u00f3n ver\u00e1n aDios<\/em>\u00a0!\u00bb\u2026 Porque dicha fenomenal s\u00edsmica di\u00e1spora ha descubierto\u00a0 que \u00aben todas partes se\u00a0 cuecen habas\u00bb (!) y en todas partes \u00ablos reyes han estado desnudos\u00bb (!)\u00a0 \u00a0 \u00a0 \u00a0 Que, a pesar de los pesares, ac\u00e1 aun ten emos, ir\u00f3nicamente, \u00abmas chance de rehacer el Futuro\u00bb -desde nuestro actual ag\u00f3nico partero \u00abAqu\u00ed y Ahora Perdurable\u00bb(!) -Por \u00abhabernos dado cuenta mas temprano\u00bb !\u00a0A partir de nuestras \u00abmayores reservas\u00bb de \u00abgenerosa\u00a0<em>Natura<\/em>\u00a0 y\u00a0<em>humanismo<\/em>\u00a0\/filial\u00a0<em>bonhom\u00eda<\/em>\u00a0 tropical sanadora\u00bb ! En gran revaloraci\u00f3n de nuestra Esencia como gran \u00ab<em>Tierra de Gracia\u00bb<\/em>\u00a0! (o de la promisoria\u00a0<em>AbyaAyala<\/em>\u00a0que\u00a0 vislumbraron nuestros ancestros ind\u00edgenas ! ).<\/p>\n\n\n\n<p>La&nbsp;<em><u>Sustentabilidad<\/u><\/em>, pues, donde&nbsp;Todos los de Buena Voluntad podamos \u00abvolver a reecontrarnos\u00bb en \u00ab<em>una comun perdida gran Esencia Original\u00bb<\/em>&nbsp;!&nbsp;&nbsp; \u00c9sta no solo \u00abregente\u00bb sobre todo plan -vanamente- \u00absectorial\u00bb \u00abecon\u00f3mico, social, pol\u00edtico,&nbsp; geopol\u00edtico internacional, o incluso ecol\u00f3gico\u00bb!!&nbsp; &nbsp; Sino en&nbsp;Una Nueva Forma de Ver a la Interdependiente&nbsp; y Hol\u00edstica Vida&nbsp; (tanto a lahumana como la silvestre -pues son una Unidad ! ) y el Bien-Estar-Ser !En una nueva genuina \u00ab<em><u>Revoluci\u00f3n<\/u><\/em>delas&nbsp;<em>Almas<\/em>\u00bb&nbsp; (que&nbsp;no&nbsp;de \u00ablas armas\u00bb !).<\/p>\n\n\n\n<p>De la Auto Convicci\u00f3n, Virtud y Autorresponsabilidad- propias ! (mas que de\u00a0 vanas leyes externas, \u00f3 de nuevas retoricas falsas o hip\u00f3critas\u00a0 promesas -a trav\u00e9s de la \u00abfuerza\u00bb \u00f3 el enga\u00f1o y autoenga\u00f1o !)\u00a0Como lo predicaron y vislumbraron, en el fondo:\u00a0<em>Jes\u00fas, Gandhi, Luther King, Romero<\/em>, Dr\u00a0<em>Jos\u00e9 Gregorio<\/em>\u00a0H. (gran \u00abmedico de las almas\u00bb, mariano y franciscano universal pacifista seguidor de Jes\u00fas, ),\u00a0<em>Bol\u00edvar<\/em>\u00a0(Libertador, y supuesto padre doctrinal moral de la actual CRBV), etc\u2026. y\u00a0<em>nuestros ancestros nativos<\/em>vivenciadores de\u00a0<em>el Orden Natural -como Libro Abierto hacia lo<\/em>\u00a0mas\u00a0<em>Sustentable<\/em>\u00a0de\u00a0<em>Dios<\/em>\u00a0!<\/p>\n\n\n\n<p>La Sustentabilidad, pues, como nuevo nombre de la Plenitud y la Paz !!<em>Prof\u00e9ticamente<\/em>\u00a0hablando: \u00ab<em>\u00bf Hasta La Victoria,\u00a0<u>Siempre<\/u><\/em>\u00a0?\u00bb \u00bf\u00a0Sustentablemente y Trascendentemente\u00a0?\u00a0 Ya con \u00abla\u00a0<em>Gran Purificaci\u00f3n nacional y mundial<\/em>\u00bb\u00a0<em>encima<\/em>,\u00a0<em>el tiempo para concientizarLo e incorporarLo, por el Mayor Bien de Todos, se nos acaba !\u00a0 \u00a0 \u00a0 \u00a0 \u00a0 \u00a0 \u00a0 \u00a0 \u00a0 \u00a0 \u00a0 \u00a0<\/em><\/p>\n\n\n\n<p><em>\u00bf Lo entenderemos, al fin, a tiempo ?.-\u00a0 \u00a0<\/em><\/p>\n\n\n\n<p>_________________________________________________<\/p>\n\n\n\n<p><strong><em>Frank Bracho<\/em><\/strong>&nbsp;es activista de la sociedad civil; Tambi\u00e9n ha tenido una intensa y variada experiencia como autor, conferenciante y activista en la sociedad civil y en movimientos de defensa en temas de cambio de civilizaci\u00f3n. Ex Embajador de Venezuela en la India, activista a lo Gandhi, y Secretario Ejecutivo de Manuel P\u00e9rez Guerrero \u2013 en sus \u00faltimos 7 a\u00f1os !<em>&nbsp;<\/em>&nbsp;Los puntos de vista expresados no necesariamente son los de EnergiesNet.com.<\/p>\n\n\n\n<p>Nota del Editor:\u00a0Este art\u00edculo fue originalmente publicado en\u00a0Reporte Cat\u00f3lico Laico (RCL)<em><a href=\"http:\/\/lasarmasdecoronel.blogspot.com\/\">\u00a0<\/a><\/em>el 10 de mayo del 2024 Reproducimos el mismo en beneficio de los lectores.\u00a0EnergiesNet.com no se hace responsable por los juicios de valor emitidos por sus colaboradores y columnistas de opini\u00f3n y an\u00e1lisis.<\/p>\n\n\n\n<p><a href=\"https:\/\/reportecatolicolaico.com\/2024\/05\/26\/edmundo-gonzalez-urrutia-un-tal-para-cual-presidente-para-la-venezuela-y-el-mundo-actual\/\"><a href=\"https:\/\/reportecatolicolaico.com\/2024\/05\/17\/la-sustentabilidad-es-el-nuevo-nombre-de-la-plenitud-y-la-paz\/\">La Sustentabilidad es el nuevo nombre de la Plenitud y la Paz \u2013 Reporte Catolico Laico<\/a><\/a><\/p>\n\n\n\n<p>Aviso de uso: Este sitio contiene material protegido por derechos de autor cuyo uso no siempre ha sido espec\u00edficamente autorizado por el propietario de los derechos. Ponemos a disposici\u00f3n dicho material en nuestro esfuerzo por avanzar en la comprensi\u00f3n de cuestiones de importancia social, medioambiental y humanitaria. Creemos que esto constituye un \u00abuso justo\u00bb de cualquier material protegido por derechos de autor, tal como se establece en la secci\u00f3n 107 de la Ley de Derechos de Autor de EE.UU.. De acuerdo con el T\u00edtulo 17 U.S.C. Secci\u00f3n 107. Para m\u00e1s informaci\u00f3n, visite: http:\/\/www.law.cornell.edu\/uscode\/17\/107.shtml.<\/p>\n\n\n\n<p>EnergiesNet.com 04 06 2024<\/p>\n\n\n\n<p><\/p>\n","protected":false},"excerpt":{"rendered":"<p>Por Frank Bracho Cuando&nbsp;Moises&nbsp;-aquel gran l\u00edder espiritual&nbsp; en tr\u00e1nsito a Profeta- le pregunt\u00f3 al&nbsp;Poder&nbsp;Divino&nbsp; &nbsp; &nbsp;&nbsp;\u2013 que le hablaba desde aquella \u00abZarza&nbsp;Ardiente\u00ab- a los pies de aquel monte llamado entonces \u00abHoreb\u00bb \u00f3 \u00abmonta\u00f1a de Dios\u00bb \u2013 sagrada para Todos \u2013 y hoy llamada \u00abMonte&nbsp;Sinai\u00bb-No lejos de un muy brutal actual fraticida teatro de guerra, lo &hellip;<\/p>\n<p class=\"read-more\"> <a class=\"\" href=\"https:\/\/energiesnet.com\/espanol\/la-sustentabilidad-es-el-nuevo-nombre-de-la-plenitud-y-la-paz-frank-bracho\/\"> <span class=\"screen-reader-text\">La Sustentabilidad es el nuevo nombre de la Plenitud y la Paz &#8211; Frank Bracho<\/span> Leer m\u00e1s &raquo;<\/a><\/p>\n","protected":false},"author":2,"featured_media":21757,"comment_status":"open","ping_status":"open","sticky":false,"template":"","format":"standard","meta":{"_monsterinsights_skip_tracking":false,"_monsterinsights_sitenote_active":false,"_monsterinsights_sitenote_note":"","_monsterinsights_sitenote_category":0,"site-sidebar-layout":"default","site-content-layout":"default","ast-global-header-display":"","ast-main-header-display":"","ast-hfb-above-header-display":"","ast-hfb-below-header-display":"","ast-hfb-mobile-header-display":"","site-post-title":"","ast-breadcrumbs-content":"","ast-featured-img":"","footer-sml-layout":"","theme-transparent-header-meta":"","adv-header-id-meta":"","stick-header-meta":"","header-above-stick-meta":"","header-main-stick-meta":"","header-below-stick-meta":"","footnotes":""},"categories":[41,45],"tags":[3744,3743],"class_list":["post-21756","post","type-post","status-publish","format-standard","has-post-thumbnail","hentry","category-invitados","category-noticias-diarias","tag-plenitud","tag-sustentabilidad"],"aioseo_notices":[],"_links":{"self":[{"href":"https:\/\/energiesnet.com\/espanol\/wp-json\/wp\/v2\/posts\/21756","targetHints":{"allow":["GET"]}}],"collection":[{"href":"https:\/\/energiesnet.com\/espanol\/wp-json\/wp\/v2\/posts"}],"about":[{"href":"https:\/\/energiesnet.com\/espanol\/wp-json\/wp\/v2\/types\/post"}],"author":[{"embeddable":true,"href":"https:\/\/energiesnet.com\/espanol\/wp-json\/wp\/v2\/users\/2"}],"replies":[{"embeddable":true,"href":"https:\/\/energiesnet.com\/espanol\/wp-json\/wp\/v2\/comments?post=21756"}],"version-history":[{"count":0,"href":"https:\/\/energiesnet.com\/espanol\/wp-json\/wp\/v2\/posts\/21756\/revisions"}],"wp:featuredmedia":[{"embeddable":true,"href":"https:\/\/energiesnet.com\/espanol\/wp-json\/wp\/v2\/media\/21757"}],"wp:attachment":[{"href":"https:\/\/energiesnet.com\/espanol\/wp-json\/wp\/v2\/media?parent=21756"}],"wp:term":[{"taxonomy":"category","embeddable":true,"href":"https:\/\/energiesnet.com\/espanol\/wp-json\/wp\/v2\/categories?post=21756"},{"taxonomy":"post_tag","embeddable":true,"href":"https:\/\/energiesnet.com\/espanol\/wp-json\/wp\/v2\/tags?post=21756"}],"curies":[{"name":"wp","href":"https:\/\/api.w.org\/{rel}","templated":true}]}}