{"id":22198,"date":"2024-07-11T05:07:52","date_gmt":"2024-07-11T09:07:52","guid":{"rendered":"https:\/\/energiesnet.com\/espanol\/?p=22198"},"modified":"2024-07-12T06:34:50","modified_gmt":"2024-07-12T10:34:50","slug":"consejo-empresarial-tendra-oportunidad-muy-grande-en-generacion-electrica-claudia-sheinbaum","status":"publish","type":"post","link":"https:\/\/energiesnet.com\/espanol\/consejo-empresarial-tendra-oportunidad-muy-grande-en-generacion-electrica-claudia-sheinbaum\/","title":{"rendered":"Consejo Empresarial tendr\u00e1 oportunidad muy grande en generaci\u00f3n el\u00e9ctrica: Claudia Sheinbaum"},"content":{"rendered":"\n<figure class=\"wp-block-image size-full\"><img fetchpriority=\"high\" decoding=\"async\" width=\"600\" height=\"400\" src=\"https:\/\/energiesnet.com\/espanol\/wp-content\/uploads\/2024\/07\/laudia_sheinbaum_@Claudiashein.jpg\" alt=\"La presidenta electa de M\u00e9xico, Claudia Sheinbaum, durante su participaci\u00f3n en la Conferencia Internacional de Comercio, celebrada en la Ciudad de M\u00e9xico (Foto: @Claudiashein).\" class=\"wp-image-22199\" srcset=\"https:\/\/energiesnet.com\/espanol\/wp-content\/uploads\/2024\/07\/laudia_sheinbaum_@Claudiashein.jpg 600w, https:\/\/energiesnet.com\/espanol\/wp-content\/uploads\/2024\/07\/laudia_sheinbaum_@Claudiashein-300x200.jpg 300w\" sizes=\"(max-width: 600px) 100vw, 600px\" \/><figcaption class=\"wp-element-caption\">La presidenta electa de M\u00e9xico, Claudia Sheinbaum, durante su participaci\u00f3n en la Conferencia Internacional de Comercio, celebrada en la Ciudad de M\u00e9xico (Foto: @Claudiashein).<\/figcaption><\/figure>\n\n\n\n<p>Arturo Sol\u00eds, Bloomberg L\u00ednea         <\/p>\n\n\n\n<p>CIUDAD DE M\u00c9XICO <br>EnergiesNet.com 11 07 2024<\/p>\n\n\n\n<p>Claudia Sheinbaum Pardo,&nbsp;presidenta electa de M\u00e9xico, dijo que el Consejo Empresarial de su Gobierno tendr\u00e1 una oportunidad muy grande en la generaci\u00f3n el\u00e9ctrica del pa\u00eds.<\/p>\n\n\n\n<p>La exjefa de Gobierno de la Ciudad de M\u00e9xico coment\u00f3 en una conferencia de prensa que la pr\u00f3xima Secretaria de Energ\u00eda,&nbsp;<a href=\"https:\/\/www.bloomberglinea.com\/latinoamerica\/mexico\/quien-es-luz-elena-gonzalez-la-proxima-secretaria-de-energia-de-claudia-sheinbaum\/\">Luz Elena Gonz\u00e1lez<\/a>, prepara un plan nacional de energ\u00eda&nbsp;que contempla que las empresas estatales tengan el 54% del mercado y las compa\u00f1\u00edas privadas se queden con el 46%&nbsp;con \u201creglas claras\u201d.<\/p>\n\n\n\n<p>\u201cEn ese marco, este consejo va a tener una oportunidad muy grande\u201d, declar\u00f3.<\/p>\n\n\n\n<p><strong>Ver m\u00e1s<\/strong>:&nbsp;<a href=\"https:\/\/www.bloomberglinea.com\/latinoamerica\/mexico\/sheinbaum-nombra-a-altagracia-gomez-como-coordinadora-de-su-consejo-empresarial\/\">Sheinbaum nombra a Altagracia G\u00f3mez como coordinadora de su Consejo Empresarial<\/a><\/p>\n\n\n\n<p>Sheinbaum precis\u00f3 su consejo que no sustituir\u00e1 al Consejo Coordinador Empresarial, el lobby m\u00e1s importante del pa\u00eds, sino que tiene el objetivo de potenciar la relaci\u00f3n con el sector privado y vincularse con el resto de las c\u00e1maras empresariales.<\/p>\n\n\n\n<p>El objetivo del Consejo Empresarial que coordinar\u00e1 la empresaria&nbsp;<a href=\"https:\/\/www.bloomberglinea.com\/especiales\/personajes-bloomberg-linea\/altagracia-gomez\/\">Altagracia G\u00f3mez Sierra<\/a>, presidenta de Promotora Empresarial de Occidente, es establecer un enlace con el sector privado para impulsar el fen\u00f3meno comercial de relocalizaci\u00f3n de empresas, conocido como&nbsp;<em>nearshoring<\/em>.<\/p>\n\n\n\n<p>Previamente, la presidenta electa revel\u00f3 que&nbsp;su Gobierno invertir\u00e1 US$13.600 millones en energ\u00eda limpia&nbsp;y redes el\u00e9ctricas. Tambi\u00e9n ha dicho que se instalar\u00e1n 5.000 MegaWatts como parte del Plan Sonora, una iniciativa que pretende ser un hub para industrias relacionadas al sector el\u00e9ctrico, como la producci\u00f3n de litio, bater\u00edas el\u00e9ctricas y generaci\u00f3n de energ\u00eda renovable.<\/p>\n\n\n\n<p><strong>Ver m\u00e1s:<\/strong>&nbsp;<a href=\"https:\/\/www.bloomberglinea.com\/latinoamerica\/mexico\/gobierno-de-mexico-ocultara-apagones-a-la-poblacion-por-seguridad-nacional\/\">Gobierno de M\u00e9xico ocultar\u00e1 apagones a la poblaci\u00f3n por seguridad nacional<\/a><\/p>\n\n\n\n<p>Sheinbaum&nbsp;critic\u00f3 que la pol\u00edtica neoliberal de gobiernos anteriores quiso convertir derechos de los ciudadanos, como la educaci\u00f3n y la salud, en una mercanc\u00eda.<\/p>\n\n\n\n<p>M\u00e9xico enfrenta m\u00faltiples retos en materia energ\u00e9tica, se\u00f1alados por el sector privado, como la necesidad de incrementar la producci\u00f3n de energ\u00eda limpia y crecer las redes el\u00e9ctricas para aprovechar la ola de nearshoring que est\u00e1 llegando al pa\u00eds.<\/p>\n\n\n\n<p>El presidente mexicano&nbsp;Andr\u00e9s Manuel L\u00f3pez Obrador&nbsp;ha privilegiado a la compa\u00f1\u00eda estatal Comisi\u00f3n Federal de Electricidad (CFE) para que concentre m\u00e1s de la mitad del mercado el\u00e9ctrico del pa\u00eds, pol\u00edtica que ha llegado al m\u00e1ximo tribunal del pa\u00eds, la Suprema Corte de Justicia de la Naci\u00f3n, por el impacto a los participantes privados.<\/p>\n\n\n\n<p>La situaci\u00f3n del sector el\u00e9ctrico ha sido uno de los principales debates entre la iniciativa privada y Gobierno mexicano, el cual incluso decidi\u00f3 ocultar la informaci\u00f3n sobre los cortes de electricidad, conocidos como apagones, por cuestiones de seguridad nacional, sin precisar el porqu\u00e9.<\/p>\n\n\n\n<p>bloomberglinea.com 10 07 2024<\/p>\n","protected":false},"excerpt":{"rendered":"<p>Arturo Sol\u00eds, Bloomberg L\u00ednea CIUDAD DE M\u00c9XICO EnergiesNet.com 11 07 2024 Claudia Sheinbaum Pardo,&nbsp;presidenta electa de M\u00e9xico, dijo que el Consejo Empresarial de su Gobierno tendr\u00e1 una oportunidad muy grande en la generaci\u00f3n el\u00e9ctrica del pa\u00eds. La exjefa de Gobierno de la Ciudad de M\u00e9xico coment\u00f3 en una conferencia de prensa que la pr\u00f3xima Secretaria &hellip;<\/p>\n<p class=\"read-more\"> <a class=\"\" href=\"https:\/\/energiesnet.com\/espanol\/consejo-empresarial-tendra-oportunidad-muy-grande-en-generacion-electrica-claudia-sheinbaum\/\"> <span class=\"screen-reader-text\">Consejo Empresarial tendr\u00e1 oportunidad muy grande en generaci\u00f3n el\u00e9ctrica: Claudia Sheinbaum<\/span> Leer m\u00e1s &raquo;<\/a><\/p>\n","protected":false},"author":2,"featured_media":22199,"comment_status":"open","ping_status":"open","sticky":false,"template":"","format":"standard","meta":{"_monsterinsights_skip_tracking":false,"_monsterinsights_sitenote_active":false,"_monsterinsights_sitenote_note":"","_monsterinsights_sitenote_category":0,"site-sidebar-layout":"default","site-content-layout":"default","ast-global-header-display":"","ast-main-header-display":"","ast-hfb-above-header-display":"","ast-hfb-below-header-display":"","ast-hfb-mobile-header-display":"","site-post-title":"","ast-breadcrumbs-content":"","ast-featured-img":"","footer-sml-layout":"","theme-transparent-header-meta":"","adv-header-id-meta":"","stick-header-meta":"","header-above-stick-meta":"","header-main-stick-meta":"","header-below-stick-meta":"","footnotes":""},"categories":[30],"tags":[110,2166,3853,409,109],"class_list":["post-22198","post","type-post","status-publish","format-standard","has-post-thumbnail","hentry","category-top-news","tag-cfe","tag-claudia-sheinbaum","tag-empresa-privada","tag-energia-electrica","tag-mexico"],"aioseo_notices":[],"_links":{"self":[{"href":"https:\/\/energiesnet.com\/espanol\/wp-json\/wp\/v2\/posts\/22198","targetHints":{"allow":["GET"]}}],"collection":[{"href":"https:\/\/energiesnet.com\/espanol\/wp-json\/wp\/v2\/posts"}],"about":[{"href":"https:\/\/energiesnet.com\/espanol\/wp-json\/wp\/v2\/types\/post"}],"author":[{"embeddable":true,"href":"https:\/\/energiesnet.com\/espanol\/wp-json\/wp\/v2\/users\/2"}],"replies":[{"embeddable":true,"href":"https:\/\/energiesnet.com\/espanol\/wp-json\/wp\/v2\/comments?post=22198"}],"version-history":[{"count":0,"href":"https:\/\/energiesnet.com\/espanol\/wp-json\/wp\/v2\/posts\/22198\/revisions"}],"wp:featuredmedia":[{"embeddable":true,"href":"https:\/\/energiesnet.com\/espanol\/wp-json\/wp\/v2\/media\/22199"}],"wp:attachment":[{"href":"https:\/\/energiesnet.com\/espanol\/wp-json\/wp\/v2\/media?parent=22198"}],"wp:term":[{"taxonomy":"category","embeddable":true,"href":"https:\/\/energiesnet.com\/espanol\/wp-json\/wp\/v2\/categories?post=22198"},{"taxonomy":"post_tag","embeddable":true,"href":"https:\/\/energiesnet.com\/espanol\/wp-json\/wp\/v2\/tags?post=22198"}],"curies":[{"name":"wp","href":"https:\/\/api.w.org\/{rel}","templated":true}]}}