{"id":22212,"date":"2024-07-12T06:40:44","date_gmt":"2024-07-12T10:40:44","guid":{"rendered":"https:\/\/energiesnet.com\/espanol\/?p=22212"},"modified":"2024-07-12T06:40:45","modified_gmt":"2024-07-12T10:40:45","slug":"moodys-ve-mayor-apertura-de-claudia-sheinbaum-hacia-energia-renovable-del-sector-privado","status":"publish","type":"post","link":"https:\/\/energiesnet.com\/espanol\/moodys-ve-mayor-apertura-de-claudia-sheinbaum-hacia-energia-renovable-del-sector-privado\/","title":{"rendered":"Moody\u2019s ve mayor apertura de Claudia Sheinbaum hacia energ\u00eda renovable del sector privado"},"content":{"rendered":"\n<p><strong>La agencia calificadora Moody\u2019s considera que hay se\u00f1ales de Sheinbaum de mayor apertura hacia el sector privado en energ\u00eda e infraestructura<\/strong><\/p>\n\n\n\n<figure class=\"wp-block-image size-full\"><img fetchpriority=\"high\" decoding=\"async\" width=\"600\" height=\"400\" src=\"https:\/\/energiesnet.com\/espanol\/wp-content\/uploads\/2024\/07\/wind_power_turbine-bloo.jpg\" alt=\"(Bloomberg Creative)\" class=\"wp-image-22213\" srcset=\"https:\/\/energiesnet.com\/espanol\/wp-content\/uploads\/2024\/07\/wind_power_turbine-bloo.jpg 600w, https:\/\/energiesnet.com\/espanol\/wp-content\/uploads\/2024\/07\/wind_power_turbine-bloo-300x200.jpg 300w\" sizes=\"(max-width: 600px) 100vw, 600px\" \/><figcaption class=\"wp-element-caption\">(Bloomberg Creative)<\/figcaption><\/figure>\n\n\n\n<p>Arturo Sol\u00eds, Bloomberg L\u00ednea        <\/p>\n\n\n\n<p>CIUDAD DE M\u00c9XICO             <br>EnergiesNet.com 12 07 2024         <\/p>\n\n\n\n<p>La agencia calificadora de riesgo crediticio&nbsp;Moody\u2019s&nbsp;ve una mayor apertura de la presidenta electa,&nbsp;Claudia Sheinbaum Pardo, hacia la participaci\u00f3n del&nbsp;sector privado en la generaci\u00f3n de energ\u00eda, particularmente renovable.<\/p>\n\n\n\n<p>Ren\u00e9 Robles, director de an\u00e1lisis crediticio de Moody\u2019s Local M\u00e9xico, cit\u00f3 el documento publicado por Sheinbaum \u2014100 Pasos para la Transformaci\u00f3n\u2014 sobre sus propuestas de Gobierno que manifiesta una&nbsp;mayor apertura hacia la inversi\u00f3n privada en producci\u00f3n de energ\u00eda el\u00e9ctrica&nbsp;con tecnolog\u00eda renovable, pero sin debilitar a la empresa estatal CFE ni poner en riesgo al sistema el\u00e9ctrico nacional.<\/p>\n\n\n\n<p>\u201cVemos una mayor apertura hacia las fuentes renovables de energ\u00eda\u201d, declar\u00f3.<\/p>\n\n\n\n<p>Sheinabum ha dicho que la empresa estatal Comisi\u00f3n Federal de Electricidad (CFE) mantendr\u00e1 el 54% de la capacidad instalada del pa\u00eds y el 46% restante estar\u00e1 en manos de empresas privadas.<\/p>\n\n\n\n<p>Tras la victoria electoral de Sheinbaum, el Gobierno mexicano decidi\u00f3 ocultar la informaci\u00f3n sobre los apagones el\u00e9ctricos que enfrenta el pa\u00eds a la poblaci\u00f3n por seguridad nacional y solo los participantes del mercado mexicano tendr\u00e1n acceso a los datos.<\/p>\n\n\n\n<p>Ver m\u00e1s:&nbsp;<a href=\"https:\/\/www.bloomberglinea.com\/latinoamerica\/mexico\/gobierno-de-mexico-ocultara-apagones-a-la-poblacion-por-seguridad-nacional\/\">Gobierno de M\u00e9xico ocultar\u00e1 apagones a la poblaci\u00f3n por seguridad nacional<\/a><\/p>\n\n\n\n<p>El 15 de abril de 2024, la presidenta electa present\u00f3 a empresarios un&nbsp;<a href=\"https:\/\/www.bloomberglinea.com\/latinoamerica\/mexico\/claudia-sheinbaum-promete-a-empresarios-gasto-en-energia-renovable-de-ganar-la-presidencia-de-mexico\/\">plan de inversiones por US$13.600 millones<\/a>&nbsp;para generaci\u00f3n de energ\u00eda solar y e\u00f3lica, modernizaci\u00f3n de centrales hidroel\u00e9ctricas y la construcci\u00f3n de 3.850 kil\u00f3metros de redes el\u00e9ctricas.<\/p>\n\n\n\n<p>Ver m\u00e1s:&nbsp;<a href=\"https:\/\/www.bloomberglinea.com\/latinoamerica\/mexico\/sheinbaum-analiza-financiamiento-de-fondos-privados-para-redes-electricas-de-mexico\/\">Sheinbaum analiza financiamiento de fondos privados para redes el\u00e9ctricas de M\u00e9xico<\/a><\/p>\n\n\n\n<p>Robles tambi\u00e9n se\u00f1al\u00f3 que el plan de infraestructura de Sheinbaum es \u201cbastante agresivo\u201d, como el crecimiento de la red de trenes en el pa\u00eds, construcciones y ampliaciones aeroportuaria, adem\u00e1s de la terminaci\u00f3n de obras insignia de AMLO como el tren maya, el interoce\u00e1nico y la refiner\u00eda Olmeca, conocida como Dos Bocas.<\/p>\n\n\n\n<p>\u201cTodos los proyectos emblem\u00e1ticos se desarrollaron con presupuesto federal, pero en el documento de Claudia se habla un poco m\u00e1s de apertura de una mayor participaci\u00f3n del sector privado en esta clase de proyectos, entonces creemos que eso podr\u00eda ser una diferencia respecto al sexenio actual\u201d.<\/p>\n\n\n\n<p>La pr\u00f3xima Secretaria de Energ\u00eda,&nbsp;Luz Elena Gonz\u00e1lez, prepara un plan nacional de energ\u00eda en el que, seg\u00fan Sheinbaum, habr\u00e1 oportunidades significativas para la inversi\u00f3n privada en materia energ\u00e9tica.<\/p>\n\n\n\n<p>Ver m\u00e1s:\u00a0<a href=\"https:\/\/www.bloomberglinea.com\/latinoamerica\/mexico\/claudia-sheinbaum-promete-a-empresarios-gasto-en-energia-renovable-de-ganar-la-presidencia-de-mexico\/\"><a href=\"https:\/\/energiesnet.com\/espanol\/consejo-empresarial-tendra-oportunidad-muy-grande-en-generacion-electrica-claudia-sheinbaum\/\">Consejo Empresarial tendr\u00e1 oportunidad muy grande en generaci\u00f3n el\u00e9ctrica: Claudia Sheinbaum <\/a><\/a><\/p>\n\n\n\n<p>bloomberglinea.com 11 07 2024<\/p>\n\n\n\n<p>      <\/p>\n","protected":false},"excerpt":{"rendered":"<p>La agencia calificadora Moody\u2019s considera que hay se\u00f1ales de Sheinbaum de mayor apertura hacia el sector privado en energ\u00eda e infraestructura Arturo Sol\u00eds, Bloomberg L\u00ednea CIUDAD DE M\u00c9XICO EnergiesNet.com 12 07 2024 La agencia calificadora de riesgo crediticio&nbsp;Moody\u2019s&nbsp;ve una mayor apertura de la presidenta electa,&nbsp;Claudia Sheinbaum Pardo, hacia la participaci\u00f3n del&nbsp;sector privado en la generaci\u00f3n &hellip;<\/p>\n<p class=\"read-more\"> <a class=\"\" href=\"https:\/\/energiesnet.com\/espanol\/moodys-ve-mayor-apertura-de-claudia-sheinbaum-hacia-energia-renovable-del-sector-privado\/\"> <span class=\"screen-reader-text\">Moody\u2019s ve mayor apertura de Claudia Sheinbaum hacia energ\u00eda renovable del sector privado<\/span> Leer m\u00e1s &raquo;<\/a><\/p>\n","protected":false},"author":2,"featured_media":22213,"comment_status":"open","ping_status":"open","sticky":false,"template":"","format":"standard","meta":{"_monsterinsights_skip_tracking":false,"_monsterinsights_sitenote_active":false,"_monsterinsights_sitenote_note":"","_monsterinsights_sitenote_category":0,"site-sidebar-layout":"default","site-content-layout":"default","ast-global-header-display":"","ast-main-header-display":"","ast-hfb-above-header-display":"","ast-hfb-below-header-display":"","ast-hfb-mobile-header-display":"","site-post-title":"","ast-breadcrumbs-content":"","ast-featured-img":"","footer-sml-layout":"","theme-transparent-header-meta":"","adv-header-id-meta":"","stick-header-meta":"","header-above-stick-meta":"","header-main-stick-meta":"","header-below-stick-meta":"","footnotes":""},"categories":[30],"tags":[110,2166,3853,3857,109,3856,113],"class_list":["post-22212","post","type-post","status-publish","format-standard","has-post-thumbnail","hentry","category-top-news","tag-cfe","tag-claudia-sheinbaum","tag-empresa-privada","tag-generacion-energya","tag-mexico","tag-moody","tag-renovables"],"aioseo_notices":[],"_links":{"self":[{"href":"https:\/\/energiesnet.com\/espanol\/wp-json\/wp\/v2\/posts\/22212","targetHints":{"allow":["GET"]}}],"collection":[{"href":"https:\/\/energiesnet.com\/espanol\/wp-json\/wp\/v2\/posts"}],"about":[{"href":"https:\/\/energiesnet.com\/espanol\/wp-json\/wp\/v2\/types\/post"}],"author":[{"embeddable":true,"href":"https:\/\/energiesnet.com\/espanol\/wp-json\/wp\/v2\/users\/2"}],"replies":[{"embeddable":true,"href":"https:\/\/energiesnet.com\/espanol\/wp-json\/wp\/v2\/comments?post=22212"}],"version-history":[{"count":0,"href":"https:\/\/energiesnet.com\/espanol\/wp-json\/wp\/v2\/posts\/22212\/revisions"}],"wp:featuredmedia":[{"embeddable":true,"href":"https:\/\/energiesnet.com\/espanol\/wp-json\/wp\/v2\/media\/22213"}],"wp:attachment":[{"href":"https:\/\/energiesnet.com\/espanol\/wp-json\/wp\/v2\/media?parent=22212"}],"wp:term":[{"taxonomy":"category","embeddable":true,"href":"https:\/\/energiesnet.com\/espanol\/wp-json\/wp\/v2\/categories?post=22212"},{"taxonomy":"post_tag","embeddable":true,"href":"https:\/\/energiesnet.com\/espanol\/wp-json\/wp\/v2\/tags?post=22212"}],"curies":[{"name":"wp","href":"https:\/\/api.w.org\/{rel}","templated":true}]}}