{"id":22263,"date":"2024-07-17T12:36:54","date_gmt":"2024-07-17T16:36:54","guid":{"rendered":"https:\/\/energiesnet.com\/espanol\/?p=22263"},"modified":"2024-07-17T12:36:59","modified_gmt":"2024-07-17T16:36:59","slug":"ya-en-el-cargo-hay-que-criticar-a-la-presidenta-ruben-aguilar-v","status":"publish","type":"post","link":"https:\/\/energiesnet.com\/espanol\/ya-en-el-cargo-hay-que-criticar-a-la-presidenta-ruben-aguilar-v\/","title":{"rendered":"\u00bfYa en el cargo, hay que criticar a la presidenta? &#8211; Rub\u00e9n Aguilar V."},"content":{"rendered":"\n<figure class=\"wp-block-image size-full is-resized\"><img fetchpriority=\"high\" decoding=\"async\" width=\"600\" height=\"400\" src=\"https:\/\/energiesnet.com\/espanol\/wp-content\/uploads\/2024\/07\/critica_sheinbaum-.jpg\" alt=\"\" class=\"wp-image-22264\" style=\"width:600px;height:auto\" srcset=\"https:\/\/energiesnet.com\/espanol\/wp-content\/uploads\/2024\/07\/critica_sheinbaum-.jpg 600w, https:\/\/energiesnet.com\/espanol\/wp-content\/uploads\/2024\/07\/critica_sheinbaum--300x200.jpg 300w\" sizes=\"(max-width: 600px) 100vw, 600px\" \/><figcaption class=\"wp-element-caption\">MX Informa<\/figcaption><\/figure>\n\n\n\n<p>Por Rub\u00e9n Aguilar Valenzuela      <\/p>\n\n\n\n<p>La oposici\u00f3n en relaci\u00f3n a sus propios intereses pol\u00edticos debe pensar muy bien si a partir del 1 de octubre, abre o no un s\u00f3lido frente de cr\u00edtica contra la presidenta Claudia Sheinbaum.<\/p>\n\n\n\n<p>Su posici\u00f3n estrat\u00e9gica se debe articular fundada en estudios consistentes de opini\u00f3n ciudadana a partir de grupos de enfoque y encuestas.<\/p>\n\n\n\n<p>Y esto, en raz\u00f3n de sus intereses pol\u00edticos, incluso si la presidenta est\u00e1 haciendo mal su tarea. El presidente L\u00f3pez Obrador la hizo muy mal, pero la cr\u00edtica que lo se\u00f1alaba no tuvo ning\u00fan efecto.<\/p>\n\n\n\n<p>Una posici\u00f3n diferente ante la cr\u00edtica es la de los periodistas y la de los acad\u00e9micos, en particular los polit\u00f3logos e historiadores.<\/p>\n\n\n\n<p>La tarea de estas tres profesiones es que se registre y d\u00e9 a conocer la verdad de lo que sucede, para el caso de lo que ocurra con la presidenta ya en el cargo.<\/p>\n\n\n\n<p>Si su cr\u00edtica bien fundada, con datos duros incuestionables, la favorece o perjudica no es algo a tomar en cuenta en el ejercicio de su profesi\u00f3n.<\/p>\n\n\n\n<p>Lo suyo es que se conozca lo que realmente sucede y que se haga p\u00fablico. Esa es su obligaci\u00f3n como profesionales y parte de la \u00e9tica de sus profesiones, de su deontolog\u00eda.<\/p>\n\n\n\n<p>A m\u00e1s del dato duro es tambi\u00e9n campo de su responsabilidad interpretar lo que ocurre, ofrecer su posici\u00f3n de por qu\u00e9 pasa lo qu\u00e9 pasa.<\/p>\n\n\n\n<p>El dato vale por s\u00ed mismo, est\u00e1 ah\u00ed; el PIB creci\u00f3 1.0%, el n\u00famero de los asesinados son 10 000 y la matr\u00edcula es de 35 000 000.<\/p>\n\n\n\n<p>Hay fuentes acreditadas con metodolog\u00edas cient\u00edficas, que construyen informaci\u00f3n. Sin duda puede haber informaci\u00f3n falsa o manipulaci\u00f3n de la misma.<\/p>\n\n\n\n<p>En ese caso a los periodistas, y acad\u00e9micos toca demostrar tal cosa. Es, sin duda, parte de su tarea y la sociedad espera de ellos ese servicio.<\/p>\n\n\n\n<p>La interpretaci\u00f3n es un \u00e1ngulo de mirada y puede haber otros. En todo caso siempre est\u00e1 a debate. Hay que ofrecer argumentos, para sostener lo que se dice.<\/p>\n\n\n\n<p>En la radical polarizaci\u00f3n que se vive en el pa\u00eds hay periodistas y acad\u00e9micos, que han dejado a un lado la \u00e9tica de su profesi\u00f3n, y, como militantes, se han convertido en propagandistas de uno y otro bando.<\/p>\n\n\n\n<p>Algunos lo hacen por convicci\u00f3n, como militantes comprometidos, y otros est\u00e1n pagados por el poder. Cada quien sabe cu\u00e1l es su caso.<\/p>\n\n\n\n<p>Hay tambi\u00e9n periodistas y acad\u00e9micos que, en el marco de la \u00e9tica de su profesi\u00f3n, que pienso son los m\u00e1s, cumplen con su responsabilidad de registrar los hechos, tal como son, e interpretarlos. El pa\u00eds requiere como nunca de estos profesionales. Ellos deben de aguantar todas las cr\u00edticas y presiones que reciben de los hombres y mujeres el poder que no respetan el ejercicio de la libertad de expresi\u00f3n.<\/p>\n\n\n\n<p>____________________________________________________________________________________<\/p>\n\n\n\n<p><em><strong>Rub\u00e9n Aguilar Valenzuela<\/strong><\/em>, Socio fundador de Afan Consultores Internacionales, S.C. Doctor en Ciencias Sociales. Profesor en el Departamento de Comunicaciones y Ciencias Pol\u00edticas de la Universidad Iberoamericana. Articulista en diversos peri\u00f3dicos y revistas. Fue Fundador y director de la Agencia Salpress del FMLN, el Salvador. coordinador de la Secretar\u00eda Particular de la presidencia de Fox (2002-2004) y portavoz del gobierno (2004-2006). Sus \u00faltimos libros en conjunto con Jorge Casta\u00f1eda son: La Diferencia: Radiograf\u00eda de un sexenio (2007) y El Narco: La Guerra Fallida (2009). Twitter:&nbsp;<a href=\"https:\/\/twitter.com\/RubenAguilar\">@RubenAguilar,&nbsp;<\/a><a href=\"http:\/\/miscuadernos.com.mx.\/\">ruben@miscuadernos.com.mx<\/a>. Los puntos de vista expresados no necesariamente son los de EnergiesNet.com.<\/p>\n\n\n\n<p>Nota del Editor:\u00a0Este art\u00edculo fue originalmente publicado en\u00a0Animal Pol\u00edtico, el 17 de julio, 2024. Reproducimos el mismo en beneficio de los lectores.\u00a0EnergiesNet or Petroleumworld\u00a0en Espa\u00f1ol no se hace responsable por los juicios de valor emitidos por sus colaboradores y columnistas de opini\u00f3n y an\u00e1lisis.<\/p>\n\n\n\n<p>Petroleumworld alienta a las personas a reproducir, reimprimir, y divulgar a trav\u00e9s de los medios audiovisuales e Internet, los comentarios editoriales y de opini\u00f3n de EnergiesNet o Petroleumworld, siempre y cuando esa reproducci\u00f3n identifique, a el autor, y la fuente original, http:\/\/www.EnergiesNet.com y se haga dentro de el uso normal (fair use) de la doctrina de la secci\u00f3n 107 de la Ley de derechos de autor de los Estados Unidos de Norteam\u00e9rica (US Copyright).<\/p>\n\n\n\n<p>EnergiesNet.com 17 07 2024<\/p>\n","protected":false},"excerpt":{"rendered":"<p>Por Rub\u00e9n Aguilar Valenzuela La oposici\u00f3n en relaci\u00f3n a sus propios intereses pol\u00edticos debe pensar muy bien si a partir del 1 de octubre, abre o no un s\u00f3lido frente de cr\u00edtica contra la presidenta Claudia Sheinbaum. Su posici\u00f3n estrat\u00e9gica se debe articular fundada en estudios consistentes de opini\u00f3n ciudadana a partir de grupos de &hellip;<\/p>\n<p class=\"read-more\"> <a class=\"\" href=\"https:\/\/energiesnet.com\/espanol\/ya-en-el-cargo-hay-que-criticar-a-la-presidenta-ruben-aguilar-v\/\"> <span class=\"screen-reader-text\">\u00bfYa en el cargo, hay que criticar a la presidenta? &#8211; Rub\u00e9n Aguilar V.<\/span> Leer m\u00e1s &raquo;<\/a><\/p>\n","protected":false},"author":2,"featured_media":22264,"comment_status":"open","ping_status":"open","sticky":false,"template":"","format":"standard","meta":{"_monsterinsights_skip_tracking":false,"_monsterinsights_sitenote_active":false,"_monsterinsights_sitenote_note":"","_monsterinsights_sitenote_category":0,"site-sidebar-layout":"default","site-content-layout":"default","ast-global-header-display":"","ast-main-header-display":"","ast-hfb-above-header-display":"","ast-hfb-below-header-display":"","ast-hfb-mobile-header-display":"","site-post-title":"","ast-breadcrumbs-content":"","ast-featured-img":"","footer-sml-layout":"","theme-transparent-header-meta":"","adv-header-id-meta":"","stick-header-meta":"","header-above-stick-meta":"","header-main-stick-meta":"","header-below-stick-meta":"","footnotes":""},"categories":[48,45],"tags":[2166,3866,109],"class_list":["post-22263","post","type-post","status-publish","format-standard","has-post-thumbnail","hentry","category-comentario-del-dia","category-noticias-diarias","tag-claudia-sheinbaum","tag-critica","tag-mexico"],"aioseo_notices":[],"_links":{"self":[{"href":"https:\/\/energiesnet.com\/espanol\/wp-json\/wp\/v2\/posts\/22263","targetHints":{"allow":["GET"]}}],"collection":[{"href":"https:\/\/energiesnet.com\/espanol\/wp-json\/wp\/v2\/posts"}],"about":[{"href":"https:\/\/energiesnet.com\/espanol\/wp-json\/wp\/v2\/types\/post"}],"author":[{"embeddable":true,"href":"https:\/\/energiesnet.com\/espanol\/wp-json\/wp\/v2\/users\/2"}],"replies":[{"embeddable":true,"href":"https:\/\/energiesnet.com\/espanol\/wp-json\/wp\/v2\/comments?post=22263"}],"version-history":[{"count":0,"href":"https:\/\/energiesnet.com\/espanol\/wp-json\/wp\/v2\/posts\/22263\/revisions"}],"wp:featuredmedia":[{"embeddable":true,"href":"https:\/\/energiesnet.com\/espanol\/wp-json\/wp\/v2\/media\/22264"}],"wp:attachment":[{"href":"https:\/\/energiesnet.com\/espanol\/wp-json\/wp\/v2\/media?parent=22263"}],"wp:term":[{"taxonomy":"category","embeddable":true,"href":"https:\/\/energiesnet.com\/espanol\/wp-json\/wp\/v2\/categories?post=22263"},{"taxonomy":"post_tag","embeddable":true,"href":"https:\/\/energiesnet.com\/espanol\/wp-json\/wp\/v2\/tags?post=22263"}],"curies":[{"name":"wp","href":"https:\/\/api.w.org\/{rel}","templated":true}]}}