{"id":22505,"date":"2024-08-08T14:05:34","date_gmt":"2024-08-08T18:05:34","guid":{"rendered":"https:\/\/energiesnet.com\/espanol\/?p=22505"},"modified":"2024-08-08T14:08:07","modified_gmt":"2024-08-08T18:08:07","slug":"ideologia-y-dictadura-francisco-miro-quesada-r","status":"publish","type":"post","link":"https:\/\/energiesnet.com\/espanol\/ideologia-y-dictadura-francisco-miro-quesada-r\/","title":{"rendered":"Ideolog\u00eda y dictadura &#8211; Francisco Mir\u00f3-Quesada Rada"},"content":{"rendered":"\n<p class=\"wp-block-paragraph\"><strong>\u201cDeforman la realidad para justificar las monstruosidades que hacen los tiranos porque piensan como ellos, creen que el poder es el uso permanente de la fuerza bruta para eliminar a los que piensan y opinan distinto\u201d.<\/strong><a href=\"https:\/\/news.google.com\/publications\/CAAqBggKMJGkIDCp0wM?oc=3&amp;ceid=PE:es-419&amp;hl=es-419&amp;gl=PE\" target=\"_blank\" rel=\"noreferrer noopener\"><\/a><a href=\"https:\/\/www.tiktok.com\/@elcomerciope\" target=\"_blank\" rel=\"noreferrer noopener\"><\/a><\/p>\n\n\n\n<figure class=\"wp-block-image size-full\"><img fetchpriority=\"high\" decoding=\"async\" width=\"600\" height=\"400\" src=\"https:\/\/energiesnet.com\/espanol\/wp-content\/uploads\/2024\/08\/ideologias_francisco_miro.jpg\" alt=\"(Ilustraci\u00f3n: V\u00edctor Aguilar R\u00faa).\" class=\"wp-image-22506\" srcset=\"https:\/\/energiesnet.com\/espanol\/wp-content\/uploads\/2024\/08\/ideologias_francisco_miro.jpg 600w, https:\/\/energiesnet.com\/espanol\/wp-content\/uploads\/2024\/08\/ideologias_francisco_miro-300x200.jpg 300w\" sizes=\"(max-width: 600px) 100vw, 600px\" \/><figcaption class=\"wp-element-caption\">Ilustraci\u00f3n: V\u00edctor Aguilar R\u00faa.<\/figcaption><\/figure>\n\n\n\n<p class=\"wp-block-paragraph\">Por Francisco Mir\u00f3-Quesada Rada      <\/p>\n\n\n\n<p class=\"wp-block-paragraph\"><em>La ideolog\u00eda es deformaci\u00f3n de la realidad de acuerdo con nuestros intereses. Es tambi\u00e9n una concepci\u00f3n del mundo, entonces se nos presenta como cultura. Por ejemplo, la concepci\u00f3n occidental y cristiana del mundo. La ideolog\u00eda se puede definir como la fundamentaci\u00f3n te\u00f3rica de la praxis pol\u00edtica, como cuando decimos \u201cla ideolog\u00eda de Acci\u00f3n Popular\u201d, \u201cla ideolog\u00eda del Apra\u201d, \u201cla ideolog\u00eda marxista\u201d, etc.<\/em><\/p>\n\n\n\n<p class=\"wp-block-paragraph\">La\u00a0<a href=\"https:\/\/elcomercio.pe\/noticias\/dictadura\/\" target=\"_blank\" rel=\"noreferrer noopener\">dictadura<\/a>,<strong> <\/strong>tiran\u00eda, autocracia es una forma de gobierno, una manera de organizar el poder concentrado en un individuo y su entorno. Esta se caracteriza por ser intolerante con las ideas y las pr\u00e1cticas pol\u00edticas de quienes se le oponen. Los persiguen, los encarcelan, los torturan y los matan. Su r\u00e9gimen pol\u00edtico se basa en el terror y genera la peor desigualdad, quit\u00e1ndole la libertad a otros para ponerla a su servicio. No importa qu\u00e9 ideolog\u00eda profesa, pueden ser de derecha o de izquierda, pero tienen una finalidad: concentrar todo el poder y terminar con la libertad del pr\u00f3jimo.<\/p>\n\n\n\n<p class=\"wp-block-paragraph\">Sin embargo, muchos salen a defenderla o callan en complicidad. Aunque las elecciones sean ama\u00f1adas, tramposas, y lo saben, insisten en su legitimidad. A pesar de que ese dictador controla todos los poderes del Estado, como lo hace el chavismo, desde\u00a0<a href=\"https:\/\/elcomercio.pe\/noticias\/hugo-chavez\/\" target=\"_blank\" rel=\"noreferrer noopener\">Hugo Ch\u00e1vez\u00a0<\/a>hasta\u00a0<a href=\"https:\/\/elcomercio.pe\/noticias\/nicolas-maduro\/\" target=\"_blank\" rel=\"noreferrer noopener\">Nicol\u00e1s Maduro<\/a>. Aqu\u00ed en el Per\u00fa unos congresistas peseteros lo saben hacer, llaman democracia a lo que no es democracia.<\/p>\n\n\n\n<p class=\"wp-block-paragraph\">Deforman la realidad para justificar las monstruosidades que hacen los tiranos porque piensan como ellos, creen que el poder es el uso permanente de la fuerza bruta para eliminar a los que piensan y opinan distinto.<\/p>\n\n\n\n<p class=\"wp-block-paragraph\">Hay dictadores que han permanecido hasta la muerte como\u00a0Ch\u00e1vez, Castro y Franco, pero otros cayeron en desgracia porque los pueblos se rebelan. Las\u00a0dictaduras\u00a0producen tragedias, y no hay peor tragedia que la destrucci\u00f3n de tu yo individual y de tu yo colectivo. Por eso llega el momento en que los pueblos dicen basta. Entonces viene la insurgencia, la rebeli\u00f3n e incluso la revoluci\u00f3n contra el tirano, que muchas veces, como gran cobarde que es en el fondo, huye. Los peruanos sabemos de eso y los venezolanos lo sabr\u00e1n, porque no queda otra alternativa: o te matan o matas, como sucedi\u00f3 con Ceau\u0219escu en Ruman\u00eda, Gadafi en Libia y Hussein en Irak. Solo para dar tres ejemplos de los m\u00faltiples casos que hay en la historia.<\/p>\n\n\n\n<p class=\"wp-block-paragraph\">Al pueblo venezolano, que est\u00e1 luchando contra un dictador que quiere quedarse en el poder con fraude y por la fuerza, lo instamos a que no d\u00e9 marcha atr\u00e1s y recuerde estas palabras de Sim\u00f3n Bol\u00edvar: \u201cCuando la tiran\u00eda se hace ley, la rebeli\u00f3n es un derecho\u201d.<\/p>\n\n\n\n<p class=\"wp-block-paragraph\">Y ver\u00e1n c\u00f3mo luego esos que deforman la realidad para defender al tirano terminar\u00e1n como perritos falderos.<\/p>\n\n\n\n<p class=\"wp-block-paragraph\">________________________________________________________________________<\/p>\n\n\n\n<p class=\"wp-block-paragraph\"><strong>Francisco Jos\u00e9 Mir\u00f3-Quesada Rada<\/strong>   es un polit\u00f3logo, jurista, catedr\u00e1tico, escritor y periodista. \u200b Fue director del diario El Comercio,\u200b\u200b desde el 2008 hasta fines de septiembre de 2013. Los puntos de vista expresados no necesariamente son los de EnergiesNet.com.<\/p>\n\n\n\n<p class=\"wp-block-paragraph\">Nota del Editor:\u00a0Este art\u00edculo fue originalmente publicado en El Comercio, 7 de agosto del 2024. Reproducimos el mismo en beneficio de los lctores.\u00a0EnergiesNet.com no se hace responsable por los juicios de valor emitidos por sus colaboradores y columnistas de opini\u00f3n y an\u00e1lisis.<\/p>\n\n\n\n<p class=\"wp-block-paragraph\"><a href=\"https:\/\/elcomercio.pe\/opinion\/columnistas\/venezuela-nicolas-maduro-ideologia-y-dictadura-por-francisco-miro-quesada-rada-noticia\/\">Venezuela | Nicol\u00e1s Maduro | Ideolog\u00eda y dictadura, por Francisco Mir\u00f3 Quesada Rada | OPINION | EL COMERCIO PER\u00da<\/a><\/p>\n\n\n\n<p class=\"wp-block-paragraph\">Aviso de uso: Este sitio contiene material protegido por derechos de autor cuyo uso no siempre ha sido espec\u00edficamente autorizado por el propietario de los derechos. Ponemos a disposici\u00f3n dicho material en nuestro esfuerzo por avanzar en la comprensi\u00f3n de cuestiones de importancia social, medioambiental y humanitaria. Creemos que esto constituye un \u00abuso justo\u00bb de cualquier material protegido por derechos de autor, tal como se establece en la secci\u00f3n 107 de la Ley de Derechos de Autor de EE.UU.. De acuerdo con el T\u00edtulo 17 U.S.C. Secci\u00f3n 107. Para m\u00e1s informaci\u00f3n, visite: http:\/\/www.law.cornell.edu\/uscode\/17\/107.shtml.<\/p>\n\n\n\n<p class=\"wp-block-paragraph\">EnergiesNet.com 08 08 2024<\/p>\n\n\n\n<p class=\"wp-block-paragraph\"><\/p>\n\n\n\n<p class=\"wp-block-paragraph\"><\/p>\n","protected":false},"excerpt":{"rendered":"<p>\u201cDeforman la realidad para justificar las monstruosidades que hacen los tiranos porque piensan como ellos, creen que el poder es el uso permanente de la fuerza bruta para eliminar a los que piensan y opinan distinto\u201d. Por Francisco Mir\u00f3-Quesada Rada La ideolog\u00eda es deformaci\u00f3n de la realidad de acuerdo con nuestros intereses. Es tambi\u00e9n una &hellip;<\/p>\n<p class=\"read-more\"> <a class=\"\" href=\"https:\/\/energiesnet.com\/espanol\/ideologia-y-dictadura-francisco-miro-quesada-r\/\"> <span class=\"screen-reader-text\">Ideolog\u00eda y dictadura &#8211; Francisco Mir\u00f3-Quesada Rada<\/span> Leer m\u00e1s &raquo;<\/a><\/p>\n","protected":false},"author":2,"featured_media":22506,"comment_status":"open","ping_status":"open","sticky":false,"template":"","format":"standard","meta":{"_monsterinsights_skip_tracking":false,"site-sidebar-layout":"default","site-content-layout":"default","ast-global-header-display":"","ast-main-header-display":"","ast-hfb-above-header-display":"","ast-hfb-below-header-display":"","ast-hfb-mobile-header-display":"","site-post-title":"","ast-breadcrumbs-content":"","ast-featured-img":"","footer-sml-layout":"","theme-transparent-header-meta":"","adv-header-id-meta":"","stick-header-meta":"","header-above-stick-meta":"","header-main-stick-meta":"","header-below-stick-meta":"","footnotes":""},"categories":[45,74,1],"tags":[3381,296,417,170],"class_list":["post-22505","post","type-post","status-publish","format-standard","has-post-thumbnail","hentry","category-noticias-diarias","category-opinion-opinion-news-guyana","category-uncategorized","tag-dictador","tag-dictadura","tag-maduro","tag-venezuela"],"aioseo_notices":[],"aioseo_head":"\n\t\t<!-- All in One SEO 5.0.1.1 - aioseo.com -->\n\t<meta name=\"description\" content=\"\u201cDeforman la realidad para justificar las monstruosidades que hacen los tiranos porque piensan como ellos, creen que el poder es el uso permanente de la fuerza bruta para eliminar a los que piensan y opinan distinto\u201d. Por Francisco Mir\u00f3-Quesada Rada La ideolog\u00eda es deformaci\u00f3n de la realidad de acuerdo con nuestros intereses. Es tambi\u00e9n una\" \/>\n\t<meta name=\"robots\" content=\"max-image-preview:large\" \/>\n\t<meta name=\"author\" content=\"EnergiesNet\"\/>\n\t<link rel=\"canonical\" href=\"https:\/\/energiesnet.com\/espanol\/ideologia-y-dictadura-francisco-miro-quesada-r\/\" \/>\n\t<meta name=\"generator\" content=\"All in One SEO (AIOSEO) 5.0.1.1\" \/>\n\t\t<meta property=\"og:locale\" content=\"es_ES\" \/>\n\t\t<meta property=\"og:site_name\" content=\"EnergiestNet - Latin America Energy, Oil ,  Gas &amp; Renewals\" \/>\n\t\t<meta property=\"og:type\" content=\"article\" \/>\n\t\t<meta property=\"og:title\" content=\"Ideolog\u00eda y dictadura \u2013 Francisco Mir\u00f3-Quesada Rada - EnergiestNet\" \/>\n\t\t<meta property=\"og:description\" content=\"\u201cDeforman la realidad para justificar las monstruosidades que hacen los tiranos porque piensan como ellos, creen que el poder es el uso permanente de la fuerza bruta para eliminar a los que piensan y opinan distinto\u201d. Por Francisco Mir\u00f3-Quesada Rada La ideolog\u00eda es deformaci\u00f3n de la realidad de acuerdo con nuestros intereses. Es tambi\u00e9n una\" \/>\n\t\t<meta property=\"og:url\" content=\"https:\/\/energiesnet.com\/espanol\/ideologia-y-dictadura-francisco-miro-quesada-r\/\" \/>\n\t\t<meta property=\"og:image\" content=\"https:\/\/energiesnet.com\/espanol\" \/>\n\t\t<meta property=\"og:image:secure_url\" content=\"https:\/\/energiesnet.com\/espanol\" \/>\n\t\t<meta property=\"article:published_time\" content=\"2024-08-08T18:05:34+00:00\" \/>\n\t\t<meta property=\"article:modified_time\" content=\"2024-08-08T18:08:07+00:00\" \/>\n\t\t<meta property=\"article:publisher\" content=\"https:\/\/www.facebook.com\/\/EnergiesNet\" \/>\n\t\t<meta name=\"twitter:card\" content=\"summary_large_image\" \/>\n\t\t<meta name=\"twitter:site\" content=\"@EnergiesNet1\" \/>\n\t\t<meta name=\"twitter:title\" content=\"Ideolog\u00eda y dictadura \u2013 Francisco Mir\u00f3-Quesada Rada - EnergiestNet\" \/>\n\t\t<meta name=\"twitter:description\" content=\"\u201cDeforman la realidad para justificar las monstruosidades que hacen los tiranos porque piensan como ellos, creen que el poder es el uso permanente de la fuerza bruta para eliminar a los que piensan y opinan distinto\u201d. Por Francisco Mir\u00f3-Quesada Rada La ideolog\u00eda es deformaci\u00f3n de la realidad de acuerdo con nuestros intereses. Es tambi\u00e9n una\" \/>\n\t\t<meta name=\"twitter:creator\" content=\"@EnergiesNet1\" \/>\n\t\t<meta name=\"twitter:image\" content=\"https:\/\/energiesnet.com\/espanol\" \/>\n\t\t<script type=\"application\/ld+json\" class=\"aioseo-schema\">\n\t\t\t{\"@context\":\"https:\\\/\\\/schema.org\",\"@graph\":[{\"@type\":\"BlogPosting\",\"@id\":\"https:\\\/\\\/energiesnet.com\\\/espanol\\\/ideologia-y-dictadura-francisco-miro-quesada-r\\\/#blogposting\",\"name\":\"Ideolog\\u00eda y dictadura \\u2013 Francisco Mir\\u00f3-Quesada Rada - EnergiestNet\",\"headline\":\"Ideolog\\u00eda y dictadura &#8211; Francisco Mir\\u00f3-Quesada Rada\",\"author\":{\"@id\":\"https:\\\/\\\/energiesnet.com\\\/espanol\\\/author\\\/elioohep\\\/#author\"},\"publisher\":{\"@id\":\"https:\\\/\\\/energiesnet.com\\\/espanol\\\/#organization\"},\"image\":{\"@type\":\"ImageObject\",\"url\":\"https:\\\/\\\/energiesnet.com\\\/espanol\\\/wp-content\\\/uploads\\\/2024\\\/08\\\/ideologias_francisco_miro.jpg\",\"width\":600,\"height\":400},\"datePublished\":\"2024-08-08T14:05:34-04:00\",\"dateModified\":\"2024-08-08T14:08:07-04:00\",\"inLanguage\":\"es-ES\",\"mainEntityOfPage\":{\"@id\":\"https:\\\/\\\/energiesnet.com\\\/espanol\\\/ideologia-y-dictadura-francisco-miro-quesada-r\\\/#webpage\"},\"isPartOf\":{\"@id\":\"https:\\\/\\\/energiesnet.com\\\/espanol\\\/ideologia-y-dictadura-francisco-miro-quesada-r\\\/#webpage\"},\"articleSection\":\"Noticias Diarias, Opinion, Uncategorized, dictador, dictadura, maduro, venezuela\"},{\"@type\":\"BreadcrumbList\",\"@id\":\"https:\\\/\\\/energiesnet.com\\\/espanol\\\/ideologia-y-dictadura-francisco-miro-quesada-r\\\/#breadcrumblist\",\"itemListElement\":[{\"@type\":\"ListItem\",\"@id\":\"https:\\\/\\\/energiesnet.com\\\/espanol#listItem\",\"position\":1,\"name\":\"Inicio\",\"item\":\"https:\\\/\\\/energiesnet.com\\\/espanol\",\"nextItem\":{\"@type\":\"ListItem\",\"@id\":\"https:\\\/\\\/energiesnet.com\\\/espanol\\\/category\\\/uncategorized\\\/#listItem\",\"name\":\"Uncategorized\"}},{\"@type\":\"ListItem\",\"@id\":\"https:\\\/\\\/energiesnet.com\\\/espanol\\\/category\\\/uncategorized\\\/#listItem\",\"position\":2,\"name\":\"Uncategorized\",\"item\":\"https:\\\/\\\/energiesnet.com\\\/espanol\\\/category\\\/uncategorized\\\/\",\"nextItem\":{\"@type\":\"ListItem\",\"@id\":\"https:\\\/\\\/energiesnet.com\\\/espanol\\\/ideologia-y-dictadura-francisco-miro-quesada-r\\\/#listItem\",\"name\":\"Ideolog\\u00eda y dictadura &#8211; Francisco Mir\\u00f3-Quesada Rada\"},\"previousItem\":{\"@type\":\"ListItem\",\"@id\":\"https:\\\/\\\/energiesnet.com\\\/espanol#listItem\",\"name\":\"Inicio\"}},{\"@type\":\"ListItem\",\"@id\":\"https:\\\/\\\/energiesnet.com\\\/espanol\\\/ideologia-y-dictadura-francisco-miro-quesada-r\\\/#listItem\",\"position\":3,\"name\":\"Ideolog\\u00eda y dictadura &#8211; Francisco Mir\\u00f3-Quesada Rada\",\"previousItem\":{\"@type\":\"ListItem\",\"@id\":\"https:\\\/\\\/energiesnet.com\\\/espanol\\\/category\\\/uncategorized\\\/#listItem\",\"name\":\"Uncategorized\"}}]},{\"@type\":\"Organization\",\"@id\":\"https:\\\/\\\/energiesnet.com\\\/espanol\\\/#organization\",\"name\":\"EnergiestNet\",\"description\":\"Latin America Energy, Oil ,  Gas & Renewals\",\"url\":\"https:\\\/\\\/energiesnet.com\\\/espanol\\\/\",\"telephone\":\"+584142763041\",\"logo\":{\"@type\":\"ImageObject\",\"url\":\"https:\\\/\\\/energiesnet.com\\\/espanol\\\/wp-content\\\/uploads\\\/2022\\\/12\\\/EnergiesNet-Logo-200.jpg\",\"@id\":\"https:\\\/\\\/energiesnet.com\\\/espanol\\\/ideologia-y-dictadura-francisco-miro-quesada-r\\\/#organizationLogo\",\"width\":200,\"height\":220},\"image\":{\"@id\":\"https:\\\/\\\/energiesnet.com\\\/espanol\\\/ideologia-y-dictadura-francisco-miro-quesada-r\\\/#organizationLogo\"},\"sameAs\":[\"https:\\\/\\\/www.facebook.com\\\/\\\/EnergiesNet\",\"https:\\\/\\\/twitter.com\\\/EnergiesNet1\",\"https:\\\/\\\/www.instagram.com\\\/energiesnet\\\/\",\"https:\\\/\\\/linkedin.com\\\/in\\\/elio-ohep-a465b78\"]},{\"@type\":\"Person\",\"@id\":\"https:\\\/\\\/energiesnet.com\\\/espanol\\\/author\\\/elioohep\\\/#author\",\"url\":\"https:\\\/\\\/energiesnet.com\\\/espanol\\\/author\\\/elioohep\\\/\",\"name\":\"EnergiesNet\",\"image\":{\"@type\":\"ImageObject\",\"@id\":\"https:\\\/\\\/energiesnet.com\\\/espanol\\\/ideologia-y-dictadura-francisco-miro-quesada-r\\\/#authorImage\",\"url\":\"https:\\\/\\\/secure.gravatar.com\\\/avatar\\\/5412deb1089370e2bdf1d1310563df78bf3dc9f9e388ca5748bced95cfdb664b?s=96&d=mm&r=g\",\"width\":96,\"height\":96,\"caption\":\"EnergiesNet\"}},{\"@type\":\"WebPage\",\"@id\":\"https:\\\/\\\/energiesnet.com\\\/espanol\\\/ideologia-y-dictadura-francisco-miro-quesada-r\\\/#webpage\",\"url\":\"https:\\\/\\\/energiesnet.com\\\/espanol\\\/ideologia-y-dictadura-francisco-miro-quesada-r\\\/\",\"name\":\"Ideolog\\u00eda y dictadura \\u2013 Francisco Mir\\u00f3-Quesada Rada - EnergiestNet\",\"description\":\"\\u201cDeforman la realidad para justificar las monstruosidades que hacen los tiranos porque piensan como ellos, creen que el poder es el uso permanente de la fuerza bruta para eliminar a los que piensan y opinan distinto\\u201d. Por Francisco Mir\\u00f3-Quesada Rada La ideolog\\u00eda es deformaci\\u00f3n de la realidad de acuerdo con nuestros intereses. Es tambi\\u00e9n una\",\"inLanguage\":\"es-ES\",\"isPartOf\":{\"@id\":\"https:\\\/\\\/energiesnet.com\\\/espanol\\\/#website\"},\"breadcrumb\":{\"@id\":\"https:\\\/\\\/energiesnet.com\\\/espanol\\\/ideologia-y-dictadura-francisco-miro-quesada-r\\\/#breadcrumblist\"},\"author\":{\"@id\":\"https:\\\/\\\/energiesnet.com\\\/espanol\\\/author\\\/elioohep\\\/#author\"},\"creator\":{\"@id\":\"https:\\\/\\\/energiesnet.com\\\/espanol\\\/author\\\/elioohep\\\/#author\"},\"image\":{\"@type\":\"ImageObject\",\"url\":\"https:\\\/\\\/energiesnet.com\\\/espanol\\\/wp-content\\\/uploads\\\/2024\\\/08\\\/ideologias_francisco_miro.jpg\",\"@id\":\"https:\\\/\\\/energiesnet.com\\\/espanol\\\/ideologia-y-dictadura-francisco-miro-quesada-r\\\/#mainImage\",\"width\":600,\"height\":400},\"primaryImageOfPage\":{\"@id\":\"https:\\\/\\\/energiesnet.com\\\/espanol\\\/ideologia-y-dictadura-francisco-miro-quesada-r\\\/#mainImage\"},\"datePublished\":\"2024-08-08T14:05:34-04:00\",\"dateModified\":\"2024-08-08T14:08:07-04:00\"},{\"@type\":\"WebSite\",\"@id\":\"https:\\\/\\\/energiesnet.com\\\/espanol\\\/#website\",\"url\":\"https:\\\/\\\/energiesnet.com\\\/espanol\\\/\",\"name\":\"EnergiestNet\",\"description\":\"Latin America Energy, Oil ,  Gas & Renewals\",\"inLanguage\":\"es-ES\",\"publisher\":{\"@id\":\"https:\\\/\\\/energiesnet.com\\\/espanol\\\/#organization\"}}]}\n\t\t<\/script>\n\t\t<!-- All in One SEO -->\n\n","aioseo_head_json":{"title":"Ideolog\u00eda y dictadura \u2013 Francisco Mir\u00f3-Quesada Rada - EnergiestNet","description":"\u201cDeforman la realidad para justificar las monstruosidades que hacen los tiranos porque piensan como ellos, creen que el poder es el uso permanente de la fuerza bruta para eliminar a los que piensan y opinan distinto\u201d. Por Francisco Mir\u00f3-Quesada Rada La ideolog\u00eda es deformaci\u00f3n de la realidad de acuerdo con nuestros intereses. Es tambi\u00e9n una","canonical_url":"https:\/\/energiesnet.com\/espanol\/ideologia-y-dictadura-francisco-miro-quesada-r\/","robots":"max-image-preview:large","keywords":"","webmasterTools":{"miscellaneous":""},"schema":{"@context":"https:\/\/schema.org","@graph":[{"@type":"BlogPosting","@id":"https:\/\/energiesnet.com\/espanol\/ideologia-y-dictadura-francisco-miro-quesada-r\/#blogposting","name":"Ideolog\u00eda y dictadura \u2013 Francisco Mir\u00f3-Quesada Rada - EnergiestNet","headline":"Ideolog\u00eda y dictadura &#8211; Francisco Mir\u00f3-Quesada Rada","author":{"@id":"https:\/\/energiesnet.com\/espanol\/author\/elioohep\/#author"},"publisher":{"@id":"https:\/\/energiesnet.com\/espanol\/#organization"},"image":{"@type":"ImageObject","url":"https:\/\/energiesnet.com\/espanol\/wp-content\/uploads\/2024\/08\/ideologias_francisco_miro.jpg","width":600,"height":400},"datePublished":"2024-08-08T14:05:34-04:00","dateModified":"2024-08-08T14:08:07-04:00","inLanguage":"es-ES","mainEntityOfPage":{"@id":"https:\/\/energiesnet.com\/espanol\/ideologia-y-dictadura-francisco-miro-quesada-r\/#webpage"},"isPartOf":{"@id":"https:\/\/energiesnet.com\/espanol\/ideologia-y-dictadura-francisco-miro-quesada-r\/#webpage"},"articleSection":"Noticias Diarias, Opinion, Uncategorized, dictador, dictadura, maduro, venezuela"},{"@type":"BreadcrumbList","@id":"https:\/\/energiesnet.com\/espanol\/ideologia-y-dictadura-francisco-miro-quesada-r\/#breadcrumblist","itemListElement":[{"@type":"ListItem","@id":"https:\/\/energiesnet.com\/espanol#listItem","position":1,"name":"Inicio","item":"https:\/\/energiesnet.com\/espanol","nextItem":{"@type":"ListItem","@id":"https:\/\/energiesnet.com\/espanol\/category\/uncategorized\/#listItem","name":"Uncategorized"}},{"@type":"ListItem","@id":"https:\/\/energiesnet.com\/espanol\/category\/uncategorized\/#listItem","position":2,"name":"Uncategorized","item":"https:\/\/energiesnet.com\/espanol\/category\/uncategorized\/","nextItem":{"@type":"ListItem","@id":"https:\/\/energiesnet.com\/espanol\/ideologia-y-dictadura-francisco-miro-quesada-r\/#listItem","name":"Ideolog\u00eda y dictadura &#8211; Francisco Mir\u00f3-Quesada Rada"},"previousItem":{"@type":"ListItem","@id":"https:\/\/energiesnet.com\/espanol#listItem","name":"Inicio"}},{"@type":"ListItem","@id":"https:\/\/energiesnet.com\/espanol\/ideologia-y-dictadura-francisco-miro-quesada-r\/#listItem","position":3,"name":"Ideolog\u00eda y dictadura &#8211; Francisco Mir\u00f3-Quesada Rada","previousItem":{"@type":"ListItem","@id":"https:\/\/energiesnet.com\/espanol\/category\/uncategorized\/#listItem","name":"Uncategorized"}}]},{"@type":"Organization","@id":"https:\/\/energiesnet.com\/espanol\/#organization","name":"EnergiestNet","description":"Latin America Energy, Oil ,  Gas & Renewals","url":"https:\/\/energiesnet.com\/espanol\/","telephone":"+584142763041","logo":{"@type":"ImageObject","url":"https:\/\/energiesnet.com\/espanol\/wp-content\/uploads\/2022\/12\/EnergiesNet-Logo-200.jpg","@id":"https:\/\/energiesnet.com\/espanol\/ideologia-y-dictadura-francisco-miro-quesada-r\/#organizationLogo","width":200,"height":220},"image":{"@id":"https:\/\/energiesnet.com\/espanol\/ideologia-y-dictadura-francisco-miro-quesada-r\/#organizationLogo"},"sameAs":["https:\/\/www.facebook.com\/\/EnergiesNet","https:\/\/twitter.com\/EnergiesNet1","https:\/\/www.instagram.com\/energiesnet\/","https:\/\/linkedin.com\/in\/elio-ohep-a465b78"]},{"@type":"Person","@id":"https:\/\/energiesnet.com\/espanol\/author\/elioohep\/#author","url":"https:\/\/energiesnet.com\/espanol\/author\/elioohep\/","name":"EnergiesNet","image":{"@type":"ImageObject","@id":"https:\/\/energiesnet.com\/espanol\/ideologia-y-dictadura-francisco-miro-quesada-r\/#authorImage","url":"https:\/\/secure.gravatar.com\/avatar\/5412deb1089370e2bdf1d1310563df78bf3dc9f9e388ca5748bced95cfdb664b?s=96&d=mm&r=g","width":96,"height":96,"caption":"EnergiesNet"}},{"@type":"WebPage","@id":"https:\/\/energiesnet.com\/espanol\/ideologia-y-dictadura-francisco-miro-quesada-r\/#webpage","url":"https:\/\/energiesnet.com\/espanol\/ideologia-y-dictadura-francisco-miro-quesada-r\/","name":"Ideolog\u00eda y dictadura \u2013 Francisco Mir\u00f3-Quesada Rada - EnergiestNet","description":"\u201cDeforman la realidad para justificar las monstruosidades que hacen los tiranos porque piensan como ellos, creen que el poder es el uso permanente de la fuerza bruta para eliminar a los que piensan y opinan distinto\u201d. Por Francisco Mir\u00f3-Quesada Rada La ideolog\u00eda es deformaci\u00f3n de la realidad de acuerdo con nuestros intereses. Es tambi\u00e9n una","inLanguage":"es-ES","isPartOf":{"@id":"https:\/\/energiesnet.com\/espanol\/#website"},"breadcrumb":{"@id":"https:\/\/energiesnet.com\/espanol\/ideologia-y-dictadura-francisco-miro-quesada-r\/#breadcrumblist"},"author":{"@id":"https:\/\/energiesnet.com\/espanol\/author\/elioohep\/#author"},"creator":{"@id":"https:\/\/energiesnet.com\/espanol\/author\/elioohep\/#author"},"image":{"@type":"ImageObject","url":"https:\/\/energiesnet.com\/espanol\/wp-content\/uploads\/2024\/08\/ideologias_francisco_miro.jpg","@id":"https:\/\/energiesnet.com\/espanol\/ideologia-y-dictadura-francisco-miro-quesada-r\/#mainImage","width":600,"height":400},"primaryImageOfPage":{"@id":"https:\/\/energiesnet.com\/espanol\/ideologia-y-dictadura-francisco-miro-quesada-r\/#mainImage"},"datePublished":"2024-08-08T14:05:34-04:00","dateModified":"2024-08-08T14:08:07-04:00"},{"@type":"WebSite","@id":"https:\/\/energiesnet.com\/espanol\/#website","url":"https:\/\/energiesnet.com\/espanol\/","name":"EnergiestNet","description":"Latin America Energy, Oil ,  Gas & Renewals","inLanguage":"es-ES","publisher":{"@id":"https:\/\/energiesnet.com\/espanol\/#organization"}}]},"og:locale":"es_ES","og:site_name":"EnergiestNet - Latin America Energy, Oil ,  Gas &amp; Renewals","og:type":"article","og:title":"Ideolog\u00eda y dictadura \u2013 Francisco Mir\u00f3-Quesada Rada - EnergiestNet","og:description":"\u201cDeforman la realidad para justificar las monstruosidades que hacen los tiranos porque piensan como ellos, creen que el poder es el uso permanente de la fuerza bruta para eliminar a los que piensan y opinan distinto\u201d. Por Francisco Mir\u00f3-Quesada Rada La ideolog\u00eda es deformaci\u00f3n de la realidad de acuerdo con nuestros intereses. Es tambi\u00e9n una","og:url":"https:\/\/energiesnet.com\/espanol\/ideologia-y-dictadura-francisco-miro-quesada-r\/","og:image":"https:\/\/energiesnet.com\/espanol","og:image:secure_url":"https:\/\/energiesnet.com\/espanol","article:published_time":"2024-08-08T18:05:34+00:00","article:modified_time":"2024-08-08T18:08:07+00:00","article:publisher":"https:\/\/www.facebook.com\/\/EnergiesNet","twitter:card":"summary_large_image","twitter:site":"@EnergiesNet1","twitter:title":"Ideolog\u00eda y dictadura \u2013 Francisco Mir\u00f3-Quesada Rada - EnergiestNet","twitter:description":"\u201cDeforman la realidad para justificar las monstruosidades que hacen los tiranos porque piensan como ellos, creen que el poder es el uso permanente de la fuerza bruta para eliminar a los que piensan y opinan distinto\u201d. Por Francisco Mir\u00f3-Quesada Rada La ideolog\u00eda es deformaci\u00f3n de la realidad de acuerdo con nuestros intereses. Es tambi\u00e9n una","twitter:creator":"@EnergiesNet1","twitter:image":"https:\/\/energiesnet.com\/espanol"},"aioseo_meta_data":{"post_id":"22505","title":null,"description":null,"keywords":null,"keyphrases":{"focus":{"keyphrase":"","score":0,"analysis":{"keyphraseInTitle":{"score":0,"maxScore":9,"error":1}}},"additional":[]},"primary_term":null,"canonical_url":null,"og_title":null,"og_description":null,"og_object_type":"default","og_image_type":"default","og_image_url":null,"og_image_width":null,"og_image_height":null,"og_image_custom_url":null,"og_image_custom_fields":null,"og_video":"","og_custom_url":null,"og_article_section":null,"og_article_tags":null,"twitter_use_og":false,"twitter_card":"default","twitter_image_type":"default","twitter_image_url":null,"twitter_image_custom_url":null,"twitter_image_custom_fields":null,"twitter_title":null,"twitter_description":null,"schema":{"blockGraphs":[],"customGraphs":[],"default":{"data":{"Article":[],"Course":[],"Dataset":[],"FAQPage":[],"Movie":[],"Person":[],"Product":[],"ProductReview":[],"Car":[],"Recipe":[],"Service":[],"SoftwareApplication":[],"WebPage":[]},"graphName":"BlogPosting","isEnabled":true},"graphs":[]},"schema_type":"default","schema_type_options":null,"pillar_content":false,"robots_default":true,"robots_noindex":false,"robots_noarchive":false,"robots_nosnippet":false,"robots_nofollow":false,"robots_noimageindex":false,"robots_noodp":false,"robots_notranslate":false,"robots_max_snippet":"-1","robots_max_videopreview":"-1","robots_max_imagepreview":"large","priority":null,"frequency":"default","local_seo":null,"breadcrumb_settings":null,"limit_modified_date":false,"ai":null,"created":"2024-08-08 18:05:41","updated":"2025-06-04 16:56:41","seo_analyzer_scan_date":null,"focus_keyword":null,"additional_keywords":null,"truseo_locale":null},"aioseo_breadcrumb":"<div class=\"aioseo-breadcrumbs\"><span class=\"aioseo-breadcrumb\">\n\t\t\t<a href=\"https:\/\/energiesnet.com\/espanol\" title=\"Inicio\">Inicio<\/a>\n\t\t<\/span><span class=\"aioseo-breadcrumb-separator\">&raquo;<\/span><span class=\"aioseo-breadcrumb\">\n\t\t\t<a href=\"https:\/\/energiesnet.com\/espanol\/category\/uncategorized\/\" title=\"Uncategorized\">Uncategorized<\/a>\n\t\t<\/span><span class=\"aioseo-breadcrumb-separator\">&raquo;<\/span><span class=\"aioseo-breadcrumb\">\n\t\t\tIdeolog\u00eda y dictadura \u2013 Francisco Mir\u00f3-Quesada Rada\n\t\t<\/span><\/div>","aioseo_breadcrumb_json":[{"label":"Inicio","link":"https:\/\/energiesnet.com\/espanol"},{"label":"Uncategorized","link":"https:\/\/energiesnet.com\/espanol\/category\/uncategorized\/"},{"label":"Ideolog\u00eda y dictadura &#8211; Francisco Mir\u00f3-Quesada Rada","link":"https:\/\/energiesnet.com\/espanol\/ideologia-y-dictadura-francisco-miro-quesada-r\/"}],"_links":{"self":[{"href":"https:\/\/energiesnet.com\/espanol\/wp-json\/wp\/v2\/posts\/22505","targetHints":{"allow":["GET"]}}],"collection":[{"href":"https:\/\/energiesnet.com\/espanol\/wp-json\/wp\/v2\/posts"}],"about":[{"href":"https:\/\/energiesnet.com\/espanol\/wp-json\/wp\/v2\/types\/post"}],"author":[{"embeddable":true,"href":"https:\/\/energiesnet.com\/espanol\/wp-json\/wp\/v2\/users\/2"}],"replies":[{"embeddable":true,"href":"https:\/\/energiesnet.com\/espanol\/wp-json\/wp\/v2\/comments?post=22505"}],"version-history":[{"count":0,"href":"https:\/\/energiesnet.com\/espanol\/wp-json\/wp\/v2\/posts\/22505\/revisions"}],"wp:featuredmedia":[{"embeddable":true,"href":"https:\/\/energiesnet.com\/espanol\/wp-json\/wp\/v2\/media\/22506"}],"wp:attachment":[{"href":"https:\/\/energiesnet.com\/espanol\/wp-json\/wp\/v2\/media?parent=22505"}],"wp:term":[{"taxonomy":"category","embeddable":true,"href":"https:\/\/energiesnet.com\/espanol\/wp-json\/wp\/v2\/categories?post=22505"},{"taxonomy":"post_tag","embeddable":true,"href":"https:\/\/energiesnet.com\/espanol\/wp-json\/wp\/v2\/tags?post=22505"}],"curies":[{"name":"wp","href":"https:\/\/api.w.org\/{rel}","templated":true}]}}