{"id":22537,"date":"2024-08-13T09:02:23","date_gmt":"2024-08-13T13:02:23","guid":{"rendered":"https:\/\/energiesnet.com\/espanol\/?p=22537"},"modified":"2024-08-13T09:06:27","modified_gmt":"2024-08-13T13:06:27","slug":"sheinbaum-nombra-a-experimentada-ingeniera-electrica-emilia-esther-calleja-alor-en-la-cfe","status":"publish","type":"post","link":"https:\/\/energiesnet.com\/espanol\/sheinbaum-nombra-a-experimentada-ingeniera-electrica-emilia-esther-calleja-alor-en-la-cfe\/","title":{"rendered":"Sheinbaum nombra a experimentada ingeniero Emilia Esther Calleja Alor en la CFE"},"content":{"rendered":"\n<p class=\"wp-block-paragraph\"><strong>La presidenta electa de M\u00e9xico se ha decantado por un perfil t\u00e9cnico, que cuenta con m\u00e1s de 20 a\u00f1os de trayectoria dentro de la paraestatal<\/strong><\/p>\n\n\n\n<figure class=\"wp-block-image size-full is-resized\"><img fetchpriority=\"high\" decoding=\"async\" width=\"600\" height=\"400\" src=\"https:\/\/energiesnet.com\/espanol\/wp-content\/uploads\/2024\/08\/claudia_cheinbaum_emilia_callejas-CFE-elpais.jpg\" alt=\"Emilia Esther Calleja Alor (derecha) habla durante su nombramiento como directora de la CFE en una conferencia de prensa junto a Claudia Sheinbaum, este 12 de agosto.\" class=\"wp-image-22538\" style=\"width:783px;height:auto\" srcset=\"https:\/\/energiesnet.com\/espanol\/wp-content\/uploads\/2024\/08\/claudia_cheinbaum_emilia_callejas-CFE-elpais.jpg 600w, https:\/\/energiesnet.com\/espanol\/wp-content\/uploads\/2024\/08\/claudia_cheinbaum_emilia_callejas-CFE-elpais-300x200.jpg 300w\" sizes=\"(max-width: 600px) 100vw, 600px\" \/><figcaption class=\"wp-element-caption\">Emilia Esther Calleja Alor (derecha) habla durante su nombramiento como directora de la CFE en una conferencia de prensa junto a Claudia Sheinbaum, este 12 de agosto.<\/figcaption><\/figure>\n\n\n\n<p class=\"wp-block-paragraph\">Karina Su\u00e1rez, El Pa\u00eds\u00a0       <\/p>\n\n\n\n<p class=\"wp-block-paragraph\">CIUDAD DE M\u00c9XICO             <br>EnergiesNet.com   13 08 2024      <\/p>\n\n\n\n<p class=\"wp-block-paragraph\">La presidenta electa de M\u00e9xico,&nbsp;<a href=\"https:\/\/elpais.com\/mexico\/elecciones-mexicanas\/2024-08-01\/quien-es-quien-en-el-gabinete-de-claudia-sheinbaum.html\">Claudia Sheinbaum,&nbsp;<\/a>ha revelado el nombre de la pr\u00f3xima directora de la Comisi\u00f3n Federal de Electricidad (CFE): Emilia Esther Calleja Alor. La pr\u00f3xima titular de la paraestatal el\u00e9ctrica es ingeniera electr\u00f3nica por el Instituto Tecnol\u00f3gico de Celaya, maestra en Administraci\u00f3n de Alta Direcci\u00f3n por la Universidad Aut\u00f3noma de Coahuila. La pr\u00f3xima inquilina de Palacio Nacional se ha decantado por un perfil t\u00e9cnico y de casa, Calleja Alor cuenta con m\u00e1s de 21 a\u00f1os de trayectoria dentro de la CFE y actualmente coordina la operaci\u00f3n de una treintena de centrales el\u00e9ctricas de la paraestatal. Calleja Alor agradeci\u00f3 la designaci\u00f3n y asegur\u00f3 que continuar\u00e1 con el objetivo de rescatar a la empresa el\u00e9ctrica: \u201cContinuaremos con el legado de la Administraci\u00f3n que concluye, continuaremos fortaleciendo ese 54% de participaci\u00f3n que tenemos la CFE, y promoviendo el uso eficiente energ\u00e9tica\u201d, dijo este lunes durante su nombramiento.<\/p>\n\n\n\n<p class=\"wp-block-paragraph\">Sheinbaum ha resaltado que ser\u00e1 la primera mujer al frente de esta paraestatal, as\u00ed como la trayectoria \u201cdesde abajo\u201d de Calleja Alor. La pr\u00f3xima&nbsp;<a href=\"https:\/\/elpais.com\/mexico\/2024-07-18\/continuidad-y-juventud-marcan-los-ultimos-nombramientos-del-gabinete-de-sheinbaum.html\">directora de la CFE&nbsp;<\/a>se ha especializado, adem\u00e1s, en la gesti\u00f3n de recursos y operaci\u00f3n en la industria el\u00e9ctrica. \u201cCuenta con diplomados en instrumentaci\u00f3n y control, administraci\u00f3n de la capacitaci\u00f3n, relaciones humanas, liderazgo y formaci\u00f3n de mandos medios\u201d refiere su ficha de presentaci\u00f3n. La presidenta electa ha optado por este perfil ante el dif\u00edcil desaf\u00edo de continuar con las pol\u00edticas de fortalecimiento a favor de las paraestatales energ\u00e9ticas \u2014CFE y Pemex\u2014, impulsadas por el actual mandatario, Andr\u00e9s Manuel L\u00f3pez Obrador, y, al un\u00edsono, dar un sello propio a favor de la transici\u00f3n energ\u00e9tica.<\/p>\n\n\n\n<p class=\"wp-block-paragraph\">Desde 2023 a la fecha, Calleja Alor es directora general de CFE Generaci\u00f3n I, teniendo bajo sus riendas la operaci\u00f3n de una treintena de centrales el\u00e9ctricas de esta subsidiaria, que aporta el 10% de la electricidad del pa\u00eds. En su paso por la paraestatal el\u00e9ctrica tambi\u00e9n ha fungido como superintendente general de la central de generaci\u00f3n termoel\u00e9ctrica de Celaya y, antes, fue gerente de proyecto en la construcci\u00f3n para una central nueva, as\u00ed como supervisora en instrumentaci\u00f3n y control. \u201cSe ha desempe\u00f1ado en diferentes instituciones en los sectores p\u00fablicos y privados. Su trayectoria y experiencia laboral se centra en el proceso de generaci\u00f3n el\u00e9ctrica, an\u00e1lisis y fallas, procesos de instalaci\u00f3n, configuraci\u00f3n y puesta en servicios, sistemas de gesti\u00f3n ambiental, administraci\u00f3n de recursos humanos, materiales y financieros\u201d, refiri\u00f3 Sheinbaum este lunes.<\/p>\n\n\n\n<p class=\"wp-block-paragraph\">La pr\u00f3xima directora de la CFE asumir\u00e1 el tim\u00f3n de una paraestatal que ha sido ampliamente apoyada por el Gobierno de L\u00f3pez Obrador, al igual que Pemex, pese al vaiv\u00e9n de alzas y bajas de los \u00faltimos a\u00f1os. Solo en el segundo trimestre del a\u00f1o, la CFE report\u00f3 p\u00e9rdidas por m\u00e1s de 76.000 millones de pesos, seg\u00fan el reporte en la Bolsa Mexicana de Valores. La empresa dirigida por Manuel Bartlett explic\u00f3 que el quebranto fue provocado por los escenarios de volatilidad del mercado de divisas, que a su vez, ocasionaron una p\u00e9rdida cambiaria significativa, pero descartaron, en ese entonces, que el reporte negativo fuese un reflejo de una debilidad de la paraestatal.<\/p>\n\n\n\n<p class=\"wp-block-paragraph\">Sheinbaum detall\u00f3 este lunes que desde hace semanas ya trabaja de la mano con Calleja Alor sobre su proyecto sexenal de energ\u00eda para el pa\u00eds. En el nombramiento de la futura directora de la CFE tambi\u00e9n estuvo presente la pr\u00f3xima secretaria de Energ\u00eda, Luz Elena Gonz\u00e1lez Escobar. Este anuncio se suma al reciente nombramiento del&nbsp;<a href=\"https:\/\/elpais.com\/mexico\/2024-08-08\/arturo-zaldivar-habra-dos-elecciones-de-jueces-no-sera-todo-en-un-solo-proceso-electoral.html\">exministro Arturo Zald\u00edvar&nbsp;<\/a>como Coordinador de Pol\u00edtica y Gobierno de la pr\u00f3xima Administraci\u00f3n. Sin dar m\u00e1s detalles, la presidenta electa de M\u00e9xico asegur\u00f3 que en las pr\u00f3ximas semanas dar\u00e1 a conocer al titular de Pemex, uno de los nombramientos de su pr\u00f3ximo Gobierno que siguen en suspenso.<\/p>\n\n\n\n<p class=\"wp-block-paragraph\">elpais.com 12 08 2024<\/p>\n","protected":false},"excerpt":{"rendered":"<p>La presidenta electa de M\u00e9xico se ha decantado por un perfil t\u00e9cnico, que cuenta con m\u00e1s de 20 a\u00f1os de trayectoria dentro de la paraestatal Karina Su\u00e1rez, El Pa\u00eds\u00a0 CIUDAD DE M\u00c9XICO EnergiesNet.com 13 08 2024 La presidenta electa de M\u00e9xico,&nbsp;Claudia Sheinbaum,&nbsp;ha revelado el nombre de la pr\u00f3xima directora de la Comisi\u00f3n Federal de Electricidad &hellip;<\/p>\n<p class=\"read-more\"> <a class=\"\" href=\"https:\/\/energiesnet.com\/espanol\/sheinbaum-nombra-a-experimentada-ingeniera-electrica-emilia-esther-calleja-alor-en-la-cfe\/\"> <span class=\"screen-reader-text\">Sheinbaum nombra a experimentada ingeniero Emilia Esther Calleja Alor en la CFE<\/span> Leer m\u00e1s &raquo;<\/a><\/p>\n","protected":false},"author":2,"featured_media":22538,"comment_status":"open","ping_status":"open","sticky":false,"template":"","format":"standard","meta":{"_monsterinsights_skip_tracking":false,"site-sidebar-layout":"default","site-content-layout":"default","ast-global-header-display":"","ast-main-header-display":"","ast-hfb-above-header-display":"","ast-hfb-below-header-display":"","ast-hfb-mobile-header-display":"","site-post-title":"","ast-breadcrumbs-content":"","ast-featured-img":"","footer-sml-layout":"","theme-transparent-header-meta":"","adv-header-id-meta":"","stick-header-meta":"","header-above-stick-meta":"","header-main-stick-meta":"","header-below-stick-meta":"","footnotes":""},"categories":[30],"tags":[110,2166,3920,109],"class_list":["post-22537","post","type-post","status-publish","format-standard","has-post-thumbnail","hentry","category-top-news","tag-cfe","tag-claudia-sheinbaum","tag-emilia-calleja","tag-mexico"],"aioseo_notices":[],"aioseo_head":"\n\t\t<!-- All in One SEO 5.0.1.1 - aioseo.com -->\n\t<meta name=\"description\" content=\"La presidenta electa de M\u00e9xico se ha decantado por un perfil t\u00e9cnico, que cuenta con m\u00e1s de 20 a\u00f1os de trayectoria dentro de la paraestatal Karina Su\u00e1rez, El Pa\u00eds CIUDAD DE M\u00c9XICO EnergiesNet.com 13 08 2024 La presidenta electa de M\u00e9xico, Claudia Sheinbaum, ha revelado el nombre de la pr\u00f3xima directora de la Comisi\u00f3n Federal de Electricidad\" \/>\n\t<meta name=\"robots\" content=\"max-image-preview:large\" \/>\n\t<meta name=\"author\" content=\"EnergiesNet\"\/>\n\t<link rel=\"canonical\" href=\"https:\/\/energiesnet.com\/espanol\/sheinbaum-nombra-a-experimentada-ingeniera-electrica-emilia-esther-calleja-alor-en-la-cfe\/\" \/>\n\t<meta name=\"generator\" content=\"All in One SEO (AIOSEO) 5.0.1.1\" \/>\n\t\t<meta property=\"og:locale\" content=\"es_ES\" \/>\n\t\t<meta property=\"og:site_name\" content=\"EnergiestNet - Latin America Energy, Oil ,  Gas &amp; Renewals\" \/>\n\t\t<meta property=\"og:type\" content=\"article\" \/>\n\t\t<meta property=\"og:title\" content=\"Sheinbaum nombra a experimentada ingeniero Emilia Esther Calleja Alor en la CFE - EnergiestNet\" \/>\n\t\t<meta property=\"og:description\" content=\"La presidenta electa de M\u00e9xico se ha decantado por un perfil t\u00e9cnico, que cuenta con m\u00e1s de 20 a\u00f1os de trayectoria dentro de la paraestatal Karina Su\u00e1rez, El Pa\u00eds CIUDAD DE M\u00c9XICO EnergiesNet.com 13 08 2024 La presidenta electa de M\u00e9xico, Claudia Sheinbaum, ha revelado el nombre de la pr\u00f3xima directora de la Comisi\u00f3n Federal de Electricidad\" \/>\n\t\t<meta property=\"og:url\" content=\"https:\/\/energiesnet.com\/espanol\/sheinbaum-nombra-a-experimentada-ingeniera-electrica-emilia-esther-calleja-alor-en-la-cfe\/\" \/>\n\t\t<meta property=\"og:image\" content=\"https:\/\/energiesnet.com\/espanol\" \/>\n\t\t<meta property=\"og:image:secure_url\" content=\"https:\/\/energiesnet.com\/espanol\" \/>\n\t\t<meta property=\"article:published_time\" content=\"2024-08-13T13:02:23+00:00\" \/>\n\t\t<meta property=\"article:modified_time\" content=\"2024-08-13T13:06:27+00:00\" \/>\n\t\t<meta property=\"article:publisher\" content=\"https:\/\/www.facebook.com\/\/EnergiesNet\" \/>\n\t\t<meta name=\"twitter:card\" content=\"summary_large_image\" \/>\n\t\t<meta name=\"twitter:site\" content=\"@EnergiesNet1\" \/>\n\t\t<meta name=\"twitter:title\" content=\"Sheinbaum nombra a experimentada ingeniero Emilia Esther Calleja Alor en la CFE - EnergiestNet\" \/>\n\t\t<meta name=\"twitter:description\" content=\"La presidenta electa de M\u00e9xico se ha decantado por un perfil t\u00e9cnico, que cuenta con m\u00e1s de 20 a\u00f1os de trayectoria dentro de la paraestatal Karina Su\u00e1rez, El Pa\u00eds CIUDAD DE M\u00c9XICO EnergiesNet.com 13 08 2024 La presidenta electa de M\u00e9xico, Claudia Sheinbaum, ha revelado el nombre de la pr\u00f3xima directora de la Comisi\u00f3n Federal de Electricidad\" \/>\n\t\t<meta name=\"twitter:creator\" content=\"@EnergiesNet1\" \/>\n\t\t<meta name=\"twitter:image\" content=\"https:\/\/energiesnet.com\/espanol\" \/>\n\t\t<script type=\"application\/ld+json\" class=\"aioseo-schema\">\n\t\t\t{\"@context\":\"https:\\\/\\\/schema.org\",\"@graph\":[{\"@type\":\"BlogPosting\",\"@id\":\"https:\\\/\\\/energiesnet.com\\\/espanol\\\/sheinbaum-nombra-a-experimentada-ingeniera-electrica-emilia-esther-calleja-alor-en-la-cfe\\\/#blogposting\",\"name\":\"Sheinbaum nombra a experimentada ingeniero Emilia Esther Calleja Alor en la CFE - EnergiestNet\",\"headline\":\"Sheinbaum nombra a experimentada ingeniero Emilia Esther Calleja Alor en la CFE\",\"author\":{\"@id\":\"https:\\\/\\\/energiesnet.com\\\/espanol\\\/author\\\/elioohep\\\/#author\"},\"publisher\":{\"@id\":\"https:\\\/\\\/energiesnet.com\\\/espanol\\\/#organization\"},\"image\":{\"@type\":\"ImageObject\",\"url\":\"https:\\\/\\\/energiesnet.com\\\/espanol\\\/wp-content\\\/uploads\\\/2024\\\/08\\\/claudia_cheinbaum_emilia_callejas-CFE-elpais.jpg\",\"width\":600,\"height\":400},\"datePublished\":\"2024-08-13T09:02:23-04:00\",\"dateModified\":\"2024-08-13T09:06:27-04:00\",\"inLanguage\":\"es-ES\",\"mainEntityOfPage\":{\"@id\":\"https:\\\/\\\/energiesnet.com\\\/espanol\\\/sheinbaum-nombra-a-experimentada-ingeniera-electrica-emilia-esther-calleja-alor-en-la-cfe\\\/#webpage\"},\"isPartOf\":{\"@id\":\"https:\\\/\\\/energiesnet.com\\\/espanol\\\/sheinbaum-nombra-a-experimentada-ingeniera-electrica-emilia-esther-calleja-alor-en-la-cfe\\\/#webpage\"},\"articleSection\":\"La Noticia, cfe, Claudia Sheinbaum, Emilia Calleja, mexico\"},{\"@type\":\"BreadcrumbList\",\"@id\":\"https:\\\/\\\/energiesnet.com\\\/espanol\\\/sheinbaum-nombra-a-experimentada-ingeniera-electrica-emilia-esther-calleja-alor-en-la-cfe\\\/#breadcrumblist\",\"itemListElement\":[{\"@type\":\"ListItem\",\"@id\":\"https:\\\/\\\/energiesnet.com\\\/espanol#listItem\",\"position\":1,\"name\":\"Inicio\",\"item\":\"https:\\\/\\\/energiesnet.com\\\/espanol\",\"nextItem\":{\"@type\":\"ListItem\",\"@id\":\"https:\\\/\\\/energiesnet.com\\\/espanol\\\/category\\\/top-news\\\/#listItem\",\"name\":\"La Noticia\"}},{\"@type\":\"ListItem\",\"@id\":\"https:\\\/\\\/energiesnet.com\\\/espanol\\\/category\\\/top-news\\\/#listItem\",\"position\":2,\"name\":\"La Noticia\",\"item\":\"https:\\\/\\\/energiesnet.com\\\/espanol\\\/category\\\/top-news\\\/\",\"nextItem\":{\"@type\":\"ListItem\",\"@id\":\"https:\\\/\\\/energiesnet.com\\\/espanol\\\/sheinbaum-nombra-a-experimentada-ingeniera-electrica-emilia-esther-calleja-alor-en-la-cfe\\\/#listItem\",\"name\":\"Sheinbaum nombra a experimentada ingeniero Emilia Esther Calleja Alor en la CFE\"},\"previousItem\":{\"@type\":\"ListItem\",\"@id\":\"https:\\\/\\\/energiesnet.com\\\/espanol#listItem\",\"name\":\"Inicio\"}},{\"@type\":\"ListItem\",\"@id\":\"https:\\\/\\\/energiesnet.com\\\/espanol\\\/sheinbaum-nombra-a-experimentada-ingeniera-electrica-emilia-esther-calleja-alor-en-la-cfe\\\/#listItem\",\"position\":3,\"name\":\"Sheinbaum nombra a experimentada ingeniero Emilia Esther Calleja Alor en la CFE\",\"previousItem\":{\"@type\":\"ListItem\",\"@id\":\"https:\\\/\\\/energiesnet.com\\\/espanol\\\/category\\\/top-news\\\/#listItem\",\"name\":\"La Noticia\"}}]},{\"@type\":\"Organization\",\"@id\":\"https:\\\/\\\/energiesnet.com\\\/espanol\\\/#organization\",\"name\":\"EnergiestNet\",\"description\":\"Latin America Energy, Oil ,  Gas & Renewals\",\"url\":\"https:\\\/\\\/energiesnet.com\\\/espanol\\\/\",\"telephone\":\"+584142763041\",\"logo\":{\"@type\":\"ImageObject\",\"url\":\"https:\\\/\\\/energiesnet.com\\\/espanol\\\/wp-content\\\/uploads\\\/2022\\\/12\\\/EnergiesNet-Logo-200.jpg\",\"@id\":\"https:\\\/\\\/energiesnet.com\\\/espanol\\\/sheinbaum-nombra-a-experimentada-ingeniera-electrica-emilia-esther-calleja-alor-en-la-cfe\\\/#organizationLogo\",\"width\":200,\"height\":220},\"image\":{\"@id\":\"https:\\\/\\\/energiesnet.com\\\/espanol\\\/sheinbaum-nombra-a-experimentada-ingeniera-electrica-emilia-esther-calleja-alor-en-la-cfe\\\/#organizationLogo\"},\"sameAs\":[\"https:\\\/\\\/www.facebook.com\\\/\\\/EnergiesNet\",\"https:\\\/\\\/twitter.com\\\/EnergiesNet1\",\"https:\\\/\\\/www.instagram.com\\\/energiesnet\\\/\",\"https:\\\/\\\/linkedin.com\\\/in\\\/elio-ohep-a465b78\"]},{\"@type\":\"Person\",\"@id\":\"https:\\\/\\\/energiesnet.com\\\/espanol\\\/author\\\/elioohep\\\/#author\",\"url\":\"https:\\\/\\\/energiesnet.com\\\/espanol\\\/author\\\/elioohep\\\/\",\"name\":\"EnergiesNet\",\"image\":{\"@type\":\"ImageObject\",\"@id\":\"https:\\\/\\\/energiesnet.com\\\/espanol\\\/sheinbaum-nombra-a-experimentada-ingeniera-electrica-emilia-esther-calleja-alor-en-la-cfe\\\/#authorImage\",\"url\":\"https:\\\/\\\/secure.gravatar.com\\\/avatar\\\/5412deb1089370e2bdf1d1310563df78bf3dc9f9e388ca5748bced95cfdb664b?s=96&d=mm&r=g\",\"width\":96,\"height\":96,\"caption\":\"EnergiesNet\"}},{\"@type\":\"WebPage\",\"@id\":\"https:\\\/\\\/energiesnet.com\\\/espanol\\\/sheinbaum-nombra-a-experimentada-ingeniera-electrica-emilia-esther-calleja-alor-en-la-cfe\\\/#webpage\",\"url\":\"https:\\\/\\\/energiesnet.com\\\/espanol\\\/sheinbaum-nombra-a-experimentada-ingeniera-electrica-emilia-esther-calleja-alor-en-la-cfe\\\/\",\"name\":\"Sheinbaum nombra a experimentada ingeniero Emilia Esther Calleja Alor en la CFE - EnergiestNet\",\"description\":\"La presidenta electa de M\\u00e9xico se ha decantado por un perfil t\\u00e9cnico, que cuenta con m\\u00e1s de 20 a\\u00f1os de trayectoria dentro de la paraestatal Karina Su\\u00e1rez, El Pa\\u00eds CIUDAD DE M\\u00c9XICO EnergiesNet.com 13 08 2024 La presidenta electa de M\\u00e9xico, Claudia Sheinbaum, ha revelado el nombre de la pr\\u00f3xima directora de la Comisi\\u00f3n Federal de Electricidad\",\"inLanguage\":\"es-ES\",\"isPartOf\":{\"@id\":\"https:\\\/\\\/energiesnet.com\\\/espanol\\\/#website\"},\"breadcrumb\":{\"@id\":\"https:\\\/\\\/energiesnet.com\\\/espanol\\\/sheinbaum-nombra-a-experimentada-ingeniera-electrica-emilia-esther-calleja-alor-en-la-cfe\\\/#breadcrumblist\"},\"author\":{\"@id\":\"https:\\\/\\\/energiesnet.com\\\/espanol\\\/author\\\/elioohep\\\/#author\"},\"creator\":{\"@id\":\"https:\\\/\\\/energiesnet.com\\\/espanol\\\/author\\\/elioohep\\\/#author\"},\"image\":{\"@type\":\"ImageObject\",\"url\":\"https:\\\/\\\/energiesnet.com\\\/espanol\\\/wp-content\\\/uploads\\\/2024\\\/08\\\/claudia_cheinbaum_emilia_callejas-CFE-elpais.jpg\",\"@id\":\"https:\\\/\\\/energiesnet.com\\\/espanol\\\/sheinbaum-nombra-a-experimentada-ingeniera-electrica-emilia-esther-calleja-alor-en-la-cfe\\\/#mainImage\",\"width\":600,\"height\":400},\"primaryImageOfPage\":{\"@id\":\"https:\\\/\\\/energiesnet.com\\\/espanol\\\/sheinbaum-nombra-a-experimentada-ingeniera-electrica-emilia-esther-calleja-alor-en-la-cfe\\\/#mainImage\"},\"datePublished\":\"2024-08-13T09:02:23-04:00\",\"dateModified\":\"2024-08-13T09:06:27-04:00\"},{\"@type\":\"WebSite\",\"@id\":\"https:\\\/\\\/energiesnet.com\\\/espanol\\\/#website\",\"url\":\"https:\\\/\\\/energiesnet.com\\\/espanol\\\/\",\"name\":\"EnergiestNet\",\"description\":\"Latin America Energy, Oil ,  Gas & Renewals\",\"inLanguage\":\"es-ES\",\"publisher\":{\"@id\":\"https:\\\/\\\/energiesnet.com\\\/espanol\\\/#organization\"}}]}\n\t\t<\/script>\n\t\t<!-- All in One SEO -->\n\n","aioseo_head_json":{"title":"Sheinbaum nombra a experimentada ingeniero Emilia Esther Calleja Alor en la CFE - EnergiestNet","description":"La presidenta electa de M\u00e9xico se ha decantado por un perfil t\u00e9cnico, que cuenta con m\u00e1s de 20 a\u00f1os de trayectoria dentro de la paraestatal Karina Su\u00e1rez, El Pa\u00eds CIUDAD DE M\u00c9XICO EnergiesNet.com 13 08 2024 La presidenta electa de M\u00e9xico, Claudia Sheinbaum, ha revelado el nombre de la pr\u00f3xima directora de la Comisi\u00f3n Federal de Electricidad","canonical_url":"https:\/\/energiesnet.com\/espanol\/sheinbaum-nombra-a-experimentada-ingeniera-electrica-emilia-esther-calleja-alor-en-la-cfe\/","robots":"max-image-preview:large","keywords":"","webmasterTools":{"miscellaneous":""},"schema":{"@context":"https:\/\/schema.org","@graph":[{"@type":"BlogPosting","@id":"https:\/\/energiesnet.com\/espanol\/sheinbaum-nombra-a-experimentada-ingeniera-electrica-emilia-esther-calleja-alor-en-la-cfe\/#blogposting","name":"Sheinbaum nombra a experimentada ingeniero Emilia Esther Calleja Alor en la CFE - EnergiestNet","headline":"Sheinbaum nombra a experimentada ingeniero Emilia Esther Calleja Alor en la CFE","author":{"@id":"https:\/\/energiesnet.com\/espanol\/author\/elioohep\/#author"},"publisher":{"@id":"https:\/\/energiesnet.com\/espanol\/#organization"},"image":{"@type":"ImageObject","url":"https:\/\/energiesnet.com\/espanol\/wp-content\/uploads\/2024\/08\/claudia_cheinbaum_emilia_callejas-CFE-elpais.jpg","width":600,"height":400},"datePublished":"2024-08-13T09:02:23-04:00","dateModified":"2024-08-13T09:06:27-04:00","inLanguage":"es-ES","mainEntityOfPage":{"@id":"https:\/\/energiesnet.com\/espanol\/sheinbaum-nombra-a-experimentada-ingeniera-electrica-emilia-esther-calleja-alor-en-la-cfe\/#webpage"},"isPartOf":{"@id":"https:\/\/energiesnet.com\/espanol\/sheinbaum-nombra-a-experimentada-ingeniera-electrica-emilia-esther-calleja-alor-en-la-cfe\/#webpage"},"articleSection":"La Noticia, cfe, Claudia Sheinbaum, Emilia Calleja, mexico"},{"@type":"BreadcrumbList","@id":"https:\/\/energiesnet.com\/espanol\/sheinbaum-nombra-a-experimentada-ingeniera-electrica-emilia-esther-calleja-alor-en-la-cfe\/#breadcrumblist","itemListElement":[{"@type":"ListItem","@id":"https:\/\/energiesnet.com\/espanol#listItem","position":1,"name":"Inicio","item":"https:\/\/energiesnet.com\/espanol","nextItem":{"@type":"ListItem","@id":"https:\/\/energiesnet.com\/espanol\/category\/top-news\/#listItem","name":"La Noticia"}},{"@type":"ListItem","@id":"https:\/\/energiesnet.com\/espanol\/category\/top-news\/#listItem","position":2,"name":"La Noticia","item":"https:\/\/energiesnet.com\/espanol\/category\/top-news\/","nextItem":{"@type":"ListItem","@id":"https:\/\/energiesnet.com\/espanol\/sheinbaum-nombra-a-experimentada-ingeniera-electrica-emilia-esther-calleja-alor-en-la-cfe\/#listItem","name":"Sheinbaum nombra a experimentada ingeniero Emilia Esther Calleja Alor en la CFE"},"previousItem":{"@type":"ListItem","@id":"https:\/\/energiesnet.com\/espanol#listItem","name":"Inicio"}},{"@type":"ListItem","@id":"https:\/\/energiesnet.com\/espanol\/sheinbaum-nombra-a-experimentada-ingeniera-electrica-emilia-esther-calleja-alor-en-la-cfe\/#listItem","position":3,"name":"Sheinbaum nombra a experimentada ingeniero Emilia Esther Calleja Alor en la CFE","previousItem":{"@type":"ListItem","@id":"https:\/\/energiesnet.com\/espanol\/category\/top-news\/#listItem","name":"La Noticia"}}]},{"@type":"Organization","@id":"https:\/\/energiesnet.com\/espanol\/#organization","name":"EnergiestNet","description":"Latin America Energy, Oil ,  Gas & Renewals","url":"https:\/\/energiesnet.com\/espanol\/","telephone":"+584142763041","logo":{"@type":"ImageObject","url":"https:\/\/energiesnet.com\/espanol\/wp-content\/uploads\/2022\/12\/EnergiesNet-Logo-200.jpg","@id":"https:\/\/energiesnet.com\/espanol\/sheinbaum-nombra-a-experimentada-ingeniera-electrica-emilia-esther-calleja-alor-en-la-cfe\/#organizationLogo","width":200,"height":220},"image":{"@id":"https:\/\/energiesnet.com\/espanol\/sheinbaum-nombra-a-experimentada-ingeniera-electrica-emilia-esther-calleja-alor-en-la-cfe\/#organizationLogo"},"sameAs":["https:\/\/www.facebook.com\/\/EnergiesNet","https:\/\/twitter.com\/EnergiesNet1","https:\/\/www.instagram.com\/energiesnet\/","https:\/\/linkedin.com\/in\/elio-ohep-a465b78"]},{"@type":"Person","@id":"https:\/\/energiesnet.com\/espanol\/author\/elioohep\/#author","url":"https:\/\/energiesnet.com\/espanol\/author\/elioohep\/","name":"EnergiesNet","image":{"@type":"ImageObject","@id":"https:\/\/energiesnet.com\/espanol\/sheinbaum-nombra-a-experimentada-ingeniera-electrica-emilia-esther-calleja-alor-en-la-cfe\/#authorImage","url":"https:\/\/secure.gravatar.com\/avatar\/5412deb1089370e2bdf1d1310563df78bf3dc9f9e388ca5748bced95cfdb664b?s=96&d=mm&r=g","width":96,"height":96,"caption":"EnergiesNet"}},{"@type":"WebPage","@id":"https:\/\/energiesnet.com\/espanol\/sheinbaum-nombra-a-experimentada-ingeniera-electrica-emilia-esther-calleja-alor-en-la-cfe\/#webpage","url":"https:\/\/energiesnet.com\/espanol\/sheinbaum-nombra-a-experimentada-ingeniera-electrica-emilia-esther-calleja-alor-en-la-cfe\/","name":"Sheinbaum nombra a experimentada ingeniero Emilia Esther Calleja Alor en la CFE - EnergiestNet","description":"La presidenta electa de M\u00e9xico se ha decantado por un perfil t\u00e9cnico, que cuenta con m\u00e1s de 20 a\u00f1os de trayectoria dentro de la paraestatal Karina Su\u00e1rez, El Pa\u00eds CIUDAD DE M\u00c9XICO EnergiesNet.com 13 08 2024 La presidenta electa de M\u00e9xico, Claudia Sheinbaum, ha revelado el nombre de la pr\u00f3xima directora de la Comisi\u00f3n Federal de Electricidad","inLanguage":"es-ES","isPartOf":{"@id":"https:\/\/energiesnet.com\/espanol\/#website"},"breadcrumb":{"@id":"https:\/\/energiesnet.com\/espanol\/sheinbaum-nombra-a-experimentada-ingeniera-electrica-emilia-esther-calleja-alor-en-la-cfe\/#breadcrumblist"},"author":{"@id":"https:\/\/energiesnet.com\/espanol\/author\/elioohep\/#author"},"creator":{"@id":"https:\/\/energiesnet.com\/espanol\/author\/elioohep\/#author"},"image":{"@type":"ImageObject","url":"https:\/\/energiesnet.com\/espanol\/wp-content\/uploads\/2024\/08\/claudia_cheinbaum_emilia_callejas-CFE-elpais.jpg","@id":"https:\/\/energiesnet.com\/espanol\/sheinbaum-nombra-a-experimentada-ingeniera-electrica-emilia-esther-calleja-alor-en-la-cfe\/#mainImage","width":600,"height":400},"primaryImageOfPage":{"@id":"https:\/\/energiesnet.com\/espanol\/sheinbaum-nombra-a-experimentada-ingeniera-electrica-emilia-esther-calleja-alor-en-la-cfe\/#mainImage"},"datePublished":"2024-08-13T09:02:23-04:00","dateModified":"2024-08-13T09:06:27-04:00"},{"@type":"WebSite","@id":"https:\/\/energiesnet.com\/espanol\/#website","url":"https:\/\/energiesnet.com\/espanol\/","name":"EnergiestNet","description":"Latin America Energy, Oil ,  Gas & Renewals","inLanguage":"es-ES","publisher":{"@id":"https:\/\/energiesnet.com\/espanol\/#organization"}}]},"og:locale":"es_ES","og:site_name":"EnergiestNet - Latin America Energy, Oil ,  Gas &amp; Renewals","og:type":"article","og:title":"Sheinbaum nombra a experimentada ingeniero Emilia Esther Calleja Alor en la CFE - EnergiestNet","og:description":"La presidenta electa de M\u00e9xico se ha decantado por un perfil t\u00e9cnico, que cuenta con m\u00e1s de 20 a\u00f1os de trayectoria dentro de la paraestatal Karina Su\u00e1rez, El Pa\u00eds CIUDAD DE M\u00c9XICO EnergiesNet.com 13 08 2024 La presidenta electa de M\u00e9xico, Claudia Sheinbaum, ha revelado el nombre de la pr\u00f3xima directora de la Comisi\u00f3n Federal de Electricidad","og:url":"https:\/\/energiesnet.com\/espanol\/sheinbaum-nombra-a-experimentada-ingeniera-electrica-emilia-esther-calleja-alor-en-la-cfe\/","og:image":"https:\/\/energiesnet.com\/espanol","og:image:secure_url":"https:\/\/energiesnet.com\/espanol","article:published_time":"2024-08-13T13:02:23+00:00","article:modified_time":"2024-08-13T13:06:27+00:00","article:publisher":"https:\/\/www.facebook.com\/\/EnergiesNet","twitter:card":"summary_large_image","twitter:site":"@EnergiesNet1","twitter:title":"Sheinbaum nombra a experimentada ingeniero Emilia Esther Calleja Alor en la CFE - EnergiestNet","twitter:description":"La presidenta electa de M\u00e9xico se ha decantado por un perfil t\u00e9cnico, que cuenta con m\u00e1s de 20 a\u00f1os de trayectoria dentro de la paraestatal Karina Su\u00e1rez, El Pa\u00eds CIUDAD DE M\u00c9XICO EnergiesNet.com 13 08 2024 La presidenta electa de M\u00e9xico, Claudia Sheinbaum, ha revelado el nombre de la pr\u00f3xima directora de la Comisi\u00f3n Federal de Electricidad","twitter:creator":"@EnergiesNet1","twitter:image":"https:\/\/energiesnet.com\/espanol"},"aioseo_meta_data":{"post_id":"22537","title":null,"description":null,"keywords":null,"keyphrases":{"focus":{"keyphrase":"","score":0,"analysis":{"keyphraseInTitle":{"score":0,"maxScore":9,"error":1}}},"additional":[]},"primary_term":null,"canonical_url":null,"og_title":null,"og_description":null,"og_object_type":"default","og_image_type":"default","og_image_url":null,"og_image_width":null,"og_image_height":null,"og_image_custom_url":null,"og_image_custom_fields":null,"og_video":"","og_custom_url":null,"og_article_section":null,"og_article_tags":null,"twitter_use_og":false,"twitter_card":"default","twitter_image_type":"default","twitter_image_url":null,"twitter_image_custom_url":null,"twitter_image_custom_fields":null,"twitter_title":null,"twitter_description":null,"schema":{"blockGraphs":[],"customGraphs":[],"default":{"data":{"Article":[],"Course":[],"Dataset":[],"FAQPage":[],"Movie":[],"Person":[],"Product":[],"ProductReview":[],"Car":[],"Recipe":[],"Service":[],"SoftwareApplication":[],"WebPage":[]},"graphName":"BlogPosting","isEnabled":true},"graphs":[]},"schema_type":"default","schema_type_options":null,"pillar_content":false,"robots_default":true,"robots_noindex":false,"robots_noarchive":false,"robots_nosnippet":false,"robots_nofollow":false,"robots_noimageindex":false,"robots_noodp":false,"robots_notranslate":false,"robots_max_snippet":"-1","robots_max_videopreview":"-1","robots_max_imagepreview":"large","priority":null,"frequency":"default","local_seo":null,"breadcrumb_settings":null,"limit_modified_date":false,"ai":null,"created":"2024-08-13 13:02:29","updated":"2025-06-04 16:58:04","seo_analyzer_scan_date":null,"focus_keyword":null,"additional_keywords":null,"truseo_locale":null},"aioseo_breadcrumb":"<div class=\"aioseo-breadcrumbs\"><span class=\"aioseo-breadcrumb\">\n\t\t\t<a href=\"https:\/\/energiesnet.com\/espanol\" title=\"Inicio\">Inicio<\/a>\n\t\t<\/span><span class=\"aioseo-breadcrumb-separator\">&raquo;<\/span><span class=\"aioseo-breadcrumb\">\n\t\t\t<a href=\"https:\/\/energiesnet.com\/espanol\/category\/top-news\/\" title=\"La Noticia\">La Noticia<\/a>\n\t\t<\/span><span class=\"aioseo-breadcrumb-separator\">&raquo;<\/span><span class=\"aioseo-breadcrumb\">\n\t\t\tSheinbaum nombra a experimentada ingeniero Emilia Esther Calleja Alor en la CFE\n\t\t<\/span><\/div>","aioseo_breadcrumb_json":[{"label":"Inicio","link":"https:\/\/energiesnet.com\/espanol"},{"label":"La Noticia","link":"https:\/\/energiesnet.com\/espanol\/category\/top-news\/"},{"label":"Sheinbaum nombra a experimentada ingeniero Emilia Esther Calleja Alor en la CFE","link":"https:\/\/energiesnet.com\/espanol\/sheinbaum-nombra-a-experimentada-ingeniera-electrica-emilia-esther-calleja-alor-en-la-cfe\/"}],"_links":{"self":[{"href":"https:\/\/energiesnet.com\/espanol\/wp-json\/wp\/v2\/posts\/22537","targetHints":{"allow":["GET"]}}],"collection":[{"href":"https:\/\/energiesnet.com\/espanol\/wp-json\/wp\/v2\/posts"}],"about":[{"href":"https:\/\/energiesnet.com\/espanol\/wp-json\/wp\/v2\/types\/post"}],"author":[{"embeddable":true,"href":"https:\/\/energiesnet.com\/espanol\/wp-json\/wp\/v2\/users\/2"}],"replies":[{"embeddable":true,"href":"https:\/\/energiesnet.com\/espanol\/wp-json\/wp\/v2\/comments?post=22537"}],"version-history":[{"count":0,"href":"https:\/\/energiesnet.com\/espanol\/wp-json\/wp\/v2\/posts\/22537\/revisions"}],"wp:featuredmedia":[{"embeddable":true,"href":"https:\/\/energiesnet.com\/espanol\/wp-json\/wp\/v2\/media\/22538"}],"wp:attachment":[{"href":"https:\/\/energiesnet.com\/espanol\/wp-json\/wp\/v2\/media?parent=22537"}],"wp:term":[{"taxonomy":"category","embeddable":true,"href":"https:\/\/energiesnet.com\/espanol\/wp-json\/wp\/v2\/categories?post=22537"},{"taxonomy":"post_tag","embeddable":true,"href":"https:\/\/energiesnet.com\/espanol\/wp-json\/wp\/v2\/tags?post=22537"}],"curies":[{"name":"wp","href":"https:\/\/api.w.org\/{rel}","templated":true}]}}