{"id":23173,"date":"2024-09-27T18:23:20","date_gmt":"2024-09-27T22:23:20","guid":{"rendered":"https:\/\/energiesnet.com\/espanol\/?p=23173"},"modified":"2024-09-27T18:29:31","modified_gmt":"2024-09-27T22:29:31","slug":"colombia-aumenta-la-demanda-de-gas-y-crea-una-cisis-energeca-ceo-de-promigas","status":"publish","type":"post","link":"https:\/\/energiesnet.com\/espanol\/colombia-aumenta-la-demanda-de-gas-y-crea-una-cisis-energeca-ceo-de-promigas\/","title":{"rendered":"Colombia aumenta la demanda de gas y crea una crisis energ\u00e9tica &#8211; CEO de Promigas"},"content":{"rendered":"\n<figure class=\"wp-block-image size-full is-resized\"><img fetchpriority=\"high\" decoding=\"async\" width=\"600\" height=\"400\" src=\"https:\/\/energiesnet.com\/espanol\/wp-content\/uploads\/2024\/09\/rojas_promigas.jpg\" alt=\"Juan Manuel Rojas Pay\u00e1n, presidente de Promigas. Cr\u00e9ditos: Promigas.\" class=\"wp-image-23175\" style=\"width:762px;height:auto\" srcset=\"https:\/\/energiesnet.com\/espanol\/wp-content\/uploads\/2024\/09\/rojas_promigas.jpg 600w, https:\/\/energiesnet.com\/espanol\/wp-content\/uploads\/2024\/09\/rojas_promigas-300x200.jpg 300w\" sizes=\"(max-width: 600px) 100vw, 600px\" \/><figcaption class=\"wp-element-caption\">Juan Manuel Rojas Pay\u00e1n, presidente de Promigas. Cr\u00e9ditos: Promigas.  El pa\u00eds, que normalmente genera dos tercios de su electricidad a partir de la energ\u00eda hidroel\u00e9ctrica, depende ahora en gran medida de las centrales de gas, ya que las precipitaciones m\u00e1s bajas en m\u00e1s de medio siglo agotan los embalses<\/figcaption><\/figure>\n\n\n\n<p class=\"wp-block-paragraph\">Andrea Jaramillo, Bloomberg News             <\/p>\n\n\n\n<p class=\"wp-block-paragraph\">BOGOT\u00c1\u00a0          <br>EnergiesNet.com 27 09 2024         <\/p>\n\n\n\n<p class=\"wp-block-paragraph\">&nbsp;El sistema energ\u00e9tico de Colombia est\u00e1 en crisis, ya que la sequ\u00eda paraliza el suministro de energ\u00eda hidroel\u00e9ctrica y la capacidad de importar gas natural ha llegado a su l\u00edmite, seg\u00fan el mayor operador de gasoductos del pa\u00eds.<\/p>\n\n\n\n<p class=\"wp-block-paragraph\">El pa\u00eds, que normalmente genera dos tercios de su electricidad a partir de la energ\u00eda hidroel\u00e9ctrica, depende ahora en gran medida de las centrales&nbsp;de gas, ya que las precipitaciones m\u00e1s bajas en m\u00e1s de medio siglo agotan los embalses. Para alimentarlas, la \u00fanica terminal de gas natural licuado de Colombia funciona a su m\u00e1xima capacidad, con 450 millones de pies c\u00fabicos diarios, seg\u00fan declar\u00f3 el jueves en Bogot\u00e1 Juan Manuel Rojas, presidente de Promigas SA.<\/p>\n\n\n\n<p class=\"wp-block-paragraph\">Esto se produce en un momento en que el pa\u00eds se prepara para&nbsp;un d\u00e9ficit de gas que se prev\u00e9 para el pr\u00f3ximo a\u00f1o. Rojas, cuya empresa posee una participaci\u00f3n en la terminal de GNL&nbsp;y env\u00eda el 56% del gas de Colombia a trav\u00e9s de su red de gasoductos, dijo que los problemas ya han comenzado.<\/p>\n\n\n\n<p class=\"wp-block-paragraph\">\u201cYa estamos en crisis\u201d, afirm\u00f3 Rojas. \u201cEstamos operando al l\u00edmite\u201d.<\/p>\n\n\n\n<p class=\"wp-block-paragraph\">Naturgas, un grupo comercial de la industria energ\u00e9tica, prev\u00e9&nbsp;que Colombia se enfrentar\u00e1 a un d\u00e9ficit de gas a partir del pr\u00f3ximo a\u00f1o, equivalente a alrededor del 12% de la demanda&nbsp;media diaria del pa\u00eds. En 2026, el d\u00e9ficit ascender\u00e1 al 30% de la demanda.<\/p>\n\n\n\n<p class=\"wp-block-paragraph\">La empresa estatal de energ\u00eda de Colombia, Ecopetrol SA, dijo en un comunicado que est\u00e1 trabajando para garantizar que el pa\u00eds tenga suficiente gas.<\/p>\n\n\n\n<p class=\"wp-block-paragraph\">Ecopetrol dijo que est\u00e1 instando a los funcionarios del gobierno&nbsp;a dar a los productores m\u00e1s flexibilidad para negociar contratos a m\u00e1s corto plazo para el combustible.<\/p>\n\n\n\n<p class=\"wp-block-paragraph\">Las empresas tambi\u00e9n han puesto en marcha plantas de carb\u00f3n y di\u00e9sel con d\u00e9cadas de antig\u00fcedad para suministrar energ\u00eda y compensar las p\u00e9rdidas de las centrales hidroel\u00e9ctricas, dijo Rojas.<\/p>\n\n\n\n<p class=\"wp-block-paragraph\">Promigas construy\u00f3 la terminal de GNL, en Cartagena, en 2016. La compa\u00f1\u00eda planea a\u00f1adir otros 25 millones de pies c\u00fabicos&nbsp;al d\u00eda de capacidad en 2025 y celebrar una subasta el pr\u00f3ximo mes para vender los suministros adicionales, dijo.<\/p>\n\n\n\n<p class=\"wp-block-paragraph\">bloomberg.com 09 27 2024<\/p>\n\n\n\n<p class=\"wp-block-paragraph\"><\/p>\n","protected":false},"excerpt":{"rendered":"<p>Andrea Jaramillo, Bloomberg News BOGOT\u00c1\u00a0 EnergiesNet.com 27 09 2024 &nbsp;El sistema energ\u00e9tico de Colombia est\u00e1 en crisis, ya que la sequ\u00eda paraliza el suministro de energ\u00eda hidroel\u00e9ctrica y la capacidad de importar gas natural ha llegado a su l\u00edmite, seg\u00fan el mayor operador de gasoductos del pa\u00eds. El pa\u00eds, que normalmente genera dos tercios de &hellip;<\/p>\n<p class=\"read-more\"> <a class=\"\" href=\"https:\/\/energiesnet.com\/espanol\/colombia-aumenta-la-demanda-de-gas-y-crea-una-cisis-energeca-ceo-de-promigas\/\"> <span class=\"screen-reader-text\">Colombia aumenta la demanda de gas y crea una crisis energ\u00e9tica &#8211; CEO de Promigas<\/span> Leer m\u00e1s &raquo;<\/a><\/p>\n","protected":false},"author":2,"featured_media":23175,"comment_status":"open","ping_status":"open","sticky":false,"template":"","format":"standard","meta":{"_monsterinsights_skip_tracking":false,"site-sidebar-layout":"default","site-content-layout":"default","ast-global-header-display":"","ast-main-header-display":"","ast-hfb-above-header-display":"","ast-hfb-below-header-display":"","ast-hfb-mobile-header-display":"","site-post-title":"","ast-breadcrumbs-content":"","ast-featured-img":"","footer-sml-layout":"","theme-transparent-header-meta":"","adv-header-id-meta":"","stick-header-meta":"","header-above-stick-meta":"","header-main-stick-meta":"","header-below-stick-meta":"","footnotes":""},"categories":[30,45],"tags":[209,4021,105,4056,2577],"class_list":["post-23173","post","type-post","status-publish","format-standard","has-post-thumbnail","hentry","category-top-news","category-noticias-diarias","tag-colombia","tag-crisis","tag-gas","tag-hidroelectrica","tag-sequia"],"aioseo_notices":[],"aioseo_head":"\n\t\t<!-- All in One SEO 5.0.1.1 - aioseo.com -->\n\t<meta name=\"description\" content=\"Andrea Jaramillo, Bloomberg News BOGOT\u00c1 EnergiesNet.com 27 09 2024 El sistema energ\u00e9tico de Colombia est\u00e1 en crisis, ya que la sequ\u00eda paraliza el suministro de energ\u00eda hidroel\u00e9ctrica y la capacidad de importar gas natural ha llegado a su l\u00edmite, seg\u00fan el mayor operador de gasoductos del pa\u00eds. El pa\u00eds, que normalmente genera dos tercios de\" \/>\n\t<meta name=\"robots\" content=\"max-image-preview:large\" \/>\n\t<meta name=\"author\" content=\"EnergiesNet\"\/>\n\t<link rel=\"canonical\" href=\"https:\/\/energiesnet.com\/espanol\/colombia-aumenta-la-demanda-de-gas-y-crea-una-cisis-energeca-ceo-de-promigas\/\" \/>\n\t<meta name=\"generator\" content=\"All in One SEO (AIOSEO) 5.0.1.1\" \/>\n\t\t<meta property=\"og:locale\" content=\"es_ES\" \/>\n\t\t<meta property=\"og:site_name\" content=\"EnergiestNet - Latin America Energy, Oil ,  Gas &amp; Renewals\" \/>\n\t\t<meta property=\"og:type\" content=\"article\" \/>\n\t\t<meta property=\"og:title\" content=\"Colombia aumenta la demanda de gas y crea una crisis energ\u00e9tica \u2013 CEO de Promigas - EnergiestNet\" \/>\n\t\t<meta property=\"og:description\" content=\"Andrea Jaramillo, Bloomberg News BOGOT\u00c1 EnergiesNet.com 27 09 2024 El sistema energ\u00e9tico de Colombia est\u00e1 en crisis, ya que la sequ\u00eda paraliza el suministro de energ\u00eda hidroel\u00e9ctrica y la capacidad de importar gas natural ha llegado a su l\u00edmite, seg\u00fan el mayor operador de gasoductos del pa\u00eds. El pa\u00eds, que normalmente genera dos tercios de\" \/>\n\t\t<meta property=\"og:url\" content=\"https:\/\/energiesnet.com\/espanol\/colombia-aumenta-la-demanda-de-gas-y-crea-una-cisis-energeca-ceo-de-promigas\/\" \/>\n\t\t<meta property=\"og:image\" content=\"https:\/\/energiesnet.com\/espanol\" \/>\n\t\t<meta property=\"og:image:secure_url\" content=\"https:\/\/energiesnet.com\/espanol\" \/>\n\t\t<meta property=\"article:published_time\" content=\"2024-09-27T22:23:20+00:00\" \/>\n\t\t<meta property=\"article:modified_time\" content=\"2024-09-27T22:29:31+00:00\" \/>\n\t\t<meta property=\"article:publisher\" content=\"https:\/\/www.facebook.com\/\/EnergiesNet\" \/>\n\t\t<meta name=\"twitter:card\" content=\"summary_large_image\" \/>\n\t\t<meta name=\"twitter:site\" content=\"@EnergiesNet1\" \/>\n\t\t<meta name=\"twitter:title\" content=\"Colombia aumenta la demanda de gas y crea una crisis energ\u00e9tica \u2013 CEO de Promigas - EnergiestNet\" \/>\n\t\t<meta name=\"twitter:description\" content=\"Andrea Jaramillo, Bloomberg News BOGOT\u00c1 EnergiesNet.com 27 09 2024 El sistema energ\u00e9tico de Colombia est\u00e1 en crisis, ya que la sequ\u00eda paraliza el suministro de energ\u00eda hidroel\u00e9ctrica y la capacidad de importar gas natural ha llegado a su l\u00edmite, seg\u00fan el mayor operador de gasoductos del pa\u00eds. El pa\u00eds, que normalmente genera dos tercios de\" \/>\n\t\t<meta name=\"twitter:creator\" content=\"@EnergiesNet1\" \/>\n\t\t<meta name=\"twitter:image\" content=\"https:\/\/energiesnet.com\/espanol\" \/>\n\t\t<script type=\"application\/ld+json\" class=\"aioseo-schema\">\n\t\t\t{\"@context\":\"https:\\\/\\\/schema.org\",\"@graph\":[{\"@type\":\"BlogPosting\",\"@id\":\"https:\\\/\\\/energiesnet.com\\\/espanol\\\/colombia-aumenta-la-demanda-de-gas-y-crea-una-cisis-energeca-ceo-de-promigas\\\/#blogposting\",\"name\":\"Colombia aumenta la demanda de gas y crea una crisis energ\\u00e9tica \\u2013 CEO de Promigas - EnergiestNet\",\"headline\":\"Colombia aumenta la demanda de gas y crea una crisis energ\\u00e9tica &#8211; CEO de Promigas\",\"author\":{\"@id\":\"https:\\\/\\\/energiesnet.com\\\/espanol\\\/author\\\/elioohep\\\/#author\"},\"publisher\":{\"@id\":\"https:\\\/\\\/energiesnet.com\\\/espanol\\\/#organization\"},\"image\":{\"@type\":\"ImageObject\",\"url\":\"https:\\\/\\\/energiesnet.com\\\/espanol\\\/wp-content\\\/uploads\\\/2024\\\/09\\\/rojas_promigas.jpg\",\"width\":600,\"height\":400},\"datePublished\":\"2024-09-27T18:23:20-04:00\",\"dateModified\":\"2024-09-27T18:29:31-04:00\",\"inLanguage\":\"es-ES\",\"mainEntityOfPage\":{\"@id\":\"https:\\\/\\\/energiesnet.com\\\/espanol\\\/colombia-aumenta-la-demanda-de-gas-y-crea-una-cisis-energeca-ceo-de-promigas\\\/#webpage\"},\"isPartOf\":{\"@id\":\"https:\\\/\\\/energiesnet.com\\\/espanol\\\/colombia-aumenta-la-demanda-de-gas-y-crea-una-cisis-energeca-ceo-de-promigas\\\/#webpage\"},\"articleSection\":\"La Noticia, Noticias Diarias, colombia, crisis, gas, hidroelectrica, sequia\"},{\"@type\":\"BreadcrumbList\",\"@id\":\"https:\\\/\\\/energiesnet.com\\\/espanol\\\/colombia-aumenta-la-demanda-de-gas-y-crea-una-cisis-energeca-ceo-de-promigas\\\/#breadcrumblist\",\"itemListElement\":[{\"@type\":\"ListItem\",\"@id\":\"https:\\\/\\\/energiesnet.com\\\/espanol#listItem\",\"position\":1,\"name\":\"Inicio\",\"item\":\"https:\\\/\\\/energiesnet.com\\\/espanol\",\"nextItem\":{\"@type\":\"ListItem\",\"@id\":\"https:\\\/\\\/energiesnet.com\\\/espanol\\\/category\\\/top-news\\\/#listItem\",\"name\":\"La Noticia\"}},{\"@type\":\"ListItem\",\"@id\":\"https:\\\/\\\/energiesnet.com\\\/espanol\\\/category\\\/top-news\\\/#listItem\",\"position\":2,\"name\":\"La Noticia\",\"item\":\"https:\\\/\\\/energiesnet.com\\\/espanol\\\/category\\\/top-news\\\/\",\"nextItem\":{\"@type\":\"ListItem\",\"@id\":\"https:\\\/\\\/energiesnet.com\\\/espanol\\\/colombia-aumenta-la-demanda-de-gas-y-crea-una-cisis-energeca-ceo-de-promigas\\\/#listItem\",\"name\":\"Colombia aumenta la demanda de gas y crea una crisis energ\\u00e9tica &#8211; CEO de Promigas\"},\"previousItem\":{\"@type\":\"ListItem\",\"@id\":\"https:\\\/\\\/energiesnet.com\\\/espanol#listItem\",\"name\":\"Inicio\"}},{\"@type\":\"ListItem\",\"@id\":\"https:\\\/\\\/energiesnet.com\\\/espanol\\\/colombia-aumenta-la-demanda-de-gas-y-crea-una-cisis-energeca-ceo-de-promigas\\\/#listItem\",\"position\":3,\"name\":\"Colombia aumenta la demanda de gas y crea una crisis energ\\u00e9tica &#8211; CEO de Promigas\",\"previousItem\":{\"@type\":\"ListItem\",\"@id\":\"https:\\\/\\\/energiesnet.com\\\/espanol\\\/category\\\/top-news\\\/#listItem\",\"name\":\"La Noticia\"}}]},{\"@type\":\"Organization\",\"@id\":\"https:\\\/\\\/energiesnet.com\\\/espanol\\\/#organization\",\"name\":\"EnergiestNet\",\"description\":\"Latin America Energy, Oil ,  Gas & Renewals\",\"url\":\"https:\\\/\\\/energiesnet.com\\\/espanol\\\/\",\"telephone\":\"+584142763041\",\"logo\":{\"@type\":\"ImageObject\",\"url\":\"https:\\\/\\\/energiesnet.com\\\/espanol\\\/wp-content\\\/uploads\\\/2022\\\/12\\\/EnergiesNet-Logo-200.jpg\",\"@id\":\"https:\\\/\\\/energiesnet.com\\\/espanol\\\/colombia-aumenta-la-demanda-de-gas-y-crea-una-cisis-energeca-ceo-de-promigas\\\/#organizationLogo\",\"width\":200,\"height\":220},\"image\":{\"@id\":\"https:\\\/\\\/energiesnet.com\\\/espanol\\\/colombia-aumenta-la-demanda-de-gas-y-crea-una-cisis-energeca-ceo-de-promigas\\\/#organizationLogo\"},\"sameAs\":[\"https:\\\/\\\/www.facebook.com\\\/\\\/EnergiesNet\",\"https:\\\/\\\/twitter.com\\\/EnergiesNet1\",\"https:\\\/\\\/www.instagram.com\\\/energiesnet\\\/\",\"https:\\\/\\\/linkedin.com\\\/in\\\/elio-ohep-a465b78\"]},{\"@type\":\"Person\",\"@id\":\"https:\\\/\\\/energiesnet.com\\\/espanol\\\/author\\\/elioohep\\\/#author\",\"url\":\"https:\\\/\\\/energiesnet.com\\\/espanol\\\/author\\\/elioohep\\\/\",\"name\":\"EnergiesNet\",\"image\":{\"@type\":\"ImageObject\",\"@id\":\"https:\\\/\\\/energiesnet.com\\\/espanol\\\/colombia-aumenta-la-demanda-de-gas-y-crea-una-cisis-energeca-ceo-de-promigas\\\/#authorImage\",\"url\":\"https:\\\/\\\/secure.gravatar.com\\\/avatar\\\/5412deb1089370e2bdf1d1310563df78bf3dc9f9e388ca5748bced95cfdb664b?s=96&d=mm&r=g\",\"width\":96,\"height\":96,\"caption\":\"EnergiesNet\"}},{\"@type\":\"WebPage\",\"@id\":\"https:\\\/\\\/energiesnet.com\\\/espanol\\\/colombia-aumenta-la-demanda-de-gas-y-crea-una-cisis-energeca-ceo-de-promigas\\\/#webpage\",\"url\":\"https:\\\/\\\/energiesnet.com\\\/espanol\\\/colombia-aumenta-la-demanda-de-gas-y-crea-una-cisis-energeca-ceo-de-promigas\\\/\",\"name\":\"Colombia aumenta la demanda de gas y crea una crisis energ\\u00e9tica \\u2013 CEO de Promigas - EnergiestNet\",\"description\":\"Andrea Jaramillo, Bloomberg News BOGOT\\u00c1 EnergiesNet.com 27 09 2024 El sistema energ\\u00e9tico de Colombia est\\u00e1 en crisis, ya que la sequ\\u00eda paraliza el suministro de energ\\u00eda hidroel\\u00e9ctrica y la capacidad de importar gas natural ha llegado a su l\\u00edmite, seg\\u00fan el mayor operador de gasoductos del pa\\u00eds. El pa\\u00eds, que normalmente genera dos tercios de\",\"inLanguage\":\"es-ES\",\"isPartOf\":{\"@id\":\"https:\\\/\\\/energiesnet.com\\\/espanol\\\/#website\"},\"breadcrumb\":{\"@id\":\"https:\\\/\\\/energiesnet.com\\\/espanol\\\/colombia-aumenta-la-demanda-de-gas-y-crea-una-cisis-energeca-ceo-de-promigas\\\/#breadcrumblist\"},\"author\":{\"@id\":\"https:\\\/\\\/energiesnet.com\\\/espanol\\\/author\\\/elioohep\\\/#author\"},\"creator\":{\"@id\":\"https:\\\/\\\/energiesnet.com\\\/espanol\\\/author\\\/elioohep\\\/#author\"},\"image\":{\"@type\":\"ImageObject\",\"url\":\"https:\\\/\\\/energiesnet.com\\\/espanol\\\/wp-content\\\/uploads\\\/2024\\\/09\\\/rojas_promigas.jpg\",\"@id\":\"https:\\\/\\\/energiesnet.com\\\/espanol\\\/colombia-aumenta-la-demanda-de-gas-y-crea-una-cisis-energeca-ceo-de-promigas\\\/#mainImage\",\"width\":600,\"height\":400},\"primaryImageOfPage\":{\"@id\":\"https:\\\/\\\/energiesnet.com\\\/espanol\\\/colombia-aumenta-la-demanda-de-gas-y-crea-una-cisis-energeca-ceo-de-promigas\\\/#mainImage\"},\"datePublished\":\"2024-09-27T18:23:20-04:00\",\"dateModified\":\"2024-09-27T18:29:31-04:00\"},{\"@type\":\"WebSite\",\"@id\":\"https:\\\/\\\/energiesnet.com\\\/espanol\\\/#website\",\"url\":\"https:\\\/\\\/energiesnet.com\\\/espanol\\\/\",\"name\":\"EnergiestNet\",\"description\":\"Latin America Energy, Oil ,  Gas & Renewals\",\"inLanguage\":\"es-ES\",\"publisher\":{\"@id\":\"https:\\\/\\\/energiesnet.com\\\/espanol\\\/#organization\"}}]}\n\t\t<\/script>\n\t\t<!-- All in One SEO -->\n\n","aioseo_head_json":{"title":"Colombia aumenta la demanda de gas y crea una crisis energ\u00e9tica \u2013 CEO de Promigas - EnergiestNet","description":"Andrea Jaramillo, Bloomberg News BOGOT\u00c1 EnergiesNet.com 27 09 2024 El sistema energ\u00e9tico de Colombia est\u00e1 en crisis, ya que la sequ\u00eda paraliza el suministro de energ\u00eda hidroel\u00e9ctrica y la capacidad de importar gas natural ha llegado a su l\u00edmite, seg\u00fan el mayor operador de gasoductos del pa\u00eds. El pa\u00eds, que normalmente genera dos tercios de","canonical_url":"https:\/\/energiesnet.com\/espanol\/colombia-aumenta-la-demanda-de-gas-y-crea-una-cisis-energeca-ceo-de-promigas\/","robots":"max-image-preview:large","keywords":"","webmasterTools":{"miscellaneous":""},"schema":{"@context":"https:\/\/schema.org","@graph":[{"@type":"BlogPosting","@id":"https:\/\/energiesnet.com\/espanol\/colombia-aumenta-la-demanda-de-gas-y-crea-una-cisis-energeca-ceo-de-promigas\/#blogposting","name":"Colombia aumenta la demanda de gas y crea una crisis energ\u00e9tica \u2013 CEO de Promigas - EnergiestNet","headline":"Colombia aumenta la demanda de gas y crea una crisis energ\u00e9tica &#8211; CEO de Promigas","author":{"@id":"https:\/\/energiesnet.com\/espanol\/author\/elioohep\/#author"},"publisher":{"@id":"https:\/\/energiesnet.com\/espanol\/#organization"},"image":{"@type":"ImageObject","url":"https:\/\/energiesnet.com\/espanol\/wp-content\/uploads\/2024\/09\/rojas_promigas.jpg","width":600,"height":400},"datePublished":"2024-09-27T18:23:20-04:00","dateModified":"2024-09-27T18:29:31-04:00","inLanguage":"es-ES","mainEntityOfPage":{"@id":"https:\/\/energiesnet.com\/espanol\/colombia-aumenta-la-demanda-de-gas-y-crea-una-cisis-energeca-ceo-de-promigas\/#webpage"},"isPartOf":{"@id":"https:\/\/energiesnet.com\/espanol\/colombia-aumenta-la-demanda-de-gas-y-crea-una-cisis-energeca-ceo-de-promigas\/#webpage"},"articleSection":"La Noticia, Noticias Diarias, colombia, crisis, gas, hidroelectrica, sequia"},{"@type":"BreadcrumbList","@id":"https:\/\/energiesnet.com\/espanol\/colombia-aumenta-la-demanda-de-gas-y-crea-una-cisis-energeca-ceo-de-promigas\/#breadcrumblist","itemListElement":[{"@type":"ListItem","@id":"https:\/\/energiesnet.com\/espanol#listItem","position":1,"name":"Inicio","item":"https:\/\/energiesnet.com\/espanol","nextItem":{"@type":"ListItem","@id":"https:\/\/energiesnet.com\/espanol\/category\/top-news\/#listItem","name":"La Noticia"}},{"@type":"ListItem","@id":"https:\/\/energiesnet.com\/espanol\/category\/top-news\/#listItem","position":2,"name":"La Noticia","item":"https:\/\/energiesnet.com\/espanol\/category\/top-news\/","nextItem":{"@type":"ListItem","@id":"https:\/\/energiesnet.com\/espanol\/colombia-aumenta-la-demanda-de-gas-y-crea-una-cisis-energeca-ceo-de-promigas\/#listItem","name":"Colombia aumenta la demanda de gas y crea una crisis energ\u00e9tica &#8211; CEO de Promigas"},"previousItem":{"@type":"ListItem","@id":"https:\/\/energiesnet.com\/espanol#listItem","name":"Inicio"}},{"@type":"ListItem","@id":"https:\/\/energiesnet.com\/espanol\/colombia-aumenta-la-demanda-de-gas-y-crea-una-cisis-energeca-ceo-de-promigas\/#listItem","position":3,"name":"Colombia aumenta la demanda de gas y crea una crisis energ\u00e9tica &#8211; CEO de Promigas","previousItem":{"@type":"ListItem","@id":"https:\/\/energiesnet.com\/espanol\/category\/top-news\/#listItem","name":"La Noticia"}}]},{"@type":"Organization","@id":"https:\/\/energiesnet.com\/espanol\/#organization","name":"EnergiestNet","description":"Latin America Energy, Oil ,  Gas & Renewals","url":"https:\/\/energiesnet.com\/espanol\/","telephone":"+584142763041","logo":{"@type":"ImageObject","url":"https:\/\/energiesnet.com\/espanol\/wp-content\/uploads\/2022\/12\/EnergiesNet-Logo-200.jpg","@id":"https:\/\/energiesnet.com\/espanol\/colombia-aumenta-la-demanda-de-gas-y-crea-una-cisis-energeca-ceo-de-promigas\/#organizationLogo","width":200,"height":220},"image":{"@id":"https:\/\/energiesnet.com\/espanol\/colombia-aumenta-la-demanda-de-gas-y-crea-una-cisis-energeca-ceo-de-promigas\/#organizationLogo"},"sameAs":["https:\/\/www.facebook.com\/\/EnergiesNet","https:\/\/twitter.com\/EnergiesNet1","https:\/\/www.instagram.com\/energiesnet\/","https:\/\/linkedin.com\/in\/elio-ohep-a465b78"]},{"@type":"Person","@id":"https:\/\/energiesnet.com\/espanol\/author\/elioohep\/#author","url":"https:\/\/energiesnet.com\/espanol\/author\/elioohep\/","name":"EnergiesNet","image":{"@type":"ImageObject","@id":"https:\/\/energiesnet.com\/espanol\/colombia-aumenta-la-demanda-de-gas-y-crea-una-cisis-energeca-ceo-de-promigas\/#authorImage","url":"https:\/\/secure.gravatar.com\/avatar\/5412deb1089370e2bdf1d1310563df78bf3dc9f9e388ca5748bced95cfdb664b?s=96&d=mm&r=g","width":96,"height":96,"caption":"EnergiesNet"}},{"@type":"WebPage","@id":"https:\/\/energiesnet.com\/espanol\/colombia-aumenta-la-demanda-de-gas-y-crea-una-cisis-energeca-ceo-de-promigas\/#webpage","url":"https:\/\/energiesnet.com\/espanol\/colombia-aumenta-la-demanda-de-gas-y-crea-una-cisis-energeca-ceo-de-promigas\/","name":"Colombia aumenta la demanda de gas y crea una crisis energ\u00e9tica \u2013 CEO de Promigas - EnergiestNet","description":"Andrea Jaramillo, Bloomberg News BOGOT\u00c1 EnergiesNet.com 27 09 2024 El sistema energ\u00e9tico de Colombia est\u00e1 en crisis, ya que la sequ\u00eda paraliza el suministro de energ\u00eda hidroel\u00e9ctrica y la capacidad de importar gas natural ha llegado a su l\u00edmite, seg\u00fan el mayor operador de gasoductos del pa\u00eds. El pa\u00eds, que normalmente genera dos tercios de","inLanguage":"es-ES","isPartOf":{"@id":"https:\/\/energiesnet.com\/espanol\/#website"},"breadcrumb":{"@id":"https:\/\/energiesnet.com\/espanol\/colombia-aumenta-la-demanda-de-gas-y-crea-una-cisis-energeca-ceo-de-promigas\/#breadcrumblist"},"author":{"@id":"https:\/\/energiesnet.com\/espanol\/author\/elioohep\/#author"},"creator":{"@id":"https:\/\/energiesnet.com\/espanol\/author\/elioohep\/#author"},"image":{"@type":"ImageObject","url":"https:\/\/energiesnet.com\/espanol\/wp-content\/uploads\/2024\/09\/rojas_promigas.jpg","@id":"https:\/\/energiesnet.com\/espanol\/colombia-aumenta-la-demanda-de-gas-y-crea-una-cisis-energeca-ceo-de-promigas\/#mainImage","width":600,"height":400},"primaryImageOfPage":{"@id":"https:\/\/energiesnet.com\/espanol\/colombia-aumenta-la-demanda-de-gas-y-crea-una-cisis-energeca-ceo-de-promigas\/#mainImage"},"datePublished":"2024-09-27T18:23:20-04:00","dateModified":"2024-09-27T18:29:31-04:00"},{"@type":"WebSite","@id":"https:\/\/energiesnet.com\/espanol\/#website","url":"https:\/\/energiesnet.com\/espanol\/","name":"EnergiestNet","description":"Latin America Energy, Oil ,  Gas & Renewals","inLanguage":"es-ES","publisher":{"@id":"https:\/\/energiesnet.com\/espanol\/#organization"}}]},"og:locale":"es_ES","og:site_name":"EnergiestNet - Latin America Energy, Oil ,  Gas &amp; Renewals","og:type":"article","og:title":"Colombia aumenta la demanda de gas y crea una crisis energ\u00e9tica \u2013 CEO de Promigas - EnergiestNet","og:description":"Andrea Jaramillo, Bloomberg News BOGOT\u00c1 EnergiesNet.com 27 09 2024 El sistema energ\u00e9tico de Colombia est\u00e1 en crisis, ya que la sequ\u00eda paraliza el suministro de energ\u00eda hidroel\u00e9ctrica y la capacidad de importar gas natural ha llegado a su l\u00edmite, seg\u00fan el mayor operador de gasoductos del pa\u00eds. El pa\u00eds, que normalmente genera dos tercios de","og:url":"https:\/\/energiesnet.com\/espanol\/colombia-aumenta-la-demanda-de-gas-y-crea-una-cisis-energeca-ceo-de-promigas\/","og:image":"https:\/\/energiesnet.com\/espanol","og:image:secure_url":"https:\/\/energiesnet.com\/espanol","article:published_time":"2024-09-27T22:23:20+00:00","article:modified_time":"2024-09-27T22:29:31+00:00","article:publisher":"https:\/\/www.facebook.com\/\/EnergiesNet","twitter:card":"summary_large_image","twitter:site":"@EnergiesNet1","twitter:title":"Colombia aumenta la demanda de gas y crea una crisis energ\u00e9tica \u2013 CEO de Promigas - EnergiestNet","twitter:description":"Andrea Jaramillo, Bloomberg News BOGOT\u00c1 EnergiesNet.com 27 09 2024 El sistema energ\u00e9tico de Colombia est\u00e1 en crisis, ya que la sequ\u00eda paraliza el suministro de energ\u00eda hidroel\u00e9ctrica y la capacidad de importar gas natural ha llegado a su l\u00edmite, seg\u00fan el mayor operador de gasoductos del pa\u00eds. El pa\u00eds, que normalmente genera dos tercios de","twitter:creator":"@EnergiesNet1","twitter:image":"https:\/\/energiesnet.com\/espanol"},"aioseo_meta_data":{"post_id":"23173","title":null,"description":null,"keywords":null,"keyphrases":{"focus":{"keyphrase":"","score":0,"analysis":{"keyphraseInTitle":{"score":0,"maxScore":9,"error":1}}},"additional":[]},"primary_term":null,"canonical_url":null,"og_title":null,"og_description":null,"og_object_type":"default","og_image_type":"default","og_image_url":null,"og_image_width":null,"og_image_height":null,"og_image_custom_url":null,"og_image_custom_fields":null,"og_video":"","og_custom_url":null,"og_article_section":null,"og_article_tags":null,"twitter_use_og":false,"twitter_card":"default","twitter_image_type":"default","twitter_image_url":null,"twitter_image_custom_url":null,"twitter_image_custom_fields":null,"twitter_title":null,"twitter_description":null,"schema":{"blockGraphs":[],"customGraphs":[],"default":{"data":{"Article":[],"Course":[],"Dataset":[],"FAQPage":[],"Movie":[],"Person":[],"Product":[],"ProductReview":[],"Car":[],"Recipe":[],"Service":[],"SoftwareApplication":[],"WebPage":[]},"graphName":"BlogPosting","isEnabled":true},"graphs":[]},"schema_type":"default","schema_type_options":null,"pillar_content":false,"robots_default":true,"robots_noindex":false,"robots_noarchive":false,"robots_nosnippet":false,"robots_nofollow":false,"robots_noimageindex":false,"robots_noodp":false,"robots_notranslate":false,"robots_max_snippet":"-1","robots_max_videopreview":"-1","robots_max_imagepreview":"large","priority":null,"frequency":"default","local_seo":null,"breadcrumb_settings":null,"limit_modified_date":false,"ai":null,"created":"2024-09-27 22:23:23","updated":"2025-06-04 17:10:33","seo_analyzer_scan_date":null,"focus_keyword":null,"additional_keywords":null,"truseo_locale":null},"aioseo_breadcrumb":"<div class=\"aioseo-breadcrumbs\"><span class=\"aioseo-breadcrumb\">\n\t\t\t<a href=\"https:\/\/energiesnet.com\/espanol\" title=\"Inicio\">Inicio<\/a>\n\t\t<\/span><span class=\"aioseo-breadcrumb-separator\">&raquo;<\/span><span class=\"aioseo-breadcrumb\">\n\t\t\t<a href=\"https:\/\/energiesnet.com\/espanol\/category\/top-news\/\" title=\"La Noticia\">La Noticia<\/a>\n\t\t<\/span><span class=\"aioseo-breadcrumb-separator\">&raquo;<\/span><span class=\"aioseo-breadcrumb\">\n\t\t\tColombia aumenta la demanda de gas y crea una crisis energ\u00e9tica \u2013 CEO de Promigas\n\t\t<\/span><\/div>","aioseo_breadcrumb_json":[{"label":"Inicio","link":"https:\/\/energiesnet.com\/espanol"},{"label":"La Noticia","link":"https:\/\/energiesnet.com\/espanol\/category\/top-news\/"},{"label":"Colombia aumenta la demanda de gas y crea una crisis energ\u00e9tica &#8211; CEO de Promigas","link":"https:\/\/energiesnet.com\/espanol\/colombia-aumenta-la-demanda-de-gas-y-crea-una-cisis-energeca-ceo-de-promigas\/"}],"_links":{"self":[{"href":"https:\/\/energiesnet.com\/espanol\/wp-json\/wp\/v2\/posts\/23173","targetHints":{"allow":["GET"]}}],"collection":[{"href":"https:\/\/energiesnet.com\/espanol\/wp-json\/wp\/v2\/posts"}],"about":[{"href":"https:\/\/energiesnet.com\/espanol\/wp-json\/wp\/v2\/types\/post"}],"author":[{"embeddable":true,"href":"https:\/\/energiesnet.com\/espanol\/wp-json\/wp\/v2\/users\/2"}],"replies":[{"embeddable":true,"href":"https:\/\/energiesnet.com\/espanol\/wp-json\/wp\/v2\/comments?post=23173"}],"version-history":[{"count":0,"href":"https:\/\/energiesnet.com\/espanol\/wp-json\/wp\/v2\/posts\/23173\/revisions"}],"wp:featuredmedia":[{"embeddable":true,"href":"https:\/\/energiesnet.com\/espanol\/wp-json\/wp\/v2\/media\/23175"}],"wp:attachment":[{"href":"https:\/\/energiesnet.com\/espanol\/wp-json\/wp\/v2\/media?parent=23173"}],"wp:term":[{"taxonomy":"category","embeddable":true,"href":"https:\/\/energiesnet.com\/espanol\/wp-json\/wp\/v2\/categories?post=23173"},{"taxonomy":"post_tag","embeddable":true,"href":"https:\/\/energiesnet.com\/espanol\/wp-json\/wp\/v2\/tags?post=23173"}],"curies":[{"name":"wp","href":"https:\/\/api.w.org\/{rel}","templated":true}]}}