{"id":23223,"date":"2024-10-02T17:54:13","date_gmt":"2024-10-02T21:54:13","guid":{"rendered":"https:\/\/energiesnet.com\/espanol\/?p=23223"},"modified":"2024-10-02T18:07:49","modified_gmt":"2024-10-02T22:07:49","slug":"claudia-sheinbaum-asume-como-primera-presidenta-de-mexico","status":"publish","type":"post","link":"https:\/\/energiesnet.com\/espanol\/claudia-sheinbaum-asume-como-primera-presidenta-de-mexico\/","title":{"rendered":"Claudia Sheinbaum asume como primera presidenta de M\u00e9xico"},"content":{"rendered":"\n<figure class=\"wp-block-image size-full is-resized\"><img fetchpriority=\"high\" decoding=\"async\" width=\"600\" height=\"400\" src=\"https:\/\/energiesnet.com\/espanol\/wp-content\/uploads\/2024\/10\/sheibaum_inauguratio-efe.jpg\" alt=\"La presidenta de M\u00e9xico, Claudia Sheinbaum, participa en la ceremonia de entrega del Bast\u00f3n de Mando por parte de los representantes de los pueblos ind\u00edgenas en Ciudad de M\u00e9xico (M\u00e9xico). EFE\/Isaac Esquivel\" class=\"wp-image-23224\" style=\"width:640px;height:auto\" srcset=\"https:\/\/energiesnet.com\/espanol\/wp-content\/uploads\/2024\/10\/sheibaum_inauguratio-efe.jpg 600w, https:\/\/energiesnet.com\/espanol\/wp-content\/uploads\/2024\/10\/sheibaum_inauguratio-efe-300x200.jpg 300w\" sizes=\"(max-width: 600px) 100vw, 600px\" \/><figcaption class=\"wp-element-caption\">La presidenta de M\u00e9xico, Claudia Sheinbaum, participa en la ceremonia de entrega del Bast\u00f3n de Mando por parte de los representantes de los pueblos ind\u00edgenas en Ciudad de M\u00e9xico. El martes, la cient\u00edfica del clima y ex jefa de gobierno de la capital mexicana tom\u00f3 posesi\u00f3n y se convierte en la primera mujer en ocupar la presidencia del pa\u00eds. EFE\/Isaac Esquivel<\/figcaption><\/figure>\n\n\n\n<p class=\"wp-block-paragraph\">Emiliano Rodr\u00edguez Mega y Natalie Kitroeff, NYTimes        <\/p>\n\n\n\n<p class=\"wp-block-paragraph\">CIUDAD DE M\u00c9XICO        <br>EnergiesNet.com 02 10 2024         <\/p>\n\n\n\n<p class=\"wp-block-paragraph\">Claudia Sheinbaum asumi\u00f3 el cargo el martes para convertirse en la primera mujer y la primera persona jud\u00eda en liderar a M\u00e9xico en dos siglos de historia independiente del pa\u00eds.<\/p>\n\n\n\n<p class=\"wp-block-paragraph\">\u201cPor primera vez, llegamos las mujeres a conducir los destinos de nuestra hermosa naci\u00f3n\u201d, dijo Sheinbaum durante la ceremonia de investidura el martes. \u201cY digo llegamos, porque no llego sola, llegamos todas\u201d.<\/p>\n\n\n\n<p class=\"wp-block-paragraph\">Miles de personas abarrotaron el Z\u00f3calo, la plaza principal de Ciudad de M\u00e9xico el martes por la tarde para esperar a que Sheinbaum se dirigiera a sus partidarios.<\/p>\n\n\n\n<p class=\"wp-block-paragraph\">Licet Res\u00e9ndiz Oropeza, residente en Tijuana, viaj\u00f3 m\u00e1s de 50 horas en autob\u00fas para estar en la capital el d\u00eda en que una mujer se convert\u00eda por primera vez en presidenta del pa\u00eds.<\/p>\n\n\n\n<p class=\"wp-block-paragraph\">\u201cEs algo hist\u00f3rico\u201d, dijo Res\u00e9ndiz Oropeza. \u201cEs una alegr\u00eda que no puedo empezar a describir\u201d.<\/p>\n\n\n\n<p class=\"wp-block-paragraph\">Sheinbaum, otrora jefa de gobierno izquierdista de Ciudad de M\u00e9xico, triunf\u00f3 en las elecciones de junio con el mayor margen desde que M\u00e9xico tuvo su transici\u00f3n a la democracia, y con un amplio mandato para cumplir su promesa de continuar las pol\u00edticas sociales de su antecesor y mentor pol\u00edtico, Andr\u00e9s Manuel L\u00f3pez Obrador.<\/p>\n\n\n\n<p class=\"wp-block-paragraph\">Pero si bien Sheinbaum llega al cargo con un poder considerable en sus manos, tambi\u00e9n tendr\u00e1 que enfrentarse a una variedad de fuerzas que pueden limitarla, en opini\u00f3n de los analistas.<\/p>\n\n\n\n<p class=\"wp-block-paragraph\">Hereda un complejo conjunto de retos: el mayor d\u00e9ficit presupuestario en d\u00e9cadas, una crisis de seguridad cada vez m\u00e1s profunda, el mayor flujo migratorio de la historia reciente y un movimiento pol\u00edtico d\u00edscolo que ha redise\u00f1ado profundamente el poder judicial, entre otras instituciones.<\/p>\n\n\n\n<p class=\"wp-block-paragraph\">Sheinbaum es conocida como una ejecutora capaz, pero no como un talento pol\u00edtico trascendente como su predecesor. L\u00f3pez Obrador construy\u00f3 todo un movimiento en gran medida en la fuerza de su carisma y reforz\u00f3 su enorme influencia con una conferencia de prensa matutina que utilizaba pr\u00e1cticamente a diario para mantener a raya a sus aliados y arrinconar a sus adversarios.<\/p>\n\n\n\n<p class=\"wp-block-paragraph\">Ahora, el partido que \u00e9l fund\u00f3, Morena, tiene un control casi hegem\u00f3nico sobre el sistema pol\u00edtico del pa\u00eds, con una supermayor\u00eda efectiva en el Congreso y el control de la gran mayor\u00eda de las legislaturas estatales y gobernaciones.<\/p>\n\n\n\n<p class=\"wp-block-paragraph\">Pero con su expansi\u00f3n, el partido se ha convertido en una amalgama de facciones dispares que no siempre comparten los mismos objetivos o visiones. Algunos analistas se preguntan si Sheinbaum ser\u00e1 capaz de controlar a una coalici\u00f3n tan inquieta.<\/p>\n\n\n\n<p class=\"wp-block-paragraph\">\u201cYa no tiene el control del partido como s\u00ed la ten\u00eda L\u00f3pez Obrador\u201d, dijo Fernanda Caso, periodista y analista pol\u00edtica, quien a\u00f1adi\u00f3 que en el mejor de los casos, m\u00e1s que unir al partido, Sheinbaum lograr\u00eda unificarlo. \u201cConstantemente va a vivir con las luchas internas dentro de su partido, pugnas de poder\u201d.<\/p>\n\n\n\n<p class=\"wp-block-paragraph\">Tambi\u00e9n hay dudas sobre el grado de influencia que L\u00f3pez Obrador ejercer\u00e1 sobre su protegida. El gabinete de ella est\u00e1 repleto de los aliados de \u00e9l y el hijo del expresidente, conocido como Andy, fue nombrado recientemente para uno de los puestos m\u00e1s poderosos del partido.<\/p>\n\n\n\n<p class=\"wp-block-paragraph\">Sheinbaum ha estado cerca del presidente saliente durante d\u00e9cadas y ha insistido en que tendr\u00e1 las mismas prioridades y pol\u00edticas que L\u00f3pez Obrador, no porque sea su marioneta, sino porque realmente cree en \u00e9l.<\/p>\n\n\n\n<p class=\"wp-block-paragraph\">\u201cSer ideol\u00f3gicamente af\u00edn a L\u00f3pez Obrador no necesariamente quiere decir que t\u00fa vayas a ser manipulada por L\u00f3pez Obrador\u201d, dijo Viri R\u00edos, anal\u00edsta pol\u00edtica.<\/p>\n\n\n\n<p class=\"wp-block-paragraph\">\u201cEst\u00e1 ejerciendo un liderazgo quiz\u00e1 m\u00e1s silencioso de lo que estamos acostumbrados en la pol\u00edtica machista mexicana. Pero ese liderazgo est\u00e1 ah\u00ed\u201d.<\/p>\n\n\n\n<p class=\"wp-block-paragraph\">Esto es lo que hay que saber sobre la nueva presidenta de M\u00e9xico.<\/p>\n\n\n\n<figure class=\"wp-block-image\"><img decoding=\"async\" src=\"https:\/\/static01.nyt.com\/images\/2024\/10\/01\/multimedia\/01mexico-inauguration-ESP-01\/01mexico-inauguration-lgzp-articleLarge.jpg?quality=75&amp;auto=webp&amp;disable=upscale\" alt=\"Claudia Sheinbaum waves to people from a crowd. \"\/><figcaption class=\"wp-element-caption\">Sheinbaum saluda a simpatizantes el d\u00eda de las elecciones, en Ciudad de M\u00e9xico, en junio. Fred Ramos para The New York Times<\/figcaption><\/figure>\n\n\n\n<p class=\"wp-block-paragraph\"><\/p>\n\n\n\n<h2 class=\"wp-block-heading has-medium-font-size\" id=\"link-4f42b52b\"><strong>\u00bfQui\u00e9n es Claudia Sheinbaum?<\/strong><\/h2>\n\n\n\n<p class=\"wp-block-paragraph\"><\/p>\n\n\n\n<p class=\"wp-block-paragraph\">Sheinbaum, cient\u00edfica de formaci\u00f3n y doctora en ingenier\u00eda energ\u00e9tica, pas\u00f3 a\u00f1os entre el mundo acad\u00e9mico y la pol\u00edtica, donde su carrera ha seguido de cerca el ascenso de L\u00f3pez Obrador. Su primera incursi\u00f3n en el gobierno fue como secretaria del Medio Ambiente de Ciudad de M\u00e9xico cuando L\u00f3pez Obrador se convirti\u00f3 en jefe de gobierno en 2000.<\/p>\n\n\n\n<p class=\"wp-block-paragraph\">A\u00f1os despu\u00e9s, particip\u00f3 en un grupo de cient\u00edficos del clima de las Naciones Unidas que recibi\u00f3 el Premio Nobel de la Paz. Cuando L\u00f3pez Obrador lleg\u00f3 a la presidencia, ella gan\u00f3 la jefatura de gobierno de Ciudad de M\u00e9xico, una de las mayores metr\u00f3polis del hemisferio.<\/p>\n\n\n\n<p class=\"wp-block-paragraph\"><\/p>\n\n\n\n<p class=\"wp-block-paragraph\">Sheinbaum, de 62 a\u00f1os,&nbsp;<a href=\"https:\/\/www.nytimes.com\/es\/2024\/05\/30\/espanol\/claudia-sheinbaum-mexico-elecciones.html\">se define a s\u00ed misma<\/a>&nbsp;como \u201cobsesiva\u201d y \u201cdisciplinada\u201d. Se le ha descrito como una jefa exigente con poca paciencia para la pereza, alguien capaz de exprimir hasta la \u00faltima gota de su personal.<\/p>\n\n\n\n<p class=\"wp-block-paragraph\">Sheinbaum, descendiente de jud\u00edos askenaz\u00ed y sefard\u00edes que emigraron a M\u00e9xico en el siglo XX, tambi\u00e9n es la primera presidenta jud\u00eda del pa\u00eds, un momento decisivo para algunos y un detalle trivial para otros, que rara vez la han escuchado hablar de su herencia.<\/p>\n\n\n\n<p class=\"wp-block-paragraph\">Los analistas&nbsp;<a href=\"https:\/\/www.americasquarterly.org\/article\/claudia-sheinbaum-a-techno-populist-in-waiting\/\" rel=\"noreferrer noopener\" target=\"_blank\">dicen<\/a>&nbsp;que el gobierno de Sheinbaum intentar\u00e1 mezclar su enfoque tecnocr\u00e1tico y pragm\u00e1tico de gobierno con la ret\u00f3rica populista de L\u00f3pez Obrador. En ocasiones se distanci\u00f3 de las pol\u00edticas de \u00e9l. Durante la pandemia se aboc\u00f3&nbsp;<a href=\"https:\/\/www.nytimes.com\/es\/2020\/09\/05\/espanol\/america-latina\/coronavirus-amlo-sheinbaum.html\">a realizar pruebas de diagn\u00f3stico de manera agresiva<\/a>&nbsp;mientras que \u00e9l se encomend\u00f3 a amuletos de buena suerte. Al enfrentar la delincuencia,&nbsp;<a href=\"https:\/\/www.wsj.com\/world\/americas\/mexico-claudia-sheinbaum-organized-crime-us-assistance-a8e9d15c\" rel=\"noreferrer noopener\" target=\"_blank\">Sheinbaum invirti\u00f3 en inteligencia y en la polic\u00eda<\/a>&nbsp;mientras que \u00e9l se apoy\u00f3 en el ej\u00e9rcito.<\/p>\n\n\n\n<p class=\"wp-block-paragraph\">Pero durante la campa\u00f1a respald\u00f3 muchas de las pol\u00edticas m\u00e1s contenciosas de L\u00f3pez Obrador, entre ellas una serie de cambios constitucionales que seg\u00fan los cr\u00edticos socavar\u00e1n gravemente el sistema de controles y equilibrios democr\u00e1ticos. Como resultado, la nueva presidenta ha tenido que luchar contra la percepci\u00f3n que tienen algunos mexicanos de que ser\u00e1 poco m\u00e1s que un pe\u00f3n de su mentor.<\/p>\n\n\n\n<figure class=\"wp-block-image\"><img decoding=\"async\" src=\"https:\/\/static01.nyt.com\/images\/2024\/10\/01\/multimedia\/01mexico-inauguration-ESP-02\/01mexico-inauguration-hztb-articleLarge.jpg?quality=75&amp;auto=webp&amp;disable=upscale\" alt=\"Police approach a fenced off building protected by a dog.\"\/><figcaption class=\"wp-element-caption\">Agentes de polic\u00eda aseguran el per\u00edmetro de un laboratorio clandestino de fentanilo que se sospecha que el C\u00e1rtel de Sinaloa opera en Lomas del Valle, M\u00e9xico. Meridith Kohut para The New York Times<\/figcaption><\/figure>\n\n\n\n<p class=\"wp-block-paragraph\"><\/p>\n\n\n\n<h2 class=\"wp-block-heading has-medium-font-size\" id=\"link-509d0f8e\"><strong>\u00bfQu\u00e9 desaf\u00edos enfrentar\u00e1 Claudia Sheinbaum?<\/strong><\/h2>\n\n\n\n<p class=\"wp-block-paragraph\"><\/p>\n\n\n\n<p class=\"wp-block-paragraph\">Sheinbaum se enfrentar\u00e1 a la presi\u00f3n de mostrar avances en la lucha contra los cada vez m\u00e1s poderosos c\u00e1rteles de la droga, que mantienen su dominio sobre grandes franjas de M\u00e9xico. Mientras que los homicidios disminuyeron modestamente durante la gesti\u00f3n de L\u00f3pez Obrador, los informes de extorsi\u00f3n y desapariciones se han disparado desde 2018. Los homicidios, incluidas&nbsp;<a href=\"https:\/\/www.nytimes.com\/es\/2023\/12\/20\/espanol\/mexico-masacre-fiesta.html\">algunas rachas de asesinatos en masa,<\/a>&nbsp;todav\u00eda est\u00e1n cerca de los niveles m\u00e1s altos registrados.<\/p>\n\n\n\n<p class=\"wp-block-paragraph\">En semanas recientes, la violencia entre facciones enfrentadas del C\u00e1rtel de Sinaloa ha ocasionado un aumento en las muertes y secuestros en el noroeste de M\u00e9xico, paralizando la vida de la gente en ciudades como Culiac\u00e1n.<\/p>\n\n\n\n<p class=\"wp-block-paragraph\">Sheinbaum tendr\u00e1 poco margen de maniobra financiera para cumplir sus promesas de campa\u00f1a. El d\u00e9ficit presupuestario de M\u00e9xico se acerca al 6 por ciento del producto interior bruto, el mayor d\u00e9ficit de los \u00faltimos 24 a\u00f1os. Pemex, el gigante petrolero controlado por el Estado, es ahora la empresa petrolera m\u00e1s endeudada del mundo, lo que requiere rescates multimillonarios.<\/p>\n\n\n\n<p class=\"wp-block-paragraph\">Adem\u00e1s, a Sheinbaum le tocar\u00e1 lidiar con las consecuencias de las modificaciones constitucionales que L\u00f3pez Obrador impuls\u00f3 en las \u00faltimas semanas de su gobierno. Los cr\u00edticos advierten que una de ellas, seg\u00fan la cual\u00a0<a href=\"https:\/\/www.nytimes.com\/es\/2024\/09\/12\/espanol\/america-latina\/mexico-rehace-sistema-judicial.html\">miles de jueces ser\u00e1n elegidos por votaci\u00f3n popular<\/a>\u00a0a partir del pr\u00f3ximo a\u00f1o, podr\u00eda erosionar la independencia judicial.<\/p>\n\n\n\n<p class=\"wp-block-paragraph\"><\/p>\n\n\n\n<h2 class=\"wp-block-heading has-medium-font-size\" id=\"link-4b1021e8\"><strong>\u00bfCu\u00e1les son los planes de Claudia Sheinbaum?<\/strong><\/h2>\n\n\n\n<p class=\"wp-block-paragraph\"><\/p>\n\n\n\n<p class=\"wp-block-paragraph\">Adem\u00e1s de continuar los proyectos de infraestructura de L\u00f3pez Obrador y mantener sus populares programas contra la pobreza, incluido un aumento anual del salario m\u00ednimo, Sheinbaum llega al cargo con sus propios planes.<\/p>\n\n\n\n<p class=\"wp-block-paragraph\">Ha anunciado que todas las mujeres de 60 a 64 a\u00f1os recibir\u00e1n un pago en efectivo; actualmente las pensiones para la tercera edad se otorgan a las personas de 65 a\u00f1os y m\u00e1s. Ha dicho que la mayor\u00eda de los ni\u00f1os recibir\u00e1n una beca por seguir en la escuela, lo que ampliar\u00eda un programa social ya existente. Y, a partir del pr\u00f3ximo a\u00f1o, dijo, 20.000 m\u00e9dicos y enfermeras empezar\u00e1n a visitar los hogares de los mexicanos de mayor edad, un esfuerzo por revertir&nbsp;<a href=\"https:\/\/mexicocomovamos.mx\/publicaciones\/2023\/08\/pobreza-en-2022#:~:text=Pobreza%20en%202022%20menor%20que,salud%20%E2%80%93%20M%C3%A9xico%20%C2%BFc%C3%B3mo%20vamos%3F&amp;text=De%20acuerdo%20con%20los%20datos,puntos%20porcentuales%20respecto%20a%202018.\" rel=\"noreferrer noopener\" target=\"_blank\">la gran ca\u00edda<\/a>&nbsp;en el acceso a la salud p\u00fablica de los \u00faltimos a\u00f1os.<\/p>\n\n\n\n<p class=\"wp-block-paragraph\">Sheinbaum tambi\u00e9n busca&nbsp;<a href=\"https:\/\/www.nytimes.com\/es\/2024\/06\/04\/espanol\/claudia-sheinbaum-mexico-cambio-climatico.html\">ampliar la infraestructura de energ\u00edas renovables<\/a>&nbsp;y aumentar el empleo de tecnolog\u00edas limpias. Al mismo tiempo, ha prometido rescatar la petrolera estatal,&nbsp;<a href=\"https:\/\/www.nytimes.com\/es\/2024\/08\/24\/espanol\/sheinbaum-pemex-amlo.html\">sumida en deudas masivas<\/a>, y respaldar una costosa refiner\u00eda de petr\u00f3leo de 16.000 millones de d\u00f3lares que est\u00e1 lejos de estar completamente operativa.<\/p>\n\n\n\n<p class=\"wp-block-paragraph\">Luego est\u00e1 el asunto de la seguridad. Sheinbaum ha se\u00f1alado que permitir\u00e1 que las fuerzas armadas conserven el poder que L\u00f3pez Obrador les otorg\u00f3 durante su gobierno. Pero tambi\u00e9n planea crear una nueva agencia de inteligencia, con capacidad para investigar casos penales, y replicar el enfoque de ley y orden que adopt\u00f3 en la Ciudad de M\u00e9xico.<\/p>\n\n\n\n<figure class=\"wp-block-image\"><img decoding=\"async\" src=\"https:\/\/static01.nyt.com\/images\/2023\/02\/09\/multimedia\/01mexico-inauguration-ESP-03\/09mexico-biden-kcpj-articleLarge.jpg?quality=75&amp;auto=webp&amp;disable=upscale\" alt=\"President Biden and President Andr\u00e9s Manuel L\u00f3pez Obrador of Mexico embrace next to an American flag. \"\/><figcaption class=\"wp-element-caption\">El presidente Joe Biden con el presidente Andr\u00e9s Manuel L\u00f3pez Obrador en el Palacio Nacional, en Ciudad de M\u00e9xico, el a\u00f1o pasado.  Doug Mills\/The New York Times<\/figcaption><\/figure>\n\n\n\n<p class=\"wp-block-paragraph\"><\/p>\n\n\n\n<h2 class=\"wp-block-heading has-medium-font-size\" id=\"link-78a63639\"><strong>\u00bfC\u00f3mo ser\u00e1 la relaci\u00f3n de Claudia Sheinbaum con EE. UU.<\/strong><\/h2>\n\n\n\n<p class=\"wp-block-paragraph\"><\/p>\n\n\n\n<p class=\"wp-block-paragraph\">La verdadera prueba de fuego para el liderazgo de Sheinbaum podr\u00eda llegar a finales de este a\u00f1o, una vez que se conozca el resultado de las elecciones presidenciales en EE. UU.<\/p>\n\n\n\n<p class=\"wp-block-paragraph\">Una victoria de la vicepresidenta Kamala Harris representar\u00eda probablemente una ampliaci\u00f3n de la relaci\u00f3n del gobierno de Joe Biden con M\u00e9xico, que se ha caracterizado por una cooperaci\u00f3n tensa pero sostenida para&nbsp;<a href=\"https:\/\/www.nytimes.com\/es\/2024\/03\/26\/espanol\/mexico-amlo-estados-unidos.html\">reforzar la aplicaci\u00f3n de las leyes de inmigraci\u00f3n, luchar contra el narcotr\u00e1fico<\/a>&nbsp;y frenar&nbsp;<a href=\"https:\/\/mx.usembassy.gov\/fact-sheet-biden-harris-administrations-ongoing-efforts-to-stem-firearms-trafficking-to-mexico\/\" rel=\"noreferrer noopener\" target=\"_blank\">el flujo de armas estadounidenses<\/a>&nbsp;que impulsan el derramamiento de sangre al sur de la frontera. Algunos funcionarios estadounidenses han dicho en privado que creen que la coordinaci\u00f3n en materia de seguridad&nbsp;<a href=\"https:\/\/www.nytimes.com\/es\/2024\/06\/22\/espanol\/claudia-sheinbaum-mexico-eeuu.html\">podr\u00eda mejorar<\/a>&nbsp;con Sheinbaum.<\/p>\n\n\n\n<p class=\"wp-block-paragraph\">Pero un segundo mandato del expresidente Donald Trump podr\u00eda agravar las tensiones entre ambos pa\u00edses. Trump ha amenazado con imponer aranceles si gana las elecciones. Y ha&nbsp;<a href=\"https:\/\/www.nytimes.com\/es\/2023\/10\/03\/espanol\/trump-intervencion-militar-mexico.html\">propuesto utilizar la fuerza militar de EE. UU<\/a>. contra los c\u00e1rteles de la droga en suelo mexicano, sin el consentimiento del gobierno de M\u00e9xico.<\/p>\n\n\n\n<p class=\"wp-block-paragraph\">Los planes corren el riesgo de fracturar la relaci\u00f3n de Estados Unidos con el gobierno de Sheinbaum y recortar otros tipos de cooperaci\u00f3n. A\u00fan as\u00ed, Sheinbaum y miembros de su equipo han declarado a The New York Times que est\u00e1n dispuestos a trabajar con cualquier candidato que gane las elecciones de EE. UU.<\/p>\n\n\n\n<figure class=\"wp-block-image\"><img decoding=\"async\" src=\"https:\/\/static01.nyt.com\/images\/2024\/06\/04\/multimedia\/01mexico-inauguration-ESP-04\/04mexico-sheinbaum-president-print-02-ljgt-articleLarge.jpg?quality=75&amp;auto=webp&amp;disable=upscale\" alt=\"A young Sheinbaum supporter. \"\/><figcaption class=\"wp-element-caption\">Una joven simpatizante de Sheinbaum en Ciudad de M\u00e9xico, la noche de la elecci\u00f3n, en junio. Fred Ramos para The New York Times<\/figcaption><\/figure>\n\n\n\n<p class=\"wp-block-paragraph\"><\/p>\n\n\n\n<h2 class=\"wp-block-heading has-medium-font-size\" id=\"link-63968811\"><strong>\u00bfQu\u00e9 significa para M\u00e9xico tener una presidenta?<\/strong><\/h2>\n\n\n\n<p class=\"wp-block-paragraph\"><\/p>\n\n\n\n<p class=\"wp-block-paragraph\">Aunque Sheinbaum ha se\u00f1alado que su presidencia representa un verdadero cambio para las mujeres mexicanas, su historial como jefa de gobierno de Ciudad de M\u00e9xico ofrece una imagen m\u00e1s matizada.<\/p>\n\n\n\n<p class=\"wp-block-paragraph\">Como jefa de gobierno de la capital, Sheinbaum apoy\u00f3 la creaci\u00f3n de una fiscal\u00eda especializada para investigar los feminicidios. Sus programas ayudaron a&nbsp;<a href=\"https:\/\/www.eluniversal.com.mx\/metropoli\/secretaria-de-mujeres-de-cdmx-asegura-que-hay-una-reduccion-de-34-de-muertes-violentas-de-feminas-en-la-capital\/\" rel=\"noreferrer noopener\" target=\"_blank\">reducir<\/a>&nbsp;las muertes violentas de mujeres en 34 por ciento.<\/p>\n\n\n\n<p class=\"wp-block-paragraph\">Pero tambi\u00e9n ha calificado de \u201cprovocaciones\u201d las manifestaciones en pro de los derechos de las mujeres cuando protestaron contra la violaci\u00f3n de una menor a manos de oficiales de polic\u00eda. Las manifestantes fueron recibidas con&nbsp;<a href=\"https:\/\/www.amnesty.org\/es\/documents\/amr41\/3724\/2021\/es\/\" rel=\"noreferrer noopener\" target=\"_blank\">uso excesivo de la fuerza<\/a>&nbsp;por las autoridades bajo su mando, seg\u00fan un reporte de Amnist\u00eda Internacional.<\/p>\n\n\n\n<p class=\"wp-block-paragraph\"><strong><a href=\"https:\/\/www.nytimes.com\/by\/emiliano-rodriguez-mega\"><em>Emiliano Rodr\u00edguez Mega<\/em><\/a><\/strong>\u00a0es un investigador reportero del Times en Ciudad de M\u00e9xico. Cubre M\u00e9xico, Centroam\u00e9rica y el Caribe.\u00a0<\/p>\n\n\n\n<p class=\"wp-block-paragraph\"><strong><a href=\"https:\/\/www.nytimes.com\/by\/natalie-kitroeff\">Natalie Kitroeff<\/a>\u00a0<\/strong>es la jefa del bur\u00f3 de redacci\u00f3n del Times en Ciudad de M\u00e9xico, que lidera la cobertura de M\u00e9xico, Centroam\u00e9rica y el Caribe.\u00a0<\/p>\n\n\n\n<p class=\"wp-block-paragraph\">nytimes.com 02 10 2024<\/p>\n","protected":false},"excerpt":{"rendered":"<p>Emiliano Rodr\u00edguez Mega y Natalie Kitroeff, NYTimes CIUDAD DE M\u00c9XICO EnergiesNet.com 02 10 2024 Claudia Sheinbaum asumi\u00f3 el cargo el martes para convertirse en la primera mujer y la primera persona jud\u00eda en liderar a M\u00e9xico en dos siglos de historia independiente del pa\u00eds. \u201cPor primera vez, llegamos las mujeres a conducir los destinos de &hellip;<\/p>\n<p class=\"read-more\"> <a class=\"\" href=\"https:\/\/energiesnet.com\/espanol\/claudia-sheinbaum-asume-como-primera-presidenta-de-mexico\/\"> <span class=\"screen-reader-text\">Claudia Sheinbaum asume como primera presidenta de M\u00e9xico<\/span> Leer m\u00e1s &raquo;<\/a><\/p>\n","protected":false},"author":2,"featured_media":23224,"comment_status":"open","ping_status":"open","sticky":false,"template":"","format":"standard","meta":{"_monsterinsights_skip_tracking":false,"site-sidebar-layout":"default","site-content-layout":"default","ast-global-header-display":"","ast-main-header-display":"","ast-hfb-above-header-display":"","ast-hfb-below-header-display":"","ast-hfb-mobile-header-display":"","site-post-title":"","ast-breadcrumbs-content":"","ast-featured-img":"","footer-sml-layout":"","theme-transparent-header-meta":"","adv-header-id-meta":"","stick-header-meta":"","header-above-stick-meta":"","header-main-stick-meta":"","header-below-stick-meta":"","footnotes":""},"categories":[30,45],"tags":[2166,109,1881],"class_list":["post-23223","post","type-post","status-publish","format-standard","has-post-thumbnail","hentry","category-top-news","category-noticias-diarias","tag-claudia-sheinbaum","tag-mexico","tag-presidente"],"aioseo_notices":[],"aioseo_head":"\n\t\t<!-- All in One SEO 5.0.1.1 - aioseo.com -->\n\t<meta name=\"description\" content=\"Emiliano Rodr\u00edguez Mega y Natalie Kitroeff, NYTimes CIUDAD DE M\u00c9XICO EnergiesNet.com 02 10 2024 Claudia Sheinbaum asumi\u00f3 el cargo el martes para convertirse en la primera mujer y la primera persona jud\u00eda en liderar a M\u00e9xico en dos siglos de historia independiente del pa\u00eds. \u201cPor primera vez, llegamos las mujeres a conducir los destinos de\" \/>\n\t<meta name=\"robots\" content=\"max-image-preview:large\" \/>\n\t<meta name=\"author\" content=\"EnergiesNet\"\/>\n\t<link rel=\"canonical\" href=\"https:\/\/energiesnet.com\/espanol\/claudia-sheinbaum-asume-como-primera-presidenta-de-mexico\/\" \/>\n\t<meta name=\"generator\" content=\"All in One SEO (AIOSEO) 5.0.1.1\" \/>\n\t\t<meta property=\"og:locale\" content=\"es_ES\" \/>\n\t\t<meta property=\"og:site_name\" content=\"EnergiestNet - Latin America Energy, Oil ,  Gas &amp; Renewals\" \/>\n\t\t<meta property=\"og:type\" content=\"article\" \/>\n\t\t<meta property=\"og:title\" content=\"Claudia Sheinbaum asume como primera presidenta de M\u00e9xico - EnergiestNet\" \/>\n\t\t<meta property=\"og:description\" content=\"Emiliano Rodr\u00edguez Mega y Natalie Kitroeff, NYTimes CIUDAD DE M\u00c9XICO EnergiesNet.com 02 10 2024 Claudia Sheinbaum asumi\u00f3 el cargo el martes para convertirse en la primera mujer y la primera persona jud\u00eda en liderar a M\u00e9xico en dos siglos de historia independiente del pa\u00eds. \u201cPor primera vez, llegamos las mujeres a conducir los destinos de\" \/>\n\t\t<meta property=\"og:url\" content=\"https:\/\/energiesnet.com\/espanol\/claudia-sheinbaum-asume-como-primera-presidenta-de-mexico\/\" \/>\n\t\t<meta property=\"og:image\" content=\"https:\/\/energiesnet.com\/espanol\" \/>\n\t\t<meta property=\"og:image:secure_url\" content=\"https:\/\/energiesnet.com\/espanol\" \/>\n\t\t<meta property=\"article:published_time\" content=\"2024-10-02T21:54:13+00:00\" \/>\n\t\t<meta property=\"article:modified_time\" content=\"2024-10-02T22:07:49+00:00\" \/>\n\t\t<meta property=\"article:publisher\" content=\"https:\/\/www.facebook.com\/\/EnergiesNet\" \/>\n\t\t<meta name=\"twitter:card\" content=\"summary_large_image\" \/>\n\t\t<meta name=\"twitter:site\" content=\"@EnergiesNet1\" \/>\n\t\t<meta name=\"twitter:title\" content=\"Claudia Sheinbaum asume como primera presidenta de M\u00e9xico - EnergiestNet\" \/>\n\t\t<meta name=\"twitter:description\" content=\"Emiliano Rodr\u00edguez Mega y Natalie Kitroeff, NYTimes CIUDAD DE M\u00c9XICO EnergiesNet.com 02 10 2024 Claudia Sheinbaum asumi\u00f3 el cargo el martes para convertirse en la primera mujer y la primera persona jud\u00eda en liderar a M\u00e9xico en dos siglos de historia independiente del pa\u00eds. \u201cPor primera vez, llegamos las mujeres a conducir los destinos de\" \/>\n\t\t<meta name=\"twitter:creator\" content=\"@EnergiesNet1\" \/>\n\t\t<meta name=\"twitter:image\" content=\"https:\/\/energiesnet.com\/espanol\" \/>\n\t\t<script type=\"application\/ld+json\" class=\"aioseo-schema\">\n\t\t\t{\"@context\":\"https:\\\/\\\/schema.org\",\"@graph\":[{\"@type\":\"BlogPosting\",\"@id\":\"https:\\\/\\\/energiesnet.com\\\/espanol\\\/claudia-sheinbaum-asume-como-primera-presidenta-de-mexico\\\/#blogposting\",\"name\":\"Claudia Sheinbaum asume como primera presidenta de M\\u00e9xico - EnergiestNet\",\"headline\":\"Claudia Sheinbaum asume como primera presidenta de M\\u00e9xico\",\"author\":{\"@id\":\"https:\\\/\\\/energiesnet.com\\\/espanol\\\/author\\\/elioohep\\\/#author\"},\"publisher\":{\"@id\":\"https:\\\/\\\/energiesnet.com\\\/espanol\\\/#organization\"},\"image\":{\"@type\":\"ImageObject\",\"url\":\"https:\\\/\\\/energiesnet.com\\\/espanol\\\/wp-content\\\/uploads\\\/2024\\\/10\\\/sheibaum_inauguratio-efe.jpg\",\"width\":600,\"height\":400},\"datePublished\":\"2024-10-02T17:54:13-04:00\",\"dateModified\":\"2024-10-02T18:07:49-04:00\",\"inLanguage\":\"es-ES\",\"mainEntityOfPage\":{\"@id\":\"https:\\\/\\\/energiesnet.com\\\/espanol\\\/claudia-sheinbaum-asume-como-primera-presidenta-de-mexico\\\/#webpage\"},\"isPartOf\":{\"@id\":\"https:\\\/\\\/energiesnet.com\\\/espanol\\\/claudia-sheinbaum-asume-como-primera-presidenta-de-mexico\\\/#webpage\"},\"articleSection\":\"La Noticia, Noticias Diarias, Claudia Sheinbaum, mexico, presidente\"},{\"@type\":\"BreadcrumbList\",\"@id\":\"https:\\\/\\\/energiesnet.com\\\/espanol\\\/claudia-sheinbaum-asume-como-primera-presidenta-de-mexico\\\/#breadcrumblist\",\"itemListElement\":[{\"@type\":\"ListItem\",\"@id\":\"https:\\\/\\\/energiesnet.com\\\/espanol#listItem\",\"position\":1,\"name\":\"Inicio\",\"item\":\"https:\\\/\\\/energiesnet.com\\\/espanol\",\"nextItem\":{\"@type\":\"ListItem\",\"@id\":\"https:\\\/\\\/energiesnet.com\\\/espanol\\\/category\\\/top-news\\\/#listItem\",\"name\":\"La Noticia\"}},{\"@type\":\"ListItem\",\"@id\":\"https:\\\/\\\/energiesnet.com\\\/espanol\\\/category\\\/top-news\\\/#listItem\",\"position\":2,\"name\":\"La Noticia\",\"item\":\"https:\\\/\\\/energiesnet.com\\\/espanol\\\/category\\\/top-news\\\/\",\"nextItem\":{\"@type\":\"ListItem\",\"@id\":\"https:\\\/\\\/energiesnet.com\\\/espanol\\\/claudia-sheinbaum-asume-como-primera-presidenta-de-mexico\\\/#listItem\",\"name\":\"Claudia Sheinbaum asume como primera presidenta de M\\u00e9xico\"},\"previousItem\":{\"@type\":\"ListItem\",\"@id\":\"https:\\\/\\\/energiesnet.com\\\/espanol#listItem\",\"name\":\"Inicio\"}},{\"@type\":\"ListItem\",\"@id\":\"https:\\\/\\\/energiesnet.com\\\/espanol\\\/claudia-sheinbaum-asume-como-primera-presidenta-de-mexico\\\/#listItem\",\"position\":3,\"name\":\"Claudia Sheinbaum asume como primera presidenta de M\\u00e9xico\",\"previousItem\":{\"@type\":\"ListItem\",\"@id\":\"https:\\\/\\\/energiesnet.com\\\/espanol\\\/category\\\/top-news\\\/#listItem\",\"name\":\"La Noticia\"}}]},{\"@type\":\"Organization\",\"@id\":\"https:\\\/\\\/energiesnet.com\\\/espanol\\\/#organization\",\"name\":\"EnergiestNet\",\"description\":\"Latin America Energy, Oil ,  Gas & Renewals\",\"url\":\"https:\\\/\\\/energiesnet.com\\\/espanol\\\/\",\"telephone\":\"+584142763041\",\"logo\":{\"@type\":\"ImageObject\",\"url\":\"https:\\\/\\\/energiesnet.com\\\/espanol\\\/wp-content\\\/uploads\\\/2022\\\/12\\\/EnergiesNet-Logo-200.jpg\",\"@id\":\"https:\\\/\\\/energiesnet.com\\\/espanol\\\/claudia-sheinbaum-asume-como-primera-presidenta-de-mexico\\\/#organizationLogo\",\"width\":200,\"height\":220},\"image\":{\"@id\":\"https:\\\/\\\/energiesnet.com\\\/espanol\\\/claudia-sheinbaum-asume-como-primera-presidenta-de-mexico\\\/#organizationLogo\"},\"sameAs\":[\"https:\\\/\\\/www.facebook.com\\\/\\\/EnergiesNet\",\"https:\\\/\\\/twitter.com\\\/EnergiesNet1\",\"https:\\\/\\\/www.instagram.com\\\/energiesnet\\\/\",\"https:\\\/\\\/linkedin.com\\\/in\\\/elio-ohep-a465b78\"]},{\"@type\":\"Person\",\"@id\":\"https:\\\/\\\/energiesnet.com\\\/espanol\\\/author\\\/elioohep\\\/#author\",\"url\":\"https:\\\/\\\/energiesnet.com\\\/espanol\\\/author\\\/elioohep\\\/\",\"name\":\"EnergiesNet\",\"image\":{\"@type\":\"ImageObject\",\"@id\":\"https:\\\/\\\/energiesnet.com\\\/espanol\\\/claudia-sheinbaum-asume-como-primera-presidenta-de-mexico\\\/#authorImage\",\"url\":\"https:\\\/\\\/secure.gravatar.com\\\/avatar\\\/5412deb1089370e2bdf1d1310563df78bf3dc9f9e388ca5748bced95cfdb664b?s=96&d=mm&r=g\",\"width\":96,\"height\":96,\"caption\":\"EnergiesNet\"}},{\"@type\":\"WebPage\",\"@id\":\"https:\\\/\\\/energiesnet.com\\\/espanol\\\/claudia-sheinbaum-asume-como-primera-presidenta-de-mexico\\\/#webpage\",\"url\":\"https:\\\/\\\/energiesnet.com\\\/espanol\\\/claudia-sheinbaum-asume-como-primera-presidenta-de-mexico\\\/\",\"name\":\"Claudia Sheinbaum asume como primera presidenta de M\\u00e9xico - EnergiestNet\",\"description\":\"Emiliano Rodr\\u00edguez Mega y Natalie Kitroeff, NYTimes CIUDAD DE M\\u00c9XICO EnergiesNet.com 02 10 2024 Claudia Sheinbaum asumi\\u00f3 el cargo el martes para convertirse en la primera mujer y la primera persona jud\\u00eda en liderar a M\\u00e9xico en dos siglos de historia independiente del pa\\u00eds. \\u201cPor primera vez, llegamos las mujeres a conducir los destinos de\",\"inLanguage\":\"es-ES\",\"isPartOf\":{\"@id\":\"https:\\\/\\\/energiesnet.com\\\/espanol\\\/#website\"},\"breadcrumb\":{\"@id\":\"https:\\\/\\\/energiesnet.com\\\/espanol\\\/claudia-sheinbaum-asume-como-primera-presidenta-de-mexico\\\/#breadcrumblist\"},\"author\":{\"@id\":\"https:\\\/\\\/energiesnet.com\\\/espanol\\\/author\\\/elioohep\\\/#author\"},\"creator\":{\"@id\":\"https:\\\/\\\/energiesnet.com\\\/espanol\\\/author\\\/elioohep\\\/#author\"},\"image\":{\"@type\":\"ImageObject\",\"url\":\"https:\\\/\\\/energiesnet.com\\\/espanol\\\/wp-content\\\/uploads\\\/2024\\\/10\\\/sheibaum_inauguratio-efe.jpg\",\"@id\":\"https:\\\/\\\/energiesnet.com\\\/espanol\\\/claudia-sheinbaum-asume-como-primera-presidenta-de-mexico\\\/#mainImage\",\"width\":600,\"height\":400},\"primaryImageOfPage\":{\"@id\":\"https:\\\/\\\/energiesnet.com\\\/espanol\\\/claudia-sheinbaum-asume-como-primera-presidenta-de-mexico\\\/#mainImage\"},\"datePublished\":\"2024-10-02T17:54:13-04:00\",\"dateModified\":\"2024-10-02T18:07:49-04:00\"},{\"@type\":\"WebSite\",\"@id\":\"https:\\\/\\\/energiesnet.com\\\/espanol\\\/#website\",\"url\":\"https:\\\/\\\/energiesnet.com\\\/espanol\\\/\",\"name\":\"EnergiestNet\",\"description\":\"Latin America Energy, Oil ,  Gas & Renewals\",\"inLanguage\":\"es-ES\",\"publisher\":{\"@id\":\"https:\\\/\\\/energiesnet.com\\\/espanol\\\/#organization\"}}]}\n\t\t<\/script>\n\t\t<!-- All in One SEO -->\n\n","aioseo_head_json":{"title":"Claudia Sheinbaum asume como primera presidenta de M\u00e9xico - EnergiestNet","description":"Emiliano Rodr\u00edguez Mega y Natalie Kitroeff, NYTimes CIUDAD DE M\u00c9XICO EnergiesNet.com 02 10 2024 Claudia Sheinbaum asumi\u00f3 el cargo el martes para convertirse en la primera mujer y la primera persona jud\u00eda en liderar a M\u00e9xico en dos siglos de historia independiente del pa\u00eds. \u201cPor primera vez, llegamos las mujeres a conducir los destinos de","canonical_url":"https:\/\/energiesnet.com\/espanol\/claudia-sheinbaum-asume-como-primera-presidenta-de-mexico\/","robots":"max-image-preview:large","keywords":"","webmasterTools":{"miscellaneous":""},"schema":{"@context":"https:\/\/schema.org","@graph":[{"@type":"BlogPosting","@id":"https:\/\/energiesnet.com\/espanol\/claudia-sheinbaum-asume-como-primera-presidenta-de-mexico\/#blogposting","name":"Claudia Sheinbaum asume como primera presidenta de M\u00e9xico - EnergiestNet","headline":"Claudia Sheinbaum asume como primera presidenta de M\u00e9xico","author":{"@id":"https:\/\/energiesnet.com\/espanol\/author\/elioohep\/#author"},"publisher":{"@id":"https:\/\/energiesnet.com\/espanol\/#organization"},"image":{"@type":"ImageObject","url":"https:\/\/energiesnet.com\/espanol\/wp-content\/uploads\/2024\/10\/sheibaum_inauguratio-efe.jpg","width":600,"height":400},"datePublished":"2024-10-02T17:54:13-04:00","dateModified":"2024-10-02T18:07:49-04:00","inLanguage":"es-ES","mainEntityOfPage":{"@id":"https:\/\/energiesnet.com\/espanol\/claudia-sheinbaum-asume-como-primera-presidenta-de-mexico\/#webpage"},"isPartOf":{"@id":"https:\/\/energiesnet.com\/espanol\/claudia-sheinbaum-asume-como-primera-presidenta-de-mexico\/#webpage"},"articleSection":"La Noticia, Noticias Diarias, Claudia Sheinbaum, mexico, presidente"},{"@type":"BreadcrumbList","@id":"https:\/\/energiesnet.com\/espanol\/claudia-sheinbaum-asume-como-primera-presidenta-de-mexico\/#breadcrumblist","itemListElement":[{"@type":"ListItem","@id":"https:\/\/energiesnet.com\/espanol#listItem","position":1,"name":"Inicio","item":"https:\/\/energiesnet.com\/espanol","nextItem":{"@type":"ListItem","@id":"https:\/\/energiesnet.com\/espanol\/category\/top-news\/#listItem","name":"La Noticia"}},{"@type":"ListItem","@id":"https:\/\/energiesnet.com\/espanol\/category\/top-news\/#listItem","position":2,"name":"La Noticia","item":"https:\/\/energiesnet.com\/espanol\/category\/top-news\/","nextItem":{"@type":"ListItem","@id":"https:\/\/energiesnet.com\/espanol\/claudia-sheinbaum-asume-como-primera-presidenta-de-mexico\/#listItem","name":"Claudia Sheinbaum asume como primera presidenta de M\u00e9xico"},"previousItem":{"@type":"ListItem","@id":"https:\/\/energiesnet.com\/espanol#listItem","name":"Inicio"}},{"@type":"ListItem","@id":"https:\/\/energiesnet.com\/espanol\/claudia-sheinbaum-asume-como-primera-presidenta-de-mexico\/#listItem","position":3,"name":"Claudia Sheinbaum asume como primera presidenta de M\u00e9xico","previousItem":{"@type":"ListItem","@id":"https:\/\/energiesnet.com\/espanol\/category\/top-news\/#listItem","name":"La Noticia"}}]},{"@type":"Organization","@id":"https:\/\/energiesnet.com\/espanol\/#organization","name":"EnergiestNet","description":"Latin America Energy, Oil ,  Gas & Renewals","url":"https:\/\/energiesnet.com\/espanol\/","telephone":"+584142763041","logo":{"@type":"ImageObject","url":"https:\/\/energiesnet.com\/espanol\/wp-content\/uploads\/2022\/12\/EnergiesNet-Logo-200.jpg","@id":"https:\/\/energiesnet.com\/espanol\/claudia-sheinbaum-asume-como-primera-presidenta-de-mexico\/#organizationLogo","width":200,"height":220},"image":{"@id":"https:\/\/energiesnet.com\/espanol\/claudia-sheinbaum-asume-como-primera-presidenta-de-mexico\/#organizationLogo"},"sameAs":["https:\/\/www.facebook.com\/\/EnergiesNet","https:\/\/twitter.com\/EnergiesNet1","https:\/\/www.instagram.com\/energiesnet\/","https:\/\/linkedin.com\/in\/elio-ohep-a465b78"]},{"@type":"Person","@id":"https:\/\/energiesnet.com\/espanol\/author\/elioohep\/#author","url":"https:\/\/energiesnet.com\/espanol\/author\/elioohep\/","name":"EnergiesNet","image":{"@type":"ImageObject","@id":"https:\/\/energiesnet.com\/espanol\/claudia-sheinbaum-asume-como-primera-presidenta-de-mexico\/#authorImage","url":"https:\/\/secure.gravatar.com\/avatar\/5412deb1089370e2bdf1d1310563df78bf3dc9f9e388ca5748bced95cfdb664b?s=96&d=mm&r=g","width":96,"height":96,"caption":"EnergiesNet"}},{"@type":"WebPage","@id":"https:\/\/energiesnet.com\/espanol\/claudia-sheinbaum-asume-como-primera-presidenta-de-mexico\/#webpage","url":"https:\/\/energiesnet.com\/espanol\/claudia-sheinbaum-asume-como-primera-presidenta-de-mexico\/","name":"Claudia Sheinbaum asume como primera presidenta de M\u00e9xico - EnergiestNet","description":"Emiliano Rodr\u00edguez Mega y Natalie Kitroeff, NYTimes CIUDAD DE M\u00c9XICO EnergiesNet.com 02 10 2024 Claudia Sheinbaum asumi\u00f3 el cargo el martes para convertirse en la primera mujer y la primera persona jud\u00eda en liderar a M\u00e9xico en dos siglos de historia independiente del pa\u00eds. \u201cPor primera vez, llegamos las mujeres a conducir los destinos de","inLanguage":"es-ES","isPartOf":{"@id":"https:\/\/energiesnet.com\/espanol\/#website"},"breadcrumb":{"@id":"https:\/\/energiesnet.com\/espanol\/claudia-sheinbaum-asume-como-primera-presidenta-de-mexico\/#breadcrumblist"},"author":{"@id":"https:\/\/energiesnet.com\/espanol\/author\/elioohep\/#author"},"creator":{"@id":"https:\/\/energiesnet.com\/espanol\/author\/elioohep\/#author"},"image":{"@type":"ImageObject","url":"https:\/\/energiesnet.com\/espanol\/wp-content\/uploads\/2024\/10\/sheibaum_inauguratio-efe.jpg","@id":"https:\/\/energiesnet.com\/espanol\/claudia-sheinbaum-asume-como-primera-presidenta-de-mexico\/#mainImage","width":600,"height":400},"primaryImageOfPage":{"@id":"https:\/\/energiesnet.com\/espanol\/claudia-sheinbaum-asume-como-primera-presidenta-de-mexico\/#mainImage"},"datePublished":"2024-10-02T17:54:13-04:00","dateModified":"2024-10-02T18:07:49-04:00"},{"@type":"WebSite","@id":"https:\/\/energiesnet.com\/espanol\/#website","url":"https:\/\/energiesnet.com\/espanol\/","name":"EnergiestNet","description":"Latin America Energy, Oil ,  Gas & Renewals","inLanguage":"es-ES","publisher":{"@id":"https:\/\/energiesnet.com\/espanol\/#organization"}}]},"og:locale":"es_ES","og:site_name":"EnergiestNet - Latin America Energy, Oil ,  Gas &amp; Renewals","og:type":"article","og:title":"Claudia Sheinbaum asume como primera presidenta de M\u00e9xico - EnergiestNet","og:description":"Emiliano Rodr\u00edguez Mega y Natalie Kitroeff, NYTimes CIUDAD DE M\u00c9XICO EnergiesNet.com 02 10 2024 Claudia Sheinbaum asumi\u00f3 el cargo el martes para convertirse en la primera mujer y la primera persona jud\u00eda en liderar a M\u00e9xico en dos siglos de historia independiente del pa\u00eds. \u201cPor primera vez, llegamos las mujeres a conducir los destinos de","og:url":"https:\/\/energiesnet.com\/espanol\/claudia-sheinbaum-asume-como-primera-presidenta-de-mexico\/","og:image":"https:\/\/energiesnet.com\/espanol","og:image:secure_url":"https:\/\/energiesnet.com\/espanol","article:published_time":"2024-10-02T21:54:13+00:00","article:modified_time":"2024-10-02T22:07:49+00:00","article:publisher":"https:\/\/www.facebook.com\/\/EnergiesNet","twitter:card":"summary_large_image","twitter:site":"@EnergiesNet1","twitter:title":"Claudia Sheinbaum asume como primera presidenta de M\u00e9xico - EnergiestNet","twitter:description":"Emiliano Rodr\u00edguez Mega y Natalie Kitroeff, NYTimes CIUDAD DE M\u00c9XICO EnergiesNet.com 02 10 2024 Claudia Sheinbaum asumi\u00f3 el cargo el martes para convertirse en la primera mujer y la primera persona jud\u00eda en liderar a M\u00e9xico en dos siglos de historia independiente del pa\u00eds. \u201cPor primera vez, llegamos las mujeres a conducir los destinos de","twitter:creator":"@EnergiesNet1","twitter:image":"https:\/\/energiesnet.com\/espanol"},"aioseo_meta_data":{"post_id":"23223","title":null,"description":null,"keywords":null,"keyphrases":{"focus":{"keyphrase":"","score":0,"analysis":{"keyphraseInTitle":{"score":0,"maxScore":9,"error":1}}},"additional":[]},"primary_term":null,"canonical_url":null,"og_title":null,"og_description":null,"og_object_type":"default","og_image_type":"default","og_image_url":null,"og_image_width":null,"og_image_height":null,"og_image_custom_url":null,"og_image_custom_fields":null,"og_video":"","og_custom_url":null,"og_article_section":null,"og_article_tags":null,"twitter_use_og":false,"twitter_card":"default","twitter_image_type":"default","twitter_image_url":null,"twitter_image_custom_url":null,"twitter_image_custom_fields":null,"twitter_title":null,"twitter_description":null,"schema":{"blockGraphs":[],"customGraphs":[],"default":{"data":{"Article":[],"Course":[],"Dataset":[],"FAQPage":[],"Movie":[],"Person":[],"Product":[],"ProductReview":[],"Car":[],"Recipe":[],"Service":[],"SoftwareApplication":[],"WebPage":[]},"graphName":"BlogPosting","isEnabled":true},"graphs":[]},"schema_type":"default","schema_type_options":null,"pillar_content":false,"robots_default":true,"robots_noindex":false,"robots_noarchive":false,"robots_nosnippet":false,"robots_nofollow":false,"robots_noimageindex":false,"robots_noodp":false,"robots_notranslate":false,"robots_max_snippet":"-1","robots_max_videopreview":"-1","robots_max_imagepreview":"large","priority":null,"frequency":"default","local_seo":null,"breadcrumb_settings":null,"limit_modified_date":false,"ai":null,"created":"2024-10-02 21:54:16","updated":"2025-06-04 17:10:33","seo_analyzer_scan_date":null,"focus_keyword":null,"additional_keywords":null,"truseo_locale":null},"aioseo_breadcrumb":"<div class=\"aioseo-breadcrumbs\"><span class=\"aioseo-breadcrumb\">\n\t\t\t<a href=\"https:\/\/energiesnet.com\/espanol\" title=\"Inicio\">Inicio<\/a>\n\t\t<\/span><span class=\"aioseo-breadcrumb-separator\">&raquo;<\/span><span class=\"aioseo-breadcrumb\">\n\t\t\t<a href=\"https:\/\/energiesnet.com\/espanol\/category\/top-news\/\" title=\"La Noticia\">La Noticia<\/a>\n\t\t<\/span><span class=\"aioseo-breadcrumb-separator\">&raquo;<\/span><span class=\"aioseo-breadcrumb\">\n\t\t\tClaudia Sheinbaum asume como primera presidenta de M\u00e9xico\n\t\t<\/span><\/div>","aioseo_breadcrumb_json":[{"label":"Inicio","link":"https:\/\/energiesnet.com\/espanol"},{"label":"La Noticia","link":"https:\/\/energiesnet.com\/espanol\/category\/top-news\/"},{"label":"Claudia Sheinbaum asume como primera presidenta de M\u00e9xico","link":"https:\/\/energiesnet.com\/espanol\/claudia-sheinbaum-asume-como-primera-presidenta-de-mexico\/"}],"_links":{"self":[{"href":"https:\/\/energiesnet.com\/espanol\/wp-json\/wp\/v2\/posts\/23223","targetHints":{"allow":["GET"]}}],"collection":[{"href":"https:\/\/energiesnet.com\/espanol\/wp-json\/wp\/v2\/posts"}],"about":[{"href":"https:\/\/energiesnet.com\/espanol\/wp-json\/wp\/v2\/types\/post"}],"author":[{"embeddable":true,"href":"https:\/\/energiesnet.com\/espanol\/wp-json\/wp\/v2\/users\/2"}],"replies":[{"embeddable":true,"href":"https:\/\/energiesnet.com\/espanol\/wp-json\/wp\/v2\/comments?post=23223"}],"version-history":[{"count":0,"href":"https:\/\/energiesnet.com\/espanol\/wp-json\/wp\/v2\/posts\/23223\/revisions"}],"wp:featuredmedia":[{"embeddable":true,"href":"https:\/\/energiesnet.com\/espanol\/wp-json\/wp\/v2\/media\/23224"}],"wp:attachment":[{"href":"https:\/\/energiesnet.com\/espanol\/wp-json\/wp\/v2\/media?parent=23223"}],"wp:term":[{"taxonomy":"category","embeddable":true,"href":"https:\/\/energiesnet.com\/espanol\/wp-json\/wp\/v2\/categories?post=23223"},{"taxonomy":"post_tag","embeddable":true,"href":"https:\/\/energiesnet.com\/espanol\/wp-json\/wp\/v2\/tags?post=23223"}],"curies":[{"name":"wp","href":"https:\/\/api.w.org\/{rel}","templated":true}]}}