{"id":23549,"date":"2024-10-09T13:46:18","date_gmt":"2024-10-09T17:46:18","guid":{"rendered":"https:\/\/energiesnet.com\/espanol\/?p=23549"},"modified":"2024-10-09T14:07:26","modified_gmt":"2024-10-09T18:07:26","slug":"pemex-y-cfe-seran-empresas-publicas-de-servicio-y-no-de-produccion-claudia-sherinbaum","status":"publish","type":"post","link":"https:\/\/energiesnet.com\/espanol\/pemex-y-cfe-seran-empresas-publicas-de-servicio-y-no-de-produccion-claudia-sherinbaum\/","title":{"rendered":"Pemex y CFE ser\u00e1n empresas p\u00fablicas de servicio y no de producci\u00f3n &#8211; Claudia Sheinbaum"},"content":{"rendered":"\n<figure class=\"wp-block-image size-full\"><img fetchpriority=\"high\" decoding=\"async\" width=\"600\" height=\"400\" src=\"https:\/\/energiesnet.com\/espanol\/wp-content\/uploads\/2024\/10\/claudia_sheinbaum_mananera-1.jpg\" alt=\"Claudia Sheinbaum, presidenta de M\u00e9xico, durante su primera conferencia matutina en Palacio Nacional, el mi\u00e9rcoles 2 de octubre de 2024(DANIEL HERNANDEZ)\" class=\"wp-image-23551\" srcset=\"https:\/\/energiesnet.com\/espanol\/wp-content\/uploads\/2024\/10\/claudia_sheinbaum_mananera-1.jpg 600w, https:\/\/energiesnet.com\/espanol\/wp-content\/uploads\/2024\/10\/claudia_sheinbaum_mananera-1-300x200.jpg 300w\" sizes=\"(max-width: 600px) 100vw, 600px\" \/><figcaption class=\"wp-element-caption\"><strong>La C\u00e1mara de Diputados discutir\u00e1 hoy una iniciativa de reforma para modificar el c\u00e1racter de las empresas estatales Pemex y CFE<\/strong>. Claudia Sheinbaum, presidenta de M\u00e9xico, durante su primera conferencia matutina en Palacio Nacional, el mi\u00e9rcoles 2 de octubre de 2024  (Daniel Hernandez)<\/figcaption><\/figure>\n\n\n\n<p>Arturo Solis, Bloomberg Linea        <\/p>\n\n\n\n<p>CIUDAD DE M\u00c9XICO        <br>EnergiesNet.com 09 10 2024      <\/p>\n\n\n\n<p>\u00a0M\u00e9xico alista una reforma energ\u00e9tica para quitar el car\u00e1cter de empresa productiva a las estatales Petr\u00f3leos Mexicanos y Comisi\u00f3n Federal de Electricidad, conocidas como Pemex y CFE, tras la apertura del mercado con el expresidente Enrique Pe\u00f1a Nieto en 2013.<\/p>\n\n\n\n<p>Claudia Sheinbaum Pardo, presidenta de M\u00e9xico, dijo que la reforma plantea que las\u00a0<a href=\"https:\/\/www.bloomberglinea.com\/latinoamerica\/mexico\/reformas-de-amlo-favoreceran-a-pemex-si-se-aprueban\/\">empresas estatales tengan como principal funci\u00f3n el servicio p\u00fablico<\/a>\u00a0y no el mercado, adem\u00e1s de que\u00a0se vuelvan preponderantes, pues el Gobierno anterior las puso a competir con las compa\u00f1\u00edas privadas al mismo nivel, durante su conferencia de prensa matutina.<\/p>\n\n\n\n<p>\u201cEstas empresas ya se rigen no por las leyes p\u00fablicas, sino por las leyes mercantiles como cualquier empresas privada. \u00bfEsto qu\u00e9 es lo que hace? que las ponen a competir\u201d, dijo la mandataria.<\/p>\n\n\n\n<p>Sheinbaum coment\u00f3 que la C\u00e1mara de Diputados discutir\u00e1 los cambios constitucionales este 9 de octubre, incluida una modificaci\u00f3n al Art\u00edculo 27 para que la explotaci\u00f3n del litio sea exclusiva del Estado mexicano, es decir, que no se otorguen concesiones para extraer este mineral.<\/p>\n\n\n\n<p>Luz Elena Gonz\u00e1lez, titular de la Secretar\u00eda de Energ\u00eda, coment\u00f3 que la esencia de la reforma constitucional al Art\u00edculo 25, en caso de ser aprobada por el Congreso, ser\u00e1 que el derecho p\u00fablico rija a Pemex y CFE en lugar del derecho mercantil, como ocurri\u00f3 con la reforma de 2013 al denominarlas \u201cempresas productivas del Estado\u201d.<\/p>\n\n\n\n<p>La iniciativa de reforma fue propuesta por el expresidente Andr\u00e9s Manuel L\u00f3pez Obrador (AMLO), y surge como respuesta a una serie de fracasos administrativos y legislativos para privilegiar a Pemex y CFE frente a las compa\u00f1\u00edas privadas, luego de que el Poder Judicial, encabezado por la Suprema Corte de Justicia de la Naci\u00f3n, desech\u00f3 sus modificaciones. Posteriormente, el Gobierno de AMLO impulso una pol\u00e9mica reforma para elegir popularmente a jueces, magistrados y ministros.<\/p>\n\n\n\n<p><strong>Ver m\u00e1s:<\/strong>&nbsp;<a href=\"https:\/\/www.bloomberglinea.com\/latinoamerica\/mexico\/senado-consuma-reforma-judicial-de-amlo-con-mayoria-calificada-de-morena-y-aliados\/\">Senado consuma reforma judicial de AMLO con mayor\u00eda calificada de Morena y aliados<\/a><\/p>\n\n\n\n<p>La mandataria mexicana se\u00f1al\u00f3 que la definici\u00f3n de\u00a0\u201cempresa p\u00fablica\u201d se especificar\u00e1 en la legislaci\u00f3n secundaria, y precis\u00f3 que se mantendr\u00e1n los contratos privados existentes,\u00a0pero que la iniciativa recupera la caracter\u00edstica de soberan\u00eda energ\u00e9tica y no \u201csolo producir petr\u00f3leo por producir\u201d.<\/p>\n\n\n\n<p>Sheinbaum expres\u00f3 que la reforma de Pe\u00f1a Nieto fragment\u00f3 a CFE en 10 subsidiarias y empresas filiales que provocaron \u201cenormes ineficiencias\u201d, pero con modificaci\u00f3n constitucional, la compa\u00f1\u00eda el\u00e9ctrica tendr\u00e1 el 54% del mercado el\u00e9ctrico y el 46% estar\u00e1 en manos de la iniciativa privada.<\/p>\n\n\n\n<p>La iniciativa de reforma plantea 180 d\u00edas para realizar los ajustes secundarios y pidi\u00f3 a la secretaria de Energ\u00eda sentarse con el lobby empresarial m\u00e1s importante del pa\u00eds, el Consejo Coordinador Empresarial, para explicar las modificaciones.<\/p>\n\n\n\n<p>bloomberglinea.com 09 10 2024<\/p>\n","protected":false},"excerpt":{"rendered":"<p>Arturo Solis, Bloomberg Linea CIUDAD DE M\u00c9XICO EnergiesNet.com 09 10 2024 \u00a0M\u00e9xico alista una reforma energ\u00e9tica para quitar el car\u00e1cter de empresa productiva a las estatales Petr\u00f3leos Mexicanos y Comisi\u00f3n Federal de Electricidad, conocidas como Pemex y CFE, tras la apertura del mercado con el expresidente Enrique Pe\u00f1a Nieto en 2013. Claudia Sheinbaum Pardo, presidenta &hellip;<\/p>\n<p class=\"read-more\"> <a class=\"\" href=\"https:\/\/energiesnet.com\/espanol\/pemex-y-cfe-seran-empresas-publicas-de-servicio-y-no-de-produccion-claudia-sherinbaum\/\"> <span class=\"screen-reader-text\">Pemex y CFE ser\u00e1n empresas p\u00fablicas de servicio y no de producci\u00f3n &#8211; Claudia Sheinbaum<\/span> Leer m\u00e1s &raquo;<\/a><\/p>\n","protected":false},"author":2,"featured_media":23551,"comment_status":"open","ping_status":"open","sticky":false,"template":"","format":"standard","meta":{"_monsterinsights_skip_tracking":false,"_monsterinsights_sitenote_active":false,"_monsterinsights_sitenote_note":"","_monsterinsights_sitenote_category":0,"site-sidebar-layout":"default","site-content-layout":"default","ast-global-header-display":"","ast-main-header-display":"","ast-hfb-above-header-display":"","ast-hfb-below-header-display":"","ast-hfb-mobile-header-display":"","site-post-title":"","ast-breadcrumbs-content":"","ast-featured-img":"","footer-sml-layout":"","theme-transparent-header-meta":"","adv-header-id-meta":"","stick-header-meta":"","header-above-stick-meta":"","header-main-stick-meta":"","header-below-stick-meta":"","footnotes":""},"categories":[30,45],"tags":[110,2120,109,276],"class_list":["post-23549","post","type-post","status-publish","format-standard","has-post-thumbnail","hentry","category-top-news","category-noticias-diarias","tag-cfe","tag-empresas-publicas","tag-mexico","tag-pemex"],"aioseo_notices":[],"_links":{"self":[{"href":"https:\/\/energiesnet.com\/espanol\/wp-json\/wp\/v2\/posts\/23549","targetHints":{"allow":["GET"]}}],"collection":[{"href":"https:\/\/energiesnet.com\/espanol\/wp-json\/wp\/v2\/posts"}],"about":[{"href":"https:\/\/energiesnet.com\/espanol\/wp-json\/wp\/v2\/types\/post"}],"author":[{"embeddable":true,"href":"https:\/\/energiesnet.com\/espanol\/wp-json\/wp\/v2\/users\/2"}],"replies":[{"embeddable":true,"href":"https:\/\/energiesnet.com\/espanol\/wp-json\/wp\/v2\/comments?post=23549"}],"version-history":[{"count":0,"href":"https:\/\/energiesnet.com\/espanol\/wp-json\/wp\/v2\/posts\/23549\/revisions"}],"wp:featuredmedia":[{"embeddable":true,"href":"https:\/\/energiesnet.com\/espanol\/wp-json\/wp\/v2\/media\/23551"}],"wp:attachment":[{"href":"https:\/\/energiesnet.com\/espanol\/wp-json\/wp\/v2\/media?parent=23549"}],"wp:term":[{"taxonomy":"category","embeddable":true,"href":"https:\/\/energiesnet.com\/espanol\/wp-json\/wp\/v2\/categories?post=23549"},{"taxonomy":"post_tag","embeddable":true,"href":"https:\/\/energiesnet.com\/espanol\/wp-json\/wp\/v2\/tags?post=23549"}],"curies":[{"name":"wp","href":"https:\/\/api.w.org\/{rel}","templated":true}]}}