{"id":23873,"date":"2024-11-15T12:07:47","date_gmt":"2024-11-15T16:07:47","guid":{"rendered":"https:\/\/energiesnet.com\/espanol\/?p=23873"},"modified":"2024-11-15T12:17:06","modified_gmt":"2024-11-15T16:17:06","slug":"primer-ministro-peruano-apoya-nombramientos-controversiales-en-petroperu","status":"publish","type":"post","link":"https:\/\/energiesnet.com\/espanol\/primer-ministro-peruano-apoya-nombramientos-controversiales-en-petroperu\/","title":{"rendered":"Primer Ministro Peruano Apoya Nombramientos Controversiales en Petroper\u00fa"},"content":{"rendered":"\n<figure class=\"wp-block-image size-full is-resized\"><img fetchpriority=\"high\" decoding=\"async\" width=\"600\" height=\"400\" src=\"https:\/\/energiesnet.com\/espanol\/wp-content\/uploads\/2024\/11\/peru_gustavo_adriazen_petroperu.jpg\" alt=\"El primer ministro de Per\u00fa defendi\u00f3 a la nueva c\u00fapula de Petroper\u00fa frente a las cr\u00edticas de grupos empresariales que dijeron que frenar\u00edan la reestructuraci\u00f3n de la petrolera estatal.\" class=\"wp-image-23878\" style=\"width:760px;height:auto\" srcset=\"https:\/\/energiesnet.com\/espanol\/wp-content\/uploads\/2024\/11\/peru_gustavo_adriazen_petroperu.jpg 600w, https:\/\/energiesnet.com\/espanol\/wp-content\/uploads\/2024\/11\/peru_gustavo_adriazen_petroperu-300x200.jpg 300w\" sizes=\"(max-width: 600px) 100vw, 600px\" \/><figcaption class=\"wp-element-caption\">El primer ministro de Per\u00fa defendi\u00f3 a la nueva c\u00fapula de Petroper\u00fa frente a las cr\u00edticas de grupos empresariales que dijeron que frenar\u00edan la reestructuraci\u00f3n de la petrolera estatal.<\/figcaption><\/figure>\n\n\n\n<p>Bloomberg News         <\/p>\n\n\n\n<p>LIMA          <br>EnergiesNet  15 11 2024       <\/p>\n\n\n\n<p>El primer ministro de Per\u00fa defendi\u00f3 a la nueva c\u00fapula de Petroper\u00fa frente a las cr\u00edticas de grupos empresariales que dijeron que\u00a0frenar\u00edan la reestructuraci\u00f3n de la petrolera estatal, fuertemente endeudada.\u201cEsperamos que estos nombramientos empiecen pronto y silenciosamente a generar resultados positivos\u201d, dijo el primer ministro Gustavo Adrianzen en una entrevista en Lima.\u00a0Per\u00fa acoge esta semana la cumbre del Foro de Cooperaci\u00f3n Econ\u00f3mica Asia-Pac\u00edfico, a la que asisten l\u00edderes mundiales de la regi\u00f3n.<\/p>\n\n\n\n<p>Petroper\u00fa ha sido un lastre recurrente para las arcas peruanas, ya que&nbsp;ha requerido m\u00e1s de mil millones de d\u00f3lares en ayudas&nbsp;que han perjudicado las cuentas fiscales del pa\u00eds. Los grupos empresariales de Per\u00fa han criticado duramente los recientes nombramientos de Alejandro Narv\u00e1ez como presidente y de \u00d3scar Vera, exministro de Energ\u00eda y Minas, como CEO, afirmando que no contribuir\u00e1n a un cambio de rumbo.<\/p>\n\n\n\n<p>Lea m\u00e1s:&nbsp;<a href=\"https:\/\/www.bloomberglinea.com\/latinoamerica\/peru\/asi-avanza-el-paro-en-peru-mientras-se-espera-la-llegada-de-xi-jinping-y-biden-por-apec\/\">As\u00ed avanza el paro en Per\u00fa mientras se espera la llegada de Xi Jinping y Biden por APEC.<\/a><\/p>\n\n\n\n<p>\u201cNarv\u00e1ez ha dicho que la empresa no atraviesa una crisis, a pesar de los rescates que Petroper\u00fa ha necesitado para evitar la insolvencia\u201d, declar\u00f3 esta semana la Confiep. \u201cEstos nombramientos son pol\u00edticos, ideol\u00f3gicos e irresponsables, y&nbsp;refuerzan la posici\u00f3n del ejecutivo que est\u00e1 en contra de la reestructuraci\u00f3n de Petroper\u00fa\u201d.<\/p>\n\n\n\n<p>Petroper\u00fa funcion\u00f3 sin directorio durante unas ocho semanas, despu\u00e9s de que una lista anterior de directores renunciara en masa, acusando al gobierno de dar largas a las duras decisiones necesarias para transformar la empresa.&nbsp;Petroper\u00fa est\u00e1 muy endeudada debido a la construcci\u00f3n de su refiner\u00eda de Talara, valorada en US$6.000 millones, que se retras\u00f3 mucho y super\u00f3 el presupuesto.<\/p>\n\n\n\n<p>Hacer frente a los pagos de los bonos y de los prestamistas ha sido un quebradero de cabeza para Petroper\u00fa y actualmente el gobierno asume directamente esas facturas. El ministro de Finanzas, Jos\u00e9 Arista, dijo en una entrevista a principios de esta semana que era poco probable que el gobierno siguiera pagando a los acreedores en nombre de Petroper\u00fa el pr\u00f3ximo a\u00f1o, pero no lo descart\u00f3.<\/p>\n\n\n\n<p>Adrianzen neg\u00f3 que Petroper\u00fa necesite m\u00e1s apoyo financiero del gobierno, pero reconoci\u00f3 que sus predecesores hab\u00edan hecho aseveraciones similares, s\u00f3lo para luego rescatar a la empresa en una fecha posterior.<\/p>\n\n\n\n<p>\u201cPersonalmente, rechazo la necesidad de un nuevo rescate\u201d, dijo el primer ministro.<\/p>\n\n\n\n<p>bloomberg.com 14 11 2024<\/p>\n","protected":false},"excerpt":{"rendered":"<p>Bloomberg News LIMA EnergiesNet 15 11 2024 El primer ministro de Per\u00fa defendi\u00f3 a la nueva c\u00fapula de Petroper\u00fa frente a las cr\u00edticas de grupos empresariales que dijeron que\u00a0frenar\u00edan la reestructuraci\u00f3n de la petrolera estatal, fuertemente endeudada.\u201cEsperamos que estos nombramientos empiecen pronto y silenciosamente a generar resultados positivos\u201d, dijo el primer ministro Gustavo Adrianzen en &hellip;<\/p>\n<p class=\"read-more\"> <a class=\"\" href=\"https:\/\/energiesnet.com\/espanol\/primer-ministro-peruano-apoya-nombramientos-controversiales-en-petroperu\/\"> <span class=\"screen-reader-text\">Primer Ministro Peruano Apoya Nombramientos Controversiales en Petroper\u00fa<\/span> Leer m\u00e1s &raquo;<\/a><\/p>\n","protected":false},"author":2,"featured_media":23878,"comment_status":"open","ping_status":"open","sticky":false,"template":"","format":"standard","meta":{"_monsterinsights_skip_tracking":false,"_monsterinsights_sitenote_active":false,"_monsterinsights_sitenote_note":"","_monsterinsights_sitenote_category":0,"site-sidebar-layout":"default","site-content-layout":"default","ast-global-header-display":"","ast-main-header-display":"","ast-hfb-above-header-display":"","ast-hfb-below-header-display":"","ast-hfb-mobile-header-display":"","site-post-title":"","ast-breadcrumbs-content":"","ast-featured-img":"","footer-sml-layout":"","theme-transparent-header-meta":"","adv-header-id-meta":"","stick-header-meta":"","header-above-stick-meta":"","header-main-stick-meta":"","header-below-stick-meta":"","footnotes":""},"categories":[30,45],"tags":[],"class_list":["post-23873","post","type-post","status-publish","format-standard","has-post-thumbnail","hentry","category-top-news","category-noticias-diarias"],"aioseo_notices":[],"_links":{"self":[{"href":"https:\/\/energiesnet.com\/espanol\/wp-json\/wp\/v2\/posts\/23873","targetHints":{"allow":["GET"]}}],"collection":[{"href":"https:\/\/energiesnet.com\/espanol\/wp-json\/wp\/v2\/posts"}],"about":[{"href":"https:\/\/energiesnet.com\/espanol\/wp-json\/wp\/v2\/types\/post"}],"author":[{"embeddable":true,"href":"https:\/\/energiesnet.com\/espanol\/wp-json\/wp\/v2\/users\/2"}],"replies":[{"embeddable":true,"href":"https:\/\/energiesnet.com\/espanol\/wp-json\/wp\/v2\/comments?post=23873"}],"version-history":[{"count":0,"href":"https:\/\/energiesnet.com\/espanol\/wp-json\/wp\/v2\/posts\/23873\/revisions"}],"wp:featuredmedia":[{"embeddable":true,"href":"https:\/\/energiesnet.com\/espanol\/wp-json\/wp\/v2\/media\/23878"}],"wp:attachment":[{"href":"https:\/\/energiesnet.com\/espanol\/wp-json\/wp\/v2\/media?parent=23873"}],"wp:term":[{"taxonomy":"category","embeddable":true,"href":"https:\/\/energiesnet.com\/espanol\/wp-json\/wp\/v2\/categories?post=23873"},{"taxonomy":"post_tag","embeddable":true,"href":"https:\/\/energiesnet.com\/espanol\/wp-json\/wp\/v2\/tags?post=23873"}],"curies":[{"name":"wp","href":"https:\/\/api.w.org\/{rel}","templated":true}]}}