{"id":23882,"date":"2024-11-17T04:04:04","date_gmt":"2024-11-17T08:04:04","guid":{"rendered":"https:\/\/energiesnet.com\/espanol\/?p=23882"},"modified":"2024-11-17T04:04:06","modified_gmt":"2024-11-17T08:04:06","slug":"parlamento-europeo-reconoce-a-edmundo-gonzalez-como-presidente-de-venezuela","status":"publish","type":"post","link":"https:\/\/energiesnet.com\/espanol\/parlamento-europeo-reconoce-a-edmundo-gonzalez-como-presidente-de-venezuela\/","title":{"rendered":"Parlamento Europeo Reconoce a Edmundo Gonz\u00e1lez como Presidente de Venezuela"},"content":{"rendered":"\n<figure class=\"wp-block-image size-full\"><img fetchpriority=\"high\" decoding=\"async\" width=\"600\" height=\"700\" src=\"https:\/\/energiesnet.com\/espanol\/wp-content\/uploads\/2024\/11\/edmundo_P_UE_Nov2024-1.jpg\" alt=\"\n \nVenezuela: el Parlamento Europeo reconoce a Edmundo Gonz\u00e1lez como presidente\" class=\"wp-image-23884\" srcset=\"https:\/\/energiesnet.com\/espanol\/wp-content\/uploads\/2024\/11\/edmundo_P_UE_Nov2024-1.jpg 600w, https:\/\/energiesnet.com\/espanol\/wp-content\/uploads\/2024\/11\/edmundo_P_UE_Nov2024-1-257x300.jpg 257w\" sizes=\"(max-width: 600px) 100vw, 600px\" \/><figcaption class=\"wp-element-caption\">Venezuela: el Parlamento Europeo reconoce a Edmundo Gonz\u00e1lez como presidente<\/figcaption><\/figure>\n\n\n\n<p>Parlamento Europeo<\/p>\n\n\n\n<p>BRUSELAS         <br>EnergiesNet.com 16  11 2024         <\/p>\n\n\n\n<p>La UE debe hacer todo lo posible para garantizar que Edmundo Gonz\u00e1lez Urrutia, el presidente leg\u00edtimo y democr\u00e1ticamente elegido de Venezuela, pueda asumir el cargo el 10 de enero de 2025.<\/p>\n\n\n\n<p>En una resoluci\u00f3n aprobada el jueves con 309 votos a favor, 201 en contra y 12 abstenciones, el Parlamento \u00abcondena energ\u00e9ticamente y rechaza plenamente el fraude electoral orquestado por el Consejo Nacional Electoral, controlado por el r\u00e9gimen, que se neg\u00f3 a hacer p\u00fablico el resultado oficial\u00bb. Los eurodiputados reconocen a Gonz\u00e1lez Urrutia como presidente leg\u00edtimo y democr\u00e1ticamente elegido, y a Mar\u00eda Corina Machado como l\u00edder de las fuerzas democr\u00e1ticas en Venezuela. Tambi\u00e9n condenan la orden de detenci\u00f3n contra Gonz\u00e1lez Urrutia y destacan la decisi\u00f3n del Gobierno de Espa\u00f1a de concederle asilo pol\u00edtico.<\/p>\n\n\n\n<p>Los eurodiputados destacan que, a pesar de los reiterados llamamientos de la comunidad internacional, el r\u00e9gimen venezolano no respeta el Acuerdo de Barbados de 2023 entre el Gobierno de Nicol\u00e1s Maduro y la oposici\u00f3n para la organizaci\u00f3n de los comicios presidenciales, lo que hace imposible la celebraci\u00f3n de elecciones libres y justas.<\/p>\n\n\n\n<p>El texto se\u00f1ala que los informes de las misiones internacionales de observaci\u00f3n electoral indican claramente que las elecciones presidenciales del 28 de julio no cumplieron con los criterios internacionales de integridad electoral. Tambi\u00e9n condena los asesinatos, el acoso, las violaciones y las detenciones perpetrados contra la oposici\u00f3n democr\u00e1tica al r\u00e9gimen y contra la sociedad civil y el pueblo venezolanos, y pide que se ponga fin al patr\u00f3n sistem\u00e1tico de violaciones de los derechos humanos.<\/p>\n\n\n\n<p>La resoluci\u00f3n tambi\u00e9n pide a la Corte Penal Internacional que incluya las violaciones de los derechos humanos y las detenciones arbitrarias en curso en sus investigaciones sobre los presuntos cr\u00edmenes contra la humanidad cometidos por el r\u00e9gimen de Maduro y que exija que rindan cuentas los responsables.<\/p>\n\n\n\n<p>Los eurodiputados saludan el papel que est\u00e1n desempe\u00f1ando los Gobiernos de Brasil, Colombia y M\u00e9xico e instan a los actores regionales y a la comunidad internacional a que ejerzan toda la presi\u00f3n que puedan sobre el r\u00e9gimen de Maduro y su c\u00edrculo m\u00e1s pr\u00f3ximo para que acepten la voluntad democr\u00e1tica del pueblo venezolano, reconociendo a Edmundo Gonz\u00e1lez Urrutia como presidente leg\u00edtimo y democr\u00e1ticamente elegido de Venezuela. Advierten de que, a falta de un traspaso pac\u00edfico de poder y el restablecimiento de la democracia, se producir\u00e1 un nuevo \u00e9xodo migratorio hacia otros pa\u00edses de la regi\u00f3n, similar al que ha llevado a cerca de ocho millones de venezolanos a huir del pa\u00eds en los \u00faltimos a\u00f1os.<\/p>\n\n\n\n<p>Esta resoluci\u00f3n se suma a las siete aprobadas en la anterior legislatura (2019-2024) sobre la inestabilidad pol\u00edtica y los ataques a la oposici\u00f3n en Venezuela.<\/p>\n\n\n\n<p>europarl.europa.eu 19 09 2024<\/p>\n","protected":false},"excerpt":{"rendered":"<p>Parlamento Europeo BRUSELAS EnergiesNet.com 16 11 2024 La UE debe hacer todo lo posible para garantizar que Edmundo Gonz\u00e1lez Urrutia, el presidente leg\u00edtimo y democr\u00e1ticamente elegido de Venezuela, pueda asumir el cargo el 10 de enero de 2025. En una resoluci\u00f3n aprobada el jueves con 309 votos a favor, 201 en contra y 12 abstenciones, &hellip;<\/p>\n<p class=\"read-more\"> <a class=\"\" href=\"https:\/\/energiesnet.com\/espanol\/parlamento-europeo-reconoce-a-edmundo-gonzalez-como-presidente-de-venezuela\/\"> <span class=\"screen-reader-text\">Parlamento Europeo Reconoce a Edmundo Gonz\u00e1lez como Presidente de Venezuela<\/span> Leer m\u00e1s &raquo;<\/a><\/p>\n","protected":false},"author":2,"featured_media":23884,"comment_status":"open","ping_status":"open","sticky":false,"template":"","format":"standard","meta":{"_monsterinsights_skip_tracking":false,"_monsterinsights_sitenote_active":false,"_monsterinsights_sitenote_note":"","_monsterinsights_sitenote_category":0,"site-sidebar-layout":"default","site-content-layout":"default","ast-global-header-display":"","ast-main-header-display":"","ast-hfb-above-header-display":"","ast-hfb-below-header-display":"","ast-hfb-mobile-header-display":"","site-post-title":"","ast-breadcrumbs-content":"","ast-featured-img":"","footer-sml-layout":"","theme-transparent-header-meta":"","adv-header-id-meta":"","stick-header-meta":"","header-above-stick-meta":"","header-main-stick-meta":"","header-below-stick-meta":"","footnotes":""},"categories":[45],"tags":[],"class_list":["post-23882","post","type-post","status-publish","format-standard","has-post-thumbnail","hentry","category-noticias-diarias"],"aioseo_notices":[],"_links":{"self":[{"href":"https:\/\/energiesnet.com\/espanol\/wp-json\/wp\/v2\/posts\/23882","targetHints":{"allow":["GET"]}}],"collection":[{"href":"https:\/\/energiesnet.com\/espanol\/wp-json\/wp\/v2\/posts"}],"about":[{"href":"https:\/\/energiesnet.com\/espanol\/wp-json\/wp\/v2\/types\/post"}],"author":[{"embeddable":true,"href":"https:\/\/energiesnet.com\/espanol\/wp-json\/wp\/v2\/users\/2"}],"replies":[{"embeddable":true,"href":"https:\/\/energiesnet.com\/espanol\/wp-json\/wp\/v2\/comments?post=23882"}],"version-history":[{"count":0,"href":"https:\/\/energiesnet.com\/espanol\/wp-json\/wp\/v2\/posts\/23882\/revisions"}],"wp:featuredmedia":[{"embeddable":true,"href":"https:\/\/energiesnet.com\/espanol\/wp-json\/wp\/v2\/media\/23884"}],"wp:attachment":[{"href":"https:\/\/energiesnet.com\/espanol\/wp-json\/wp\/v2\/media?parent=23882"}],"wp:term":[{"taxonomy":"category","embeddable":true,"href":"https:\/\/energiesnet.com\/espanol\/wp-json\/wp\/v2\/categories?post=23882"},{"taxonomy":"post_tag","embeddable":true,"href":"https:\/\/energiesnet.com\/espanol\/wp-json\/wp\/v2\/tags?post=23882"}],"curies":[{"name":"wp","href":"https:\/\/api.w.org\/{rel}","templated":true}]}}