{"id":23938,"date":"2024-11-20T06:40:38","date_gmt":"2024-11-20T10:40:38","guid":{"rendered":"https:\/\/energiesnet.com\/espanol\/?p=23938"},"modified":"2024-11-20T06:40:40","modified_gmt":"2024-11-20T10:40:40","slug":"desconexion-de-principal-termoelectrica-deja-a-mas-de-la-mitad-de-cuba-sin-energia","status":"publish","type":"post","link":"https:\/\/energiesnet.com\/espanol\/desconexion-de-principal-termoelectrica-deja-a-mas-de-la-mitad-de-cuba-sin-energia\/","title":{"rendered":"Desconexi\u00f3n de Principal Termoel\u00e9ctrica Deja a M\u00e1s de la Mitad de Cuba sin Energ\u00eda"},"content":{"rendered":"\n<figure class=\"wp-block-image size-full is-resized\"><img fetchpriority=\"high\" decoding=\"async\" width=\"600\" height=\"411\" src=\"https:\/\/energiesnet.com\/espanol\/wp-content\/uploads\/2024\/11\/electrical_workers.jpg\" alt=\"La isla sigue sufriendo apagones atribuidos por la Uni\u00f3n El\u00e9ctrica (UNE) a un d\u00e9ficit de generaci\u00f3n y a los da\u00f1os causados por los huracanes\n\n\" class=\"wp-image-23949\" style=\"width:624px;height:auto\" srcset=\"https:\/\/energiesnet.com\/espanol\/wp-content\/uploads\/2024\/11\/electrical_workers.jpg 600w, https:\/\/energiesnet.com\/espanol\/wp-content\/uploads\/2024\/11\/electrical_workers-300x206.jpg 300w\" sizes=\"(max-width: 600px) 100vw, 600px\" \/><figcaption class=\"wp-element-caption\">La isla sigue sufriendo apagones atribuidos por la Uni\u00f3n El\u00e9ctrica (UNE) a un d\u00e9ficit de generaci\u00f3n y a los da\u00f1os causados por los huracanes. M\u00e1s de la mitad de Cuba sin energ\u00eda, tras desconexi\u00f3n de la principal termoel\u00e9ctrica.Brigada de la estatal el\u00e9ctrica atiende un circuito en Sancti Sp\u00edritus, el 31 de octubre de 2024.(Divulgaci\u00f3n: Empresa El\u00e9ctrica Sancti Sp\u00edritus)<\/figcaption><\/figure>\n\n\n\n<p>F\u00e1tima Romero, Bloomberg L\u00ednea        <\/p>\n\n\n\n<p>SAN PEDRO SULA, Honduras       <br>EnergiesNet.com 20 11 2024            <\/p>\n\n\n\n<p>Cuba sigue enfrentando apagones debido a un d\u00e9ficit en la capacidad de generaci\u00f3n y aver\u00edas en redes el\u00e9ctricas, inform\u00f3&nbsp;la Uni\u00f3n El\u00e9ctrica, del Ministerio de Energ\u00eda y Minas.<\/p>\n\n\n\n<p>Seg\u00fan el comunicado de la estatal, el pron\u00f3stico de este martes para la hora pico (tarde-noche) es una disponibilidad de 1.556 MW frente a una demanda m\u00e1xima de 3.080 MW, es decir, un d\u00e9ficit de energ\u00eda de 1.524 MW, lo que significa que&nbsp;el 52% de la demanda proyectada no se podr\u00e1 cubrir este d\u00eda.<\/p>\n\n\n\n<p>\u201cEl presidente (Miguel D\u00edaz Canel) lo dijo desde el primer d\u00eda: \u2018Vamos por m\u00e1s\u2019. Obviamente se refer\u00eda a m\u00e1s: apagones, inflaci\u00f3n y desabastecimiento de alimentos y medicamentos, en fin m\u00e1s miseria\u201d, dijo en redes sociales Leonardo Rossi,&nbsp;un cubano originario de La Habana&nbsp;y residente en Miami.<\/p>\n\n\n\n<p>Las autoridades reconocieron la semana pasada que&nbsp;la econom\u00eda cubana volver\u00eda a contraerse en 2024. S\u00ed \u201ctiene que haber una afectaci\u00f3n al Producto Interno Bruto este a\u00f1o (PIB)\u201d, dijo a periodistas el ministro de Econom\u00eda, Joaqu\u00edn Alonso, durante una conferencia de prensa. \u201cHemos tenido un mes de bajos niveles de producci\u00f3n no solo por los eventos climatol\u00f3gicos sino por los energ\u00e9ticos que han afectado todo el pa\u00eds\u201d.<\/p>\n\n\n\n<p>Lea m\u00e1s:&nbsp;<a href=\"https:\/\/www.bloomberglinea.com\/economia\/hambre-apagones-e-inflacion-azotan-a-cuba-que-le-espera-a-la-isla-con-trump\/\">Hambre, apagones e inflaci\u00f3n azotan a Cuba: \u00bfqu\u00e9 le espera a la isla con Trump?<\/a><\/p>\n\n\n\n<p>La empresa estatal inform\u00f3 que desde la ma\u00f1ana de este martes se desconect\u00f3&nbsp;la Central Termoel\u00e9ctrica (CTE) Antonio Guiteras, en la provincia de Matanzas, \u201cpara ejecutar trabajos impostergables en la caldera\u201d.<\/p>\n\n\n\n<p>Sobre ello, el periodista L\u00e1zaro Manuel Alonso explic\u00f3 en cuenta de Facebook que&nbsp;el mantenimiento de la termoel\u00e9ctrica m\u00e1s importante del pa\u00eds durar\u00e1 96 horas&nbsp;(cuatro d\u00edas).<\/p>\n\n\n\n<p>La salida temporal del Sistema El\u00e9ctrico Nacional (SEN) de la Guiteras&nbsp;complica todav\u00eda m\u00e1s la situaci\u00f3n energ\u00e9tica que enfrenta la isla&nbsp;con apagones de hasta 20 horas al d\u00eda. Las plantas termoel\u00e9ctricas tienen m\u00e1s de cuatro d\u00e9cadas de explotaci\u00f3n y funcionan con equipos obsoletos y falta de inversiones.<\/p>\n\n\n\n<p>De acuerdo con la UNE, adem\u00e1s de Matanzas,&nbsp;las unidades de las CTE Mariel, Santa Cruz, Felton y Rent\u00e9 est\u00e1n fuera de servicio&nbsp;por aver\u00edas o mantenimiento. Tambi\u00e9n, hay m\u00e1s de 387 MW fuera de servicio por falta de combustible en la generaci\u00f3n distribuida, afectando patanas y centrales.<\/p>\n\n\n\n<p>Por si fuera poco, debido al&nbsp;hurac\u00e1n Rafael&nbsp;\u2014que afect\u00f3 a principios de este mes y con una diferencia de dos semanas del hurac\u00e1n \u00d3scar\u2014 90 MW est\u00e1n afectados por aver\u00edas en redes el\u00e9ctricas en la provincia de Artemisa, exacerbando la ya cr\u00edtica situaci\u00f3n energ\u00e9tica del pa\u00eds, que se suma a una de las peores&nbsp;<a href=\"https:\/\/www.bloomberglinea.com\/2024\/09\/19\/cuba-recorta-la-racion-de-pan-mientras-se-agrava-la-crisis-alimentaria\/\">crisis econ\u00f3micas en d\u00e9cadas<\/a>.<\/p>\n\n\n\n<p>El&nbsp;Instituto Cubano por la Libertad de Expresi\u00f3n y Prensa (ICLEP)&nbsp;report\u00f3 que mientras los medios de comunicaci\u00f3n del gobierno muestran una ardua labor recuperativa en el municipio artemise\u00f1o de Guanajay, todav\u00eda hay postes de luz ca\u00eddos por lluvia y viento.<\/p>\n\n\n\n<p>\u201cEn cualquier momento ocurre un accidente fatal. Hemos dado parte a la Empresa El\u00e9ctrica, pero ha sido en vano, todav\u00eda los estamos esperando\u201d, dijo la residente Odalisca Su\u00e1rez al ICLEP.<\/p>\n\n\n\n<p><strong>\u00bfQu\u00e9 est\u00e1 haciendo el gobierno cubano?<\/strong><\/p>\n\n\n\n<p>La primera secretaria del Partido Comunista (PCC) en Santiago de Cuba,&nbsp;Beatriz Johnson Urrutia, dijo el lunes en Facebook que ante el alto d\u00e9ficit de generaci\u00f3n el\u00e9ctrica que enfrenta el pa\u00eds, la Empresa El\u00e9ctrica Santiago de Cuba dise\u00f1\u00f3 una estrategia provisional para garantizar al menos 5-6 horas de servicio el\u00e9ctrico diarias por circuito, \u201csiempre que la disponibilidad del Sistema El\u00e9ctrico Nacional (SEN) lo permita\u201d.<\/p>\n\n\n\n<p>\u201cCuando el d\u00e9ficit supere la capacidad de los circuitos en servicio,&nbsp;se priorizar\u00e1n aquellos con puntos vitales para minimizar el tiempo de afectaci\u00f3n en los dem\u00e1s\u201d, agreg\u00f3 la funcionaria.<\/p>\n\n\n\n<p>bloomberglinea.com 19 11 2024<\/p>\n","protected":false},"excerpt":{"rendered":"<p>F\u00e1tima Romero, Bloomberg L\u00ednea SAN PEDRO SULA, Honduras EnergiesNet.com 20 11 2024 Cuba sigue enfrentando apagones debido a un d\u00e9ficit en la capacidad de generaci\u00f3n y aver\u00edas en redes el\u00e9ctricas, inform\u00f3&nbsp;la Uni\u00f3n El\u00e9ctrica, del Ministerio de Energ\u00eda y Minas. Seg\u00fan el comunicado de la estatal, el pron\u00f3stico de este martes para la hora pico (tarde-noche) &hellip;<\/p>\n<p class=\"read-more\"> <a class=\"\" href=\"https:\/\/energiesnet.com\/espanol\/desconexion-de-principal-termoelectrica-deja-a-mas-de-la-mitad-de-cuba-sin-energia\/\"> <span class=\"screen-reader-text\">Desconexi\u00f3n de Principal Termoel\u00e9ctrica Deja a M\u00e1s de la Mitad de Cuba sin Energ\u00eda<\/span> Leer m\u00e1s &raquo;<\/a><\/p>\n","protected":false},"author":2,"featured_media":23949,"comment_status":"open","ping_status":"open","sticky":false,"template":"","format":"standard","meta":{"_monsterinsights_skip_tracking":false,"_monsterinsights_sitenote_active":false,"_monsterinsights_sitenote_note":"","_monsterinsights_sitenote_category":0,"site-sidebar-layout":"default","site-content-layout":"default","ast-global-header-display":"","ast-main-header-display":"","ast-hfb-above-header-display":"","ast-hfb-below-header-display":"","ast-hfb-mobile-header-display":"","site-post-title":"","ast-breadcrumbs-content":"","ast-featured-img":"","footer-sml-layout":"","theme-transparent-header-meta":"","adv-header-id-meta":"","stick-header-meta":"","header-above-stick-meta":"","header-main-stick-meta":"","header-below-stick-meta":"","footnotes":""},"categories":[45],"tags":[],"class_list":["post-23938","post","type-post","status-publish","format-standard","has-post-thumbnail","hentry","category-noticias-diarias"],"aioseo_notices":[],"_links":{"self":[{"href":"https:\/\/energiesnet.com\/espanol\/wp-json\/wp\/v2\/posts\/23938","targetHints":{"allow":["GET"]}}],"collection":[{"href":"https:\/\/energiesnet.com\/espanol\/wp-json\/wp\/v2\/posts"}],"about":[{"href":"https:\/\/energiesnet.com\/espanol\/wp-json\/wp\/v2\/types\/post"}],"author":[{"embeddable":true,"href":"https:\/\/energiesnet.com\/espanol\/wp-json\/wp\/v2\/users\/2"}],"replies":[{"embeddable":true,"href":"https:\/\/energiesnet.com\/espanol\/wp-json\/wp\/v2\/comments?post=23938"}],"version-history":[{"count":0,"href":"https:\/\/energiesnet.com\/espanol\/wp-json\/wp\/v2\/posts\/23938\/revisions"}],"wp:featuredmedia":[{"embeddable":true,"href":"https:\/\/energiesnet.com\/espanol\/wp-json\/wp\/v2\/media\/23949"}],"wp:attachment":[{"href":"https:\/\/energiesnet.com\/espanol\/wp-json\/wp\/v2\/media?parent=23938"}],"wp:term":[{"taxonomy":"category","embeddable":true,"href":"https:\/\/energiesnet.com\/espanol\/wp-json\/wp\/v2\/categories?post=23938"},{"taxonomy":"post_tag","embeddable":true,"href":"https:\/\/energiesnet.com\/espanol\/wp-json\/wp\/v2\/tags?post=23938"}],"curies":[{"name":"wp","href":"https:\/\/api.w.org\/{rel}","templated":true}]}}