{"id":24295,"date":"2024-12-19T08:31:26","date_gmt":"2024-12-19T12:31:26","guid":{"rendered":"https:\/\/energiesnet.com\/espanol\/?p=24295"},"modified":"2024-12-19T08:31:30","modified_gmt":"2024-12-19T12:31:30","slug":"colombia-y-panama-conectan-sudamerica-y-centroamerica-con-proyecto-electrico","status":"publish","type":"post","link":"https:\/\/energiesnet.com\/espanol\/colombia-y-panama-conectan-sudamerica-y-centroamerica-con-proyecto-electrico\/","title":{"rendered":"Colombia y Panam\u00e1 Conectan Sudam\u00e9rica y Centroam\u00e9rica con Proyecto El\u00e9ctrico"},"content":{"rendered":"\n<figure class=\"wp-block-image size-full\"><img fetchpriority=\"high\" decoding=\"async\" width=\"600\" height=\"400\" src=\"https:\/\/energiesnet.com\/espanol\/wp-content\/uploads\/2024\/12\/energy_transmision.jpg\" alt=\"Colombia y Panam\u00e1 avanzan en proyecto de interconexi\u00f3n el\u00e9ctrica, \u00bfcu\u00e1les son los beneficios?La iniciativa complet\u00f3 la fase de estudios de impacto ambiental y la inspecci\u00f3n marina en ambos pa\u00edses.\" class=\"wp-image-24296\" srcset=\"https:\/\/energiesnet.com\/espanol\/wp-content\/uploads\/2024\/12\/energy_transmision.jpg 600w, https:\/\/energiesnet.com\/espanol\/wp-content\/uploads\/2024\/12\/energy_transmision-300x200.jpg 300w\" sizes=\"(max-width: 600px) 100vw, 600px\" \/><figcaption class=\"wp-element-caption\">Colombia y Panam\u00e1 avanzan en proyecto de interconexi\u00f3n el\u00e9ctrica, \u00bfcu\u00e1les son los beneficios?La iniciativa complet\u00f3 la fase de estudios de impacto ambiental y la inspecci\u00f3n marina en ambos pa\u00edses.<\/figcaption><\/figure>\n\n\n\n<p>Carlos Cuevas, Bloomberg L\u00ednea        <\/p>\n\n\n\n<p>BOGOT\u00c1\u00a0           <br>EnergiesNet.com 19 12 2024\u00a0        <\/p>\n\n\n\n<p>Los Gobiernos de Colombia y Panam\u00e1 avanzan en un proyecto de interconexi\u00f3n el\u00e9ctrica que no solo beneficiar\u00e1 a estos pa\u00edses, sino que integrar\u00e1 energ\u00e9ticamente a Sudam\u00e9rica y Centroam\u00e9rica.&nbsp;La inversi\u00f3n estimada es de US$800 millones y el proyecto entrar\u00eda en operaci\u00f3n en 2028.<\/p>\n\n\n\n<p>La iniciativa fue contemplada desde 2009, pero se retom\u00f3 solo hasta el pasado 16 de diciembre, con la reuni\u00f3n entre autoridades de Ambiente, Energ\u00eda, Relaciones Exteriores y de Finanzas de ambos pa\u00edses en Ciudad de Panam\u00e1.<\/p>\n\n\n\n<p>El proyecto tendr\u00e1 una extensi\u00f3n de 500 km, de los cuales 220 se ubican en territorio paname\u00f1o, 150 en territorio colombiano y 130 en un tramo marino entra ambos pa\u00edses, seg\u00fan el Ministerio de Energ\u00eda y Minas de Colombia. Adem\u00e1s, estar\u00e1 en capacidad de 400 megavatios (MW) de energ\u00eda, utilizando como tecnolog\u00eda la corriente directa HVDC, que ofrece beneficios t\u00e9cnicos, econ\u00f3micos y ambientales.<\/p>\n\n\n\n<p>Leer m\u00e1s:&nbsp;<a href=\"https:\/\/www.bloomberglinea.com\/latinoamerica\/panama\/panama-pide-a-donald-trump-ayuda-para-deportar-migrantes-desde-la-selva-del-darien\/\">Panam\u00e1 pide a Donald Trump ayuda para deportar migrantes desde la selva del Dari\u00e9n<\/a><\/p>\n\n\n\n<p>En t\u00e9rminos pr\u00e1cticos, la primera fase de esta interconexi\u00f3n ayudar\u00e1 a Colombia a disminuir la probabilidad de un d\u00e9ficit energ\u00e9tico. Entretanto, reducir\u00e1 los constes energ\u00e9ticos a Panam\u00e1, con una disminuci\u00f3n de hasta US$40 megavatios hora (MWh).<\/p>\n\n\n\n<p>El proyecto tambi\u00e9n fortalecer\u00e1 la conexi\u00f3n entre los sistemas el\u00e9ctricos de la regi\u00f3n Andina y Centroam\u00e9rica,&nbsp;posicionando a Colombia y Panam\u00e1 como un hub energ\u00e9tico regional.<\/p>\n\n\n\n<p>Tambi\u00e9n \u201cpermitir\u00e1 una mayor integraci\u00f3n de fuentes renovables, contribuyendo a la reducci\u00f3n de emisiones de CO\u2082 en m\u00e1s de 2,8 millones de toneladas\u201d, seg\u00fan el Ministerio de Minas colombiano.<\/p>\n\n\n\n<p class=\"has-medium-font-size\"><strong>\u00bfEn qu\u00e9 fase est\u00e1 el proyecto de interconexi\u00f3n el\u00e9ctrica?<\/strong><\/p>\n\n\n\n<p><\/p>\n\n\n\n<p><\/p>\n\n\n\n<p>Actualmente, la iniciativa complet\u00f3 la fase de estudios de impacto ambiental y la inspecci\u00f3n marina en ambos pa\u00edses. Sin embargo, tiene pendiente terminar las consultas en las comunidades que se ver\u00edan impactadas: seis de doce en el caso colombiano y dos comarcas del lado paname\u00f1o, las de Guna Yala y Ember\u00e1 Alto Bayano.<\/p>\n\n\n\n<p>\u201cEl principal mensaje es que el proyecto permita los m\u00e1s altos est\u00e1ndares ambientales. Que permita una clara, directa y sincera participaci\u00f3n de las comunidades donde tendr\u00eda impacto, pero sobre todo su objetivo principal:&nbsp;la descarbonizaci\u00f3n de nuestras econom\u00edas, desarrollar la transici\u00f3n energ\u00e9tica y mejorar la matriz energ\u00e9tica de los continentes que estamos uniendo con este proyecto\u201d, asegur\u00f3 el ministro de Minas de Colombia, Andr\u00e9s Camacho.<\/p>\n\n\n\n<p>Leer m\u00e1s:\u00a0<a href=\"https:\/\/www.bloomberglinea.com\/latinoamerica\/colombia\/el-ultimo-ano-y-medio-de-gustavo-petro-como-cambio-colombia-hasta-ahora-y-que-sigue\/\">El \u00faltimo a\u00f1o y medio de Gustavo Petro: C\u00f3mo cambi\u00f3 Colombia hasta ahora y qu\u00e9 sigue<\/a><\/p>\n\n\n\n<p>El avance tambi\u00e9n fue celebrado por el canciller de Panam\u00e1, Javier Mart\u00ednez-Acha, que recalc\u00f3 los beneficios que traer\u00e1 al pa\u00eds: \u201cLa interconexi\u00f3n el\u00e9ctrica no es solo un proyecto de infraestructura, es una herramienta para fortalecer la seguridad energ\u00e9tica, aprovechar el potencial de nuestras fuentes renovables y&nbsp;consolidar a Panam\u00e1 como un puente energ\u00e9tico entre el norte y el sur de la regi\u00f3n\u201d.<\/p>\n\n\n\n<p>La Organizaci\u00f3n Latinoamericana de Energ\u00eda (Olade), que tambi\u00e9n particip\u00f3 en el encuentro, subray\u00f3 la importancia de que la interconexi\u00f3n el\u00e9ctrica entre Colombia y Panam\u00e1 pueda concretarse.<\/p>\n\n\n\n<p><em>La interconexi\u00f3n el\u00e9ctrica entre Colombia y Panam\u00e1 dio un paso clave en su desarrollo tras una reuni\u00f3n hist\u00f3rica en el edificio del Ministerio de Relaciones Exteriores en la ciudad de Panam\u00e1. Este encuentro reuni\u00f3 a las principales autoridades energ\u00e9ticas, ambientales y de\u2026\u00a0<\/em><br><em><a href=\"https:\/\/t.co\/8xQI0r80aT\">pic.twitter.com\/8xQI0r80aT<\/a><\/em><\/p>\n\n\n\n<p><em>\u2014 OLADE (@OLADEORG)&nbsp;<a href=\"https:\/\/twitter.com\/OLADEORG\/status\/1868748530153566221?ref_src=twsrc%5Etfw\">December 16, 2024<\/a><\/em><\/p>\n\n\n\n<p>\u201cPara Olade es muy satisfactorio haber participado en esta importante reuni\u00f3n, que marca un hito en este proyecto tan anhelado de interconexi\u00f3n el\u00e9ctrica entre Panam\u00e1 y Colombia, que definitivamente es un proyecto que no solamente involucra los dos pa\u00edses, sino a dos regiones. Cuando este proyecto se convierta en una realidad,&nbsp;permitir\u00e1 que Centroam\u00e9rica y Sudam\u00e9rica est\u00e9n el\u00e9ctricamente conectados\u201d,&nbsp;expuso Medardo Cadena, asesor del secretario ejecutivo de la Olade.<\/p>\n\n\n\n<p>bloomberglinea.com 18 12 2024<\/p>\n","protected":false},"excerpt":{"rendered":"<p>Carlos Cuevas, Bloomberg L\u00ednea BOGOT\u00c1\u00a0 EnergiesNet.com 19 12 2024\u00a0 Los Gobiernos de Colombia y Panam\u00e1 avanzan en un proyecto de interconexi\u00f3n el\u00e9ctrica que no solo beneficiar\u00e1 a estos pa\u00edses, sino que integrar\u00e1 energ\u00e9ticamente a Sudam\u00e9rica y Centroam\u00e9rica.&nbsp;La inversi\u00f3n estimada es de US$800 millones y el proyecto entrar\u00eda en operaci\u00f3n en 2028. La iniciativa fue contemplada &hellip;<\/p>\n<p class=\"read-more\"> <a class=\"\" href=\"https:\/\/energiesnet.com\/espanol\/colombia-y-panama-conectan-sudamerica-y-centroamerica-con-proyecto-electrico\/\"> <span class=\"screen-reader-text\">Colombia y Panam\u00e1 Conectan Sudam\u00e9rica y Centroam\u00e9rica con Proyecto El\u00e9ctrico<\/span> Leer m\u00e1s &raquo;<\/a><\/p>\n","protected":false},"author":2,"featured_media":24296,"comment_status":"open","ping_status":"open","sticky":false,"template":"","format":"standard","meta":{"_monsterinsights_skip_tracking":false,"_monsterinsights_sitenote_active":false,"_monsterinsights_sitenote_note":"","_monsterinsights_sitenote_category":0,"site-sidebar-layout":"default","site-content-layout":"default","ast-global-header-display":"","ast-main-header-display":"","ast-hfb-above-header-display":"","ast-hfb-below-header-display":"","ast-hfb-mobile-header-display":"","site-post-title":"","ast-breadcrumbs-content":"","ast-featured-img":"","footer-sml-layout":"","theme-transparent-header-meta":"","adv-header-id-meta":"","stick-header-meta":"","header-above-stick-meta":"","header-main-stick-meta":"","header-below-stick-meta":"","footnotes":""},"categories":[30],"tags":[],"class_list":["post-24295","post","type-post","status-publish","format-standard","has-post-thumbnail","hentry","category-top-news"],"aioseo_notices":[],"_links":{"self":[{"href":"https:\/\/energiesnet.com\/espanol\/wp-json\/wp\/v2\/posts\/24295","targetHints":{"allow":["GET"]}}],"collection":[{"href":"https:\/\/energiesnet.com\/espanol\/wp-json\/wp\/v2\/posts"}],"about":[{"href":"https:\/\/energiesnet.com\/espanol\/wp-json\/wp\/v2\/types\/post"}],"author":[{"embeddable":true,"href":"https:\/\/energiesnet.com\/espanol\/wp-json\/wp\/v2\/users\/2"}],"replies":[{"embeddable":true,"href":"https:\/\/energiesnet.com\/espanol\/wp-json\/wp\/v2\/comments?post=24295"}],"version-history":[{"count":0,"href":"https:\/\/energiesnet.com\/espanol\/wp-json\/wp\/v2\/posts\/24295\/revisions"}],"wp:featuredmedia":[{"embeddable":true,"href":"https:\/\/energiesnet.com\/espanol\/wp-json\/wp\/v2\/media\/24296"}],"wp:attachment":[{"href":"https:\/\/energiesnet.com\/espanol\/wp-json\/wp\/v2\/media?parent=24295"}],"wp:term":[{"taxonomy":"category","embeddable":true,"href":"https:\/\/energiesnet.com\/espanol\/wp-json\/wp\/v2\/categories?post=24295"},{"taxonomy":"post_tag","embeddable":true,"href":"https:\/\/energiesnet.com\/espanol\/wp-json\/wp\/v2\/tags?post=24295"}],"curies":[{"name":"wp","href":"https:\/\/api.w.org\/{rel}","templated":true}]}}