{"id":24344,"date":"2024-12-24T06:30:00","date_gmt":"2024-12-24T10:30:00","guid":{"rendered":"https:\/\/energiesnet.com\/espanol\/?p=24344"},"modified":"2024-12-24T06:30:03","modified_gmt":"2024-12-24T10:30:03","slug":"desregulacion-electrica-impacto-positivo-varela-de-aggreko","status":"publish","type":"post","link":"https:\/\/energiesnet.com\/espanol\/desregulacion-electrica-impacto-positivo-varela-de-aggreko\/","title":{"rendered":"Desregulaci\u00f3n El\u00e9ctrica: Impacto Positivo &#8211; Varela de Aggreko"},"content":{"rendered":"\n<figure class=\"wp-block-image size-full\"><img fetchpriority=\"high\" decoding=\"async\" width=\"600\" height=\"400\" src=\"https:\/\/energiesnet.com\/espanol\/wp-content\/uploads\/2024\/12\/electric_tower_aggreko.jpg\" alt=\"El director ejecutivo para Latam de la empresa energ\u00e9tica se refiri\u00f3 al clima de inversiones en el sector para los pr\u00f3ximos a\u00f1os.\" class=\"wp-image-24345\" srcset=\"https:\/\/energiesnet.com\/espanol\/wp-content\/uploads\/2024\/12\/electric_tower_aggreko.jpg 600w, https:\/\/energiesnet.com\/espanol\/wp-content\/uploads\/2024\/12\/electric_tower_aggreko-300x200.jpg 300w\" sizes=\"(max-width: 600px) 100vw, 600px\" \/><figcaption class=\"wp-element-caption\">El director ejecutivo para Latam de la empresa energ\u00e9tica se refiri\u00f3 al clima de inversiones en el sector para los pr\u00f3ximos a\u00f1os.<\/figcaption><\/figure>\n\n\n\n<p>Mariano Espina, Bloomberg Linea       <\/p>\n\n\n\n<p>BUENOS AIRES        <br>EnergiesNet.com 24 12 2024      <\/p>\n\n\n\n<p>&nbsp;<a href=\"https:\/\/www.bloomberglinea.com\/latinoamerica\/argentina\/rigi-ya-suma-cuatro-proyectos-que-sectores-son-y-por-cuantos-millones-de-dolares\/\">Producto del RIGI<\/a>&nbsp;y de recursos que no han sido explotados en todo su potencial,&nbsp;Argentina recibir\u00e1 miles de millones de d\u00f3lares en inversiones del sector energ\u00e9tico y minero en los pr\u00f3ximos a\u00f1os.&nbsp;Eso se acompa\u00f1a con una pol\u00edtica de libre mercado del Gobierno nacional que es apoyada por las principales empresas.<\/p>\n\n\n\n<p>Sucede tambi\u00e9n en el sector de la energ\u00eda el\u00e9ctrica.&nbsp;En el corto plazo iniciar\u00e1 el proceso de la salida de Cammesa en su intervenci\u00f3n en el mercado, en la compra y venta de gas, combustible y energ\u00eda.<\/p>\n\n\n\n<p>Pablo Varela, director ejecutivo de Aggreko para Latinoam\u00e9rica,&nbsp;ve con buenos ojos esta decisi\u00f3n, que llevar\u00e1 tiempo, pero que motivar\u00e1 inversiones para destrabar los cuellos de botella&nbsp;que hoy existen en el sector.&nbsp;\u201cEs un modelo as\u00ed de oferta y demanda que se deber\u00eda acomodar sola, entre privados\u201d, dijo en una entrevista a Bloomberg L\u00ednea.<\/p>\n\n\n\n<p>VER M\u00c1S:&nbsp;<a href=\"https:\/\/www.bloomberglinea.com\/latinoamerica\/argentina\/el-grupo-techint-busca-enmarcar-en-el-rigi-el-desarrollo-de-un-bloque-petrolero-en-vaca-muerta\/\">El Grupo Techint busca enmarcar en el RIGI el desarrollo de un bloque petrolero en Vaca Muerta<\/a><\/p>\n\n\n\n<p>De origen escoces con casa matriz en Londres,&nbsp;Aggreko es una empresa de soluciones energ\u00e9ticas, que en Argentina se concentra en plantas de generaci\u00f3n de energ\u00eda&nbsp;enfocadas principalmente en cubrir necesidad y prestar servicios que pueden varias entre seis meses o quince a\u00f1os.<\/p>\n\n\n\n<p>La falta de infraestructura o lo inh\u00f3spito de algunos rincones en los que se desarrolla la actividad de gas y petr\u00f3leo o mineral, son oportunidades para Aggreko. Con presencia en&nbsp;<a href=\"https:\/\/www.bloomberglinea.com\/tags\/vaca-muerta\/\">Vaca Muerta<\/a>,&nbsp;tambi\u00e9n atiende la necesidad de las empresas de acelerar la transici\u00f3n energ\u00e9tica.<\/p>\n\n\n\n<p>Adem\u00e1s de esos sectores, en Argentina la empresa suma entre los principales clientes las concesionarias el\u00e9ctricas. El pa\u00eds representa entre el 10% y el 15% del negocio en Am\u00e9rica Latina,\u00a0al concentrar la mayor parte de las operaciones en Brasil<\/p>\n\n\n\n<p>\u201cAggreko en Am\u00e9rica Latina viene creciendo muy fuerte en los \u00faltimos cinco a\u00f1os y estamos invirtiendo cada vez m\u00e1s. La din\u00e1mica de la compa\u00f1\u00eda permite inversiones agresivas y esta din\u00e1mica de crecimiento con transici\u00f3n energ\u00e9tica nos beneficia mucho\u201d, declar\u00f3.<\/p>\n\n\n\n<figure class=\"wp-block-image size-full\"><img decoding=\"async\" width=\"1000\" height=\"450\" src=\"https:\/\/energiesnet.com\/espanol\/wp-content\/uploads\/2024\/12\/image-2.png\" alt=\"#Desregulaci\u00f3nEl\u00e9ctrica #ImpactoPositivo #Aggreko #Energ\u00eda #NoticiasDe\u00daltimaHora #Econom\u00eda #Inversiones\" class=\"wp-image-24346\" srcset=\"https:\/\/energiesnet.com\/espanol\/wp-content\/uploads\/2024\/12\/image-2.png 1000w, https:\/\/energiesnet.com\/espanol\/wp-content\/uploads\/2024\/12\/image-2-300x135.png 300w, https:\/\/energiesnet.com\/espanol\/wp-content\/uploads\/2024\/12\/image-2-768x346.png 768w\" sizes=\"(max-width: 1000px) 100vw, 1000px\" \/><figcaption class=\"wp-element-caption\">Argentina representa entre el 10% y el 15% de los negocios de la empresa en LatamEl l\u00edder es Brasil, con cerca de la mitad.<\/figcaption><\/figure>\n\n\n\n<p class=\"has-medium-font-size\"><strong>Velocidad de las inversiones y perspectivas<\/strong><\/p>\n\n\n\n<p><\/p>\n\n\n\n<p>\u201cEn los \u00faltimos a\u00f1os no ha crecido mucho. El volumen como empresa viene parejo. Est\u00e1 mejorando bastante la cartera.&nbsp;Se ha estado cambiando a negocios mineros y petroleros, entonces&nbsp;ha mejorado el perfil de Argentina, no necesariamente el volumen&nbsp;del negocio\u201d, explic\u00f3 Varela.<\/p>\n\n\n\n<p>Al reconocer que el desarrollo del litio en el norte argentino&nbsp;<a href=\"https:\/\/www.bloomberglinea.com\/latinoamerica\/argentina\/argentina-busca-un-salto-exportador-en-litio-el-desafio-de-los-precios-y-la-apuesta-al-rigi\/\">se ha frenado por la ca\u00edda del precio,<\/a>&nbsp;y que el impacto de las pol\u00edticas de desregulaci\u00f3n llevar\u00e1n su tiempo,&nbsp;Varela sostiene que no est\u00e1 claro el timing de una ola m\u00e1s profunda de inversiones, pese a que las perspectivas de crecimiento son buenas.<\/p>\n\n\n\n<p>\u201cLa velocidad de ese crecimiento depende de varias cosas. Depende de qu\u00e9 tan seguros se sientan los inversores de las empresas con este nuevo gobierno, qu\u00e9 tanto est\u00e9n dispuestos a balancear sus inversiones entre Argentina y otros pa\u00edses\u201d, dijo.<\/p>\n\n\n\n<p><\/p>\n\n\n\n<p class=\"has-medium-font-size\"><strong>Tensi\u00f3n en el sistema de energ\u00eda el\u00e9ctrica<\/strong><\/p>\n\n\n\n<p><\/p>\n\n\n\n<p><a href=\"https:\/\/www.bloomberglinea.com\/latinoamerica\/argentina\/cortes-de-luz-en-el-verano-cual-es-el-escenario-que-enfrenta-el-gobierno-y-las-empresas\/\">Argentina enfrentar\u00e1 un verano con amenazas de cortes de luz<\/a>&nbsp;debido a que la demanda podr\u00e1 superar a la oferta en los d\u00edas m\u00e1s calurosos por mayor consumo de energ\u00eda el\u00e9ctrica. Esa oferta est\u00e1 estancada en parte porque no existe hoy el transporte suficiente.<\/p>\n\n\n\n<p>Sin embargo, Varela considera que el mayor d\u00e9ficit en el sector, que provoca en parte esta crisis,\u00a0est\u00e1 en la distribuci\u00f3n de energ\u00eda el\u00e9ctrica, sobre todo en el \u00c1rea Metropolitana de Buenos Aires.\u00a0\u201cHay cuellos de botella de distribuci\u00f3n donde la red no est\u00e1 a la altura de la necesidad cuando ten\u00e9s d\u00edas muy calurosos, cuando hay demandas muy altas.\u00a0La red principalmente de distribuci\u00f3n y algo de transmisi\u00f3n no est\u00e1 preparada para soportar la demanda\u201d,\u00a0agreg\u00f3.<\/p>\n\n\n\n<p>bloomberglinea.com 23 12 2024<\/p>\n","protected":false},"excerpt":{"rendered":"<p>Mariano Espina, Bloomberg Linea BUENOS AIRES EnergiesNet.com 24 12 2024 &nbsp;Producto del RIGI&nbsp;y de recursos que no han sido explotados en todo su potencial,&nbsp;Argentina recibir\u00e1 miles de millones de d\u00f3lares en inversiones del sector energ\u00e9tico y minero en los pr\u00f3ximos a\u00f1os.&nbsp;Eso se acompa\u00f1a con una pol\u00edtica de libre mercado del Gobierno nacional que es apoyada &hellip;<\/p>\n<p class=\"read-more\"> <a class=\"\" href=\"https:\/\/energiesnet.com\/espanol\/desregulacion-electrica-impacto-positivo-varela-de-aggreko\/\"> <span class=\"screen-reader-text\">Desregulaci\u00f3n El\u00e9ctrica: Impacto Positivo &#8211; Varela de Aggreko<\/span> Leer m\u00e1s &raquo;<\/a><\/p>\n","protected":false},"author":2,"featured_media":24345,"comment_status":"open","ping_status":"open","sticky":false,"template":"","format":"standard","meta":{"_monsterinsights_skip_tracking":false,"_monsterinsights_sitenote_active":false,"_monsterinsights_sitenote_note":"","_monsterinsights_sitenote_category":0,"site-sidebar-layout":"default","site-content-layout":"default","ast-global-header-display":"","ast-main-header-display":"","ast-hfb-above-header-display":"","ast-hfb-below-header-display":"","ast-hfb-mobile-header-display":"","site-post-title":"","ast-breadcrumbs-content":"","ast-featured-img":"","footer-sml-layout":"","theme-transparent-header-meta":"","adv-header-id-meta":"","stick-header-meta":"","header-above-stick-meta":"","header-main-stick-meta":"","header-below-stick-meta":"","footnotes":""},"categories":[30],"tags":[],"class_list":["post-24344","post","type-post","status-publish","format-standard","has-post-thumbnail","hentry","category-top-news"],"aioseo_notices":[],"_links":{"self":[{"href":"https:\/\/energiesnet.com\/espanol\/wp-json\/wp\/v2\/posts\/24344","targetHints":{"allow":["GET"]}}],"collection":[{"href":"https:\/\/energiesnet.com\/espanol\/wp-json\/wp\/v2\/posts"}],"about":[{"href":"https:\/\/energiesnet.com\/espanol\/wp-json\/wp\/v2\/types\/post"}],"author":[{"embeddable":true,"href":"https:\/\/energiesnet.com\/espanol\/wp-json\/wp\/v2\/users\/2"}],"replies":[{"embeddable":true,"href":"https:\/\/energiesnet.com\/espanol\/wp-json\/wp\/v2\/comments?post=24344"}],"version-history":[{"count":0,"href":"https:\/\/energiesnet.com\/espanol\/wp-json\/wp\/v2\/posts\/24344\/revisions"}],"wp:featuredmedia":[{"embeddable":true,"href":"https:\/\/energiesnet.com\/espanol\/wp-json\/wp\/v2\/media\/24345"}],"wp:attachment":[{"href":"https:\/\/energiesnet.com\/espanol\/wp-json\/wp\/v2\/media?parent=24344"}],"wp:term":[{"taxonomy":"category","embeddable":true,"href":"https:\/\/energiesnet.com\/espanol\/wp-json\/wp\/v2\/categories?post=24344"},{"taxonomy":"post_tag","embeddable":true,"href":"https:\/\/energiesnet.com\/espanol\/wp-json\/wp\/v2\/tags?post=24344"}],"curies":[{"name":"wp","href":"https:\/\/api.w.org\/{rel}","templated":true}]}}