{"id":24353,"date":"2024-12-27T12:49:35","date_gmt":"2024-12-27T16:49:35","guid":{"rendered":"https:\/\/energiesnet.com\/espanol\/?p=24353"},"modified":"2024-12-27T12:49:40","modified_gmt":"2024-12-27T16:49:40","slug":"trump-elige-a-kevin-marino-como-embajador-en-panama-en-medio-de-controversia-sobre-el-canal","status":"publish","type":"post","link":"https:\/\/energiesnet.com\/espanol\/trump-elige-a-kevin-marino-como-embajador-en-panama-en-medio-de-controversia-sobre-el-canal\/","title":{"rendered":"Trump elige a Kevin Marino como embajador en Panam\u00e1 en medio de controversia sobre el Canal"},"content":{"rendered":"\n<figure class=\"wp-block-image size-full\"><img fetchpriority=\"high\" decoding=\"async\" width=\"600\" height=\"400\" src=\"https:\/\/energiesnet.com\/espanol\/wp-content\/uploads\/2024\/12\/kevin-marino_nyt.jpg\" alt=\"\" class=\"wp-image-24354\" srcset=\"https:\/\/energiesnet.com\/espanol\/wp-content\/uploads\/2024\/12\/kevin-marino_nyt.jpg 600w, https:\/\/energiesnet.com\/espanol\/wp-content\/uploads\/2024\/12\/kevin-marino_nyt-300x200.jpg 300w\" sizes=\"(max-width: 600px) 100vw, 600px\" \/><figcaption class=\"wp-element-caption\">El presidente electo seleccion\u00f3 a Cabrera, comisionado del condado de Miami-Dade, pocos d\u00edas despu\u00e9s de pedir que Estados Unidos recuperara el control del Canal de Panam\u00e1.<\/figcaption><\/figure>\n\n\n\n<p>Lisa Friedman, NYTimes         <\/p>\n\n\n\n<p>WEST PALM BEACH, Florida       <br>EnergiesNet.com 27 12 2024     <\/p>\n\n\n\n<p>El presidente electo de Estados Unidos, Donald Trump, nombr\u00f3 el mi\u00e9rcoles a un comisionado de un condado de Florida para ser su embajador en Panam\u00e1, pocos d\u00edas despu\u00e9s de que Trump pidiera que su pa\u00eds afirmara su control sobre el Canal de Panam\u00e1.<\/p>\n\n\n\n<p>Kevin Marino Cabrera, comisionado del distrito 6 del condado de Miami-Dade y vicepresidente de su Consorcio de Comercio Internacional, trabaj\u00f3 para la campa\u00f1a de Trump en 2020 y obtuvo el respaldo de Trump en enero, cuando se present\u00f3 a vicepresidente del Partido Republicano de Florida. Este a\u00f1o, fue representante del estado en el comit\u00e9 de plataforma del Comit\u00e9 Nacional Republicano.<\/p>\n\n\n\n<p>\u201cPocos entienden la pol\u00edtica latinoamericana tan bien como Kevin\u201d, escribi\u00f3 Trump en las redes sociales. \u201c\u00a1Har\u00e1 un trabajo FANT\u00c1STICO representando los intereses de nuestra Naci\u00f3n en Panam\u00e1!\u201d.<\/p>\n\n\n\n<p>Trump ha dicho que Estados Unidos podr\u00eda&nbsp;<a href=\"https:\/\/www.nytimes.com\/es\/2024\/12\/24\/espanol\/estados-unidos\/trump-panama-groenlandia.html\">exigir la devoluci\u00f3n del Canal de Panam\u00e1<\/a>&nbsp;si el pa\u00eds centroamericano no redujera las tasas que cobra a los barcos estadounidenses. Al anunciar su elecci\u00f3n de Cabrera, acus\u00f3 al pa\u00eds de \u201cestafarnos con el Canal de Panam\u00e1, mucho m\u00e1s all\u00e1 de sus sue\u00f1os m\u00e1s salvajes\u201d.<\/p>\n\n\n\n<p>El Canal de Panam\u00e1 es una v\u00eda navegable artificial de unos 80 kil\u00f3metros que conecta los oc\u00e9anos Pac\u00edfico y Atl\u00e1ntico a trav\u00e9s del pa\u00eds. Se considera un eslab\u00f3n vital en el transporte mar\u00edtimo mundial, ya que ahorra miles de kil\u00f3metros y semanas de viaje alrededor del extremo de Sudam\u00e9rica. Estados Unidos control\u00f3 el canal desde que se termin\u00f3 de construir en 1914 hasta 1979, cuando el presidente Jimmy Carter traspas\u00f3 el control a la Comisi\u00f3n del Canal de Panam\u00e1, un organismo conjunto de los dos pa\u00edses. El control total del canal&nbsp;<a href=\"https:\/\/www.nytimes.com\/1999\/12\/31\/world\/panama-canal-sees-the-last-of-the-stars-and-stripes.html\">pas\u00f3 a Panam\u00e1<\/a>&nbsp;en 1999.<\/p>\n\n\n\n<p>Trump ha expresado su preocupaci\u00f3n por que el canal pueda caer en \u201cmanos equivocadas\u201d, en aparente referencia a China, el segundo mayor usuario del canal. Una empresa con sede en Hong Kong controla dos puertos cercanos a la v\u00eda navegable, pero China no tiene control sobre el canal en s\u00ed.<\/p>\n\n\n\n<p>En otra publicaci\u00f3n en las redes sociales a primera hora del mi\u00e9rcoles, Trump escribi\u00f3: \u201cFeliz Navidad a todos, incluidos los maravillosos soldados de China, que est\u00e1n operando amorosa, pero ilegalmente, el Canal de Panam\u00e1 (donde perdimos a 38.000 personas en su construcci\u00f3n hace 110 a\u00f1os), asegur\u00e1ndose siempre de que Estados Unidos ponga miles de millones de d\u00f3lares en dinero para \u2018reparaciones\u2019, pero no tendr\u00e1 absolutamente nada que decir sobre \u2018nada\u2019\u201d.<\/p>\n\n\n\n<p>El presidente de Panam\u00e1, Jos\u00e9 Ra\u00fal Mulino Quintero, ha contraatacado a Trump, diciendo en un&nbsp;<a href=\"https:\/\/x.com\/JoseRaulMulino\/status\/1870937535578333496\" rel=\"noreferrer noopener\" target=\"_blank\">mensaje de video<\/a>&nbsp;esta semana: \u201cComo presidente, quiero expresar de manera precisa que cada metro cuadrado del Canal de Panam\u00e1 y su zona adyacente es de Panam\u00e1, y lo seguir\u00e1 siendo\u201d.<\/p>\n\n\n\n<p>Se desconoce la opini\u00f3n de Cabrera sobre el Canal de Panam\u00e1, pero en una&nbsp;<a href=\"https:\/\/x.com\/KMCabreraFL\/status\/1872015206496477516\" rel=\"noreferrer noopener\" target=\"_blank\">publicaci\u00f3n en las redes sociales<\/a>&nbsp;el mi\u00e9rcoles, agradeci\u00f3 a Trump el nombramiento y escribi\u00f3: \u201c\u00a1A trabajar!\u201d.<\/p>\n\n\n\n<figure class=\"wp-block-image size-full\"><img decoding=\"async\" width=\"510\" height=\"115\" src=\"https:\/\/energiesnet.com\/espanol\/wp-content\/uploads\/2024\/12\/image-4.png\" alt=\"\" class=\"wp-image-24355\" srcset=\"https:\/\/energiesnet.com\/espanol\/wp-content\/uploads\/2024\/12\/image-4.png 510w, https:\/\/energiesnet.com\/espanol\/wp-content\/uploads\/2024\/12\/image-4-300x68.png 300w\" sizes=\"(max-width: 510px) 100vw, 510px\" \/><\/figure>\n\n\n\n<p>Trump ha descrito con anterioridad a Cabrera, antiguo miembro de un grupo de cabildeo y agente pol\u00edtico en Florida, como \u201cun intr\u00e9pido conservador de America First que ha demostrado su dedicaci\u00f3n al movimiento MAGA\u201d.<\/p>\n\n\n\n<p>Tambi\u00e9n esta semana, Trump nombr\u00f3 embajador en Portugal a John Arrigo, vicepresidente del Arrigo Auto Group. La empresa opera en West Palm Beach, Florida, donde Trump se aloja con frecuencia y celebra reuniones en su club, Mar-a-Lago.<\/p>\n\n\n\n<p>\u201cJohn es un empresario de gran \u00e9xito en el sector de la automoci\u00f3n y un campe\u00f3n de golf\u201d, dijo Trump en una publicaci\u00f3n en las redes sociales en la que anunciaba la elecci\u00f3n. \u201cDurante m\u00e1s de treinta a\u00f1os, ha sido un incre\u00edble l\u00edder empresarial en West Palm Beach, y es respetado por todos\u201d.<\/p>\n\n\n\n<p>Trump ha descrito con anterioridad a Cabrera, antiguo miembro de un grupo de cabildeo y agente pol\u00edtico en Florida, como \u201cun intr\u00e9pido conservador de America First que ha demostrado su dedicaci\u00f3n al movimiento MAGA\u201d.<\/p>\n\n\n\n<p>Tambi\u00e9n esta semana, Trump nombr\u00f3 embajador en Portugal a John Arrigo, vicepresidente del Arrigo Auto Group. La empresa opera en West Palm Beach, Florida, donde Trump se aloja con frecuencia y celebra reuniones en su club, Mar-a-Lago.<\/p>\n\n\n\n<p>\u201cJohn es un empresario de gran \u00e9xito en el sector de la automoci\u00f3n y un campe\u00f3n de golf\u201d, dijo Trump en una publicaci\u00f3n en las redes sociales en la que anunciaba la elecci\u00f3n. \u201cDurante m\u00e1s de treinta a\u00f1os, ha sido un incre\u00edble l\u00edder empresarial en West Palm Beach, y es respetado por todos\u201d.<\/p>\n\n\n\n<p>El presidente electo tambi\u00e9n anunci\u00f3 a Somers Farkas como embajadora en Malta, describi\u00e9ndola como \u201cmodelo, fil\u00e1ntropa, productora de documentales y empresaria de gran \u00e9xito\u201d. Farkas form\u00f3 parte anteriormente de la Comisi\u00f3n de Becas de la Casa Blanca de Trump.<\/p>\n\n\n\n<p>nytimes.com 26 12 2024<\/p>\n","protected":false},"excerpt":{"rendered":"<p>Lisa Friedman, NYTimes WEST PALM BEACH, Florida EnergiesNet.com 27 12 2024 El presidente electo de Estados Unidos, Donald Trump, nombr\u00f3 el mi\u00e9rcoles a un comisionado de un condado de Florida para ser su embajador en Panam\u00e1, pocos d\u00edas despu\u00e9s de que Trump pidiera que su pa\u00eds afirmara su control sobre el Canal de Panam\u00e1. Kevin &hellip;<\/p>\n<p class=\"read-more\"> <a class=\"\" href=\"https:\/\/energiesnet.com\/espanol\/trump-elige-a-kevin-marino-como-embajador-en-panama-en-medio-de-controversia-sobre-el-canal\/\"> <span class=\"screen-reader-text\">Trump elige a Kevin Marino como embajador en Panam\u00e1 en medio de controversia sobre el Canal<\/span> Leer m\u00e1s &raquo;<\/a><\/p>\n","protected":false},"author":2,"featured_media":24354,"comment_status":"open","ping_status":"open","sticky":false,"template":"","format":"standard","meta":{"_monsterinsights_skip_tracking":false,"_monsterinsights_sitenote_active":false,"_monsterinsights_sitenote_note":"","_monsterinsights_sitenote_category":0,"site-sidebar-layout":"default","site-content-layout":"default","ast-global-header-display":"","ast-main-header-display":"","ast-hfb-above-header-display":"","ast-hfb-below-header-display":"","ast-hfb-mobile-header-display":"","site-post-title":"","ast-breadcrumbs-content":"","ast-featured-img":"","footer-sml-layout":"","theme-transparent-header-meta":"","adv-header-id-meta":"","stick-header-meta":"","header-above-stick-meta":"","header-main-stick-meta":"","header-below-stick-meta":"","footnotes":""},"categories":[30],"tags":[],"class_list":["post-24353","post","type-post","status-publish","format-standard","has-post-thumbnail","hentry","category-top-news"],"aioseo_notices":[],"_links":{"self":[{"href":"https:\/\/energiesnet.com\/espanol\/wp-json\/wp\/v2\/posts\/24353","targetHints":{"allow":["GET"]}}],"collection":[{"href":"https:\/\/energiesnet.com\/espanol\/wp-json\/wp\/v2\/posts"}],"about":[{"href":"https:\/\/energiesnet.com\/espanol\/wp-json\/wp\/v2\/types\/post"}],"author":[{"embeddable":true,"href":"https:\/\/energiesnet.com\/espanol\/wp-json\/wp\/v2\/users\/2"}],"replies":[{"embeddable":true,"href":"https:\/\/energiesnet.com\/espanol\/wp-json\/wp\/v2\/comments?post=24353"}],"version-history":[{"count":0,"href":"https:\/\/energiesnet.com\/espanol\/wp-json\/wp\/v2\/posts\/24353\/revisions"}],"wp:featuredmedia":[{"embeddable":true,"href":"https:\/\/energiesnet.com\/espanol\/wp-json\/wp\/v2\/media\/24354"}],"wp:attachment":[{"href":"https:\/\/energiesnet.com\/espanol\/wp-json\/wp\/v2\/media?parent=24353"}],"wp:term":[{"taxonomy":"category","embeddable":true,"href":"https:\/\/energiesnet.com\/espanol\/wp-json\/wp\/v2\/categories?post=24353"},{"taxonomy":"post_tag","embeddable":true,"href":"https:\/\/energiesnet.com\/espanol\/wp-json\/wp\/v2\/tags?post=24353"}],"curies":[{"name":"wp","href":"https:\/\/api.w.org\/{rel}","templated":true}]}}