{"id":24366,"date":"2024-12-28T05:46:00","date_gmt":"2024-12-28T09:46:00","guid":{"rendered":"https:\/\/energiesnet.com\/espanol\/?p=24366"},"modified":"2024-12-28T05:46:02","modified_gmt":"2024-12-28T09:46:02","slug":"mexico-violencia-criminalidad-y-juventud-como-agentes-de-cambio-para-la-paz-jorge-valderrabano","status":"publish","type":"post","link":"https:\/\/energiesnet.com\/espanol\/mexico-violencia-criminalidad-y-juventud-como-agentes-de-cambio-para-la-paz-jorge-valderrabano\/","title":{"rendered":"M\u00e9xico: Violencia, Criminalidad y Juventud como Agentes de Cambio para la Paz &#8211; Jorge Valderrabano"},"content":{"rendered":"\n<figure class=\"wp-block-image size-full\"><img fetchpriority=\"high\" decoding=\"async\" width=\"607\" height=\"412\" src=\"https:\/\/energiesnet.com\/espanol\/wp-content\/uploads\/2024\/12\/youth_global_conference.jpg\" alt=\"Proyectos como Juventudes por la Pacificaci\u00f3n nos recuerdan que, con voluntad pol\u00edtica y colaboraci\u00f3n internacional, es posible construir un futuro m\u00e1s pac\u00edfico para M\u00e9xico.\" class=\"wp-image-24367\" srcset=\"https:\/\/energiesnet.com\/espanol\/wp-content\/uploads\/2024\/12\/youth_global_conference.jpg 607w, https:\/\/energiesnet.com\/espanol\/wp-content\/uploads\/2024\/12\/youth_global_conference-300x204.jpg 300w\" sizes=\"(max-width: 607px) 100vw, 607px\" \/><figcaption class=\"wp-element-caption\">Proyectos como Juventudes por la Pacificaci\u00f3n nos recuerdan que, con voluntad pol\u00edtica y colaboraci\u00f3n internacional, es posible construir un futuro m\u00e1s pac\u00edfico para M\u00e9xico.<\/figcaption><\/figure>\n\n\n\n<p>Por Jorge Valderrabano       <\/p>\n\n\n\n<p>M\u00e9xico enfrenta una realidad compleja en t\u00e9rminos de\u00a0seguridad. La violencia y la criminalidad\u00a0son fen\u00f3menos que afectan a comunidades en todo el pa\u00eds, donde el tejido social se ha visto gravemente erosionado. Las cifras de homicidios, desapariciones y delitos violentos dibujan un panorama alarmante que exige acciones concretas y sostenibles para restablecer la paz y la seguridad. Las juventudes, que representan el 25 % de la poblaci\u00f3n mexicana, se enfrentan a enormes desaf\u00edos, pero tambi\u00e9n a oportunidades para transformarse en una fuerza activa de cambio y reconstrucci\u00f3n social.<\/p>\n\n\n\n<p>Durante d\u00e9cadas,\u00a0la respuesta tradicional a la violencia en M\u00e9xico ha sido una estrategia de seguridad p\u00fablica centrada en el uso de la fuerza y en la contenci\u00f3n. Sin embargo, estudios y especialistas coinciden en que este enfoque punitivo no ha logrado resolver de fondo los problemas que aquejan al pa\u00eds. La inseguridad y la violencia tienen ra\u00edces profundas en las desigualdades sociales, la falta de oportunidades educativas y laborales, y la marginaci\u00f3n de sectores vulnerables. Para abordar estos problemas\u00a0es necesario cambiar de rumbo\u00a0y apostar por una seguridad enfocada en la prevenci\u00f3n, la reconstrucci\u00f3n del tejido social y el fortalecimiento de los derechos humanos.<\/p>\n\n\n\n<p>La Organizaci\u00f3n de las Naciones Unidas (ONU) ha jugado un papel crucial en proponer enfoques alternativos para la paz y la seguridad en contextos similares. En 2015, el Consejo de Seguridad adopt\u00f3 la&nbsp;<a href=\"https:\/\/documents.un.org\/doc\/undoc\/gen\/n15\/413\/10\/pdf\/n1541310.pdf\" target=\"_blank\" rel=\"noreferrer noopener\">Resoluci\u00f3n 2250<\/a>&nbsp;sobre Juventudes, Paz y Seguridad, que reconoce a las personas j\u00f3venes como actores fundamentales para la construcci\u00f3n de paz y enfatiza la importancia de su inclusi\u00f3n en procesos de prevenci\u00f3n y resoluci\u00f3n de conflictos; a esa, le siguieron la Resoluci\u00f3n&nbsp;<a href=\"https:\/\/press.un.org\/en\/2018\/sc13368.doc.htm\" target=\"_blank\" rel=\"noreferrer noopener\">2419<\/a>&nbsp;y&nbsp;<a href=\"https:\/\/digitallibrary.un.org\/record\/3872061?ln=es&amp;v=pdf\" target=\"_blank\" rel=\"noreferrer noopener\">2535<\/a>. Es clave recordar que las resoluciones del Consejo de Seguridad son las \u00fanicas en el Sistema de Naciones Unidas que son vinculantes, lo cual significa que los Estados Miembro tienen la obligaci\u00f3n de realizar acciones para implementar dichas decisiones. La Agenda 2030 para el Desarrollo Sostenible, espec\u00edficamente en su&nbsp;<a href=\"https:\/\/www.un.org\/sustainabledevelopment\/es\/peace-justice\/\" target=\"_blank\" rel=\"noreferrer noopener\">Objetivo 16<\/a>, tambi\u00e9n subraya la necesidad de promover sociedades pac\u00edficas e inclusivas, con instituciones fuertes y accesibles para todos.<\/p>\n\n\n\n<p>En M\u00e9xico, el gobierno, junto con organizaciones internacionales y la sociedad civil, ha comenzado a experimentar con proyectos que integran este enfoque preventivo y restaurativo. La&nbsp;<a href=\"https:\/\/www.gob.mx\/sspc\/documentos\/cuarto-informe-de-la-estrategia-nacional-de-seguridad-publica-334434\" target=\"_blank\" rel=\"noreferrer noopener\">Estrategia Nacional de Seguridad P\u00fablica<\/a>&nbsp;y el&nbsp;<a href=\"https:\/\/www.gob.mx\/cenace\/acciones-y-programas\/plan-nacional-de-desarrollo-2019-2024-195029\" target=\"_blank\" rel=\"noreferrer noopener\">Plan Nacional de Desarrollo 2019-2024<\/a>&nbsp;incluyen en su visi\u00f3n la adopci\u00f3n de modelos de justicia restaurativa y transicional, enfocados en reducir la reincidencia y reparar el da\u00f1o en las comunidades afectadas. Sin embargo, estos esfuerzos no ser\u00e1n suficientes sin la participaci\u00f3n activa de las juventudes, que no solo son m\u00e1s vulnerables ante la violencia, sino son quienes poseen el potencial para liderar cambios significativos en sus entornos.<\/p>\n\n\n\n<p><\/p>\n\n\n\n<h2 class=\"wp-block-heading has-medium-font-size\"><strong>Juventudes: motor de cambio<\/strong><\/h2>\n\n\n\n<p><\/p>\n\n\n\n<p>Las juventudes han demostrado ser un motor de cambio, liderando iniciativas de impacto en sus comunidades. Desde colectivos locales hasta organizaciones de alcance nacional, las y los j\u00f3venes han asumido un papel crucial en la construcci\u00f3n de paz y en la generaci\u00f3n de soluciones innovadoras para combatir la violencia. No obstante, a pesar de su potencial transformador, la participaci\u00f3n juvenil sigue siendo subestimada e insuficientemente apoyada.<\/p>\n\n\n\n<p>En este contexto, durante la administraci\u00f3n de AMLO, surgi\u00f3 el proyecto \u201c<a href=\"https:\/\/www.gob.mx\/sspc\/documentos\/juventudes-x-la-pacificacion?idiom=es\" target=\"_blank\" rel=\"noreferrer noopener\">Juventudes por la Pacificaci\u00f3n<\/a>\u201d, una iniciativa lanzada por la Secretar\u00eda de Seguridad y Protecci\u00f3n Ciudadana (SSPC), en colaboraci\u00f3n con el Programa de las Naciones Unidas para el Desarrollo (PNUD), el Fondo de Poblaci\u00f3n de las Naciones Unidas (UNFPA), el Instituto Mexicano de la Juventud (INJUVE) y el Organismo Internacional de la Juventud para Iberoam\u00e9rica.\u00a0El proyecto convoc\u00f3 a j\u00f3venes l\u00edderes de organizaciones de la sociedad civil y colectivos comprometidos con la pacificaci\u00f3n en sus comunidades, con el objetivo de capacitarlos en t\u00e9cnicas de prevenci\u00f3n de la violencia, justicia restaurativa y resoluci\u00f3n de conflictos.<\/p>\n\n\n\n<p>El programa se centr\u00f3 en formar j\u00f3venes como mediadores comunitarios y agentes de cambio, apoder\u00e1ndose con herramientas pr\u00e1cticas para actuar directamente en sus localidades y fomentar la paz desde la base.\u00a0Para muchos de los participantes, este proyecto no solo fue una oportunidad de formaci\u00f3n, sino tambi\u00e9n una plataforma para compartir experiencias y aprender de sus pares en otras regiones del pa\u00eds.<\/p>\n\n\n\n<p>En este contexto, las juventudes han demostrado ser un motor de cambio, liderando iniciativas de impacto en sus comunidades. Desde colectivos locales hasta organizaciones de alcance nacional, las y los j\u00f3venes han asumido un papel crucial en la construcci\u00f3n de paz y en la generaci\u00f3n de soluciones innovadoras para combatir la violencia.\u00a0No obstante, a pesar de su potencial transformador, la participaci\u00f3n juvenil sigue siendo subestimada e insuficientemente apoyada.<\/p>\n\n\n\n<p>En 2022 organizamos un evento en la sede de la Comunidad Internacional Bah\u00e1\u2019\u00ed en Nueva York, en colaboraci\u00f3n con la Oficina de Naciones Unidas contra la Droga y el Delito (UNODC) y la Oficina del Secretario General para la Prevenci\u00f3n de la Violencia Infantil. Este encuentro reuni\u00f3 a autoridades de Naciones Unidas, representantes de misiones diplom\u00e1ticas y expertos en prevenci\u00f3n de la violencia para conocer los detalles del proyecto Juventudes por la Pacificaci\u00f3n. Invitamos a X\u00f3chitl Mej\u00eda, Subdirectora de Estrategias para la Prevenci\u00f3n del Delito de la SSPyC, para que nos contara del proyecto de&nbsp;<em>Juventudes por la Pacificaci\u00f3n<\/em>. Mej\u00eda subray\u00f3 que el proyecto no solo busca reducir la violencia en comunidades vulnerables, sino que tambi\u00e9n fortalece el liderazgo juvenil como una herramienta esencial para la construcci\u00f3n de paz.<\/p>\n\n\n\n<p>\u201cCon Juventudes por la Pacificaci\u00f3n, brindamos espacios seguros a ni\u00f1as, ni\u00f1os y adolescentes y promovemos actividades que fomentan la participaci\u00f3n ciudadana. Es un modelo que demuestra c\u00f3mo la prevenci\u00f3n puede ser efectiva cuando se combinan esfuerzos institucionales y comunitarios. Necesitamos m\u00e1s proyectos as\u00ed, que empoderen a nuestras juventudes y contribuyan a un M\u00e9xico m\u00e1s pac\u00edfico y justo\u201d, afirm\u00f3 Mej\u00eda.<\/p>\n\n\n\n<p>El evento represent\u00f3 una oportunidad para posicionar este tipo de iniciativas como ejemplos replicables en otros contextos, adem\u00e1s de fomentar el di\u00e1logo entre actores internacionales con inter\u00e9s en apoyar estrategias de pacificaci\u00f3n desde un enfoque inclusivo y restaurativo.<\/p>\n\n\n\n<p><\/p>\n\n\n\n<h2 class=\"wp-block-heading has-medium-font-size\"><strong>La necesidad de adoptar un plan de acci\u00f3n<\/strong><\/h2>\n\n\n\n<p><\/p>\n\n\n\n<p>A pesar de los esfuerzos realizados, el camino hacia un M\u00e9xico en paz sigue siendo largo y complejo. Las juventudes enfrentan desaf\u00edos estructurales, como la falta de acceso a la educaci\u00f3n, el desempleo y la exposici\u00f3n cotidiana a contextos violentos. Por ello es fundamental que el gobierno mexicano y los actores internacionales adopten un Plan de Acci\u00f3n Nacional sobre Juventudes, Paz y Seguridad, alineado con las resoluciones 2250, 2419 y 2535 del Consejo de Seguridad de la ONU.<\/p>\n\n\n\n<p>Le\u00a0corresponde a la Secretar\u00eda de Relaciones Exteriores redactar un plan que promueva la inclusi\u00f3n de las juventudes en procesos de toma de decisiones, garantizar recursos suficientes para programas de prevenci\u00f3n de la violencia, y promover la colaboraci\u00f3n intersectorial para abordar las causas profundas del conflicto. Adem\u00e1s, de incluir un enfoque de derechos humanos e interseccionalidad, reconociendo las necesidades espec\u00edficas de poblaciones marginadas.<\/p>\n\n\n\n<p>Proyectos como&nbsp;<em>Juventudes por la Pacificaci\u00f3n<\/em>&nbsp;nos recuerdan que, con voluntad pol\u00edtica y colaboraci\u00f3n internacional, es posible construir un futuro m\u00e1s pac\u00edfico para M\u00e9xico. Las juventudes no s\u00f3lo son el futuro, sino tambi\u00e9n el presente de la transformaci\u00f3n social. Es hora de escucharlas y de brindarles las herramientas necesarias para liderar el cambio.<\/p>\n\n\n\n<p>___________________________________________<\/p>\n\n\n\n<p>\u00a0<strong><em>Jorge Valderrabano <\/em><\/strong>es Economista por la Universidad de Nueva York, y actualmente Oficial de Incidencia en\u00a0<a href=\"https:\/\/www.agorasocial.org\/\" target=\"_blank\" rel=\"noreferrer noopener\">\u00c1gora<\/a>\u00a0(<a href=\"https:\/\/x.com\/agora_mex\" target=\"_blank\" rel=\"noreferrer noopener\">@agora_mex<\/a>) laboratorio de innovaci\u00f3n incidiendo por pol\u00edticas p\u00fablicas centradas en la\u00a0justicia social, la\u00a0construcci\u00f3n de paz\u00a0y los\u00a0objetivos de desarrollo sostenible. Los puntos de vista expresados no necesariamente son los de EnergiesNet.com.<\/p>\n\n\n\n<p>Nota del Editor:\u00a0Este art\u00edculo fue originalmente publicado por Bloomberg,\u00a0el 27 de diciembre 2024. Reproducimos el mismo en beneficio de los lectores.\u00a0 EnergiesNet.com no se hace responsable por los juicios de valor emitidos por sus colaboradores y columnistas de opini\u00f3n y an\u00e1lisis.<\/p>\n\n\n\n<p><a href=\"https:\/\/animalpolitico.com\/analisis\/invitades\/juventudes-por-la-pacificacion\">Juventudes por la Pacificaci\u00f3n: hacia un M\u00e9xico de paz y seguridad<\/a><\/p>\n\n\n\n<p>Aviso de uso: Este sitio contiene material protegido por derechos de autor cuyo uso no siempre ha sido espec\u00edficamente autorizado por el propietario de los derechos. Ponemos a disposici\u00f3n dicho material en nuestro esfuerzo por avanzar en la comprensi\u00f3n de cuestiones de importancia social, medioambiental y humanitaria. Creemos que esto constituye un \u00abuso justo\u00bb de dicho material protegido por derechos de autor, tal y como se establece en la secci\u00f3n 107 de la Ley de Derechos de Autor de los Estados Unidos. De acuerdo con el T\u00edtulo 17 U.S.C. Secci\u00f3n 107. Para m\u00e1s informaci\u00f3n, visite: http:\/\/www.law.cornell.edu\/uscode\/17\/107.shtml<\/p>\n\n\n\n<p>EnergiesNet.com alienta a las personas a reproducir, reimprimir, y divulgar a trav\u00e9s de los medios audiovisuales e Internet, los comentarios editoriales y de opini\u00f3n de Petroleumworld, siempre y cuando esa reproducci\u00f3n identifique, a el autor, y la fuente original, http:\/\/www.petroleumworld.com y se haga dentro de el uso normal (fair use) de la doctrina de la secci\u00f3n 107 de la Ley de derechos de autor de los Estados Unidos de Norteam\u00e9rica (US Copyright).<\/p>\n\n\n\n<p>EnergiesNet.com 28 12 2024<\/p>\n\n\n\n<p><\/p>\n","protected":false},"excerpt":{"rendered":"<p>Por Jorge Valderrabano M\u00e9xico enfrenta una realidad compleja en t\u00e9rminos de\u00a0seguridad. La violencia y la criminalidad\u00a0son fen\u00f3menos que afectan a comunidades en todo el pa\u00eds, donde el tejido social se ha visto gravemente erosionado. Las cifras de homicidios, desapariciones y delitos violentos dibujan un panorama alarmante que exige acciones concretas y sostenibles para restablecer la &hellip;<\/p>\n<p class=\"read-more\"> <a class=\"\" href=\"https:\/\/energiesnet.com\/espanol\/mexico-violencia-criminalidad-y-juventud-como-agentes-de-cambio-para-la-paz-jorge-valderrabano\/\"> <span class=\"screen-reader-text\">M\u00e9xico: Violencia, Criminalidad y Juventud como Agentes de Cambio para la Paz &#8211; Jorge Valderrabano<\/span> Leer m\u00e1s &raquo;<\/a><\/p>\n","protected":false},"author":2,"featured_media":24367,"comment_status":"open","ping_status":"open","sticky":false,"template":"","format":"standard","meta":{"_monsterinsights_skip_tracking":false,"_monsterinsights_sitenote_active":false,"_monsterinsights_sitenote_note":"","_monsterinsights_sitenote_category":0,"site-sidebar-layout":"default","site-content-layout":"default","ast-global-header-display":"","ast-main-header-display":"","ast-hfb-above-header-display":"","ast-hfb-below-header-display":"","ast-hfb-mobile-header-display":"","site-post-title":"","ast-breadcrumbs-content":"","ast-featured-img":"","footer-sml-layout":"","theme-transparent-header-meta":"","adv-header-id-meta":"","stick-header-meta":"","header-above-stick-meta":"","header-main-stick-meta":"","header-below-stick-meta":"","footnotes":""},"categories":[48],"tags":[],"class_list":["post-24366","post","type-post","status-publish","format-standard","has-post-thumbnail","hentry","category-comentario-del-dia"],"aioseo_notices":[],"_links":{"self":[{"href":"https:\/\/energiesnet.com\/espanol\/wp-json\/wp\/v2\/posts\/24366","targetHints":{"allow":["GET"]}}],"collection":[{"href":"https:\/\/energiesnet.com\/espanol\/wp-json\/wp\/v2\/posts"}],"about":[{"href":"https:\/\/energiesnet.com\/espanol\/wp-json\/wp\/v2\/types\/post"}],"author":[{"embeddable":true,"href":"https:\/\/energiesnet.com\/espanol\/wp-json\/wp\/v2\/users\/2"}],"replies":[{"embeddable":true,"href":"https:\/\/energiesnet.com\/espanol\/wp-json\/wp\/v2\/comments?post=24366"}],"version-history":[{"count":0,"href":"https:\/\/energiesnet.com\/espanol\/wp-json\/wp\/v2\/posts\/24366\/revisions"}],"wp:featuredmedia":[{"embeddable":true,"href":"https:\/\/energiesnet.com\/espanol\/wp-json\/wp\/v2\/media\/24367"}],"wp:attachment":[{"href":"https:\/\/energiesnet.com\/espanol\/wp-json\/wp\/v2\/media?parent=24366"}],"wp:term":[{"taxonomy":"category","embeddable":true,"href":"https:\/\/energiesnet.com\/espanol\/wp-json\/wp\/v2\/categories?post=24366"},{"taxonomy":"post_tag","embeddable":true,"href":"https:\/\/energiesnet.com\/espanol\/wp-json\/wp\/v2\/tags?post=24366"}],"curies":[{"name":"wp","href":"https:\/\/api.w.org\/{rel}","templated":true}]}}