{"id":24427,"date":"2025-01-02T16:47:55","date_gmt":"2025-01-02T20:47:55","guid":{"rendered":"https:\/\/energiesnet.com\/espanol\/?p=24427"},"modified":"2025-01-02T16:47:57","modified_gmt":"2025-01-02T20:47:57","slug":"puerto-rico-a-oscuras-por-apagon-de-fin-de-ano","status":"publish","type":"post","link":"https:\/\/energiesnet.com\/espanol\/puerto-rico-a-oscuras-por-apagon-de-fin-de-ano\/","title":{"rendered":"Puerto Rico a Oscuras por Apag\u00f3n de Fin de A\u00f1o"},"content":{"rendered":"\n<p>Solo el 14 por ciento de los clientes de la compa\u00f1\u00eda el\u00e9ctrica de la isla ten\u00edan electricidad el martes por la ma\u00f1ana. El proveedor dijo que tardar\u00eda entre 24 y 48 horas en restablecer el suministro<\/p>\n\n\n\n<figure class=\"wp-block-image size-full is-resized\"><img fetchpriority=\"high\" decoding=\"async\" width=\"600\" height=\"400\" src=\"https:\/\/energiesnet.com\/espanol\/wp-content\/uploads\/2025\/01\/san_juan_dark.jpg\" alt=\"\" class=\"wp-image-24428\" style=\"width:645px;height:auto\" srcset=\"https:\/\/energiesnet.com\/espanol\/wp-content\/uploads\/2025\/01\/san_juan_dark.jpg 600w, https:\/\/energiesnet.com\/espanol\/wp-content\/uploads\/2025\/01\/san_juan_dark-300x200.jpg 300w\" sizes=\"(max-width: 600px) 100vw, 600px\" \/><figcaption class=\"wp-element-caption\">San Juan, la capital de Puerto Rico, se qued\u00f3 a oscuras el martes.\u00a0 Ricardo Arduengo\/Agence France-Presse \u2014 Getty Images<\/figcaption><\/figure>\n\n\n\n<p>Victhor Mather, NYTimes        <\/p>\n\n\n\n<p>NEW YORK            <br>EnergiesNet.com 02 01 2025      <\/p>\n\n\n\n<p>Un apag\u00f3n generalizado afect\u00f3 a Puerto Rico en la madrugada del martes, interrumpiendo el suministro el\u00e9ctrico en casi toda la isla.<\/p>\n\n\n\n<p>A las 9:15 a. m., hora del este, solo el 14 por ciento de los 1,4 millones de clientes de servicios p\u00fablicos de Puerto Rico ten\u00edan electricidad, seg\u00fan&nbsp;<a href=\"https:\/\/miluma.lumapr.com\/outages\/serviceStatus\" rel=\"noreferrer noopener\" target=\"_blank\">la p\u00e1gina de seguimiento<\/a>&nbsp;de Luma Energy, que suministra electricidad al territorio estadounidense. La empresa dijo que estaba activando operaciones de emergencia para restablecer el suministro y describi\u00f3 el apag\u00f3n como \u201cen todo el sistema\u201d.<\/p>\n\n\n\n<p>Luma&nbsp;<a href=\"https:\/\/x.com\/lumaenergypr\/status\/1874081905856885124\" rel=\"noreferrer noopener\" target=\"_blank\">dijo en las redes sociales<\/a>&nbsp;que \u201clos hallazgos preliminares apuntan a un fallo en una l\u00ednea soterrada\u201d. Dijo que planeaba restablecer la electricidad por fases y que \u201ctodo el proceso durar\u00e1 entre 24 y 48 horas, si las condiciones lo permiten\u201d.<\/p>\n\n\n\n<p>Josu\u00e9 Col\u00f3n, director ejecutivo de la C\u00e1mara de Comercio de Puerto Rico,&nbsp;<a href=\"https:\/\/www.telemundopr.com\/noticias\/puerto-rico\/josue-colon-restablecer-el-servicio-electrico-podria-tomar-varios-dias\/2677208\/\" rel=\"noreferrer noopener\" target=\"_blank\">dijo a Telemundo<\/a>&nbsp;que cre\u00eda que el restablecimiento tardar\u00eda varios d\u00edas.<\/p>\n\n\n\n<p>El apag\u00f3n parec\u00eda ser significativamente mayor que&nbsp;<a href=\"https:\/\/www.nytimes.com\/2024\/06\/13\/us\/puerto-rico-outage.html\">el de junio<\/a>, que dej\u00f3 sin electricidad a unos 350.000 clientes.<\/p>\n\n\n\n<p>Puerto Rico se ha enfrentado a una serie de apagones desde 2017, cuando el hurac\u00e1n Mar\u00eda da\u00f1\u00f3 gravemente la isla, incluida su red el\u00e9ctrica.<\/p>\n\n\n\n<p>\u201cEstamos exigiendo respuestas\u201d, dijo el gobernador del territorio, Pedro Pierluisi,&nbsp;<a href=\"https:\/\/www.facebook.com\/govpierluisi\/posts\/pfbid02B5yhSoU7HVoXDf3bq4zs95BNVyN6uLLnGPgHKtux9rcuMzWmui6y1TgK1jSoch8El\" rel=\"noreferrer noopener\" target=\"_blank\">en las redes sociales<\/a>. Las compa\u00f1\u00edas el\u00e9ctricas, a\u00f1adi\u00f3, \u201cdeben agilizar el reencendido de las unidades generatrices fuera del \u00e1rea de la falla y mantener al pueblo debidamente informado sobre las medidas que est\u00e1n tomando para restablecer el servicio en toda la isla\u201d.<\/p>\n\n\n\n<p>El Aeropuerto Internacional Luis Mu\u00f1oz Mar\u00edn, el m\u00e1s transitado de Puerto Rico, dijo en un comunicado el martes que estaba operando \u201ccon normalidad gracias a los generadores el\u00e9ctricos\u201d.<\/p>\n\n\n\n<p>nytimes.com 31 12 2024<br><\/p>\n","protected":false},"excerpt":{"rendered":"<p>Solo el 14 por ciento de los clientes de la compa\u00f1\u00eda el\u00e9ctrica de la isla ten\u00edan electricidad el martes por la ma\u00f1ana. El proveedor dijo que tardar\u00eda entre 24 y 48 horas en restablecer el suministro Victhor Mather, NYTimes NEW YORK EnergiesNet.com 02 01 2025 Un apag\u00f3n generalizado afect\u00f3 a Puerto Rico en la madrugada &hellip;<\/p>\n<p class=\"read-more\"> <a class=\"\" href=\"https:\/\/energiesnet.com\/espanol\/puerto-rico-a-oscuras-por-apagon-de-fin-de-ano\/\"> <span class=\"screen-reader-text\">Puerto Rico a Oscuras por Apag\u00f3n de Fin de A\u00f1o<\/span> Leer m\u00e1s &raquo;<\/a><\/p>\n","protected":false},"author":2,"featured_media":24428,"comment_status":"open","ping_status":"open","sticky":false,"template":"","format":"standard","meta":{"_monsterinsights_skip_tracking":false,"_monsterinsights_sitenote_active":false,"_monsterinsights_sitenote_note":"","_monsterinsights_sitenote_category":0,"site-sidebar-layout":"default","site-content-layout":"default","ast-global-header-display":"","ast-main-header-display":"","ast-hfb-above-header-display":"","ast-hfb-below-header-display":"","ast-hfb-mobile-header-display":"","site-post-title":"","ast-breadcrumbs-content":"","ast-featured-img":"","footer-sml-layout":"","theme-transparent-header-meta":"","adv-header-id-meta":"","stick-header-meta":"","header-above-stick-meta":"","header-main-stick-meta":"","header-below-stick-meta":"","footnotes":""},"categories":[30],"tags":[],"class_list":["post-24427","post","type-post","status-publish","format-standard","has-post-thumbnail","hentry","category-top-news"],"aioseo_notices":[],"_links":{"self":[{"href":"https:\/\/energiesnet.com\/espanol\/wp-json\/wp\/v2\/posts\/24427","targetHints":{"allow":["GET"]}}],"collection":[{"href":"https:\/\/energiesnet.com\/espanol\/wp-json\/wp\/v2\/posts"}],"about":[{"href":"https:\/\/energiesnet.com\/espanol\/wp-json\/wp\/v2\/types\/post"}],"author":[{"embeddable":true,"href":"https:\/\/energiesnet.com\/espanol\/wp-json\/wp\/v2\/users\/2"}],"replies":[{"embeddable":true,"href":"https:\/\/energiesnet.com\/espanol\/wp-json\/wp\/v2\/comments?post=24427"}],"version-history":[{"count":0,"href":"https:\/\/energiesnet.com\/espanol\/wp-json\/wp\/v2\/posts\/24427\/revisions"}],"wp:featuredmedia":[{"embeddable":true,"href":"https:\/\/energiesnet.com\/espanol\/wp-json\/wp\/v2\/media\/24428"}],"wp:attachment":[{"href":"https:\/\/energiesnet.com\/espanol\/wp-json\/wp\/v2\/media?parent=24427"}],"wp:term":[{"taxonomy":"category","embeddable":true,"href":"https:\/\/energiesnet.com\/espanol\/wp-json\/wp\/v2\/categories?post=24427"},{"taxonomy":"post_tag","embeddable":true,"href":"https:\/\/energiesnet.com\/espanol\/wp-json\/wp\/v2\/tags?post=24427"}],"curies":[{"name":"wp","href":"https:\/\/api.w.org\/{rel}","templated":true}]}}