{"id":24540,"date":"2025-01-13T15:54:06","date_gmt":"2025-01-13T19:54:06","guid":{"rendered":"https:\/\/energiesnet.com\/espanol\/?p=24540"},"modified":"2025-01-13T15:54:12","modified_gmt":"2025-01-13T19:54:12","slug":"sheinbaum-100-dias-de-continuidad-y-riesgo-en-la-sombra-de-trump","status":"publish","type":"post","link":"https:\/\/energiesnet.com\/espanol\/sheinbaum-100-dias-de-continuidad-y-riesgo-en-la-sombra-de-trump\/","title":{"rendered":"Sheinbaum: 100 D\u00edas de Continuidad y Riesgo en la Sombra de Trump"},"content":{"rendered":"\n<p>La presidenta de M\u00e9xico, Claudia Sheinbaum, cumple 100 d\u00edas al frente de M\u00e9xico con una pol\u00edtica de continuidad cargada de incertidumbre exacerbada por el regreso de Donald Trump a la Casa Blanca, de acuerdo con analistas<\/p>\n\n\n\n<figure class=\"wp-block-image size-full is-resized\"><img fetchpriority=\"high\" decoding=\"async\" width=\"600\" height=\"400\" src=\"https:\/\/energiesnet.com\/espanol\/wp-content\/uploads\/2025\/01\/sheimbaun_bloo.jpg\" alt=\"Los 100 primeros d\u00edas de Sheinbaum: continuidad envuelta en riesgo a la espera de Trump\" class=\"wp-image-24541\" style=\"width:629px;height:auto\" srcset=\"https:\/\/energiesnet.com\/espanol\/wp-content\/uploads\/2025\/01\/sheimbaun_bloo.jpg 600w, https:\/\/energiesnet.com\/espanol\/wp-content\/uploads\/2025\/01\/sheimbaun_bloo-300x200.jpg 300w\" sizes=\"(max-width: 600px) 100vw, 600px\" \/><figcaption class=\"wp-element-caption\">Los 100 primeros d\u00edas de Sheinbaum: continuidad envuelta en riesgo a la espera de Trump<\/figcaption><\/figure>\n\n\n\n<p>Arturo Sol\u00eds, Bloomberg L\u00ednea            <\/p>\n\n\n\n<p>CIUDAD DE M\u00c9XICO         <br>EnergiesNet.com 13 01 2025         <\/p>\n\n\n\n<p>Claudia Sheinbaum cumple 100 d\u00edas como presidenta de M\u00e9xico luego de una agitado periodo de transici\u00f3n. El efecto de su arrasadora victoria en las urnas como continuaci\u00f3n de su antecesor y compa\u00f1ero pol\u00edtico, el expresidente Andr\u00e9s Manuel L\u00f3pez Obrador, y&nbsp;la estabilidad macroecon\u00f3mica ha sido diluido parcialmente por la incertidumbre interna ante un pol\u00e9mico paquete de reformas constitucionales, seg\u00fan analistas.<\/p>\n\n\n\n<p>En sus primeros pasos ha anunciado un importante plan de infraestructura ferroviaria para conectar diversos puntos del pa\u00eds, adem\u00e1s de una agenda para promover energ\u00edas limpias y aprovechar la producci\u00f3n de gas natural de la mano de las empresas estatales CFE y Pemex bajo una nueva figura legal enfocada en el servicio p\u00fablico, pero con apertura a la inversi\u00f3n privada a\u00fan pendiente de definici\u00f3n en la legislaci\u00f3n secundaria.<\/p>\n\n\n\n<p>Ver m\u00e1s:\u00a0<a href=\"https:\/\/www.bloomberglinea.com\/latinoamerica\/mexico\/que-caminos-le-quedan-a-sheinabum-para-enfrentar-la-crisis-de-pemex\/\"><a href=\"https:\/\/energiesnet.com\/espanol\/sheinbaum-enfrenta-la-crisis-de-pemex-que-caminos-le-quedan\/\">Sheinbaum enfrenta la crisis de Pemex: \u00bfQu\u00e9 caminos le quedan? <\/a><\/a><\/p>\n\n\n\n<p>Su administraci\u00f3n tambi\u00e9n avanza con el riesgo externo por el regreso del magnate nacionalista Donald Trump a la Casa Blanca, quien carga con una agenda proteccionista, antimigratoria, adem\u00e1s de la revisi\u00f3n de una relaci\u00f3n comercial creciente entre ambos pa\u00edses que supera los US$770.000 millones anuales,&nbsp;seg\u00fan datos compilados por Bloomberg L\u00ednea.&nbsp;A ello se agrega los dichos de Trump que buscar\u00eda declarar a los c\u00e1rteles de la droga como \u201corganizaciones terroristas extranjeras\u201d.<\/p>\n\n\n\n<figure class=\"wp-block-image size-full\"><img decoding=\"async\" width=\"704\" height=\"645\" src=\"https:\/\/energiesnet.com\/espanol\/wp-content\/uploads\/2025\/01\/image-6.png\" alt=\"\" class=\"wp-image-24542\" srcset=\"https:\/\/energiesnet.com\/espanol\/wp-content\/uploads\/2025\/01\/image-6.png 704w, https:\/\/energiesnet.com\/espanol\/wp-content\/uploads\/2025\/01\/image-6-300x275.png 300w\" sizes=\"(max-width: 704px) 100vw, 704px\" \/><\/figure>\n\n\n\n<p><\/p>\n\n\n\n<p>\u201cPara eso nos eligieron, para dar continuidad a la transformaci\u00f3n de la vida p\u00fablica de M\u00e9xico, iniciada en el a\u00f1o 2018. Que se oiga bien, lejos y fuerte: No vamos a regresar al modelo neoliberal\u201d, declar\u00f3 la mandataria mexicana durante su informe de 100 d\u00edas de Gobierno en el Z\u00f3calo de la Ciudad de M\u00e9xico el domingo 12 de enero de 2025.<\/p>\n\n\n\n<p class=\"has-medium-font-size\"><strong>Incertidumbre por reformas<\/strong><\/p>\n\n\n\n<p><\/p>\n\n\n\n<p>La mandataria mexicana defendi\u00f3 durante su discurso el paquete de reformas, como la judicial en la que se votar\u00e1 popularmente a las autoridades de juzgados, tribunales y Suprema Corte. Pero los candidatos ser\u00e1n propuestos por el poder ejecutivo y legislativo, que controla Sheinbaum y el partido gobernante Morena, mientras que el resto vendr\u00e1 del poder judicial todav\u00eda vigente.<\/p>\n\n\n\n<p>\u201cEste 1\u00b0 de junio de 2025 quedar\u00e1 grabado en la historia de M\u00e9xico porque, por primera vez, se elegir\u00e1 democr\u00e1ticamente, s\u00ed, democr\u00e1ticamente, a jueces, juezas, magistrados, magistradas, ministros y ministras de la Suprema Corte de Justicia de la Naci\u00f3n\u201d.<\/p>\n\n\n\n<p>Luego de m\u00faltiples fracasos legales en materia energ\u00e9tica, electoral y de seguridad durante su sexenio, L\u00f3pez Obrador aprovech\u00f3 la supermayor\u00eda alcanzada en el Congreso para impulsar su paquete de reformas constitucionales.&nbsp;La decisi\u00f3n de empezar a votarlas en septiembre pasado, un mes antes de la toma de posesi\u00f3n de Sheinbaum, fue paralela a un proceso de depreciaci\u00f3n del peso frente al d\u00f3lar que comenz\u00f3 un d\u00eda despu\u00e9s de que gan\u00f3 la elecci\u00f3n presidencial y se ha mantenido hasta enero de este a\u00f1o con un retroceso acumulado de 22%.<\/p>\n\n\n\n<p>El programa pol\u00edtico econ\u00f3mico de Sheinbaum visto durante los primeros 100 d\u00edas es de continuidad con el anterior Gobierno con implicaciones en el \u00e1mbito econ\u00f3mico de \u201cincertidumbre y riesgo\u201d, consider\u00f3 en entrevista Raymundo Tenorio Aguilar maestro en econom\u00eda y catedr\u00e1tico del Tecnol\u00f3gico de Monterrey, doctor en ciencias pol\u00edticas y sociales por la Universidad Iberoamericana y ex funcionario del Banco de M\u00e9xico (Banxico).<\/p>\n\n\n\n<p>La aprobaci\u00f3n en enero de otra reforma para la desaparici\u00f3n de organismos aut\u00f3nomos, como el Instituto Nacional para el Acceso a la Informaci\u00f3n, el Instituto Federal de Telecomunicaciones, la Comisi\u00f3n Federal de Competencia Econ\u00f3mica y las comisiones energ\u00e9ticas CRE y CNH abonan al riesgo porque no solo regulan el mercado mexicano sino que alientan la confianza para la inversi\u00f3n nacional y extranjera, recuerda el profesor.<\/p>\n\n\n\n<p>Ver m\u00e1s:&nbsp;<a href=\"https:\/\/www.bloomberglinea.com\/latinoamerica\/mexico\/sheinbaum-promulga-la-reforma-constitucional-que-desaparece-a-siete-organismos-autonomos-en-mexico\/\">Sheinbaum promulga la reforma constitucional que desaparece a siete organismos aut\u00f3nomos en M\u00e9xico<\/a><\/p>\n\n\n\n<p>\u201cY si le sumamos un poder judicial sometido a los intereses del poder ejecutivo,&nbsp;entonces el escenario a 100 d\u00edas no luce nada bien. Aunque su popularidad sea muy alta, la popularidad no tiene que ver con la gesti\u00f3n de riesgos que implica administrar un Gobierno\u201d.<\/p>\n\n\n\n<p><\/p>\n\n\n\n<p class=\"has-medium-font-size\"><strong>Estabilidad y optimismo<\/strong><\/p>\n\n\n\n<p><\/p>\n\n\n\n<p>Para la directora de an\u00e1lisis de grupo financiero Monex, Jannet Quiroz,&nbsp;es positivo que el sentimiento del mercado no muestre un mayor deterioro y que la estabilizaci\u00f3n de variables como el tipo de cambio&nbsp;que refleja que los inversionistas est\u00e1n esperando conocer la pol\u00edtica econ\u00f3mica de la presidenta Sheinbaum.<\/p>\n\n\n\n<p>\u201cAl final esta estabilidad refleja que el nerviosismo no sigui\u00f3 exacerb\u00e1ndose\u201d, coment\u00f3 a Bloomberg L\u00ednea.<\/p>\n\n\n\n<p>David Raz\u00fa, CEO de Afore XXI Banorte, ve con \u201cmucho optimismo\u201d los primeros 100 d\u00edas de Sheinbaum con un presupuesto ajustado a las necesidades del pa\u00eds, sobre todo con la reducci\u00f3n del d\u00e9ficit fiscal a 3,9% del Producto Interno Bruto (PIB) para 2025 estimada por Hacienda en el presupuesto de este a\u00f1o, en entrevista a Bloomberg L\u00ednea.<\/p>\n\n\n\n<p>\u201cSi bien es ambicioso, es una muy buena se\u00f1al que se manda\u201d, dijo.<\/p>\n\n\n\n<p>Otra se\u00f1al positiva son los anuncios de inversi\u00f3n&nbsp;privada posteriores a la reforma judicial, como la planta de superchips del proveedor de Nvidia Foxconn, conocida Hon Hai Precisi\u00f3n Industry, proyectos de gas natural licuado de Mexico Pacific (US$15.000 millones), un proyecto tur\u00edstico de Royal Caribbean en la Pen\u00ednsula de Yucat\u00e1n (US$600 millones) y el megacampo petrolero Tri\u00f3n operado por Woodside Energy (US$10.400 millones, aunque esta \u00faltima inversi\u00f3n se conoce desde 2023 y ser\u00e1 en alianza con la empresa estatal Pemex), record\u00f3 Raz\u00fa.<\/p>\n\n\n\n<p>Sheinbaum destac\u00f3 en su mensaje un r\u00e9cord de empleos formales por 22,2 millones para un mes de diciembre, crecimiento de la recaudaci\u00f3n de 4,6% en t\u00e9rminos reales e Inversi\u00f3n Extranjera Directa (IED) por US$39.000 millones.<\/p>\n\n\n\n<p>Pero M\u00e9xico cerr\u00f3 el 2024 con la peor cifra de creaci\u00f3n de empleo formal en m\u00e1s de una d\u00e9cada,&nbsp;seg\u00fan datos del Instituto Mexicano el Seguro Social; Hacienda estim\u00f3 un d\u00e9ficit fiscal para el cierre del a\u00f1o de 5,9% del PIB. Seg\u00fan los \u00faltimos datos disponibles de la Secretar\u00eda de Econom\u00eda, 86% de los US$30.745 millones de inversi\u00f3n extranjera directa reportados entre enero y septiembre provienen de reinversi\u00f3n de utilidades y solo 8% corresponde a nuevas inversiones.<\/p>\n\n\n\n<p>El riesgo a las inversiones en M\u00e9xico tambi\u00e9n tiene un componente externo. La amenaza arancelaria del entonces candidato republicano a la presidencia de Estados Unidos, Donald Trump, fue suficiente para que el hombre m\u00e1s rico del mundo y principal aliado del sector privado, el empresario sudafricano Elon Musk,&nbsp;<a href=\"https:\/\/www.bloomberglinea.com\/latinoamerica\/mexico\/elon-musk-evalua-viabilidad-de-la-planta-de-tesla-en-mexico-por-amenazas-arancelarias-de-trump\/\">detuviera la construcci\u00f3n de una f\u00e1brica de autos el\u00e9ctricos de Tesla&nbsp;<\/a>en la entidad de Nuevo Le\u00f3n al norte de M\u00e9xico.<\/p>\n\n\n\n<p>\u201cTrump ha dicho que impondr\u00e1 fuertes aranceles a los veh\u00edculos producidos en M\u00e9xico. As\u00ed que no tiene sentido invertir mucho en M\u00e9xico si ese va a ser el caso. Tenemos que ver c\u00f3mo se desarrollan las cosas en t\u00e9rminos pol\u00edticos\u201d, se\u00f1al\u00f3 Musk a los inversionistas y analistas de Tesla en una conferencia telef\u00f3nica en julio de 2024.<\/p>\n\n\n\n<p><\/p>\n\n\n\n<p class=\"has-medium-font-size\"><strong>El regreso de Trump<\/strong><\/p>\n\n\n\n<p class=\"has-medium-font-size\"><\/p>\n\n\n\n<p>Desde que comenz\u00f3 su mandato, Sheinbaum ha enfrentado una serie de declaraciones del presidente electo y empresario estadounidense Trump en contra de M\u00e9xico que se ha reflejado en la debilidad del peso frente al d\u00f3lar y con la revisi\u00f3n programada del acuerdo comercial Tratado entre M\u00e9xico, Estados Unidos y Canad\u00e1, el cual acumula de enero a noviembre de este a\u00f1o US$776.000 millones de intercambio comercial, seg\u00fan la Oficina del Censo estadounidense.<\/p>\n\n\n\n<p>En noviembre de 2024, el magnate inmobiliario y pol\u00edtico republicano anunci\u00f3 que cobrar\u00e1 un arancel de 25% a los productos de M\u00e9xico como represalia por la migraci\u00f3n y el paso de drogas, principalmente de fentanilo, desde la frontera mexicana hacia Estados Unidos.<\/p>\n\n\n\n<p>El domingo 22 de diciembre, Trump dijo que declarar\u00e1 a los c\u00e1rteles de la droga como \u201corganizaciones terroristas extranjeras\u201d, lo cual gener\u00f3 controversia por las implicaciones que podr\u00eda tener una posible intervenci\u00f3n militar estadounidense en territorio mexicano, como sucedi\u00f3 en otros pa\u00edses como Afganist\u00e1n e Irak a principios del siglo XXI tras los atentados del 11 de septiembre de 2001.<\/p>\n\n\n\n<p>Sheinbaum, f\u00edsica e investigadora egresada de la UNAM, respondi\u00f3 horas despu\u00e9s que M\u00e9xico no aceptar\u00e1 \u201cinjerencismos\u201d y que nunca se subordinar\u00e1 a Estados Unidos, donde se consume la droga de fentanilo y de donde vienen las armas que usa el crimen organizado en M\u00e9xico. Este mensaje lo reiter\u00f3 durante su discurso en el Z\u00f3calo del domingo.<\/p>\n\n\n\n<p>\u201cComo lo he dicho: Nos coordinamos, colaboramos, pero nunca nos subordinamos\u201d.<\/p>\n\n\n\n<p>Tenorio record\u00f3 que a diferencia de L\u00f3pez Obrador, Sheinbaum se ha enganchado con las declaraciones de Trump&nbsp;y ha respondido con posibles aranceles y deportaciones, pero dice que M\u00e9xico representa solo el 6,5% de la econom\u00eda norteamericana.<\/p>\n\n\n\n<p>\u201cNo por ser chiquitos vamos a doblegarnos, pero hay que entender que el poder de negociaci\u00f3n lo tienen los Estados Unidos y hay que sentarse de forma seria, como lo hizo el Gobierno del expresidente Enrique Pe\u00f1a Nieto, a renegociar o revisar el Tratado de Libre Comercio\u201d, dijo Tenorio.<\/p>\n\n\n\n<p>La tensa relaci\u00f3n entre ambos pa\u00edses ser\u00e1 la antesala a la revisi\u00f3n del T-MEC en 2026 en un contexto en el que M\u00e9xico se convirti\u00f3 durante 2024 en el principal exportador comercial a Estados Unidos superando a China luego de 20 a\u00f1os a la cabeza en las exportaciones.<\/p>\n\n\n\n<p>Raz\u00fa dijo que aunque la clase pol\u00edtica estadounidense est\u00e1 favor de medidas proteccionistas, el Gobierno de Estados Unidos tendr\u00e1 que valorar antes de aplicarlas porque tiene una situaci\u00f3n muy complicada de d\u00e9ficit e inflaci\u00f3n, y si decide hacerlo detonar\u00eda una inflaci\u00f3n que disminuir\u00eda el ritmo de recortes de la tasa de inter\u00e9s de la Reserva Federal (Fed).<\/p>\n\n\n\n<p>\u201c(Estados Unidos) estar\u00eda atentando contra su propio crecimiento\u201d, coment\u00f3.<\/p>\n\n\n\n<p>Carlos Capistran, economista en jefe para M\u00e9xico y Canad\u00e1 de Bank of America (Bofa) Securities, descart\u00f3 que Trump imponga aranceles a M\u00e9xico y deportaciones masivas de migrantes en el corto plazo durante un evento universitario en el ITAM el 10 de enero de este a\u00f1o, pero s\u00ed espera aranceles a China, el principal adversario comercial de Estados Unidos.<\/p>\n\n\n\n<p>Ver m\u00e1s:&nbsp;<a href=\"https:\/\/www.bloomberglinea.com\/latinoamerica\/mexico\/bofa-securities-descarta-que-eeuu-imponga-arancel-de-25-a-mexico\/\">BofA Securities descarta que EE.UU. imponga arancel de 25% a M\u00e9xico<\/a><\/p>\n\n\n\n<p><\/p>\n\n\n\n<p class=\"has-medium-font-size\"><strong>\u00bfQu\u00e9 sigue para el Gobierno de Sheinbaum?<\/strong><\/p>\n\n\n\n<p><\/p>\n\n\n\n<p>Ana Lilia Moreno, coordinadora del programa de competencia y regulaci\u00f3n del centro de pensamiento M\u00e9xico Eval\u00faa, destac\u00f3 en entrevista sobre los primeros 100 d\u00edas de Sheinbaum su apuesta por la continuidad del T-MEC como motor de crecimiento econ\u00f3mico y promoci\u00f3n de la relocalizaci\u00f3n de empresas (nearshoring), sin embargo&nbsp;a\u00fan enfrenta desaf\u00edos muy relevantes en materia energ\u00e9tica y biotecnolog\u00eda ingresadas en el acuerdo comercial.<\/p>\n\n\n\n<p>Aunque M\u00e9xico registra exportaciones r\u00e9cord a Estados Unidos, concentradas en las manufacturas automotrices, aeroespaciales y de agroindustria,&nbsp;falta diversificar la oferta industrial y no solo aprovechar el momento geopol\u00edtico sino para que las compa\u00f1\u00edas se consoliden en M\u00e9xico.<\/p>\n\n\n\n<p>\u201cLas cadenas de suministros podr\u00edan estar m\u00e1s diversificadas aprovechando el potencial de M\u00e9xico con facilidades para la instalaci\u00f3n de empresas\u201d<\/p>\n\n\n\n<p>Moreno coment\u00f3 que tambi\u00e9n est\u00e1 pendiente el compromiso del Gobierno mexicano con los derechos laborales, ya que m\u00faltiples sindicatos han denunciado incumplimientos de empresas exportadoras, y aunque el Gobierno trabaja en resolver los casos, M\u00e9xico Eval\u00faa ha acumulado m\u00e1s de dos docenas de casos laborales que se gestionan bajo mecanismos del T-MEC.<\/p>\n\n\n\n<p>\u201cPodr\u00eda ser una carta positiva para negociar en el marco del T-MEC\u201d, a\u00f1adi\u00f3.<\/p>\n\n\n\n<p>Otro factor pendiente de revisi\u00f3n por parte de Sheinbaum, dijo, son los compromisos y normas ambientales para armonizarlos con la estrategia de transici\u00f3n energ\u00e9tica&nbsp;para descarbonizar los sectores m\u00e1s productivos del pa\u00eds y mitigar los gases de efecto invernadero y que M\u00e9xico produzca el 35% de su electricidad con energ\u00edas renovables. Adem\u00e1s, est\u00e1 pendiente la legislaci\u00f3n secundaria para Pemex y CFE y c\u00f3mo podr\u00e1 participar la iniciativa privada en el sector energ\u00e9tico.<\/p>\n\n\n\n<p>Raz\u00fa prev\u00e9 que 2025 ser\u00e1 un a\u00f1o de un crecimiento \u201crelativamente bajo\u201d a nivel mundial que impactar\u00e1 a M\u00e9xico, pero Estados Unidos muestra un vigor \u201cmuy interesante\u201d,&nbsp;pero advirti\u00f3 poner atenci\u00f3n al mercado burs\u00e1til y puso como ejemplo el \u00edndice Nasdaq, que refleja al sector tecnol\u00f3gico, el cual creci\u00f3 en el orden de 40% en 2023 y 20% en 2024, y aunque hay elementos para pensar que est\u00e1n bien valuados los activos en Estados Unidos,&nbsp;ser\u00e1 necesario poner atenci\u00f3n a un posible desfase entre valuaciones y posibles valores reales.<\/p>\n\n\n\n<p>\u201cSi pasara eso podr\u00edamos estar ante una situaci\u00f3n muy complicada para todo el mundo, pero a M\u00e9xico le pegan m\u00e1s las burbujas o ajustes bruscos en el mercado burs\u00e1til en Estados Unidos\u201d, concluy\u00f3.<\/p>\n\n\n\n<p>bloomberglinea.com 13 01 2025<\/p>\n","protected":false},"excerpt":{"rendered":"<p>La presidenta de M\u00e9xico, Claudia Sheinbaum, cumple 100 d\u00edas al frente de M\u00e9xico con una pol\u00edtica de continuidad cargada de incertidumbre exacerbada por el regreso de Donald Trump a la Casa Blanca, de acuerdo con analistas Arturo Sol\u00eds, Bloomberg L\u00ednea CIUDAD DE M\u00c9XICO EnergiesNet.com 13 01 2025 Claudia Sheinbaum cumple 100 d\u00edas como presidenta de &hellip;<\/p>\n<p class=\"read-more\"> <a class=\"\" href=\"https:\/\/energiesnet.com\/espanol\/sheinbaum-100-dias-de-continuidad-y-riesgo-en-la-sombra-de-trump\/\"> <span class=\"screen-reader-text\">Sheinbaum: 100 D\u00edas de Continuidad y Riesgo en la Sombra de Trump<\/span> Leer m\u00e1s &raquo;<\/a><\/p>\n","protected":false},"author":2,"featured_media":24541,"comment_status":"open","ping_status":"open","sticky":false,"template":"","format":"standard","meta":{"_monsterinsights_skip_tracking":false,"_monsterinsights_sitenote_active":false,"_monsterinsights_sitenote_note":"","_monsterinsights_sitenote_category":0,"site-sidebar-layout":"default","site-content-layout":"default","ast-global-header-display":"","ast-main-header-display":"","ast-hfb-above-header-display":"","ast-hfb-below-header-display":"","ast-hfb-mobile-header-display":"","site-post-title":"","ast-breadcrumbs-content":"","ast-featured-img":"","footer-sml-layout":"","theme-transparent-header-meta":"","adv-header-id-meta":"","stick-header-meta":"","header-above-stick-meta":"","header-main-stick-meta":"","header-below-stick-meta":"","footnotes":""},"categories":[30],"tags":[],"class_list":["post-24540","post","type-post","status-publish","format-standard","has-post-thumbnail","hentry","category-top-news"],"aioseo_notices":[],"_links":{"self":[{"href":"https:\/\/energiesnet.com\/espanol\/wp-json\/wp\/v2\/posts\/24540","targetHints":{"allow":["GET"]}}],"collection":[{"href":"https:\/\/energiesnet.com\/espanol\/wp-json\/wp\/v2\/posts"}],"about":[{"href":"https:\/\/energiesnet.com\/espanol\/wp-json\/wp\/v2\/types\/post"}],"author":[{"embeddable":true,"href":"https:\/\/energiesnet.com\/espanol\/wp-json\/wp\/v2\/users\/2"}],"replies":[{"embeddable":true,"href":"https:\/\/energiesnet.com\/espanol\/wp-json\/wp\/v2\/comments?post=24540"}],"version-history":[{"count":0,"href":"https:\/\/energiesnet.com\/espanol\/wp-json\/wp\/v2\/posts\/24540\/revisions"}],"wp:featuredmedia":[{"embeddable":true,"href":"https:\/\/energiesnet.com\/espanol\/wp-json\/wp\/v2\/media\/24541"}],"wp:attachment":[{"href":"https:\/\/energiesnet.com\/espanol\/wp-json\/wp\/v2\/media?parent=24540"}],"wp:term":[{"taxonomy":"category","embeddable":true,"href":"https:\/\/energiesnet.com\/espanol\/wp-json\/wp\/v2\/categories?post=24540"},{"taxonomy":"post_tag","embeddable":true,"href":"https:\/\/energiesnet.com\/espanol\/wp-json\/wp\/v2\/tags?post=24540"}],"curies":[{"name":"wp","href":"https:\/\/api.w.org\/{rel}","templated":true}]}}