{"id":24545,"date":"2025-01-13T17:33:18","date_gmt":"2025-01-13T21:33:18","guid":{"rendered":"https:\/\/energiesnet.com\/espanol\/?p=24545"},"modified":"2025-01-13T17:33:24","modified_gmt":"2025-01-13T21:33:24","slug":"entendiendo-el-dilema-venezolano-una-carta-de-pablo-luers","status":"publish","type":"post","link":"https:\/\/energiesnet.com\/espanol\/entendiendo-el-dilema-venezolano-una-carta-de-pablo-luers\/","title":{"rendered":"Entendiendo el Dilema Venezolano: Una Carta de Pablo Luers"},"content":{"rendered":"\n<p>\u00abEl pueblo venezolano sigue atrapado en este dilema de la izquierda. L\u00edderes de la izquierda\u00a0\u00a0como Gustavo Petro, Lula, Pedro S\u00e1nchez y Jos\u00e9\u00a0Luis Rodr\u00edguez Zapatero, Andr\u00e9s Manuel L\u00f3pez Obrador y Claudia Sheinbaum son los responsables de la continuaci\u00f3n de la dictadura venezolana. Triste realidad.\u00bb<\/p>\n\n\n\n<figure class=\"wp-block-image size-full\"><img fetchpriority=\"high\" decoding=\"async\" width=\"600\" height=\"413\" src=\"https:\/\/energiesnet.com\/espanol\/wp-content\/uploads\/2025\/01\/maduro_cartas_de_paolo_luers.jpg\" alt=\"Carta a quienes quieren entender el dilemma venezolano\" class=\"wp-image-24546\" srcset=\"https:\/\/energiesnet.com\/espanol\/wp-content\/uploads\/2025\/01\/maduro_cartas_de_paolo_luers.jpg 600w, https:\/\/energiesnet.com\/espanol\/wp-content\/uploads\/2025\/01\/maduro_cartas_de_paolo_luers-300x207.jpg 300w\" sizes=\"(max-width: 600px) 100vw, 600px\" \/><figcaption class=\"wp-element-caption\">Carta a quienes quieren entender el dilemma venezolano.<\/figcaption><\/figure>\n\n\n\n<p>Por Pablo Luers       <\/p>\n\n\n\n<p><strong>Amigos en Venezuela y toda Am<\/strong><strong>\u00e9<\/strong><strong>rica Latina:<\/strong><\/p>\n\n\n\n<p>\u00a1Qu\u00e9&nbsp;sorpresa: Maduro se queda en el poder. Algunos tuvieron la esperanza que por arte de magia -es decir por, insurrecci\u00f3n popular- se iba a evitar que Nicol\u00e1s Maduro se juramente presidente por 6 a\u00f1os m\u00e1s, luego de haber perdido las elecciones del 28 de julio pasado. Se hab\u00eda anunciado que el presidente electo leg\u00edtimo, Edmundo Gonz\u00e1lez, quien gan\u00f3 las elecciones con el doble de votos que Maduro, iba a regresar del exilio y el pueblo bravo de Venezuela lo iba a juramentar este 10 de enero.<\/p>\n\n\n\n<p>Esto no pas\u00f3.&nbsp;&nbsp;Para ser realista, no hay condiciones que la oposici\u00f3n democr\u00e1tica, aunque es mayoritaria, logre esto en un pa\u00eds militarizado con un aparato de represi\u00f3n bien consolidado como Venezuela.<\/p>\n\n\n\n<p>No hab\u00eda condiciones para una transici\u00f3n democr\u00e1tica, porque la oposici\u00f3n, que hab\u00eda logrado un admirable grado de madurez y organizaci\u00f3n en el proceso electoral, fue traicionada por la comunidad internacional. A pesar de todas las promesas de no permitir que Maduro se robe las elecciones luego de haberlas perdido, a pesar de las declaraciones de protestas, los pa\u00edses de Am\u00e9rica Latina dejaron solo a la oposici\u00f3n democr\u00e1tica y su presidente electo leg\u00edtimo Edmundo Gonz\u00e1lez.&nbsp;<\/p>\n\n\n\n<p>Los que hubieran podido cambiar la suerte de Venezuela son los vecinos directos, Colombia y Brasil, ambos con gobiernos que se llaman de izquierda. Junto con otro gobierno disque de izquierda, el de M\u00e9xico, juraron no permitir que Maduro se juramente sin haber mostrado las actas electorales que lo comprobaran. Nunca las mostr\u00f3, mientras que Edmundo s\u00ed mostr\u00f3, con cifras y actas, que gan\u00f3 con abrumadora mayor\u00eda. Pero los dirigentes de Brasil, Colombia y M\u00e9xico se ahuevaron.&nbsp;Al fin aceptaron t\u00e1citamente la nueva presidencia de Maduro, mandando representantes a su juramentaci\u00f3n.&nbsp;<\/p>\n\n\n\n<p>Si las dos potencias vecinas a Venezuela, Brasil y Colombia, no tuvieron el valor de intervenir, \u00bfc\u00f3mo esperarlo del resto de Am\u00e9rica Latina? El&nbsp;\u00fanico pa\u00eds gobernado por la izquierda, que mantuvo su posici\u00f3n de principios democr\u00e1ticos, es Chile. \u00bfPero c\u00f3mo iba Chile, situado al otro extremo del subcontinente, salvar a Venezuela, si los vecinos directos, a pesar de sus discursos, no hicieron nada?&nbsp;&nbsp;<\/p>\n\n\n\n<p>Otro pa\u00eds, que se mantuvo radicalmente opuesto a la maniobra de Maduro, fue Argentina. Pero en Argentina gobierna Javier Milei \u2013 y lo que haga en favor a la transici\u00f3n democr\u00e1tica en Venezuela, caer\u00eda en el esquema -por cierto falso en este caso- de derecha contra izquierda. La responsabilidad pol\u00edtica y moral de garantizar una transici\u00f3n democr\u00e1tica en Venezuela cae sobre la izquierda, por su propio bien: La izquierda est\u00e1&nbsp;llamada a mostrar que no esta dispuesta a seguir tolerando que gobiernos como los de Maduro en Venezuela, Daniel Ortega en Nicaragua o los Castro en Cuba sigan contaminando a la izquierda.<\/p>\n\n\n\n<p>Por esto es necesario de decirlo con claridad: Los gobiernos de izquierda en Colombia, en Brasil, en M\u00e9xico y tambi\u00e9n en Espa\u00f1a han traicionado a Venezuela \u2013 y con esto, traicionado a la izquierda.&nbsp;<\/p>\n\n\n\n<p>Siendo las cosas as\u00ed, han obligado a los l\u00edderes del movimiento democr\u00e1tico venezolano a volver a cometer el mismo error por segunda vez: agarrarse en su desesperaci\u00f3n de los palos de la derecha, de Javier Milei, de Donald Trump, del PP y del Vox en Espa\u00f1a. Con esto, el conflicto entre democracia y autoritarismo en Venezuela se desliza nuevamente -y falsamente- al cl\u00e1sico conflicto derecha-izquierda, y como tal no tiene soluci\u00f3n.<\/p>\n\n\n\n<p>Edmundo Gonz\u00e1lez, en su gira latinoamericana, hubiera tenido que ir a Chile, Colombia y M\u00e9xico, en vez de dejarse abrazar en Buenos Aires por Javier Milei. Estando en Espa\u00f1a, en vez de aceptar el abrazo de la derecha, hubiera tenido que desafiar a los socialistas a cumplir sus promesas.&nbsp;<\/p>\n\n\n\n<p>La estrategia de tratar de salvarse agarr\u00e1ndose del palo de la derecha, ya fracas\u00f3&nbsp;cuando el primer gobierno de Trump apadrin\u00f3&nbsp;el gobierno paralelo de Juan Guaid\u00f3&nbsp;en 2019. Pensaron que Trump iba a poner en pr\u00e1ctica su radical discurso contra la dictadura de Maduro, y comenzaron incluso a jugar con la esperanza de una intervenci\u00f3n militar de Estados Unidos. Pero Trump, por muy anticomunista que sea, no es un abogado de la democracia. Y una intervenci\u00f3n de Estados Unidos no puede ser la salvaci\u00f3n de los venezolanos. La&nbsp;\u00fanica intervenci\u00f3n -pol\u00edtica, comercial o incluso militar- en Venezuela, que ser\u00eda leg\u00edtima, es una intervenci\u00f3n de las democracias latinoamericanas, liderada por una alianza de izquierda democr\u00e1tica continental dispuesta a romper, de una pez por todas, con su condescendencia con dictaduras de izquierda.&nbsp;<\/p>\n\n\n\n<p>El problema es que una alianza de este tipo, de car\u00e1cter izquierda democr\u00e1tica, no existe. Con excepci\u00f3n de Boric en Chile, los l\u00edderes de la izquierda latinoamericana, no est\u00e1n dispuestos a asumir la responsabilidad de resolver los problemas de los pueblos de Cuba, Nicaragua y Venezuela \u2013 que son problemas de la izquierda, que solo una izquierda renovada podr\u00eda resolver, no la derecha, mucho menos la derecha reaccionaria y autoritaria.&nbsp;<\/p>\n\n\n\n<figure class=\"wp-block-image\"><a href=\"https:\/\/blogger.googleusercontent.com\/img\/b\/R29vZ2xl\/AVvXsEjZsQSsO9u3Q8GbQdGJs6-7AjwLM1kNpfCnrrn-56iUTxxf1DcpFTngY7Te73R_8Ye14eR6QnD9UZ3WdtjE4Gm1b2sbFWLlDlxL7t9RCnGHXiW1t6j4fACSQxPFUlh4irTZlx4UFpo3nVUFJW4olO9VT3NzvY5iKo1gfEdTYP4ItX6b6pFpbROvwa0xwgs\/s1608\/Captura%20de%20Pantalla%202025-01-10%20a%20la(s)%2017.57.34.png\"><img decoding=\"async\" src=\"https:\/\/blogger.googleusercontent.com\/img\/b\/R29vZ2xl\/AVvXsEjZsQSsO9u3Q8GbQdGJs6-7AjwLM1kNpfCnrrn-56iUTxxf1DcpFTngY7Te73R_8Ye14eR6QnD9UZ3WdtjE4Gm1b2sbFWLlDlxL7t9RCnGHXiW1t6j4fACSQxPFUlh4irTZlx4UFpo3nVUFJW4olO9VT3NzvY5iKo1gfEdTYP4ItX6b6pFpbROvwa0xwgs\/w779-h214\/Captura%20de%20Pantalla%202025-01-10%20a%20la(s)%2017.57.34.png\" alt=\"\"\/><\/a><\/figure>\n\n\n\n<p><strong>El pueblo venezolano sigue atrapado en este dilema de la izquierda. L<\/strong><strong>\u00ed<\/strong><strong>deres de la izquierda&nbsp;&nbsp;como Gustavo Petro, Lula, Pedro S<\/strong><strong>\u00e1<\/strong><strong>nchez y Jos<\/strong><strong>\u00e9<\/strong><strong>&nbsp;Luis Rodr<\/strong><strong>\u00ed<\/strong><strong>guez Zapatero, Andr<\/strong><strong>\u00e9<\/strong><strong>s Manuel L<\/strong><strong>\u00f3<\/strong><strong>pez Obrador y Claudia Sheinbaum son los responsables de la continuaci<\/strong><strong>\u00f3<\/strong><strong>n de la dictadura venezolana. Triste realidad.<\/strong><strong>Saludos a los valientes dem\u00f3cratas en Venezuela,<br><\/strong><\/p>\n\n\n\n<figure class=\"wp-block-image\"><a href=\"https:\/\/blogger.googleusercontent.com\/img\/b\/R29vZ2xl\/AVvXsEhWZsrYkGg57N00fhuqdnxh4sNkM4-sVbQp4dJML_8tT70S9cB1Y8q4CiwJSMnj9DdUOVNJik2IahyzIMGmgpA8H3q73SlCdT4I6PMg9mEzstGeqcusxhdMicQNtLLvHwyThmFx8LsIbp3vtSzMJUo-jDfDlN6aOj0cgCKzePc0VC9s037tgRH7KzIcHNk\/s290\/firma-paolo.jpg\"><img decoding=\"async\" src=\"https:\/\/blogger.googleusercontent.com\/img\/b\/R29vZ2xl\/AVvXsEhWZsrYkGg57N00fhuqdnxh4sNkM4-sVbQp4dJML_8tT70S9cB1Y8q4CiwJSMnj9DdUOVNJik2IahyzIMGmgpA8H3q73SlCdT4I6PMg9mEzstGeqcusxhdMicQNtLLvHwyThmFx8LsIbp3vtSzMJUo-jDfDlN6aOj0cgCKzePc0VC9s037tgRH7KzIcHNk\/s1600\/firma-paolo.jpg\" alt=\"\"\/><\/a><\/figure>\n\n\n\n<p>_________________________________________________________-<\/p>\n\n\n\n<p><strong><em>Paolo L\u00fcers <\/em><\/strong>es un exguerrillero y actual columnista y observador en El Diario de Hoy, un medio ultra conservador en El Salvador. Naci\u00f3 en 1944 en Poznan, Polonia, y se mud\u00f3 a Berl\u00edn en 1964. Durante la guerra civil salvadore\u00f1a, fue reportero y luego guerrillero durante 12 a\u00f1os. En la postguerra, se convirti\u00f3 en columnista pol\u00edtico2. L\u00fcers tambi\u00e9n fue uno de los principales defensores de la tregua entre pandillas en 2012.  Los puntos de vista expresados no necesariamente son los de EnergiesNet.com.<\/p>\n\n\n\n<p>Nota del Editor:\u00a0Este art\u00edculo fue originalmente publicado por siguientepaginablogspot.com ,\u00a0el 9 de enerp 2025. Reproducimos el mismo en beneficio de los lectores.\u00a0EnergiesNet.com no se hace responsable por los juicios dhttps:\/\/www.eltiempo.com\/e valor emitidos por sus colaboradores y columnistas de opini\u00f3n y an\u00e1lisis.<\/p>\n\n\n\n<p><a href=\"https:\/\/siguientepagina.blogspot.com\/2025\/01\/carta-quienes-quieren-entender-el.html?fbclid=IwY2xjawHyRshleHRuA2FlbQIxMAABHcJ4-uIJNiyQgKWS9f87SEl3DB0e_0ZjlWtVVXz5ePlUzqD_z5_daltYcw_aem_2W3rKPdmCFSyH13Bs-r7_w\">Siguiente p\u00e1gina: Carta a quienes quieren entender el dilema venezolano. De Paolo Luers (+captulo 30 del libro &#8216;DOBLE CARA&#8217;)<\/a><\/p>\n\n\n\n<p>Aviso de uso: Este sitio contiene material protegido por derechos de autor cuyo uso no siempre ha sido espec\u00edficamente autorizado por el propietario de los derechos. Ponemos a disposici\u00f3n dicho material en nuestro esfuerzo por avanzar en la comprensi\u00f3n de cuestiones de importancia social, medioambiental y humanitaria. Creemos que esto constituye un \u00abuso justo\u00bb de dicho material protegido por derechos de autor, tal y como se establece en la secci\u00f3n 107 de la Ley de Derechos de Autor de los Estados Unidos. De acuerdo con el T\u00edtulo 17 U.S.C. Secci\u00f3n 107. Para m\u00e1s informaci\u00f3n, visite: http:\/\/www.law.cornell.edu\/uscode\/17\/107.shtml<\/p>\n\n\n\n<p>EnergiesNet.com alienta a las personas a reproducir, reimprimir, y divulgar a trav\u00e9s de los medios audiovisuales e Internet, los comentarios editoriales y de opini\u00f3n de Petroleumworld, siempre y cuando esa reproducci\u00f3n identifique, a el autor, y la fuente original, http:\/\/www.petroleumworld.com y se haga dentro de el uso normal (fair use) de la doctrina de la secci\u00f3n 107 de la Ley de derechos de autor de los Estados Unidos de Norteam\u00e9rica (US Copyright).<\/p>\n\n\n\n<p>EnergiesNet.com 13 01 2025<\/p>\n\n\n\n<p><\/p>\n","protected":false},"excerpt":{"rendered":"<p>\u00abEl pueblo venezolano sigue atrapado en este dilema de la izquierda. L\u00edderes de la izquierda\u00a0\u00a0como Gustavo Petro, Lula, Pedro S\u00e1nchez y Jos\u00e9\u00a0Luis Rodr\u00edguez Zapatero, Andr\u00e9s Manuel L\u00f3pez Obrador y Claudia Sheinbaum son los responsables de la continuaci\u00f3n de la dictadura venezolana. Triste realidad.\u00bb Por Pablo Luers Amigos en Venezuela y toda Am\u00e9rica Latina: \u00a1Qu\u00e9&nbsp;sorpresa: Maduro &hellip;<\/p>\n<p class=\"read-more\"> <a class=\"\" href=\"https:\/\/energiesnet.com\/espanol\/entendiendo-el-dilema-venezolano-una-carta-de-pablo-luers\/\"> <span class=\"screen-reader-text\">Entendiendo el Dilema Venezolano: Una Carta de Pablo Luers<\/span> Leer m\u00e1s &raquo;<\/a><\/p>\n","protected":false},"author":2,"featured_media":24546,"comment_status":"open","ping_status":"open","sticky":false,"template":"","format":"standard","meta":{"_monsterinsights_skip_tracking":false,"_monsterinsights_sitenote_active":false,"_monsterinsights_sitenote_note":"","_monsterinsights_sitenote_category":0,"site-sidebar-layout":"default","site-content-layout":"default","ast-global-header-display":"","ast-main-header-display":"","ast-hfb-above-header-display":"","ast-hfb-below-header-display":"","ast-hfb-mobile-header-display":"","site-post-title":"","ast-breadcrumbs-content":"","ast-featured-img":"","footer-sml-layout":"","theme-transparent-header-meta":"","adv-header-id-meta":"","stick-header-meta":"","header-above-stick-meta":"","header-main-stick-meta":"","header-below-stick-meta":"","footnotes":""},"categories":[40],"tags":[],"class_list":["post-24545","post","type-post","status-publish","format-standard","has-post-thumbnail","hentry","category-puntos-de-vista"],"aioseo_notices":[],"_links":{"self":[{"href":"https:\/\/energiesnet.com\/espanol\/wp-json\/wp\/v2\/posts\/24545","targetHints":{"allow":["GET"]}}],"collection":[{"href":"https:\/\/energiesnet.com\/espanol\/wp-json\/wp\/v2\/posts"}],"about":[{"href":"https:\/\/energiesnet.com\/espanol\/wp-json\/wp\/v2\/types\/post"}],"author":[{"embeddable":true,"href":"https:\/\/energiesnet.com\/espanol\/wp-json\/wp\/v2\/users\/2"}],"replies":[{"embeddable":true,"href":"https:\/\/energiesnet.com\/espanol\/wp-json\/wp\/v2\/comments?post=24545"}],"version-history":[{"count":0,"href":"https:\/\/energiesnet.com\/espanol\/wp-json\/wp\/v2\/posts\/24545\/revisions"}],"wp:featuredmedia":[{"embeddable":true,"href":"https:\/\/energiesnet.com\/espanol\/wp-json\/wp\/v2\/media\/24546"}],"wp:attachment":[{"href":"https:\/\/energiesnet.com\/espanol\/wp-json\/wp\/v2\/media?parent=24545"}],"wp:term":[{"taxonomy":"category","embeddable":true,"href":"https:\/\/energiesnet.com\/espanol\/wp-json\/wp\/v2\/categories?post=24545"},{"taxonomy":"post_tag","embeddable":true,"href":"https:\/\/energiesnet.com\/espanol\/wp-json\/wp\/v2\/tags?post=24545"}],"curies":[{"name":"wp","href":"https:\/\/api.w.org\/{rel}","templated":true}]}}