{"id":24554,"date":"2025-01-14T11:15:22","date_gmt":"2025-01-14T15:15:22","guid":{"rendered":"https:\/\/energiesnet.com\/espanol\/?p=24554"},"modified":"2025-01-14T11:15:29","modified_gmt":"2025-01-14T15:15:29","slug":"gobierno-de-sheinbaum-envia-propuesta-de-leyes-de-pemex-y-cfe-al-congreso","status":"publish","type":"post","link":"https:\/\/energiesnet.com\/espanol\/gobierno-de-sheinbaum-envia-propuesta-de-leyes-de-pemex-y-cfe-al-congreso\/","title":{"rendered":"Gobierno de Sheinbaum Env\u00eda Propuesta de Leyes de Pemex y CFE al Congreso"},"content":{"rendered":"\n<figure class=\"wp-block-image size-full\"><img fetchpriority=\"high\" decoding=\"async\" width=\"600\" height=\"405\" src=\"https:\/\/energiesnet.com\/espanol\/wp-content\/uploads\/2025\/01\/sheinbaum_pemex_cfe-txt.jpg\" alt=\"\" class=\"wp-image-24555\" srcset=\"https:\/\/energiesnet.com\/espanol\/wp-content\/uploads\/2025\/01\/sheinbaum_pemex_cfe-txt.jpg 600w, https:\/\/energiesnet.com\/espanol\/wp-content\/uploads\/2025\/01\/sheinbaum_pemex_cfe-txt-300x203.jpg 300w\" sizes=\"(max-width: 600px) 100vw, 600px\" \/><figcaption class=\"wp-element-caption\">La titular de la Secretar\u00eda de Energ\u00eda de M\u00e9xico, Luz Elena Gonz\u00e1lez, dijo que el env\u00edo de la legislaci\u00f3n secundaria persigue no perder tiempo para implementar inversiones<\/figcaption><\/figure>\n\n\n\n<p>Arturo Sol\u00eds, Bloomberg L\u00ednea                <\/p>\n\n\n\n<p>CIUDAD DE M\u00c9XICO              <br>EnergiesNet.com 14 01 2025            <\/p>\n\n\n\n<p>El Gobierno de M\u00e9xico enviar\u00e1 las leyes secundarias de la reforma constitucional de Pemex y CFE al Congreso durante enero de 2025, revel\u00f3 Luz Elena G\u00f3nzalez, titular de la Secretar\u00eda de Energ\u00eda, durante un evento en Tamaulipas.<\/p>\n\n\n\n<p>\u201cLa presidenta Claudia Sheinbaum nos ha pedido tener todo el marco normativo de leyes secundarias que emanan de la reforma constitucional este mismo mes\u201d, dijo la funcionaria encargada de la pol\u00edtica energ\u00e9tica, durante el Foro del Plan Nacional de Desarrollo 2025-2030 en la ciudad de Tampico, Tamaulipas.<\/p>\n\n\n\n<p><strong>Ver m\u00e1s:&nbsp;<\/strong><a href=\"https:\/\/www.bloomberglinea.com\/latinoamerica\/mexico\/mexico-oficializa-reforma-que-aumenta-poder-del-gobierno-sobre-pemex-y-cfe\/\">Los 100 primeros d\u00edas de Sheinbaum: continuidad envuelta en riesgo a la espera de Trump<\/a><\/p>\n\n\n\n<p>La secretaria de Energ\u00eda coment\u00f3 que las legislaciones secundarias ser\u00e1n presentadas al inicio de las pr\u00f3ximas sesiones del Congreso.<\/p>\n\n\n\n<p>\u201c(Los senadores) tendr\u00e1n un trabajo arduo porque van a recibir todas las modificaciones a las leyes secundarias porque queremos no perder tiempo\u201d, dijo Gonz\u00e1lez. \u201cEsto es fundamental en t\u00e9rminos de las inversiones y de avanzar en la confiabilidad tanto del sistema el\u00e9ctrico como del sector hidrocarburos\u201d.<\/p>\n\n\n\n<p>La Constituci\u00f3n mexicana prev\u00e9 dos periodos de sesiones ordinarias por a\u00f1o legislativo: del 1 de septiembre hasta el 15 de diciembre o hasta el 31 de diciembre en el a\u00f1o de renovaci\u00f3n presidencial; y el segundo corresponde al 1 de febrero hasta el 30 de abril. Durante estos periodos, la C\u00e1mara de Diputados y el Senado se ocupan del estudio, discusi\u00f3n y votaci\u00f3n de iniciativas que se les presenten y de la resoluci\u00f3n de asuntos que correspondan.<\/p>\n\n\n\n<p>Aprobada por el Congreso mexicano en octubre de 2024, la reforma constitucional modific\u00f3 el car\u00e1cter de Pemex y CFE como empresas \u201cproductivas\u201d del Estado, con un enfoque mercantil y de competencia, para convertirlas en compa\u00f1\u00edas \u201cp\u00fablicas\u201d, con un sentido de servicio p\u00fablico y de garant\u00eda de derechos energ\u00e9ticos\u2014.<\/p>\n\n\n\n<p><strong>Ver m\u00e1s:&nbsp;<\/strong><a href=\"https:\/\/www.bloomberglinea.com\/latinoamerica\/mexico\/mexico-oficializa-reforma-que-aumenta-poder-del-gobierno-sobre-pemex-y-cfe\/\">M\u00e9xico oficializa reforma que aumenta poder del Gobierno sobre Pemex y CFE<\/a><\/p>\n\n\n\n<p>\u201cSe devolvi\u00f3 a Pemex y CFE su vocaci\u00f3n p\u00fablica, se dot\u00f3 a la CFE de la prevalencia en el despacho de la energ\u00eda y determin\u00f3 que las actividades de ambas empresas no pueden ser consideradas monopolio porque su funci\u00f3n no es solo generar valor sino garantizar los derechos que todas y todos los mexicanos tenemos a la energ\u00eda\u201d<\/p>\n\n\n\n<p>G\u00f3nzalez agreg\u00f3 que el Gobierno mexicano est\u00e1 impulsando proyectos de energ\u00edas limpias con la participaci\u00f3n de inversi\u00f3n privada bajo un \u201cmarco ordenado\u201d sin comprometer la \u201csoberan\u00eda\u201d del pa\u00eds.<\/p>\n\n\n\n<p>Tambi\u00e9n critic\u00f3 la reforma energ\u00e9tica del expresidente Enrique Pe\u00f1a Nieto, a la que calific\u00f3 como un \u201cfracaso\u201d por el incumplimiento de sus metas como la producci\u00f3n petrolera de empresas privadas que solo aportan 5% del total despu\u00e9s de m\u00e1s de 10 a\u00f1os de la apertura a la inversi\u00f3n privada.<\/p>\n\n\n\n<p>Sheinbaum dijo minutos antes que CFE desarrollar\u00e1 145 proyectos de transmisi\u00f3n el\u00e9ctrica y presentar\u00e1 un plan de energ\u00eda pr\u00f3ximamente sin detallar las fechas.<\/p>\n\n\n\n<p><strong>Ver m\u00e1s:&nbsp;<\/strong><a href=\"https:\/\/www.bloomberglinea.com\/latinoamerica\/mexico\/cfe-desarrollara-145-proyectos-de-transmision-electrica-como-parte-del-plan-mexico-sheinbaum\/\">CFE desarrollar\u00e1 145 proyectos de transmisi\u00f3n el\u00e9ctrica como parte del Plan M\u00e9xico: Sheinbaum<\/a><\/p>\n\n\n\n<p>bnloomberglinea.com 13 01 2025<\/p>\n","protected":false},"excerpt":{"rendered":"<p>Arturo Sol\u00eds, Bloomberg L\u00ednea CIUDAD DE M\u00c9XICO EnergiesNet.com 14 01 2025 El Gobierno de M\u00e9xico enviar\u00e1 las leyes secundarias de la reforma constitucional de Pemex y CFE al Congreso durante enero de 2025, revel\u00f3 Luz Elena G\u00f3nzalez, titular de la Secretar\u00eda de Energ\u00eda, durante un evento en Tamaulipas. \u201cLa presidenta Claudia Sheinbaum nos ha pedido &hellip;<\/p>\n<p class=\"read-more\"> <a class=\"\" href=\"https:\/\/energiesnet.com\/espanol\/gobierno-de-sheinbaum-envia-propuesta-de-leyes-de-pemex-y-cfe-al-congreso\/\"> <span class=\"screen-reader-text\">Gobierno de Sheinbaum Env\u00eda Propuesta de Leyes de Pemex y CFE al Congreso<\/span> Leer m\u00e1s &raquo;<\/a><\/p>\n","protected":false},"author":2,"featured_media":24555,"comment_status":"open","ping_status":"open","sticky":false,"template":"","format":"standard","meta":{"_monsterinsights_skip_tracking":false,"_monsterinsights_sitenote_active":false,"_monsterinsights_sitenote_note":"","_monsterinsights_sitenote_category":0,"site-sidebar-layout":"default","site-content-layout":"default","ast-global-header-display":"","ast-main-header-display":"","ast-hfb-above-header-display":"","ast-hfb-below-header-display":"","ast-hfb-mobile-header-display":"","site-post-title":"","ast-breadcrumbs-content":"","ast-featured-img":"","footer-sml-layout":"","theme-transparent-header-meta":"","adv-header-id-meta":"","stick-header-meta":"","header-above-stick-meta":"","header-main-stick-meta":"","header-below-stick-meta":"","footnotes":""},"categories":[30],"tags":[],"class_list":["post-24554","post","type-post","status-publish","format-standard","has-post-thumbnail","hentry","category-top-news"],"aioseo_notices":[],"_links":{"self":[{"href":"https:\/\/energiesnet.com\/espanol\/wp-json\/wp\/v2\/posts\/24554","targetHints":{"allow":["GET"]}}],"collection":[{"href":"https:\/\/energiesnet.com\/espanol\/wp-json\/wp\/v2\/posts"}],"about":[{"href":"https:\/\/energiesnet.com\/espanol\/wp-json\/wp\/v2\/types\/post"}],"author":[{"embeddable":true,"href":"https:\/\/energiesnet.com\/espanol\/wp-json\/wp\/v2\/users\/2"}],"replies":[{"embeddable":true,"href":"https:\/\/energiesnet.com\/espanol\/wp-json\/wp\/v2\/comments?post=24554"}],"version-history":[{"count":0,"href":"https:\/\/energiesnet.com\/espanol\/wp-json\/wp\/v2\/posts\/24554\/revisions"}],"wp:featuredmedia":[{"embeddable":true,"href":"https:\/\/energiesnet.com\/espanol\/wp-json\/wp\/v2\/media\/24555"}],"wp:attachment":[{"href":"https:\/\/energiesnet.com\/espanol\/wp-json\/wp\/v2\/media?parent=24554"}],"wp:term":[{"taxonomy":"category","embeddable":true,"href":"https:\/\/energiesnet.com\/espanol\/wp-json\/wp\/v2\/categories?post=24554"},{"taxonomy":"post_tag","embeddable":true,"href":"https:\/\/energiesnet.com\/espanol\/wp-json\/wp\/v2\/tags?post=24554"}],"curies":[{"name":"wp","href":"https:\/\/api.w.org\/{rel}","templated":true}]}}