{"id":24688,"date":"2025-01-26T15:34:19","date_gmt":"2025-01-26T19:34:19","guid":{"rendered":"https:\/\/energiesnet.com\/espanol\/?p=24688"},"modified":"2025-01-26T15:34:23","modified_gmt":"2025-01-26T19:34:23","slug":"los-combates-guerrilleros-en-la-frontera-colombo-venezolana-desbordan-a-petro-video","status":"publish","type":"post","link":"https:\/\/energiesnet.com\/espanol\/los-combates-guerrilleros-en-la-frontera-colombo-venezolana-desbordan-a-petro-video\/","title":{"rendered":"Los Combates Guerrilleros en la Frontera Colombo &#8211; Venezolana Desbordan a Petro (video)"},"content":{"rendered":"\n<p>Un Hecho Dram\u00e1tico en la Historia Contempor\u00e1nea<\/p>\n\n\n\n<figure class=\"wp-block-image size-full is-resized\"><img fetchpriority=\"high\" decoding=\"async\" width=\"600\" height=\"407\" src=\"https:\/\/energiesnet.com\/espanol\/wp-content\/uploads\/2025\/01\/colombia_ofensiva_guerrilla-video-afp.jpg\" alt=\"\" class=\"wp-image-24689\" style=\"width:798px;height:auto\" srcset=\"https:\/\/energiesnet.com\/espanol\/wp-content\/uploads\/2025\/01\/colombia_ofensiva_guerrilla-video-afp.jpg 600w, https:\/\/energiesnet.com\/espanol\/wp-content\/uploads\/2025\/01\/colombia_ofensiva_guerrilla-video-afp-300x204.jpg 300w\" sizes=\"(max-width: 600px) 100vw, 600px\" \/><figcaption class=\"wp-element-caption\"><mark style=\"background-color:rgba(0, 0, 0, 0)\" class=\"has-inline-color has-ast-global-color-6-color\"><strong>Ver video:<\/strong><\/mark> <a href=\"https:\/\/youtu.be\/KqxIyz2yEn0?si=oevoRX5u-yHgxjee\"><em>Colombia inici\u00f3 ofensiva militar contra guerrilleros en frontera con Venezuela | AFP<\/em><\/a><em><a href=\"https:\/\/youtu.be\/KqxIyz2yEn0?si=YDjOAkqy94cz5qo6\">El president env\u00eda 600 efectivos militares m\u00e1s a la zona horas despu\u00e9s de decretar el estado de excepci\u00f3n en un intento por frenar esta ola de violencia <\/a><\/em><\/figcaption><\/figure>\n\n\n\n<p>Juan Diego Quesada, El Pa\u00eds                                 <\/p>\n\n\n\n<p>BOGOT\u00c1                                <br>EnergiesNet.com 01 26 2025                            <\/p>\n\n\n\n<p><a href=\"https:\/\/elpais.com\/america-colombia\/2025-01-20\/decenas-de-muertos-y-miles-de-desplazados-en-colombia-por-los-enfrentamientos-entre-grupos-armados.html\" target=\"_blank\" rel=\"noreferrer noopener\">La guerra que se libra estos d\u00edas en la frontera&nbsp;<\/a>entre Colombia y Venezuela genera escenas de terror. Los combatientes han mostrado pilas de cad\u00e1veres amontonados en una carrerilla y cuerpos mutilados tirados en mitad de la selva, agujerados por balas y amarrados con alambres de p\u00faas, como si los acabaran de ajusticiar. Los combates entre grupos armados no se han producido solo a campo abierto, sino tambi\u00e9n casa por casa. Al enfrentamiento directo se ha sumado una serie de asesinatos selectivos. Cabecillas de algunas bandas se han entregado a las autoridades para no caer en manos del enemigo. La morgue de una ciudad se llen\u00f3 al punto de no poder refrigerar m\u00e1s difuntos. La poblaci\u00f3n huye despavorida con sus casas a la espalda, como hac\u00eda tiempo que no pasaba. Gustavo Petro, que 24 horas antes<a href=\"https:\/\/elpais.com\/america-colombia\/2025-01-20\/petro-declara-la-conmocion-interior-y-la-emergencia-economica-en-colombia.html\" target=\"_blank\" rel=\"noreferrer noopener\">&nbsp;anunci\u00f3 el estado de excepci\u00f3n<\/a>, le ha dado a lo ocurrido car\u00e1cter tr\u00e1gico: \u201cEste puede ser uno de los hechos m\u00e1s dram\u00e1ticos de la historia contempor\u00e1nea desde los hechos de La Violencia\u201d.<\/p>\n\n\n\n<p>El presidente se refiere al tiempo, entre los cuarenta y cincuenta, en el que&nbsp;<a href=\"https:\/\/elpais.com\/internacional\/2008\/05\/31\/actualidad\/1212184809_850215.html\" target=\"_blank\" rel=\"noreferrer noopener\">en Colombia se libr\u00f3 una guerra brutal entre liberales y conservadores.&nbsp;<\/a>Una furia homicida arras\u00f3 entonces con el pa\u00eds. El conflicto est\u00e1 ahora mucho m\u00e1s localizado, en concreto en el Catatumbo, la regi\u00f3n con mayor concentraci\u00f3n de plantas de coca del planeta. El ELN, la guerrilla a la que Petro ha tratado de convencer de que abandone las armas, ha concentrado tropas de otros lugares en este departamento para lanzar una ofensiva contra una disidencia de las extintas FARC, en concreto el Frente 33. Los c\u00e1lculos oficiales m\u00e1s conservadores hablan de al menos 80 muertos. Petro dice que todav\u00eda no se tienen \u201clos datos concretos\u201d que ayuden a poner en perspectiva la cat\u00e1strofe. \u201cLa situaci\u00f3n del Catatumbo ense\u00f1a (&#8230;). Uno aprende tambi\u00e9n de los fracasos y all\u00ed hay un fracaso de la naci\u00f3n\u201d, ha reconocido. Pese a que \u00e9l mismo ha verbalizado la gravedad de la situaci\u00f3n, mantiene para este mi\u00e9rcoles su visita a Hait\u00ed.<\/p>\n\n\n\n<p>El presidente, adem\u00e1s del anunciado decreto de conmoci\u00f3n interior, ha enviado al Catatumbo m\u00e1s de 600 nuevos efectivos militares. Por ahora, los soldados no han intervenido en el combate, sino que se han dedicado a asegurar zonas y sacar a personas del fuego cruzado. La ONU tambi\u00e9n coopera en operaciones de rescate. La Defensor\u00eda del Pueblo cifra en 32.000 las personas desplazadas que se han visto obligadas a dejar sus casas. A muchas de ellas se las ha visto&nbsp;<a href=\"https:\/\/elpais.com\/america\/2025-01-20\/venezuela-recibe-a-los-desplazados-colombianos-por-los-combates-en-la-frontera.html\" target=\"_blank\" rel=\"noreferrer noopener\">cruzando con carretas, camiones y mulas a Venezuela<\/a>, donde esperan encontrarse a salvo de la violencia. Aunque el grueso, unas 15.000, permanecen en la ciudad colombiana de C\u00facuta, la capital departamental, que se encuentra en el borde entre las dos naciones.<\/p>\n\n\n\n<figure class=\"wp-block-image size-full is-resized\"><img decoding=\"async\" width=\"764\" height=\"609\" src=\"https:\/\/energiesnet.com\/espanol\/wp-content\/uploads\/2025\/01\/image-19.png\" alt=\"\" class=\"wp-image-24691\" style=\"width:802px;height:auto\" srcset=\"https:\/\/energiesnet.com\/espanol\/wp-content\/uploads\/2025\/01\/image-19.png 764w, https:\/\/energiesnet.com\/espanol\/wp-content\/uploads\/2025\/01\/image-19-300x239.png 300w\" sizes=\"(max-width: 764px) 100vw, 764px\" \/><\/figure>\n\n\n\n<p>En algunos municipios se le proh\u00edbe a los vecinos salir a la calle. Se ha visto a combatientes del ELN buscando a civiles y a activistas puerta a puerta. Se han rescatado 35 cad\u00e1veres del territorio, al que cuesta mucho acceder. Han sido asesinados al menos seis firmantes de paz, que son los exguerrilleros que en 2016 se desmovilizaron por el acuerdo entre el Gobierno y las FARC. Desde entonces le han dado muerte a m\u00e1s de 400 de ellos. Este es un aspecto central que impide que el Gobierno de Petro pueda alcanzar acuerdo con estos grupos armados. Entre los negocios de narcotr\u00e1fico que manejan y la imposibilidad de que el Estado pueda asegurarles la vida una vez que dejen las armas, no sienten que haya demasiados motivos para abandonar sus actividades criminales.<\/p>\n\n\n\n<figure class=\"wp-block-image is-resized\"><img decoding=\"async\" src=\"https:\/\/imagenes.elpais.com\/resizer\/v2\/ORZESBBKEJEYRJ2AHXWHXOIYZU.jpg?auth=a5e68334a77616e3892ab4c1cbe03f6f32f97516e911a0da5b4f0c0249763db3&amp;width=414\" alt=\"Personas cruzan un r\u00edo hacia Venezuela desde Tib\u00fa, Colombia, luego de ataques guerrilleros en la regi\u00f3n del Catatumbo. \" style=\"width:803px;height:auto\"\/><figcaption class=\"wp-element-caption\">Personas cruzan un r\u00edo hacia Venezuela desde Tib\u00fa, Colombia, luego de ataques guerrilleros en la regi\u00f3n del Catatumbo. Fernando Vergara (AP)<\/figcaption><\/figure>\n\n\n\n<p>Petro quer\u00eda dejar una naci\u00f3n en paz cuando abandonase dentro de a\u00f1o y medio la Casa de Nari\u00f1o, la residencia presidencial. Pero ha subestimado el conflicto a pesar llevar 30 a\u00f1os de vida pol\u00edtica enfocado en el asunto. Su idea de negociar en paralelo con los cabecillas de todas las organizaciones parece m\u00e1s lejana que nunca. Ni siquiera ha conseguido lograr avances con los jefes del ELN, con los que comparte muchos de los diagn\u00f3sticos del pa\u00eds. El senador Iv\u00e1n Cepeda, uno de los alfiles del presidente, lo ha intentado de todas las maneras, pero le ha sido imposible pese a toda la buena disposici\u00f3n. Esa v\u00eda parece cada vez m\u00e1s cerrada. Petro ha dicho que si quieren guerra, \u201ctendr\u00e1n guerra\u201d.<\/p>\n\n\n\n<p>No se trata de un enfrentamiento sencillo sobre el terreno. El ELN puede considerarse una guerrilla binacional, al mismo tiempo colombiana y venezolana. El Ej\u00e9rcito bolivariano, poco presente en la frontera, convive con ella en una especie de pacto de no agresi\u00f3n. Su ej\u00e9rcito tiene la capacidad de moverse de un lado de la l\u00ednea a otro, en funci\u00f3n de sus intereses. Las fuerzas armadas colombianas se encuentran con la dificultad de no poder perseguirlos en ese l\u00edmite invisible. Los analistas piensan que, en este momento, no se dan las condiciones para lograr una victoria de las tropas estatales.<\/p>\n\n\n\n<p>Uno de los motivos por los que Petro no ha querido romper relaciones con el chavismo, pese a que tiene claro que&nbsp;<a href=\"https:\/\/elpais.com\/america\/2025-01-10\/maduro-se-proclama-presidente-de-venezuela-sin-mostrar-las-pruebas-de-su-triunfo.html\" target=\"_blank\" rel=\"noreferrer noopener\">Nicol\u00e1s Maduro perpetr\u00f3 un fraude en las elecciones presidenciales<\/a>, es este. Siente que necesita del Gobierno venezolano para obtener una victoria militar, o al menos para arrinconarles de tal manera que no tengan otra salida que la negociaci\u00f3n. As\u00ed lo hizo el presidente Juan Manuel Santos. El presidente Petro hasta ahora hab\u00eda enarbolado la bandera de la paz. Ahora quiere mostrar su capacidad como comandante en jefe de las fuerzas armadas.<\/p>\n\n\n\n<p>elpais.com 22 01 2025<\/p>\n","protected":false},"excerpt":{"rendered":"<p>Un Hecho Dram\u00e1tico en la Historia Contempor\u00e1nea Juan Diego Quesada, El Pa\u00eds BOGOT\u00c1 EnergiesNet.com 01 26 2025 La guerra que se libra estos d\u00edas en la frontera&nbsp;entre Colombia y Venezuela genera escenas de terror. Los combatientes han mostrado pilas de cad\u00e1veres amontonados en una carrerilla y cuerpos mutilados tirados en mitad de la selva, agujerados &hellip;<\/p>\n<p class=\"read-more\"> <a class=\"\" href=\"https:\/\/energiesnet.com\/espanol\/los-combates-guerrilleros-en-la-frontera-colombo-venezolana-desbordan-a-petro-video\/\"> <span class=\"screen-reader-text\">Los Combates Guerrilleros en la Frontera Colombo &#8211; Venezolana Desbordan a Petro (video)<\/span> Leer m\u00e1s &raquo;<\/a><\/p>\n","protected":false},"author":2,"featured_media":24689,"comment_status":"open","ping_status":"open","sticky":false,"template":"","format":"standard","meta":{"_monsterinsights_skip_tracking":false,"_monsterinsights_sitenote_active":false,"_monsterinsights_sitenote_note":"","_monsterinsights_sitenote_category":0,"site-sidebar-layout":"default","site-content-layout":"default","ast-global-header-display":"","ast-main-header-display":"","ast-hfb-above-header-display":"","ast-hfb-below-header-display":"","ast-hfb-mobile-header-display":"","site-post-title":"","ast-breadcrumbs-content":"","ast-featured-img":"","footer-sml-layout":"","theme-transparent-header-meta":"","adv-header-id-meta":"","stick-header-meta":"","header-above-stick-meta":"","header-main-stick-meta":"","header-below-stick-meta":"","footnotes":""},"categories":[45],"tags":[],"class_list":["post-24688","post","type-post","status-publish","format-standard","has-post-thumbnail","hentry","category-noticias-diarias"],"aioseo_notices":[],"_links":{"self":[{"href":"https:\/\/energiesnet.com\/espanol\/wp-json\/wp\/v2\/posts\/24688","targetHints":{"allow":["GET"]}}],"collection":[{"href":"https:\/\/energiesnet.com\/espanol\/wp-json\/wp\/v2\/posts"}],"about":[{"href":"https:\/\/energiesnet.com\/espanol\/wp-json\/wp\/v2\/types\/post"}],"author":[{"embeddable":true,"href":"https:\/\/energiesnet.com\/espanol\/wp-json\/wp\/v2\/users\/2"}],"replies":[{"embeddable":true,"href":"https:\/\/energiesnet.com\/espanol\/wp-json\/wp\/v2\/comments?post=24688"}],"version-history":[{"count":0,"href":"https:\/\/energiesnet.com\/espanol\/wp-json\/wp\/v2\/posts\/24688\/revisions"}],"wp:featuredmedia":[{"embeddable":true,"href":"https:\/\/energiesnet.com\/espanol\/wp-json\/wp\/v2\/media\/24689"}],"wp:attachment":[{"href":"https:\/\/energiesnet.com\/espanol\/wp-json\/wp\/v2\/media?parent=24688"}],"wp:term":[{"taxonomy":"category","embeddable":true,"href":"https:\/\/energiesnet.com\/espanol\/wp-json\/wp\/v2\/categories?post=24688"},{"taxonomy":"post_tag","embeddable":true,"href":"https:\/\/energiesnet.com\/espanol\/wp-json\/wp\/v2\/tags?post=24688"}],"curies":[{"name":"wp","href":"https:\/\/api.w.org\/{rel}","templated":true}]}}