{"id":24694,"date":"2025-01-26T16:07:31","date_gmt":"2025-01-26T20:07:31","guid":{"rendered":"https:\/\/energiesnet.com\/espanol\/?p=24694"},"modified":"2025-01-26T16:07:35","modified_gmt":"2025-01-26T20:07:35","slug":"el-cartel-de-los-soles-de-venezuela-y-las-cifras-del-millonario-negocio-que-alimenta-la-guerrilla-colombiana","status":"publish","type":"post","link":"https:\/\/energiesnet.com\/espanol\/el-cartel-de-los-soles-de-venezuela-y-las-cifras-del-millonario-negocio-que-alimenta-la-guerrilla-colombiana\/","title":{"rendered":"El Cartel de los Soles de Venezuela y las cifras del millonario negocio que alimenta la guerrilla Colombiana"},"content":{"rendered":"\n<p>En las entra\u00f1as de la coca en el Catatumbo: C\u00f3mo funciona hoy el narcotr\u00e1fico en la segunda zona de producci\u00f3n de droga m\u00e1s grande del pa\u00eds  <\/p>\n\n\n\n<figure class=\"wp-block-image size-full is-resized\"><img fetchpriority=\"high\" decoding=\"async\" width=\"600\" height=\"383\" src=\"https:\/\/energiesnet.com\/espanol\/wp-content\/uploads\/2025\/01\/colombia_coca.jpg\" alt=\"El mercado de la base de coca sostiene a la regi\u00f3n del Catatumbo. | Foto: Montaje Semana.\" class=\"wp-image-24695\" style=\"width:817px;height:auto\" srcset=\"https:\/\/energiesnet.com\/espanol\/wp-content\/uploads\/2025\/01\/colombia_coca.jpg 600w, https:\/\/energiesnet.com\/espanol\/wp-content\/uploads\/2025\/01\/colombia_coca-300x192.jpg 300w\" sizes=\"(max-width: 600px) 100vw, 600px\" \/><figcaption class=\"wp-element-caption\">El mercado de la base de coca sostiene a la regi\u00f3n del Catatumbo.\u00a0| Foto:\u00a0Montaje Semana.<\/figcaption><\/figure>\n\n\n\n<p>Redacci\u00f3n Semana                                     <\/p>\n\n\n\n<p>BOGOT\u00c1                         <br>EnergiesNet.com 01 26 2025                                 <\/p>\n\n\n\n<p>El narcotr\u00e1fico es la principal actividad econ\u00f3mica del Catatumbo y su mayor problema. Los campesinos prestan sus parcelas para levantar hojas de coca, en sus cocinas las transforman en kilos de pasta y los grupos armados le dan el toque final y se encargan de distribuirla en toneladas entre los carteles de drogas que hacen fila en la frontera con Venezuela para inundar las calles del mundo de coca\u00edna.&nbsp;<em>SEMANA&nbsp;<\/em>revela impactantes testimonios del multimillonario negocio criminal que mantiene vivas a las guerrillas de la regi\u00f3n.<\/p>\n\n\n\n<p>La m\u00e1s\u00a0<a href=\"https:\/\/www.semana.com\/politica\/articulo\/atencion-area-sembrada-con-coca-en-colombia-aumento-10-informe-de-monitoreo-de-naciones-unidas\/202457\/\" target=\"_blank\" rel=\"noreferrer noopener\">reciente medici\u00f3n de la Oficina contra la Droga y el Delito de la ONU<\/a>\u00a0detall\u00f3 que en esta zona de Norte de Santander hay m\u00e1s de 43.000 hect\u00e1reas de cultivos de coca. Buena parte de la poblaci\u00f3n se alimenta, viste y estudia gracias a las ganancias de este narc\u00f3tico, cuya regulaci\u00f3n estaba en manos de la estructura 33 de las disidencias de las Farc y del frente de guerra nororiental del Ej\u00e9rcito de Liberaci\u00f3n Nacional (ELN), mientras que los principales compradores eran organizaciones delincuenciales de M\u00e9xico, Venezuela, Rep\u00fablica Dominicana, Espa\u00f1a y Estados Unidos.<a href=\"https:\/\/www.semana.com\/nacion\/articulo\/el-plan-de-nicolas-maduro-y-el-eln-semana-revela-la-historia-secreta-detras-del-violento-ataque-del-grupo-criminal-en-el-catatumbo\/202508\/\" target=\"_blank\" rel=\"noreferrer noopener\"><\/a><\/p>\n\n\n\n<figure class=\"wp-block-image is-resized\"><a href=\"https:\/\/www.semana.com\/nacion\/articulo\/el-plan-de-nicolas-maduro-y-el-eln-semana-revela-la-historia-secreta-detras-del-violento-ataque-del-grupo-criminal-en-el-catatumbo\/202508\/\" target=\"_blank\" rel=\"noreferrer noopener\"><img decoding=\"async\" src=\"https:\/\/www.semana.com\/resizer\/v2\/O34WY6NP2VDFFA3PKPYROPGUZA.jpg?auth=6ee8bb013c8de5dcc1653649cad23c0f476df225fecaf6f4d0072b10096146b6&amp;smart=true&amp;quality=50&amp;width=300\" alt=\"La regi\u00f3n del Catatumbo ajusta diez d\u00edas en guerra por cuenta del ELN y las disidencias de las Farc. M\u00e1s de 40.000 personas han sido desplazadas del territorio y 12.000 m\u00e1s est\u00e1n confinadas. La fuerza p\u00fablica intentar\u00e1 tomar el control.\" style=\"width:812px;height:auto\"\/><\/a><\/figure>\n\n\n\n<p><a href=\"https:\/\/www.semana.com\/nacion\/articulo\/el-plan-de-nicolas-maduro-y-el-eln-semana-revela-la-historia-secreta-detras-del-violento-ataque-del-grupo-criminal-en-el-catatumbo\/202508\/\" target=\"_blank\" rel=\"noreferrer noopener\"><strong>Contexto:&nbsp;<\/strong>El plan de Nicol\u00e1s Maduro y el ELN: SEMANA revela la historia secreta detr\u00e1s del violento ataque del grupo criminal en el Catatumbo<\/a><\/p>\n\n\n\n<p>La instrucci\u00f3n era clara para los campesinos: \u201cUsted tiene que venderles a los recolectores, bien de las Farc o bien del ELN. Si usted les vende a ciertas personas que venden independiente, que no tengan que ver con esa organizaci\u00f3n, son piratas;\u00a0los matan, los corren o les quitan todo lo que tengan, o les hacen las tres en una<strong>\u201d,\u00a0<\/strong>reconoci\u00f3 la presidenta de una junta de acci\u00f3n comunal que tuvo la misi\u00f3n de llevar el control de cu\u00e1les habitantes pagan los \u201cimpuestos\u201d y pod\u00edan ser beneficiarios de las compras de los guerrilleros.<\/p>\n\n\n\n<p>Sandra M\u00e1rquez* figur\u00f3 en una de las listas. Ella cumpli\u00f3 sagradamente con las cuotas que pidieron los criminales para&nbsp;<a href=\"https:\/\/www.semana.com\/nacion\/cucuta\/articulo\/disidencias-de-las-farc-inauguraron-con-tremendo-evento-una-obra-en-catatumbo-la-comunidad-fue-obligada-a-participar\/202439\/\" target=\"_blank\" rel=\"noreferrer noopener\">supuestas obras sociales<\/a>&nbsp;y acat\u00f3 los manuales de convivencia que impusieron los dos bandos, por lo que tuvo la posibilidad de comercializar el producto il\u00edcito que le daba su solar. En un refugio de C\u00facuta, la mujer cont\u00f3 a un equipo period\u00edstico de&nbsp;<em>SEMANA&nbsp;<\/em>que los grupos armados le pagaron $ 2.750.000 por el \u00faltimo kilo que les entreg\u00f3 y gast\u00f3 $ 1.200.000 para su producci\u00f3n: \u201cLa caneca de pategrillo (combustible) estaba a $ 500.000; el bulto de cemento estaba a $ 33.000; la cal ya estaba en $ 22.000; el sulfato subi\u00f3 a $ 230.000; si usted compra la urea para cortar las aguas, para sacar la base de coca, est\u00e1 valiendo la pimpina (a) $ 120.000\u2033.<\/p>\n\n\n\n<figure class=\"wp-block-image size-large is-resized\"><img decoding=\"async\" width=\"1024\" height=\"682\" src=\"https:\/\/energiesnet.com\/espanol\/wp-content\/uploads\/2025\/01\/image-20-1024x682.png\" alt=\"Cultivos de coca en el Catatumbo, la segunda regi\u00f3n del pa\u00eds con m\u00e1s hect\u00e1reas sembradas. .\u00a0| Foto:\u00a0JUAN CARLOS SIERRA PARDO-SEMANA\" class=\"wp-image-24696\" style=\"width:803px;height:auto\" srcset=\"https:\/\/energiesnet.com\/espanol\/wp-content\/uploads\/2025\/01\/image-20-1024x682.png 1024w, https:\/\/energiesnet.com\/espanol\/wp-content\/uploads\/2025\/01\/image-20-300x200.png 300w, https:\/\/energiesnet.com\/espanol\/wp-content\/uploads\/2025\/01\/image-20-768x512.png 768w, https:\/\/energiesnet.com\/espanol\/wp-content\/uploads\/2025\/01\/image-20.png 1280w\" sizes=\"(max-width: 1024px) 100vw, 1024px\" \/><figcaption class=\"wp-element-caption\">Cultivos de coca en el Catatumbo, la segunda regi\u00f3n del pa\u00eds con m\u00e1s hect\u00e1reas sembradas. .\u00a0| Foto:\u00a0Juan Carlos Sierra- Pardo  -Semana<\/figcaption><\/figure>\n\n\n\n<p>Germ\u00e1n Guti\u00e9rrez* fue jornalero hasta el 16 de enero, el d\u00eda en que\u00a0<a href=\"https:\/\/www.semana.com\/nacion\/cucuta\/articulo\/la-historia-desconocida-de-la-guerra-del-eln-y-las-disidencias-de-las-farc-en-el-catatumbo\/202550\/\" target=\"_blank\" rel=\"noreferrer noopener\">estall\u00f3 la guerra entre el ELN y disidencias de las Farc<\/a>\u00a0por el control territorial y le toc\u00f3 huir de su finca para no morir en medio del cruce de disparos.\u00a0Su tarea era cuidar las hojas de coca y recibi\u00f3 $ 50.000 por cada d\u00eda de trabajo:\u00a0\u201cEl jornalero es el que fumiga (y) zocola. El jornalero es el que asiste a las matas. (Debe) cuidarlas por seis, ocho meses, y ah\u00ed llega el recolector\u201d.<\/p>\n\n\n\n<p>Ram\u00f3n Su\u00e1rez* y su esposa, tambi\u00e9n desplazados hacia C\u00facuta por la confrontaci\u00f3n entre los dos grupos armados,\u00a0<a href=\"https:\/\/www.semana.com\/nacion\/cali\/articulo\/infamia-ninos-entre-los-3-y-7-anos-son-utilizados-como-raspachines-de-coca-en-el-cauca-criminales-los-exhiben-como-trofeos-en-redes-sociales\/202458\/\" target=\"_blank\" rel=\"noreferrer noopener\">eran raspachines<\/a>\u00a0y el salario dependi\u00f3 de la cantidad de arrobas que alcanzaran a recoger diariamente: \u201cNos pagan $ 8.000 por arroba, comiendo de ah\u00ed. Uno se saca el sueldo, hasta 70.000, 80.000, 100.000 diarios. Nos toca matarnos. Le entregamos la hoja al patr\u00f3n y \u00e9l mirar\u00e1 qu\u00e9 hace, si procesarla o venderla, y pagarnos\u201d. Esto lo hac\u00edan por dos semanas consecutivas durante seis veces al a\u00f1o.<a href=\"https:\/\/www.semana.com\/nacion\/cucuta\/articulo\/atentado-a-militares-en-norte-de-santander-deja-al-menos-seis-heridos\/202505\/\" target=\"_blank\" rel=\"noreferrer noopener\"><\/a><\/p>\n\n\n\n<figure class=\"wp-block-image is-resized\"><a href=\"https:\/\/www.semana.com\/nacion\/cucuta\/articulo\/atentado-a-militares-en-norte-de-santander-deja-al-menos-seis-heridos\/202505\/\" target=\"_blank\" rel=\"noreferrer noopener\"><img decoding=\"async\" src=\"https:\/\/www.semana.com\/resizer\/v2\/SZQXIWTQONGEBLAB3LAATLUKYI.png?auth=b7cd4151f17eb5deb26f9de249523565d902d6213c2ce649c420c60e891eba52&amp;smart=true&amp;quality=50&amp;width=300\" alt=\"Atentado al Ej\u00e9rcito en Norte de Santander.\" style=\"width:819px;height:auto\"\/><\/a><\/figure>\n\n\n\n<p><a href=\"https:\/\/www.semana.com\/nacion\/cucuta\/articulo\/atentado-a-militares-en-norte-de-santander-deja-al-menos-seis-heridos\/202505\/\" target=\"_blank\" rel=\"noreferrer noopener\"><strong>Contexto:&nbsp;<\/strong>Guerra en el Catatumbo: atentado contra un grupo de militares en la v\u00eda entre C\u00facuta y Tib\u00fa<\/a><\/p>\n\n\n\n<p>Los hombres que se encargaban de recoger la pasta deb\u00edan ser de la entera confianza de los cabecillas de las organizaciones y ten\u00edan asegurado un salario mensual por m\u00e1s de $ 3.000.000. Mientras que las personas que laboraban en los laboratorios para procesar el material eran escogidos bajo un estricto control complejo de superar.<\/p>\n\n\n\n<p><\/p>\n\n\n\n<h2 class=\"wp-block-heading has-medium-font-size\"><strong>La crisis del sector<\/strong><\/h2>\n\n\n\n<p><\/p>\n\n\n\n<p>Los $ 2.750.000 los entregaron las guerrillas cuando hab\u00eda demanda del producto y esto solo ocurri\u00f3 de octubre de 2024 en adelante. Antes de eso,&nbsp;<a href=\"https:\/\/www.semana.com\/nacion\/articulo\/la-insolita-quiebra-de-los-cultivadores-de-coca-en-colombia-vista-por-la-agencia-france-presse-insospechada-crisis\/202338\/\" target=\"_blank\" rel=\"noreferrer noopener\">se present\u00f3 una crisis sin precedentes<\/a>&nbsp;en la regi\u00f3n porque no hab\u00eda compradores: el kilo de pasta de coca cay\u00f3 a $ 1.500.000 y la pobreza rond\u00f3 por varios hogares. Los patrones empezaron a pagar salarios con base de coca y los establecimientos comerciales canjearon los productos por lo mismo, pues no hab\u00eda billetes para sostener al Catatumbo: cada gramo equival\u00eda a $ 1.000, pero pod\u00eda subir hasta los $ 2.000 si aparec\u00eda un narcotraficante con plata.<\/p>\n\n\n\n<p>\u201cEl campesinado daba de cambio (base de coca) por combustibles, venenos, alimentaci\u00f3n (y) ropa.\u00a0Las guerrillas comenzaron a montar supermercados y recib\u00edan la base de coca a ciertos precios. Ellos dec\u00edan: \u2018A 2.750.000 vamos a recibir la mercanc\u00eda para surtirles al campesino la alimentaci\u00f3n\u2019. Uno llegaba all\u00e1 y cambiaba 700, 800 gramos, lo que usted fuera a cambiar por mercado\u201d, coment\u00f3 una habitante de la zona rural de Tib\u00fa. Los cerebros de este negocio fueron los elenos, quienes recibieron cartas y llamados de auxilio de las comunidades porque el hambre los estaba agobiando.<img decoding=\"async\" height=\"9\" width=\"16\" src=\"https:\/\/www.semana.com\/resizer\/v2\/T3BD7VJQ6RCTFEATPQKWUPVH7Y.jpg?auth=b68ca7ea25be460a7d52649bb9f388be932984305be4ee0764142776b4c5fb1e&amp;smart=true&amp;quality=75&amp;width=1280&amp;fitfill=false\" alt=\"Cultivos de coca\">Pasta de base de coca en el Catatumbo, donde las personas la cambian por comida ante crisis del sector.\u00a0| Foto:\u00a0JUAN CARLOS SIERRA PARDO<\/p>\n\n\n\n<p>Hay muchas versiones sobre la crisis. Las autoridades indicaron que al Catatumbo no volvieron grandes compradores durante ese tiempo por el incremento de oferta del narc\u00f3tico en el mundo, pero en las monta\u00f1as de esa zona de Norte de Santander hay otra que no se hab\u00eda mencionado hasta ahora: la Fuerza P\u00fablica captur\u00f3 al encargado del negocio de la droga y el Cartel de Sinaloa, que era el principal cliente de las disidencias de las Farc y del ELN, se aburri\u00f3 en el territorio porque no le estaban vendiendo coca\u00edna pura.<\/p>\n\n\n\n<p>Una persona cercana a ambos grupos, bajo reserva, detall\u00f3 a\u00a0<em>SEMANA<\/em>: \u201c<a href=\"https:\/\/www.semana.com\/politica\/articulo\/revelan-documento-que-demostraria-que-desde-2023-el-gobierno-conocia-de-una-alianza-criminal-entre-eln-y-el-cartel-de-sinaloa\/202544\/\" target=\"_blank\" rel=\"noreferrer noopener\">El Cartel de Sinaloa\u00a0<\/a>(dej\u00f3) de comprar en el Catatumbo por la liga que le meten a la mercanc\u00eda. Hay personas que ligan (la base de coca) con agua hirviendo, con aceite, con aceite de motor de transformadores, con manteca, con leche. Al volverla en base de perico o en otro tipos de base, ya no les va a servir porque ya marca la calidad, el porcentaje. El Cartel de Sinaloa se retir\u00f3 fue por eso, porque a ellos no les sirve que les metan liga, que se la vendan pura\u201d.<a href=\"https:\/\/www.semana.com\/politica\/articulo\/la-increible-historia-de-pacelli-el-corregimiento-del-catatumbo-donde-sus-habitantes-hacen-guardia-nocturna-e-impiden-el-ingreso-de-las-farc-y-el-eln\/202527\/\" target=\"_blank\" rel=\"noreferrer noopener\"><\/a><\/p>\n\n\n\n<figure class=\"wp-block-image is-resized\"><a href=\"https:\/\/www.semana.com\/politica\/articulo\/la-increible-historia-de-pacelli-el-corregimiento-del-catatumbo-donde-sus-habitantes-hacen-guardia-nocturna-e-impiden-el-ingreso-de-las-farc-y-el-eln\/202527\/\" target=\"_blank\" rel=\"noreferrer noopener\"><img decoding=\"async\" src=\"https:\/\/www.semana.com\/resizer\/v2\/XBXVO5XG75F6JEHUTSRYR5ERA4.jpg?auth=8694e2832391c5f8daa3eac074686dcf4761b0b6f880e6138a7327c9cfcb5531&amp;smart=true&amp;quality=50&amp;width=300\" alt=\"\" style=\"width:816px;height:auto\"\/><\/a><\/figure>\n\n\n\n<p><a href=\"https:\/\/www.semana.com\/politica\/articulo\/la-increible-historia-de-pacelli-el-corregimiento-del-catatumbo-donde-sus-habitantes-hacen-guardia-nocturna-e-impiden-el-ingreso-de-las-farc-y-el-eln\/202527\/\" target=\"_blank\" rel=\"noreferrer noopener\"><strong>Contexto:&nbsp;<\/strong>La incre\u00edble historia de Pacelli, el corregimiento del Catatumbo donde sus habitantes hacen guardia nocturna y no permiten el ingreso de los grupos armados<\/a><\/p>\n\n\n\n<p>Esto se convirti\u00f3 en otro problema para la comunidad y los criminales pusieron orden. A trav\u00e9s de los l\u00edderes sociales, les hicieron saber que quedaba prohibido ligar el material: \u201cNos hac\u00edan la capacitaci\u00f3n (y) que les avis\u00e1ramos a las comunidades, a los due\u00f1os de fincas, a patrones y todo eso, que tuvieran en cuenta que<strong>\u00a0<\/strong>todo aquel que ligara, porque ya no estaba entrando la econom\u00eda, lo mataban o lo corr\u00edan del territorio\u201d,\u00a0afirm\u00f3 uno de los ciudadanos que estuvo presente en los encuentros con los delincuentes.<\/p>\n\n\n\n<p>Todo cambi\u00f3 cuando, en el \u00faltimo trimestre de 2024,&nbsp;<a href=\"https:\/\/www.semana.com\/mundo\/articulo\/asi-habria-sido-el-acuerdo-entre-ivan-marquez-y-nicolas-maduro-para-llevar-droga-a-estados-unidos-segun-la-justicia-norteamericana\/202542\/\" target=\"_blank\" rel=\"noreferrer noopener\">el Cartel de los Soles<\/a>&nbsp;se convirti\u00f3 en el m\u00e1ximo comprador de la coca en el Catatumbo: \u201cEllos negocian con los altos mandos. Nosotros como l\u00edderes sociales no entr\u00e1bamos a esas conversaciones, nos daban informes para que nosotros inform\u00e1ramos a la comunidad\u201d, dijo la misma fuente bajo anonimato. Vale la pena recordar que los Soles, de acuerdo con Estados Unidos, es la organizaci\u00f3n criminal que se comanda desde el palacio presidencial de Miraflores, en Caracas.<img loading=\"lazy\" decoding=\"async\" alt=\"Con r\u00e9cords de cultivos y de producci\u00f3n de coca, el Gobierno Petro no la tendr\u00e1 f\u00e1cil con la adminis-traci\u00f3n Trump.\" height=\"9\" width=\"16\" src=\"https:\/\/www.semana.com\/resizer\/v2\/WGTEO3AESJFFLEDPK7ZYF7Z6HY.jpg?auth=4ac725a802e125f398e5e224d64e75b3b92bbe46794d22a17a3fd929e4d4c831&amp;smart=true&amp;quality=75&amp;width=1280&amp;fitfill=false\">Cultivos de coca en Colombia. Imagen de referencia.&nbsp;| Foto:&nbsp;dpa\/picture alliance via Getty I<\/p>\n\n\n\n<p>Las guerrillas pagaron $ 2.750.000 hasta diciembre. Por los estragos que dej\u00f3 la crisis, los delincuentes tomaron la decisi\u00f3n de comprarles a todos los integrantes de las juntas de acci\u00f3n comunal, as\u00ed:\u00a0\u201cAlgunos compraban de contado.\u00a0Si eran cinco (kilos), compraban uno o dos por due\u00f1o de finca, el que era afiliado. El que no era afiliado ten\u00eda que esperar si le recolectaban uno, pero fiado. Ten\u00edamos que esperar uno o tres meses (para recibir el dinero). Es m\u00e1s, a nosotros no nos ha llegado la plata\u201d, agreg\u00f3 un habitante de Tib\u00fa.<\/p>\n\n\n\n<p><\/p>\n\n\n\n<h2 class=\"wp-block-heading has-medium-font-size\"><strong>La guerra<\/strong><\/h2>\n\n\n\n<p><\/p>\n\n\n\n<p>La bonanza se vio interrumpida por&nbsp;<a href=\"https:\/\/www.semana.com\/politica\/articulo\/las-disidencias-de-las-farc-las-perdedoras-en-la-guerra-en-el-catatumbo-mas-de-100-guerrilleros-se-han-desmovilizado\/202554\/\" target=\"_blank\" rel=\"noreferrer noopener\">la guerra entre las disidencias de las Farc y el ELN.&nbsp;<\/a>Los dos coordinadores de la venta de coca entraron en una confrontaci\u00f3n por el control territorial, donde tienen intereses las autoridades venezolanas a favor de los elenos, sus aliados. \u201cLa guerra de ellos es por plata. All\u00e1 se pelea la riqueza que hay en el Catatumbo. Ellos se est\u00e1n llenando los bolsillos de la base de coca. Ellos quieren un control y mandar uno solo\u201d, manifest\u00f3 el presidente de junta de acci\u00f3n comunal del municipio con m\u00e1s siembras de coca de Colombia.<\/p>\n\n\n\n<p>No se sabe qu\u00e9 va a ocurrir de ahora en adelante. Al menos 40.000 habitantes del Catatumbo abandonaron sus fincas por las intensas confrontaciones, donde el ELN va ganando terreno. Esa guerrilla sembr\u00f3 explosivos en varios puntos y amenaza con un exterminio mayor si las Fuerzas Militares se atreven a enfrentarlos. Eso ya est\u00e1 ocurriendo: las tropas tuvieron su primer combate con los elenos, estall\u00f3 un explosivo en la v\u00eda que conduce hacia C\u00facuta y prev\u00e9n una racha de violencia m\u00e1s aguda.<a href=\"https:\/\/www.semana.com\/nacion\/articulo\/exclusivo-el-juicio-de-las-farc-que-termino-en-la-masacre-de-familia-del-catatumbo\/202511\/\" target=\"_blank\" rel=\"noreferrer noopener\"><\/a><\/p>\n\n\n\n<figure class=\"wp-block-image is-resized\"><a href=\"https:\/\/www.semana.com\/nacion\/articulo\/exclusivo-el-juicio-de-las-farc-que-termino-en-la-masacre-de-familia-del-catatumbo\/202511\/\" target=\"_blank\" rel=\"noreferrer noopener\"><img decoding=\"async\" src=\"https:\/\/www.semana.com\/resizer\/v2\/XNWSYYWC3FDPNOZCXENB6R67RE.jpg?auth=274043b0d195448abbe3956e6d827b31275cc59aa01a714f1d53c704d91ba926&amp;smart=true&amp;quality=50&amp;width=300\" alt=\"Fuentes de la Polic\u00eda Nacional narraron en SEMANA que las disidencias de las Farc vieron sospechas en el comportamiento de Miguel \u00c1ngel y lo citaron a un juicio. Foto: Semana\" style=\"width:796px;height:auto\"\/><\/a><\/figure>\n\n\n\n<p><a href=\"https:\/\/www.semana.com\/nacion\/articulo\/exclusivo-el-juicio-de-las-farc-que-termino-en-la-masacre-de-familia-del-catatumbo\/202511\/\" target=\"_blank\" rel=\"noreferrer noopener\"><strong>Contexto:&nbsp;<\/strong>Exclusivo: el juicio de las Farc que termin\u00f3 en la masacre de familia del Catatumbo<\/a><\/p>\n\n\n\n<p><a href=\"https:\/\/www.semana.com\/nacion\/articulo\/defensoria-del-pueblo-entrega-nuevo-crudo-balance-del-catatumbo-guerra-entre-eln-y-farc-deja-60-muertos-y-mas-de-36-mil-desplazados\/202519\/\" target=\"_blank\" rel=\"noreferrer noopener\">El Catatumbo est\u00e1 sitiado.<\/a>&nbsp;La Gobernaci\u00f3n de Norte de Santander da cuenta de 80 asesinatos, once heridos, doce desaparecidos y 40.000 desplazados. Los cad\u00e1veres recuperados por las autoridades judiciales corresponden a firmantes de paz (cuatro), l\u00edderes sociales (dos), particulares (33) y menores de edad (dos) de Tib\u00fa, Teorama, El Tarra, Hacar\u00ed y San Calixto. En el caso de las muertes violentas, se cree que hay un subregistro y podr\u00edan ser m\u00e1s, dado que las familias empezaron a sepultar a sus seres queridos bajo tierra y algunos cuerpos se descomponen bajo el sol y el agua porque la Fiscal\u00eda ni la Polic\u00eda Nacional tienen las garant\u00edas para entrar a los sectores m\u00e1s alejados del Catatumbo.<\/p>\n\n\n\n<p><a href=\"https:\/\/www.semana.com\/nacion\/cali\/articulo\/soplan-vientos-de-guerra-en-el-pais-no-es-solo-en-el-catatumbo-estas-son-las-regiones-donde-hay-riesgos-de-masacres-y-desplazamientos\/202517\/\" target=\"_blank\" rel=\"noreferrer noopener\">La furia del ELN tambi\u00e9n se siente en otros departamento<\/a>. En Choc\u00f3 fue asesinado por un francotirador de esa guerrilla un miembro de la Polic\u00eda Nacional que intentaba retirar una bandera que ese grupo criminal instal\u00f3 en el parque principal de Santa Rita de Ir\u00f3, mientras que en Arauca instalaron una poderosa carga explosiva que tendr\u00eda como blanco a la poblaci\u00f3n civil y a la Fuerza P\u00fablica. En Antioquia ya se siente lo mismo: las disidencias de las Farc, el ELN y el Clan del Golfo sostienen fuertes combates en el nordeste y ya hay varios muertos, seg\u00fan el Ej\u00e9rcito.<\/p>\n\n\n\n<p><em>*Nombres modificados por petici\u00f3n expresa de las fuentes, ante el inminente riesgo que corren por las declaraciones.<\/em><\/p>\n\n\n\n<p>semana.com 26 01 2025<\/p>\n","protected":false},"excerpt":{"rendered":"<p>En las entra\u00f1as de la coca en el Catatumbo: C\u00f3mo funciona hoy el narcotr\u00e1fico en la segunda zona de producci\u00f3n de droga m\u00e1s grande del pa\u00eds Redacci\u00f3n Semana BOGOT\u00c1 EnergiesNet.com 01 26 2025 El narcotr\u00e1fico es la principal actividad econ\u00f3mica del Catatumbo y su mayor problema. Los campesinos prestan sus parcelas para levantar hojas de &hellip;<\/p>\n<p class=\"read-more\"> <a class=\"\" href=\"https:\/\/energiesnet.com\/espanol\/el-cartel-de-los-soles-de-venezuela-y-las-cifras-del-millonario-negocio-que-alimenta-la-guerrilla-colombiana\/\"> <span class=\"screen-reader-text\">El Cartel de los Soles de Venezuela y las cifras del millonario negocio que alimenta la guerrilla Colombiana<\/span> Leer m\u00e1s &raquo;<\/a><\/p>\n","protected":false},"author":2,"featured_media":24695,"comment_status":"open","ping_status":"open","sticky":false,"template":"","format":"standard","meta":{"_monsterinsights_skip_tracking":false,"_monsterinsights_sitenote_active":false,"_monsterinsights_sitenote_note":"","_monsterinsights_sitenote_category":0,"site-sidebar-layout":"default","site-content-layout":"default","ast-global-header-display":"","ast-main-header-display":"","ast-hfb-above-header-display":"","ast-hfb-below-header-display":"","ast-hfb-mobile-header-display":"","site-post-title":"","ast-breadcrumbs-content":"","ast-featured-img":"","footer-sml-layout":"","theme-transparent-header-meta":"","adv-header-id-meta":"","stick-header-meta":"","header-above-stick-meta":"","header-main-stick-meta":"","header-below-stick-meta":"","footnotes":""},"categories":[45],"tags":[],"class_list":["post-24694","post","type-post","status-publish","format-standard","has-post-thumbnail","hentry","category-noticias-diarias"],"aioseo_notices":[],"_links":{"self":[{"href":"https:\/\/energiesnet.com\/espanol\/wp-json\/wp\/v2\/posts\/24694","targetHints":{"allow":["GET"]}}],"collection":[{"href":"https:\/\/energiesnet.com\/espanol\/wp-json\/wp\/v2\/posts"}],"about":[{"href":"https:\/\/energiesnet.com\/espanol\/wp-json\/wp\/v2\/types\/post"}],"author":[{"embeddable":true,"href":"https:\/\/energiesnet.com\/espanol\/wp-json\/wp\/v2\/users\/2"}],"replies":[{"embeddable":true,"href":"https:\/\/energiesnet.com\/espanol\/wp-json\/wp\/v2\/comments?post=24694"}],"version-history":[{"count":0,"href":"https:\/\/energiesnet.com\/espanol\/wp-json\/wp\/v2\/posts\/24694\/revisions"}],"wp:featuredmedia":[{"embeddable":true,"href":"https:\/\/energiesnet.com\/espanol\/wp-json\/wp\/v2\/media\/24695"}],"wp:attachment":[{"href":"https:\/\/energiesnet.com\/espanol\/wp-json\/wp\/v2\/media?parent=24694"}],"wp:term":[{"taxonomy":"category","embeddable":true,"href":"https:\/\/energiesnet.com\/espanol\/wp-json\/wp\/v2\/categories?post=24694"},{"taxonomy":"post_tag","embeddable":true,"href":"https:\/\/energiesnet.com\/espanol\/wp-json\/wp\/v2\/tags?post=24694"}],"curies":[{"name":"wp","href":"https:\/\/api.w.org\/{rel}","templated":true}]}}