{"id":24721,"date":"2025-01-27T11:30:14","date_gmt":"2025-01-27T15:30:14","guid":{"rendered":"https:\/\/energiesnet.com\/espanol\/?p=24721"},"modified":"2025-01-27T11:30:19","modified_gmt":"2025-01-27T15:30:19","slug":"el-papa-francisco-y-la-curia-romana-ruben-aguilar-v","status":"publish","type":"post","link":"https:\/\/energiesnet.com\/espanol\/el-papa-francisco-y-la-curia-romana-ruben-aguilar-v\/","title":{"rendered":"El papa Francisco y la Curia Romana &#8211; Rub\u00e9n\u00a0Aguilar\u00a0V."},"content":{"rendered":"\n<figure class=\"wp-block-image size-full is-resized\"><img fetchpriority=\"high\" decoding=\"async\" width=\"600\" height=\"402\" src=\"https:\/\/energiesnet.com\/espanol\/wp-content\/uploads\/2025\/01\/curia_romana.jpg\" alt=\"\" class=\"wp-image-24722\" style=\"width:805px;height:auto\" srcset=\"https:\/\/energiesnet.com\/espanol\/wp-content\/uploads\/2025\/01\/curia_romana.jpg 600w, https:\/\/energiesnet.com\/espanol\/wp-content\/uploads\/2025\/01\/curia_romana-300x201.jpg 300w\" sizes=\"(max-width: 600px) 100vw, 600px\" \/><figcaption class=\"wp-element-caption\">El Papa Francisco y  la Curia romana<\/figcaption><\/figure>\n\n\n\n<p>Por Rub\u00e9n\u00a0Aguilar\u00a0Valenzuela<\/p>\n\n\n\n<p>Desde hace 10 a\u00f1os, cuando el papa Francisco asume su cargo, en marzo de 2013, su discurso de fin de a\u00f1o a la Curia Romana, la estructura de gobierno de la Iglesia cat\u00f3lica, es recibido con mucho inter\u00e9s dentro de la Iglesia, pero tambi\u00e9n por la prensa internacional.<\/p>\n\n\n\n<p>El pasado 21 de diciembre, el papa inici\u00f3 su intervenci\u00f3n diciendo que el t\u00edtulo \u201cde esta alocuci\u00f3n es&nbsp;<em>ben-digan<\/em>&nbsp;<em>y no mal-digan<\/em>\u201d. Dijo que hablar bien de los dem\u00e1s y no hablar mal de ellos \u201ces algo que nos concierne a todos, incluso al papa \u2014obispos, presb\u00edteros, consagrados, laicos\u2014 y en lo que todos somos iguales. \u00bfPor qu\u00e9? Porque toca nuestra humanidad\u201d.<\/p>\n\n\n\n<p>\u201cEl hablar bien y no hablar mal, es una expresi\u00f3n de la humildad, y la humildad es el rasgo esencial de la Encarnaci\u00f3n, en particular del misterio del Nacimiento del Se\u00f1or, que nos disponemos a celebrar. Una comunidad eclesial vive en gozosa y fraterna armon\u00eda en la medida en que sus miembros transitan por el camino de la humildad, renunciando a pensar y hablar mal de los dem\u00e1s\u201d.<\/p>\n\n\n\n<p>Record\u00f3 que hace 20 a\u00f1os en ocasi\u00f3n de una Asamblea diocesana, cuando era arzobispo en Buenos Aires, propuso seguir el camino de la humildad, tal como en su momento lo plantearon Doroteo de Gaza y los grandes padres de Iglesia Basilio y Evagrio.<\/p>\n\n\n\n<p>En una de sus instrucciones, Doroteo dice que una actitud humilde es que cuando hay un problema y quien lo vive \u201cse lo achaca a s\u00ed mismo, juzga que se lo ha merecido, no soporta reprochar a otro por ello, ni busca culparlo. Sencillamente lo soporta sin perturbarse, sin abatirse y en total calma\u201d.<\/p>\n\n\n\n<p>El acusarse a s\u00ed mismo, dice el papa, no busca nunca culpar al otro de los problemas que se presentan. Y afirma que al preguntamos, \u201c\u00bfqu\u00e9 es lo que est\u00e1 en la base de este estilo espiritual de acusarse a s\u00ed mismo? En la base se encuentra el&nbsp;<em>abajamiento interior<\/em>, marcado por el movimiento del Verbo divino, la&nbsp;<em>synkatabasis<\/em>&nbsp;o condescendencia. El coraz\u00f3n humilde se abaja como el de Jes\u00fas, a quien contemplamos estos d\u00edas en el pesebre\u201d.<\/p>\n\n\n\n<p>La actitud de la humildad, asegura el papa, deber\u00eda ser considerada como una virtud teologal. \u201cHe aqu\u00ed el fundamento de nuestro&nbsp;<em>decir-bien: somos bendecidos<\/em>, y como tales podemos&nbsp;<em>bendecir<\/em>.&nbsp;<em>Somos bendecidos<\/em>, y por tanto podemos&nbsp;<em>bendecir<\/em>\u201d.<\/p>\n\n\n\n<p>El papa est\u00e1 hablando a sacerdotes, religiosos y laicos con tareas administrativas y pol\u00edticas en la gesti\u00f3n de la Iglesia y el Estado Vaticano, que esa es la responsabilidad de la Curia Romana. Es a estos funcionarios que les dice \u201c<em>ben-digan<\/em>&nbsp;<em>y no mal-digan<\/em>\u201d. Y que todos ellos trabajan con un mismo fin &nbsp;\u201cbien-decir, difundir en el mundo la bendici\u00f3n de Dios y de la Madre Iglesia\u201d.<\/p>\n\n\n\n<p>Al personal de la Curia Romana, le dice que deben de ser coherentes que \u201cno podemos escribir bendiciones y despu\u00e9s hablar mal del hermano o de la hermana; eso arruina la bendici\u00f3n. Este es mi deseo: que el Se\u00f1or, nacido para nosotros en la humildad, nos ayude a ser en todo momento mujeres y hombres&nbsp;<em>bien-dicientes<\/em>\u201d.<\/p>\n\n\n\n<p>Lo que el papa plantea a la burocracia de la Curia Romana, pienso que vale para toda estructura de gobierno, no es un tema de fe, es de la propia condici\u00f3n humana. Si las y los bur\u00f3cratas justifican sus deficiencias o errores culpando a los dem\u00e1s, estas estructuras nunca van a cambiar. Las burocracias deben asumir sus deficiencias y errores y con humildad aceptarlos, porque solo as\u00ed se puede cambiar, para mejorar.<\/p>\n\n\n\n<p>___________________________________________________<\/p>\n\n\n\n<p><em><strong>Rub\u00e9n Aguilar Valenzuela<\/strong><\/em>, Socio fundador de Afan Consultores Internacionales, S.C. Doctor en Ciencias Sociales. Profesor en el Departamento de Comunicaciones y Ciencias Pol\u00edticas de la Universidad Iberoamericana. Articulista en diversos peri\u00f3dicos y revistas. Fue Fundador y director de la Agencia Salpress del FMLN, el Salvador. coordinador de la Secretar\u00eda Particular de la presidencia de Fox (2002-2004) y portavoz del gobierno (2004-2006). Sus \u00faltimos libros en conjunto con Jorge Casta\u00f1eda son: La Diferencia: Radiograf\u00eda de un sexenio (2007) y El Narco: La Guerra Fallida (2009). Twitter:&nbsp;<a href=\"https:\/\/twitter.com\/RubenAguilar\">@RubenAguilar,&nbsp;<\/a><a href=\"http:\/\/miscuadernos.com.mx.\/\">ruben@miscuadernos.com.mx<\/a>. Los puntos de vista expresados no necesariamente son los de EnergiesNet.com.<\/p>\n\n\n\n<p>Nota del Editor:\u00a0Este art\u00edculo fue originalmente publicado en\u00a0Animal Pol\u00edtico, el 27 de enero, 2025. Reproducimos el mismo en beneficio de los lectores.\u00a0EnergiesNet or Petroleumworld\u00a0en Espa\u00f1ol no se hace responsable por los juicios de valor emitidos por sus colaboradores y columnistas de opini\u00f3n y an\u00e1lisis.<\/p>\n\n\n\n<p>Petroleumworld alienta a las personas a reproducir, reimprimir, y divulgar a trav\u00e9s de los medios audiovisuales e Internet, los comentarios editoriales y de opini\u00f3n de EnergiesNet o Petroleumworld, siempre y cuando esa reproducci\u00f3n identifique, a el autor, y la fuente original, http:\/\/www.EnergiesNet.com y se haga dentro de el uso normal (fair use) de la doctrina de la secci\u00f3n 107 de la Ley de derechos de autor de los Estados Unidos de Norteam\u00e9rica (US Copyright).<\/p>\n\n\n\n<p>EnergiesNet.com 27 01 2025<\/p>\n","protected":false},"excerpt":{"rendered":"<p>Por Rub\u00e9n\u00a0Aguilar\u00a0Valenzuela Desde hace 10 a\u00f1os, cuando el papa Francisco asume su cargo, en marzo de 2013, su discurso de fin de a\u00f1o a la Curia Romana, la estructura de gobierno de la Iglesia cat\u00f3lica, es recibido con mucho inter\u00e9s dentro de la Iglesia, pero tambi\u00e9n por la prensa internacional. El pasado 21 de diciembre, &hellip;<\/p>\n<p class=\"read-more\"> <a class=\"\" href=\"https:\/\/energiesnet.com\/espanol\/el-papa-francisco-y-la-curia-romana-ruben-aguilar-v\/\"> <span class=\"screen-reader-text\">El papa Francisco y la Curia Romana &#8211; Rub\u00e9n\u00a0Aguilar\u00a0V.<\/span> Leer m\u00e1s &raquo;<\/a><\/p>\n","protected":false},"author":2,"featured_media":24722,"comment_status":"open","ping_status":"open","sticky":false,"template":"","format":"standard","meta":{"_monsterinsights_skip_tracking":false,"_monsterinsights_sitenote_active":false,"_monsterinsights_sitenote_note":"","_monsterinsights_sitenote_category":0,"site-sidebar-layout":"default","site-content-layout":"default","ast-global-header-display":"","ast-main-header-display":"","ast-hfb-above-header-display":"","ast-hfb-below-header-display":"","ast-hfb-mobile-header-display":"","site-post-title":"","ast-breadcrumbs-content":"","ast-featured-img":"","footer-sml-layout":"","theme-transparent-header-meta":"","adv-header-id-meta":"","stick-header-meta":"","header-above-stick-meta":"","header-main-stick-meta":"","header-below-stick-meta":"","footnotes":""},"categories":[48],"tags":[],"class_list":["post-24721","post","type-post","status-publish","format-standard","has-post-thumbnail","hentry","category-comentario-del-dia"],"aioseo_notices":[],"_links":{"self":[{"href":"https:\/\/energiesnet.com\/espanol\/wp-json\/wp\/v2\/posts\/24721","targetHints":{"allow":["GET"]}}],"collection":[{"href":"https:\/\/energiesnet.com\/espanol\/wp-json\/wp\/v2\/posts"}],"about":[{"href":"https:\/\/energiesnet.com\/espanol\/wp-json\/wp\/v2\/types\/post"}],"author":[{"embeddable":true,"href":"https:\/\/energiesnet.com\/espanol\/wp-json\/wp\/v2\/users\/2"}],"replies":[{"embeddable":true,"href":"https:\/\/energiesnet.com\/espanol\/wp-json\/wp\/v2\/comments?post=24721"}],"version-history":[{"count":0,"href":"https:\/\/energiesnet.com\/espanol\/wp-json\/wp\/v2\/posts\/24721\/revisions"}],"wp:featuredmedia":[{"embeddable":true,"href":"https:\/\/energiesnet.com\/espanol\/wp-json\/wp\/v2\/media\/24722"}],"wp:attachment":[{"href":"https:\/\/energiesnet.com\/espanol\/wp-json\/wp\/v2\/media?parent=24721"}],"wp:term":[{"taxonomy":"category","embeddable":true,"href":"https:\/\/energiesnet.com\/espanol\/wp-json\/wp\/v2\/categories?post=24721"},{"taxonomy":"post_tag","embeddable":true,"href":"https:\/\/energiesnet.com\/espanol\/wp-json\/wp\/v2\/tags?post=24721"}],"curies":[{"name":"wp","href":"https:\/\/api.w.org\/{rel}","templated":true}]}}