{"id":24917,"date":"2025-02-13T11:24:29","date_gmt":"2025-02-13T15:24:29","guid":{"rendered":"https:\/\/energiesnet.com\/espanol\/?p=24917"},"modified":"2025-02-13T11:41:15","modified_gmt":"2025-02-13T15:41:15","slug":"petro-enfrenta-crisis-con-furia-e-ingenio-juan-diego-quesada-el-pais","status":"publish","type":"post","link":"https:\/\/energiesnet.com\/espanol\/petro-enfrenta-crisis-con-furia-e-ingenio-juan-diego-quesada-el-pais\/","title":{"rendered":"Petro Enfrenta Crisis con Furia e Ingenio &#8211; Juan Diego Quesada\/El Pa\u00eds"},"content":{"rendered":"\n<p>Presidente con el Agua al Cuello. La implosi\u00f3n del mandatario le enfrenta a sus ministros en un momento ca\u00f3tico del Gobierno<\/p>\n\n\n\n<figure class=\"wp-block-image size-full is-resized\"><img fetchpriority=\"high\" decoding=\"async\" width=\"600\" height=\"422\" src=\"https:\/\/energiesnet.com\/espanol\/wp-content\/uploads\/2025\/02\/petro-lpais.jpg\" alt=\"\" class=\"wp-image-24918\" style=\"width:802px;height:auto\" srcset=\"https:\/\/energiesnet.com\/espanol\/wp-content\/uploads\/2025\/02\/petro-lpais.jpg 600w, https:\/\/energiesnet.com\/espanol\/wp-content\/uploads\/2025\/02\/petro-lpais-300x211.jpg 300w\" sizes=\"(max-width: 600px) 100vw, 600px\" \/><figcaption class=\"wp-element-caption\">Presidente combate presi\u00f3n extrema con determinaci\u00f3n  <\/figcaption><\/figure>\n\n\n\n<p>Por Juan Diego Quesada<\/p>\n\n\n\n<p>Hay dos&nbsp;<a href=\"https:\/\/elpais.com\/america-colombia\/2025-02-08\/petro-implosiono-la-reeleccion-del-cambio-en-2026.html\" target=\"_blank\" rel=\"noreferrer noopener\">Gustavo Petro<\/a>. El primero puede escuchar los argumentos de alguien que tiene sentado enfrente durante cinco minutos y, de repente, levantarse y marcharse de la habitaci\u00f3n sin decir nada. Sus asesores sostienen que se refugia en sus silencios, como un mecanismo de defensa frente a lo que considera agresiones del exterior. El segundo es uno locuaz y expansivo, dif\u00edcil de contener y capaz de cargar contra todo y contra todos. Ese es el que esta semana ha llevado a su Gobierno al l\u00edmite, a punto de una fractura definitiva. El Petro enfurecido.<\/p>\n\n\n\n<p>Vive sus d\u00edas m\u00e1s desdichados como presidente. Aunque, a su vez, de m\u00e1s excitaci\u00f3n, seg\u00fan quienes le rodean.&nbsp;<a href=\"https:\/\/elpais.com\/america\/2025-01-27\/petro-cede-ante-trump-y-aceptara-deportaciones-para-evitar-la-imposicion-de-aranceles.html\" target=\"_blank\" rel=\"noreferrer noopener\">Un fuego sigue encendido dentro de \u00e9l&nbsp;<\/a>desde que se enfrent\u00f3 de forma directa y p\u00fablica a Donald Trump a finales de enero. Se comprob\u00f3 en el Consejo de Ministros televisado de este martes, en hora de m\u00e1xima audiencia. Agarr\u00f3 el micr\u00f3fono, enfadado, y rega\u00f1\u00f3 a casi todos los funcionarios por no haber cumplido la mayor\u00eda de las promesas de campa\u00f1a. Era una forma indirecta de desacreditarse, pero por eso quiso dejar claro que navega solo. \u00c9l es un presidente revolucionario, mientras que su Gobierno no lo es. Eso lo desliga de la parte administrativa y lo coloca en una posici\u00f3n m\u00e1s heroica: la del general que embiste al enemigo, aunque su tropa haya desertado.<\/p>\n\n\n\n<p>A Petro, cuentan en su entorno, le aburren las reuniones t\u00e9cnicas. Captar su atenci\u00f3n en esos momentos no resulta sencillo. Conoce casi todos los recovecos del Estado y tiene una opini\u00f3n formada de c\u00f3mo debe cambiarse, pero no tiene intereses en el proceso, sino en el resultado. Algunos funcionarios se han visto empantanados por la burocracia y la legalidad, sin forma de aplicar las transformaciones que se les piden. Laura Sarabia, la que ha sido su n\u00famero 2 en estos dos a\u00f1os y medio y que&nbsp;<a href=\"https:\/\/elpais.com\/america-colombia\/2025-01-20\/petro-nombra-a-su-numero-2-laura-sarabia-canciller-de-colombia.html\" target=\"_blank\" rel=\"noreferrer noopener\">ahora es canciller<\/a>, ha insistido una y otra vez que no quer\u00edan excusas, solo resultados. Ellos se han sentido solos en ocasiones, sin posibilidad de contactar con Petro directamente. \u201cEstaba pendiente de sus trinos en Twitter para entender qu\u00e9 quer\u00eda. Ten\u00eda que interpretarlo\u201d, cuenta alguien que abandon\u00f3 el Gobierno.<\/p>\n\n\n\n<p>Los ministros m\u00e1s sobresalientes de su Gobierno han abandonado o est\u00e1n a punto de hacerlo. El canciller Luis Gilberto Murillo se fue porque tiene en mente presentarse como candidato a las elecciones de 2026, pero tambi\u00e9n porque discrepaba con el presidente en asuntos fundamentales. Juan David Correa, de Cultura, ha renunciado por no querer sentarse al lado del principal asesor de Presidencia, Armando Benedetti. Jorge Rojas, defensor de derechos de humanos y&nbsp;<em>petrista<\/em>&nbsp;casi desde antes que Petro, se ha ido por el mismo motivo. La ministra m\u00e1s reputada, Susana Muhamad, dice estar pendiente de una conversaci\u00f3n para decidir su continuidad en el proyecto. Lo mismo ocurre con el ministro de Interior, Juan Fernando Cristo, un moderado que lleg\u00f3 para llevar a cabo un \u201cacuerdo nacional\u201d que ahora parece m\u00e1s lejano que nunca.&nbsp;<a href=\"https:\/\/elpais.com\/america-colombia\/2025-02-07\/petro-mantiene-el-pulso-por-benedetti-y-varios-ministros-clave-se-encuentran-al-borde-de-la-dimision.html\" target=\"_blank\" rel=\"noreferrer noopener\">Este pulso de los funcionarios a su jefe<\/a>&nbsp;ha espantado al propio Petro: \u201cPor poco acaba el Gobierno\u201d. Escribi\u00f3 eso en referencia a Rojas, al que culpa de hacer creer a todos que Benedetti ser\u00e1 un&nbsp;<em>superministro<\/em>&nbsp;con mando en plaza, pero que en general resume muy bien la situaci\u00f3n l\u00edmite de su Presidencia.<\/p>\n\n\n\n<p>El presidente resulta muy dif\u00edcil de confrontar. Acusa de poco revolucionarios a sus ministros, pero cuando estos le recuerdan que ha sido \u00e9l quien ha incluido en el proyecto a gente de la derecha, tuerce el gesto y les pide que no sean sectarios. Si le se\u00f1alan por tener asesores denunciados por malos tratos, ataca a un \u201c<a href=\"https:\/\/elpais.com\/actualidad\/newsletter-americanas\/2025-02-08\/el-pacto-patriarcal-de-petro.html\" target=\"_blank\" rel=\"noreferrer noopener\">tipo de feminismo<\/a>\u201d que, seg\u00fan \u00e9l, destruye a los hombres. Cuando le hacen ver que a su alrededor tiene personas que han amenazado con dinamitar el Gobierno, argumenta que todo el mundo merece segundas oportunidades. \u201cEs un escapista\u201d, lo describe una persona muy cercana.<\/p>\n\n\n\n<p>El resurgimiento de Benedetti tiene tanto misterio como el de la concepci\u00f3n de la Virgen Mar\u00eda. Al acabar la campa\u00f1a, en la que fue fundamental, fue enviado a Caracas como embajador. Era una misi\u00f3n importante, pero tambi\u00e9n una forma de alejarlo y evitar que uno de sus cinco casos en marcha por distintos casos de corrupci\u00f3n pudiera explotarle en la cara al presidente. El canciller de ese momento, \u00c1lvaro Leyva, fue de los que convenci\u00f3 al presidente de alejarlo. En el entorno de Benedetti tambi\u00e9n se\u00f1alan a Ver\u00f3nica Alcocer, la primera dama. En cualquier caso, se fue a una especie de exilio en 2022. Le dijeron que cuando arreglase sus problemas judiciales volver\u00eda. Junto a Petro se qued\u00f3 Sarabia, que tuvo como jefe a Benedetti seis a\u00f1os. Ese cambio de roles dinamit\u00f3 la relaci\u00f3n entre ambos. El embajador sali\u00f3 tras la filtraci\u00f3n de unos audios en los que se le escuchaba que hab\u00eda habido financiaci\u00f3n ilegal en la campa\u00f1a y estaba dispuesto a que todos fueran a la c\u00e1rcel. Petro lo destituy\u00f3 en una alocuci\u00f3n en la que ni siquiera pronunci\u00f3 su nombre.<\/p>\n\n\n\n<p>Ahora, m\u00e1s de dos a\u00f1os despu\u00e9s, Benedetti vuelve a ser la mano derecha de Petro y a la vez aleja a Sarabia, que aunque se va a ocupar de un cargo tan relevante como la Canciller\u00eda, de facto, se distancia de Petro. La situaci\u00f3n ha dado un vuelco. Los ministros dicen claramente: o nosotros o&nbsp;<a href=\"https:\/\/elpais.com\/america-colombia\/2025-02-06\/la-corte-suprema-de-justicia-llama-a-juicio-a-armando-benedetti-por-corrupcion-en-el-caso-fonade.html\" target=\"_blank\" rel=\"noreferrer noopener\">Benedetti<\/a>. Y el presidente, terco como \u00e9l mismo dice que es, no parece dispuesto a dejarse ganar ese pulso. Benedetti viene a Bogot\u00e1 a reivindicarse y a recibir lo que cree suyo: el poder que merece por haber sido clave para la izquierda a la hora de ganar las elecciones. El d\u00eda del famoso Consejo, se sent\u00f3 al lado del presidente y escuch\u00f3 impert\u00e9rrito las criticas hacia \u00e9l. No se le movi\u00f3 una ceja. El choque pone en peligro a Petro, amenaza incluso su legado. Las llamas de su Gobierno se ven a la distancia.<\/p>\n\n\n\n<p>________________________________________________<\/p>\n\n\n\n<p><strong><em>Juan Diego Quesada<\/em><\/strong>, es el corresponsal de Colombia, Venezuela y la regi\u00f3n andina. Fue miembro fundador de EL PA\u00cdS Am\u00e9rica en 2013, en la sede de M\u00e9xico. Despu\u00e9s pas\u00f3 por la secci\u00f3n de Internacional, donde fue enviado especial a Irak, Filipinas y los Balcanes. M\u00e1s tarde escribi\u00f3 reportajes en Madrid, ciudad desde la que cubri\u00f3 la pandemia de covid-19. Energiesnet.com no comparte necesariamente estas opiniones.<\/p>\n\n\n\n<p>Nota del editor: Este art\u00edculo fue publicado originalmente por El Pa\u00eds, el 9  de febrero del 2025. EnergiesNet.com reproduce este art\u00edculo en inter\u00e9s de nuestros lectores. Todos los comentarios enviados y publicados en EnergiesNet.com, no reflejan ni a favor ni en contra de la opini\u00f3n expresada en el comentario como un respaldo de EnergiesNet.com o Petroleumworld.<\/p>\n\n\n\n<p><a href=\"https:\/\/elpais.com\/america\/2025-02-09\/la-furia-de-petro-un-presidente-con-el-agua-al-cuello.html\">La furia de Petro: un presidente con el agua al cuello | EL PA\u00cdS Am\u00e9rica<\/a><\/p>\n\n\n\n<p>Aviso de uso: Este sitio contiene material protegido por derechos de autor cuyo uso no siempre ha sido espec\u00edficamente autorizado por el propietario de los derechos. Ponemos a disposici\u00f3n dicho material en nuestro esfuerzo por avanzar en la comprensi\u00f3n de cuestiones de importancia social, medioambiental y humanitaria. Creemos que esto constituye un \u00abuso justo\u00bb de cualquier material protegido por derechos de autor, tal como se establece en la secci\u00f3n 107 de la Ley de Derechos de Autor de EE.UU.. De acuerdo con el T\u00edtulo 17 U.S.C. Secci\u00f3n 107. Para m\u00e1s informaci\u00f3n, visite: http:\/\/www.law.cornell.edu\/uscode\/17\/107.shtml.<\/p>\n\n\n\n<p>EnergiesNet.com 12 02 2025<\/p>\n","protected":false},"excerpt":{"rendered":"<p>Presidente con el Agua al Cuello. La implosi\u00f3n del mandatario le enfrenta a sus ministros en un momento ca\u00f3tico del Gobierno Por Juan Diego Quesada Hay dos&nbsp;Gustavo Petro. El primero puede escuchar los argumentos de alguien que tiene sentado enfrente durante cinco minutos y, de repente, levantarse y marcharse de la habitaci\u00f3n sin decir nada. &hellip;<\/p>\n<p class=\"read-more\"> <a class=\"\" href=\"https:\/\/energiesnet.com\/espanol\/petro-enfrenta-crisis-con-furia-e-ingenio-juan-diego-quesada-el-pais\/\"> <span class=\"screen-reader-text\">Petro Enfrenta Crisis con Furia e Ingenio &#8211; Juan Diego Quesada\/El Pa\u00eds<\/span> Leer m\u00e1s &raquo;<\/a><\/p>\n","protected":false},"author":2,"featured_media":24918,"comment_status":"open","ping_status":"open","sticky":false,"template":"","format":"standard","meta":{"_monsterinsights_skip_tracking":false,"_monsterinsights_sitenote_active":false,"_monsterinsights_sitenote_note":"","_monsterinsights_sitenote_category":0,"site-sidebar-layout":"default","site-content-layout":"default","ast-global-header-display":"","ast-main-header-display":"","ast-hfb-above-header-display":"","ast-hfb-below-header-display":"","ast-hfb-mobile-header-display":"","site-post-title":"","ast-breadcrumbs-content":"","ast-featured-img":"","footer-sml-layout":"","theme-transparent-header-meta":"","adv-header-id-meta":"","stick-header-meta":"","header-above-stick-meta":"","header-main-stick-meta":"","header-below-stick-meta":"","footnotes":""},"categories":[39,74],"tags":[],"class_list":["post-24917","post","type-post","status-publish","format-standard","has-post-thumbnail","hentry","category-opinion","category-opinion-opinion-news-guyana"],"aioseo_notices":[],"_links":{"self":[{"href":"https:\/\/energiesnet.com\/espanol\/wp-json\/wp\/v2\/posts\/24917","targetHints":{"allow":["GET"]}}],"collection":[{"href":"https:\/\/energiesnet.com\/espanol\/wp-json\/wp\/v2\/posts"}],"about":[{"href":"https:\/\/energiesnet.com\/espanol\/wp-json\/wp\/v2\/types\/post"}],"author":[{"embeddable":true,"href":"https:\/\/energiesnet.com\/espanol\/wp-json\/wp\/v2\/users\/2"}],"replies":[{"embeddable":true,"href":"https:\/\/energiesnet.com\/espanol\/wp-json\/wp\/v2\/comments?post=24917"}],"version-history":[{"count":1,"href":"https:\/\/energiesnet.com\/espanol\/wp-json\/wp\/v2\/posts\/24917\/revisions"}],"predecessor-version":[{"id":24919,"href":"https:\/\/energiesnet.com\/espanol\/wp-json\/wp\/v2\/posts\/24917\/revisions\/24919"}],"wp:featuredmedia":[{"embeddable":true,"href":"https:\/\/energiesnet.com\/espanol\/wp-json\/wp\/v2\/media\/24918"}],"wp:attachment":[{"href":"https:\/\/energiesnet.com\/espanol\/wp-json\/wp\/v2\/media?parent=24917"}],"wp:term":[{"taxonomy":"category","embeddable":true,"href":"https:\/\/energiesnet.com\/espanol\/wp-json\/wp\/v2\/categories?post=24917"},{"taxonomy":"post_tag","embeddable":true,"href":"https:\/\/energiesnet.com\/espanol\/wp-json\/wp\/v2\/tags?post=24917"}],"curies":[{"name":"wp","href":"https:\/\/api.w.org\/{rel}","templated":true}]}}