{"id":24931,"date":"2025-02-16T08:51:16","date_gmt":"2025-02-16T12:51:16","guid":{"rendered":"https:\/\/energiesnet.com\/espanol\/?p=24931"},"modified":"2025-02-16T08:55:26","modified_gmt":"2025-02-16T12:55:26","slug":"cuanto-poder-tiene-realmente-sheinbaum-jorge-zepeda-patterson-milenio","status":"publish","type":"post","link":"https:\/\/energiesnet.com\/espanol\/cuanto-poder-tiene-realmente-sheinbaum-jorge-zepeda-patterson-milenio\/","title":{"rendered":"\u00bfCu\u00e1nto poder tiene realmente Sheinbaum? &#8211; Jorge Zepeda Patterson \/ Milenio"},"content":{"rendered":"\n<p>Por m\u00e1s que los detractores sigan cultivando la leyenda de una \u201cmaquinaci\u00f3n constante\u201d\u00a0de AMLO, los poderes f\u00e1cticos saben que la \u00faltima palabra no la tiene un gobernador, Ad\u00e1n Augusto\u00a0o Monreal ni la tendr\u00e1n yendo a Palenque.<\/p>\n\n\n\n<figure class=\"wp-block-image size-full is-resized\"><img fetchpriority=\"high\" decoding=\"async\" width=\"600\" height=\"396\" src=\"https:\/\/energiesnet.com\/espanol\/wp-content\/uploads\/2025\/02\/shinbaum_mujer_painting.jpg\" alt=\"\" class=\"wp-image-24932\" style=\"width:816px;height:auto\" srcset=\"https:\/\/energiesnet.com\/espanol\/wp-content\/uploads\/2025\/02\/shinbaum_mujer_painting.jpg 600w, https:\/\/energiesnet.com\/espanol\/wp-content\/uploads\/2025\/02\/shinbaum_mujer_painting-300x198.jpg 300w\" sizes=\"(max-width: 600px) 100vw, 600px\" \/><figcaption class=\"wp-element-caption\">Claudia Sheinbaum: Poder Pol\u00edtico Versus Econ\u00f3mico<\/figcaption><\/figure>\n\n\n\n<p>Por Jorge Zepeda Patterson            <\/p>\n\n\n\n<p>Los presidentes poseen menos atribuciones de las que les atribuye la percepci\u00f3n popular, entre otras razones por el peso de los factores de poder real y por un contexto econ\u00f3mico internacional y local fuera de control del Ejecutivo de cualquier pa\u00eds. Pero, del otro lado, en las \u00faltimas d\u00e9cadas ning\u00fan mandatario en M\u00e9xico hab\u00eda tenido tantos botones en la cabina de mando como los que detenta Claudia Sheinbaum, gracias al predominio de Morena en los tres poderes, la debilidad de la oposici\u00f3n, la popularidad masiva y el dominio de las gubernaturas.<\/p>\n\n\n\n<p>\u00bfCu\u00e1l es el poder que realmente tiene Sheinbaum? \u00bfPara cu\u00e1nto le alcanza? La pregunta procede de una columna de Denise Maerker en MILENIO este mi\u00e9rcoles, lanzada a la mesa de discusi\u00f3n. El tema es pertinente, porque la posibilidad de una cr\u00edtica \u00fatil deriva de la valoraci\u00f3n real de los l\u00edmites y posibilidades de una situaci\u00f3n. Sea para no pedir imposibles o peras al olmo o, por el contrario, para estar en condiciones de exigir de acuerdo con el&nbsp;margen de posibilidades reales de un servidor p\u00fablico.<\/p>\n\n\n\n<p>De entrada habr\u00eda que diferenciar la esfera pol\u00edtica de la econ\u00f3mica. Los alcances de la Presidenta en materia pol\u00edtica son mucho mayores. Superiores, incluso, a los de L\u00f3pez Obrador. No solo porque goza de una mayor\u00eda constitucional y territorial que el tabasque\u00f1o no tuvo. Tambi\u00e9n porque arranca el sexenio con esa fortaleza desde el primer d\u00eda. L\u00f3pez Obrador gobern\u00f3 con muchas resistencias; \u00e9lites econ\u00f3micas, medios adversos y oposici\u00f3n prefirieron resistir a la 4T con la esperanza de que fuese un sexenio de una sola vez. Asumieron que, tan pronto como los votantes se desenga\u00f1aran, se dejar\u00eda atr\u00e1s \u201cla pesadilla\u201d. Obviamente no fue as\u00ed. Lo que Sheinbaum tiene enfrente, en cambio, son poderes f\u00e1cticos convencidos de que en este momento y por un buen rato, no hay otra opci\u00f3n pol\u00edtica que sentarse a negociar con el \u00fanico interlocutor a la vista, es decir, la Presidenta. En ese sentido, Sheinbaum tiene todo el sexenio a su disposici\u00f3n para dejar una impronta pol\u00edtica enorme. Algo de lo que quiz\u00e1 no vuelva a gozar un mandatario en muchos a\u00f1os.<\/p>\n\n\n\n<p>El logro espec\u00edfico de Claudia en sus primeros tres meses es el afianzamiento de su liderazgo dentro de su movimiento. Por m\u00e1s bast\u00f3n de mando y ceremonias que vimos, es evidente que hab\u00eda muchos que esperaban un relajamiento en la verticalidad que caracteriz\u00f3 al mandato de L\u00f3pez Obrador. Gobernadores, coordinadores del Poder Legislativo, dirigentes corporativos, hombres y mujeres de poder asumieron que tendr\u00edan m\u00e1s espacio para impulsar sus propias agendas y en alg\u00fan terreno\u00a0incluso compartir el enorme poder que ostenta Morena. El proceso de consolidaci\u00f3n de Sheinbaum no ha terminado, pero a estas alturas quedan pocas dudas de qui\u00e9n gobierna. Por m\u00e1s que los detractores siguen cultivando la leyenda de una supuesta maquinaci\u00f3n constante de AMLO, los poderes f\u00e1cticos tienen claro que la \u00faltima palabra no la tiene un gobernador, Ad\u00e1n Augusto L\u00f3pez, Monreal o los dirigentes del partido y tampoco la obtendr\u00e1n yendo a Palenque. La laboriosidad, eficacia y temperamento de la Presidenta, sus ma\u00f1aneras de mensajes contundentes, sus giras de cada semana para supervisar a los poderes regionales, dejan pocas dudas. <\/p>\n\n\n\n<figure class=\"wp-block-image size-full\"><img decoding=\"async\" width=\"618\" height=\"811\" src=\"https:\/\/energiesnet.com\/espanol\/wp-content\/uploads\/2025\/02\/image-3.png\" alt=\"\" class=\"wp-image-24933\" srcset=\"https:\/\/energiesnet.com\/espanol\/wp-content\/uploads\/2025\/02\/image-3.png 618w, https:\/\/energiesnet.com\/espanol\/wp-content\/uploads\/2025\/02\/image-3-229x300.png 229w\" sizes=\"(max-width: 618px) 100vw, 618px\" \/><\/figure>\n\n\n\n<p>La consolidaci\u00f3n del&nbsp;liderazgo de Sheinbaum es un proceso, insisto, inacabado. Probablemente tome el resto del primer a\u00f1o, porque se trata en buena medida de un asunto de percepciones del resto de los actores pol\u00edticos, incluyendo los que pertenecen a la 4T.&nbsp;Solo cuando todos ellos perciban que fracasan agendas distintas o adversas a las de la Presidenta, el alineamiento ser\u00e1&nbsp;completo.<\/p>\n\n\n\n<p>La pregunta de fondo es \u00bfpara qu\u00e9 servir\u00e1 toda esa fortaleza? \u00bfPara qu\u00e9 alcanza? Muchos en Morena est\u00e1n m\u00e1s interesados en utilizar el poder para aumentar el predominio del movimiento, perpetuarlo y debilitar cualquier otra opci\u00f3n pol\u00edtica. O peor a\u00fan, usarlo para una ventaja puntual de sus carreras personales. Es decir, el poder que sirve para perpetuarse; un fin en s\u00ed mismo.<\/p>\n\n\n\n<p>No es el caso de Sheinbaum y otros. Me parece que la Presidenta y su equipo perciben el poder como un medio para modernizar y mejorar profundamente a la administraci\u00f3n p\u00fablica federal y hacer viable en t\u00e9rminos econ\u00f3micos al proyecto pol\u00edtico y social de su movimiento, para lo cual el pa\u00eds necesita crecer con prosperidad y justicia. Lo que estamos viendo es la primera etapa de una ola de decretos, leyes constitucionales y secundarias, dise\u00f1o de pol\u00edticas p\u00fablicas e iniciativas que pavimentan el camino en esa direcci\u00f3n.<\/p>\n\n\n\n<p>Cuando este proceso madure muchas cosas habr\u00e1n cambiado en lo formal. Pero cu\u00e1nto verdaderamente cambie en la pr\u00e1ctica depender\u00e1 de la capacidad de la Presidenta para vencer las resistencias pol\u00edticas adentro y afuera de su propio movimiento.<\/p>\n\n\n\n<p>Ese pulso es el que est\u00e1 en discusi\u00f3n. Por ejemplo, es notorio el desencuentro entre las pr\u00e1cticas mercenarias del Partido Verde y las que propugnan los ideales de la 4T. La alianza con el PVEM es congruente con una visi\u00f3n de poder que solo busque afianzar la aplanadora de Morena, pero es incongruente con una concepci\u00f3n de poder como instrumento para mejorar a la sociedad. La complicidad con ese partido le permite al gobierno dictar \u201cmejores\u201d leyes, porque alcanza mayor\u00edas constitucionales; pero la complicidad con el Verde dificulta que esas leyes se conviertan en realidad en la vida diaria. Es conocida la incomodidad que producen en Palacio Nacional personajes como Pedro Haces, el enriquecido y ostentoso l\u00edder sindical y brazo derecho de Ricardo Monreal en el Senado. \u00bfCu\u00e1ndo se sentir\u00e1 con la fuerza necesaria para escarmentar a gobernadores y l\u00edderes sindicales corruptos? \u00bfLo har\u00e1 alguna vez? \u00bfPreferir\u00e1 optar por el largo camino de modificar las reglas del juego para impedir poco a poco las infamias de los facinerosos, antes que enfrentarlos?<\/p>\n\n\n\n<p>\u00bfPara qu\u00e9 le alcanza el poder a Sheinbaum y c\u00f3mo quiere usarlo? Mi hip\u00f3tesis es que la Presidenta ir\u00e1 de menos a m\u00e1s en este empe\u00f1o. Consolidar antes que poner en riesgo el despegue de su proyecto. Una vez en vuelo crucero y en pleno ejercicio de todos los botones y palancas del tablero podr\u00eda comenzar la depuraci\u00f3n \u00e9tica de su movimiento. Esperemos que llegue.<\/p>\n\n\n\n<p>Por lo dem\u00e1s, el tsunami que ocasiona Trump modifica y provoca enormes retrasos en esa ruta. La econom\u00eda es el tal\u00f3n de Aquiles de los mandatarios en todo el mundo, porque muchas variables escapan a su control. Trump las hace a\u00fan m\u00e1s vol\u00e1tiles, por m\u00e1s que las situaciones de emergencia favorecen el protagonismo de un l\u00edder prudente y estratega como ha mostrado ser la Presidenta. \u00bfCu\u00e1nto poder tiene realmente Claudia Sheinbaum? \u00bfPara qu\u00e9 le alcanza? Me temo que las tormentas que se avecinan est\u00e1n a punto de mostrarlo en un sentido u otro.<\/p>\n\n\n\n<p>_________________________________________________________________<\/p>\n\n\n\n<p><strong><em>Jorge Zepeda Patterso<\/em><\/strong>n<em>.<\/em> Economista y soci\u00f3logo, hizo maestr\u00eda en la Flacso (Facultad Latinoamericana de Ciencias Sociales) y estudios de doctorado en Ciencia Pol\u00edtica en la Sorbona de Par\u00eds. Fund\u00f3 y dirigi\u00f3 la revista\u00a0<em>D\u00eda Siete<\/em>\u00a0y es analista en radio, televisi\u00f3n y prensa escrita, su columna dominical aparece en veinte diarios del pa\u00eds. \u00a0Fue director fundador de los diarios\u00a0<em>Siglo 21<\/em>\u00a0y\u00a0<em>P\u00fablico<\/em>\u00a0en Guadalajara y director de\u00a0<em>El Universal<\/em>. En 1999 obtuvo el Premio Mar\u00eda Moors Cabot, de la Universidad de Columbia y en el 2014 el Premio Planeta por su novela,<em> Milena o el f\u00e9mur m\u00e1s bello del mundo<\/em>.Los puntos de vista expresados no necesariamente son los de EnergiesNet.com.<\/p>\n\n\n\n<p>Nota del Editor:\u00a0Este art\u00edculo fue originalmente publicado por Milenio,\u00a0el 13 de febrero del 2025. Los puntos de vista expresados no necesariamente son los de EnergiesNet.com. Reproducimos el mismo en beneficio de los lectores.\u00a0EnergiesNet.com no se hace responsable por los juicios de valor emitidos por sus colaboradores y columnistas de opini\u00f3n y an\u00e1lisis.<\/p>\n\n\n\n<p><a href=\"https:\/\/www.milenio.com\/opinion\/jorge-zepeda-patterson\/pensandolo-bien\/cuanto-poder-tiene-realmente-sheinbaum\">\u00bfCu\u00e1nto poder tiene realmente Sheinbaum?- Grupo Milenio<\/a><\/p>\n\n\n\n<p>Aviso de uso: Este sitio contiene material protegido por derechos de autor cuyo uso no siempre ha sido espec\u00edficamente autorizado por el propietario de los derechos. Ponemos a disposici\u00f3n dicho material en nuestro esfuerzo por avanzar en la comprensi\u00f3n de cuestiones de importancia social, medioambiental y humanitaria. Creemos que esto constituye un \u00abuso justo\u00bb de dicho material protegido por derechos de autor, tal y como se establece en la secci\u00f3n 107 de la Ley de Derechos de Autor de los Estados Unidos. De acuerdo con el T\u00edtulo 17 U.S.C. Secci\u00f3n 107. Para m\u00e1s informaci\u00f3n, visite: http:\/\/www.law.cornell.edu\/uscode\/17\/107.shtml<\/p>\n\n\n\n<p>EnergiesNet.com alienta a las personas a reproducir, reimprimir, y divulgar a trav\u00e9s de los medios audiovisuales e Internet, los comentarios editoriales y de opini\u00f3n de Petroleumworld, siempre y cuando esa reproducci\u00f3n identifique, a el autor, y la fuente original, http:\/\/www.petroleumworld.com y se haga dentro de el uso normal (fair use) de la doctrina de la secci\u00f3n 107 de la Ley de derechos de autor de los Estados Unidos de Norteam\u00e9rica (US Copyright).<\/p>\n\n\n\n<p>EnergiesNet.com 16 02 2025<\/p>\n\n\n\n<p><\/p>\n","protected":false},"excerpt":{"rendered":"<p>Por m\u00e1s que los detractores sigan cultivando la leyenda de una \u201cmaquinaci\u00f3n constante\u201d\u00a0de AMLO, los poderes f\u00e1cticos saben que la \u00faltima palabra no la tiene un gobernador, Ad\u00e1n Augusto\u00a0o Monreal ni la tendr\u00e1n yendo a Palenque. Por Jorge Zepeda Patterson Los presidentes poseen menos atribuciones de las que les atribuye la percepci\u00f3n popular, entre otras &hellip;<\/p>\n<p class=\"read-more\"> <a class=\"\" href=\"https:\/\/energiesnet.com\/espanol\/cuanto-poder-tiene-realmente-sheinbaum-jorge-zepeda-patterson-milenio\/\"> <span class=\"screen-reader-text\">\u00bfCu\u00e1nto poder tiene realmente Sheinbaum? &#8211; Jorge Zepeda Patterson \/ Milenio<\/span> Leer m\u00e1s &raquo;<\/a><\/p>\n","protected":false},"author":2,"featured_media":24932,"comment_status":"open","ping_status":"open","sticky":false,"template":"","format":"standard","meta":{"_monsterinsights_skip_tracking":false,"_monsterinsights_sitenote_active":false,"_monsterinsights_sitenote_note":"","_monsterinsights_sitenote_category":0,"site-sidebar-layout":"default","site-content-layout":"default","ast-global-header-display":"","ast-main-header-display":"","ast-hfb-above-header-display":"","ast-hfb-below-header-display":"","ast-hfb-mobile-header-display":"","site-post-title":"","ast-breadcrumbs-content":"","ast-featured-img":"","footer-sml-layout":"","theme-transparent-header-meta":"","adv-header-id-meta":"","stick-header-meta":"","header-above-stick-meta":"","header-main-stick-meta":"","header-below-stick-meta":"","footnotes":""},"categories":[74,39],"tags":[],"class_list":["post-24931","post","type-post","status-publish","format-standard","has-post-thumbnail","hentry","category-opinion-opinion-news-guyana","category-opinion"],"aioseo_notices":[],"_links":{"self":[{"href":"https:\/\/energiesnet.com\/espanol\/wp-json\/wp\/v2\/posts\/24931","targetHints":{"allow":["GET"]}}],"collection":[{"href":"https:\/\/energiesnet.com\/espanol\/wp-json\/wp\/v2\/posts"}],"about":[{"href":"https:\/\/energiesnet.com\/espanol\/wp-json\/wp\/v2\/types\/post"}],"author":[{"embeddable":true,"href":"https:\/\/energiesnet.com\/espanol\/wp-json\/wp\/v2\/users\/2"}],"replies":[{"embeddable":true,"href":"https:\/\/energiesnet.com\/espanol\/wp-json\/wp\/v2\/comments?post=24931"}],"version-history":[{"count":1,"href":"https:\/\/energiesnet.com\/espanol\/wp-json\/wp\/v2\/posts\/24931\/revisions"}],"predecessor-version":[{"id":24934,"href":"https:\/\/energiesnet.com\/espanol\/wp-json\/wp\/v2\/posts\/24931\/revisions\/24934"}],"wp:featuredmedia":[{"embeddable":true,"href":"https:\/\/energiesnet.com\/espanol\/wp-json\/wp\/v2\/media\/24932"}],"wp:attachment":[{"href":"https:\/\/energiesnet.com\/espanol\/wp-json\/wp\/v2\/media?parent=24931"}],"wp:term":[{"taxonomy":"category","embeddable":true,"href":"https:\/\/energiesnet.com\/espanol\/wp-json\/wp\/v2\/categories?post=24931"},{"taxonomy":"post_tag","embeddable":true,"href":"https:\/\/energiesnet.com\/espanol\/wp-json\/wp\/v2\/tags?post=24931"}],"curies":[{"name":"wp","href":"https:\/\/api.w.org\/{rel}","templated":true}]}}