{"id":24958,"date":"2025-02-19T05:57:13","date_gmt":"2025-02-19T09:57:13","guid":{"rendered":"https:\/\/energiesnet.com\/espanol\/?p=24958"},"modified":"2025-02-19T05:58:20","modified_gmt":"2025-02-19T09:58:20","slug":"ecuador-y-colombia-en-disputa-por-venta-de-energia-noboa-y-manzano-defienden-posicion","status":"publish","type":"post","link":"https:\/\/energiesnet.com\/espanol\/ecuador-y-colombia-en-disputa-por-venta-de-energia-noboa-y-manzano-defienden-posicion\/","title":{"rendered":"Ecuador y Colombia en Disputa por Venta de Energ\u00eda: Noboa y Manzano Defienden Posici\u00f3n"},"content":{"rendered":"\n<p>Confusi\u00f3n y Declaraciones Cruzadas entre Ecuador y Colombia por Venta de Energ\u00eda<\/p>\n\n\n\n<figure class=\"wp-block-image size-full is-resized\"><img fetchpriority=\"high\" decoding=\"async\" width=\"600\" height=\"435\" src=\"https:\/\/energiesnet.com\/espanol\/wp-content\/uploads\/2025\/02\/petro_noboa.jpg\" alt=\"\" class=\"wp-image-24959\" style=\"width:798px;height:auto\" srcset=\"https:\/\/energiesnet.com\/espanol\/wp-content\/uploads\/2025\/02\/petro_noboa.jpg 600w, https:\/\/energiesnet.com\/espanol\/wp-content\/uploads\/2025\/02\/petro_noboa-300x218.jpg 300w\" sizes=\"(max-width: 600px) 100vw, 600px\" \/><figcaption class=\"wp-element-caption\">Fuentes del Ministerio de Minas y Energ\u00eda de Colombia dicen a Bloomberg L\u00ednea que no es cierto, pero en Ecuador argumentan que en los \u00faltimos d\u00edas s\u00ed se registraron exportaciones.<\/figcaption><\/figure>\n\n\n\n<p>Carlos Cuevas, Bloomberg L\u00ednea                          <\/p>\n\n\n\n<p>BOGOT\u00c1&nbsp;                 <br>EnergiesNet.com 19 12 2025             <\/p>\n\n\n\n<p>Aunque el presidente ecuatoriano, Daniel Noboa, asegur\u00f3 este martes que le est\u00e1 vendiendo energ\u00eda a Colombia, lo cierto es que desde ambos pa\u00edses no se ponen de acuerdo.<\/p>\n\n\n\n<p>Todo comenz\u00f3 cuando Noboa fue preguntado por la posibilidad de nuevos apagones el\u00e9ctricos en el pa\u00eds, similares a los registrados entre septiembre y diciembre de 2024, en entrevista con el medio<em>&nbsp;TC Televisi\u00f3n:&nbsp;<\/em>\u201cEstamos hasta vendi\u00e9ndole energ\u00eda a Colombia, eso la gente no lo sabe y no entiende,&nbsp;porque se hizo gesti\u00f3n y se trabaj\u00f3 en las zonas dif\u00edciles que eran las termoel\u00e9ctricas\u201d.<\/p>\n\n\n\n<p><strong>Leer m\u00e1s:&nbsp;<\/strong><a href=\"https:\/\/www.bloomberglinea.com\/latinoamerica\/ecuador\/sera-ecuador-elegible-para-negociar-un-acuerdo-comercial-con-eeuu-estos-son-los-escenarios\/\">\u00bfSer\u00e1 Ecuador elegible para negociar un acuerdo comercial con EE.UU.? Estos son los escenarios<\/a><\/p>\n\n\n\n<p>Debido a ello,&nbsp;<em>Bloomberg L\u00ednea&nbsp;<\/em>consult\u00f3 fuentes del Ministerio de Minas y Energ\u00eda de ese pa\u00eds para confirmar la informaci\u00f3n.<\/p>\n\n\n\n<p>\u201cNo hemos comprado energ\u00eda a Ecuador, desde noviembre es Colombia quien ha estado vendiendo energ\u00eda a Ecuador\u201d,&nbsp;sostuvieron.<\/p>\n\n\n\n<p>Un documento explicativo compartido por el Ministerio de Minas y Energ\u00eda de Colombia con&nbsp;<em>Bloomberg L\u00ednea<\/em>, as\u00ed como una gr\u00e1fica que lo acompa\u00f1a, evidencian que durante los \u00faltimos seis meses Colombia ha exportado m\u00e1s de 1.150 Gigavatios hora de energ\u00eda, \u201ccaracterizados por un uso intensivo de la capacidad de los enlaces de exportaci\u00f3n\u201d, que permiten suministrar alrededor de 10 gigavatios-hora diarios.<\/p>\n\n\n\n<p>Pero tambi\u00e9n muestran una importaci\u00f3n neta diaria de cero gigavatios-horas de energ\u00eda proveniente de Ecuador hasta el 11 de febrero,<strong>&nbsp;<\/strong>hecho que refutar\u00eda el testimonio del presidente Daniel Noboa en televisi\u00f3n.<\/p>\n\n\n\n<figure class=\"wp-block-image is-resized\"><img decoding=\"async\" src=\"https:\/\/www.bloomberglinea.com\/resizer\/v2\/EBZJHJTFPFGKPHVW7ZDBD3CBRI.jpg?auth=499206eae44326ed94cc9078a48c8408cf364d0d7d1cbf8c8db8ac52047a858e&amp;width=1000&amp;height=709&amp;quality=80&amp;smart=true\" alt=\"Transacci\u00f3n de energ\u00eda entre Colombia y Ecuador, seg\u00fan el Ministerio de Minas y Energ\u00eda colombiano.\" style=\"width:797px;height:auto\" title=\"Transacci\u00f3n de energ\u00eda entre Colombia y Ecuador, seg\u00fan el Ministerio de Minas y Energ\u00eda colombiano.\"\/><figcaption class=\"wp-element-caption\">Transacci\u00f3n de energ\u00eda entre Colombia y Ecuador, seg\u00fan el Ministerio de Minas y Energ\u00eda colombianoTransacci\u00f3n de energ\u00eda entre Colombia y Ecuador, seg\u00fan el Ministerio de Minas y Energ\u00eda colombiano.<\/figcaption><\/figure>\n\n\n\n<p>Desde el Ministerio de Minas y Energ\u00eda de Colombia aprovecharon para explicar que s\u00ed son posibles intercambios de electricidad no programados entre ambos pa\u00edses durante la operaci\u00f3n diaria, regidos por elacuerdo 816 de la Comunidad Andina de Naciones (Decisi\u00f3n CAN 816), para mantener la interconexi\u00f3n funcional y operativa.<\/p>\n\n\n\n<p><strong>Leer m\u00e1s:&nbsp;<\/strong><a href=\"https:\/\/www.bloomberglinea.com\/latinoamerica\/ecuador\/inversores-en-bonos-de-ecuador-temen-un-caos-postelectoral\/\">Inversores en bonos de Ecuador temen un \u201ccaos\u201d postelectoral<\/a><\/p>\n\n\n\n<p>Adem\u00e1s, precisaron que dichos intercambios pueden llegar a ser necesarios por excesos de electricidad en el sistema ecuatoriano.&nbsp;Cuando eso ocurre, los excedentes son usados a trav\u00e9s de la generaci\u00f3n y exportaci\u00f3n de energ\u00eda desde Colombia, hecho que ayuda a reducir los precios de la energ\u00eda en Ecuador.<\/p>\n\n\n\n<p>Pese a ello, la ministra (e) de Energ\u00eda y Minas de Ecuador, In\u00e9s Manzano, insisti\u00f3 en que s\u00ed se est\u00e1 vendiendo energ\u00eda a Colombia.<\/p>\n\n\n\n<p>\u201cEso es a 11 de febrero. Estamos 18 de febrero.&nbsp;Hemos vendido 13, 14, 16 y 17 de febrero\u201d, escribi\u00f3 en X.<\/p>\n\n\n\n<p>Pues bien, la informaci\u00f3n recopilada por&nbsp;XM, operador del mercado de energ\u00eda en Colombia, le dar\u00eda la raz\u00f3n. En su&nbsp;<a href=\"https:\/\/www.xm.com.co\/internacionales\/importaciones\">sitio web&nbsp;<\/a>documenta que el 15 de febrero el pa\u00eds import\u00f3 3.59 gigavatios hora\/d\u00eda a Ecuador. Algo similar ocurri\u00f3 el 14 de febrero, cuando import\u00f3 0,03 GWh\/d\u00eda, y el 13 de febrero (0.62%).<\/p>\n\n\n\n<p>bloomberglines.com 18 02 2025<\/p>\n\n\n\n<p><\/p>\n","protected":false},"excerpt":{"rendered":"<p>Confusi\u00f3n y Declaraciones Cruzadas entre Ecuador y Colombia por Venta de Energ\u00eda Carlos Cuevas, Bloomberg L\u00ednea BOGOT\u00c1&nbsp; EnergiesNet.com 19 12 2025 Aunque el presidente ecuatoriano, Daniel Noboa, asegur\u00f3 este martes que le est\u00e1 vendiendo energ\u00eda a Colombia, lo cierto es que desde ambos pa\u00edses no se ponen de acuerdo. Todo comenz\u00f3 cuando Noboa fue preguntado &hellip;<\/p>\n<p class=\"read-more\"> <a class=\"\" href=\"https:\/\/energiesnet.com\/espanol\/ecuador-y-colombia-en-disputa-por-venta-de-energia-noboa-y-manzano-defienden-posicion\/\"> <span class=\"screen-reader-text\">Ecuador y Colombia en Disputa por Venta de Energ\u00eda: Noboa y Manzano Defienden Posici\u00f3n<\/span> Leer m\u00e1s &raquo;<\/a><\/p>\n","protected":false},"author":2,"featured_media":24959,"comment_status":"open","ping_status":"open","sticky":false,"template":"","format":"standard","meta":{"_monsterinsights_skip_tracking":false,"_monsterinsights_sitenote_active":false,"_monsterinsights_sitenote_note":"","_monsterinsights_sitenote_category":0,"site-sidebar-layout":"default","site-content-layout":"default","ast-global-header-display":"","ast-main-header-display":"","ast-hfb-above-header-display":"","ast-hfb-below-header-display":"","ast-hfb-mobile-header-display":"","site-post-title":"","ast-breadcrumbs-content":"","ast-featured-img":"","footer-sml-layout":"","theme-transparent-header-meta":"","adv-header-id-meta":"","stick-header-meta":"","header-above-stick-meta":"","header-main-stick-meta":"","header-below-stick-meta":"","footnotes":""},"categories":[30],"tags":[],"class_list":["post-24958","post","type-post","status-publish","format-standard","has-post-thumbnail","hentry","category-top-news"],"aioseo_notices":[],"_links":{"self":[{"href":"https:\/\/energiesnet.com\/espanol\/wp-json\/wp\/v2\/posts\/24958","targetHints":{"allow":["GET"]}}],"collection":[{"href":"https:\/\/energiesnet.com\/espanol\/wp-json\/wp\/v2\/posts"}],"about":[{"href":"https:\/\/energiesnet.com\/espanol\/wp-json\/wp\/v2\/types\/post"}],"author":[{"embeddable":true,"href":"https:\/\/energiesnet.com\/espanol\/wp-json\/wp\/v2\/users\/2"}],"replies":[{"embeddable":true,"href":"https:\/\/energiesnet.com\/espanol\/wp-json\/wp\/v2\/comments?post=24958"}],"version-history":[{"count":2,"href":"https:\/\/energiesnet.com\/espanol\/wp-json\/wp\/v2\/posts\/24958\/revisions"}],"predecessor-version":[{"id":24961,"href":"https:\/\/energiesnet.com\/espanol\/wp-json\/wp\/v2\/posts\/24958\/revisions\/24961"}],"wp:featuredmedia":[{"embeddable":true,"href":"https:\/\/energiesnet.com\/espanol\/wp-json\/wp\/v2\/media\/24959"}],"wp:attachment":[{"href":"https:\/\/energiesnet.com\/espanol\/wp-json\/wp\/v2\/media?parent=24958"}],"wp:term":[{"taxonomy":"category","embeddable":true,"href":"https:\/\/energiesnet.com\/espanol\/wp-json\/wp\/v2\/categories?post=24958"},{"taxonomy":"post_tag","embeddable":true,"href":"https:\/\/energiesnet.com\/espanol\/wp-json\/wp\/v2\/tags?post=24958"}],"curies":[{"name":"wp","href":"https:\/\/api.w.org\/{rel}","templated":true}]}}