{"id":25004,"date":"2025-02-26T05:58:23","date_gmt":"2025-02-26T09:58:23","guid":{"rendered":"https:\/\/energiesnet.com\/espanol\/?p=25004"},"modified":"2025-02-26T05:58:30","modified_gmt":"2025-02-26T09:58:30","slug":"chile-restablece-electricidad-tras-apagon-que-dejo-a-millones-sin-luz","status":"publish","type":"post","link":"https:\/\/energiesnet.com\/espanol\/chile-restablece-electricidad-tras-apagon-que-dejo-a-millones-sin-luz\/","title":{"rendered":"Chile Restablece Electricidad Tras Apag\u00f3n que Dej\u00f3 a Millones sin Luz"},"content":{"rendered":"\n<p>El gobierno orden\u00f3 un toque de queda desde las 22:00 hasta las 6:00 y decret\u00f3 el estado de emergencia para evitar saqueos o cualquier tipo de desorden.<\/p>\n\n\n\n<figure class=\"wp-block-image size-full\"><img fetchpriority=\"high\" decoding=\"async\" width=\"600\" height=\"389\" src=\"https:\/\/energiesnet.com\/espanol\/wp-content\/uploads\/2025\/02\/ligth_candles.jpg\" alt=\"\" class=\"wp-image-25005\" srcset=\"https:\/\/energiesnet.com\/espanol\/wp-content\/uploads\/2025\/02\/ligth_candles.jpg 600w, https:\/\/energiesnet.com\/espanol\/wp-content\/uploads\/2025\/02\/ligth_candles-300x195.jpg 300w\" sizes=\"(max-width: 600px) 100vw, 600px\" \/><figcaption class=\"wp-element-caption\">Chile fue azotado por un gran apag\u00f3n que afect\u00f3 a las principales minas de cobre. La empresa estatal chilena de cobre Codelco dijo en un comunicado que todas sus operaciones se han visto afectadas.<\/figcaption><\/figure>\n\n\n\n<p>Carolina Gonzalez &#8211; James Attwood, Bloomberg News<\/p>\n\n\n\n<p>SANTIAGO              <br>EnergiesNet.com 02 26 2025          <\/p>\n\n\n\n<p>Chile est\u00e1 comenzando a salir de\u00a0un apag\u00f3n que dej\u00f3 a ocho millones de hogares sin electricidad\u00a0y dej\u00f3 sin suministro el\u00e9ctrico a importantes minas de cobre en su peor incidente de este tipo en 15 a\u00f1os.<\/p>\n\n\n\n<p>El suministro el\u00e9ctrico se hab\u00eda restablecido en m\u00e1s de 4 millones de hogares poco despu\u00e9s de las 22:00 hora local, dijo el presidente Gabriel Boric en declaraciones televisadas. El gobierno esperaba que todos los servicios volvieran a funcionar durante la noche, agreg\u00f3.<\/p>\n\n\n\n<p>El corte de electricidad provoc\u00f3 el cierre del metro en Santiago y provoc\u00f3 un bloqueo en toda la ciudad mientras la gente intentaba regresar a sus hogares.&nbsp;El gobierno orden\u00f3 un toque de queda desde las 22:00 hasta las 6:00 y decret\u00f3 el estado de emergencia&nbsp;para evitar saqueos o cualquier tipo de desorden. Aun as\u00ed, se formaron largas colas en los mercados y las gasolineras mientras la gente se apresuraba a abastecerse de alimentos y combustible.<\/p>\n\n\n\n<p>\u201cEs intolerable que por la irresponsabilidad de una o varias empresas se afecte la vida cotidiana de millones de chilenos\u201d, afirm\u00f3 Boric. \u201cEsta situaci\u00f3n debi\u00f3 haberse regularizado mucho antes.&nbsp;Vamos a hacer que los responsables de esta situaci\u00f3n tengan que responder\u201d.<\/p>\n\n\n\n<p>Lea m\u00e1s:&nbsp;<a href=\"https:\/\/www.bloomberglinea.com\/latinoamerica\/chile\/corte-de-luz-masivo-en-santiago-este-25-de-febrero-las-razones-estado-de-servicio-y-que-paso\/\">Corte de luz masivo en Santiago este 25 de febrero: las razones, estado de servicio y qu\u00e9 pas\u00f3<\/a><\/p>\n\n\n\n<p>El corte de energ\u00eda se produjo por&nbsp;una falla en las l\u00edneas de transmisi\u00f3n propiedad de ISA InterChile SA.<\/p>\n\n\n\n<p>La cupr\u00edfera estatal Codelco est\u00e1 reanudando las operaciones en sus minas a medida que se restablece el suministro el\u00e9ctrico, dijo un funcionario de la empresa.<\/p>\n\n\n\n<p>La producci\u00f3n en la mina de cobre m\u00e1s grande del mundo, Escondida, se cerr\u00f3 durante el apag\u00f3n, dijo un portavoz del Grupo BHP en Australia en un correo electr\u00f3nico.&nbsp;El proyecto Spence de la minera tambi\u00e9n se vio afectado.&nbsp;No qued\u00f3 claro de inmediato si las operaciones se hab\u00edan reanudado.<\/p>\n\n\n\n<p><\/p>\n\n\n\n<p class=\"has-medium-font-size\"><strong>Reacci\u00f3n en cadena<\/strong><\/p>\n\n\n\n<p><\/p>\n\n\n\n<p>La zona afectada por el apag\u00f3n se extendi\u00f3&nbsp;desde la frontera peruana en el norte hasta la regi\u00f3n sure\u00f1a de Los Lagos, m\u00e1s de 2.500 kil\u00f3metros (1.550 millas) al sur, seg\u00fan la agencia de emergencias del gobierno, Senapred.<\/p>\n\n\n\n<p>La ministra del Interior, Carolina Toha, atribuy\u00f3 el apag\u00f3n a una&nbsp;\u201cdesconexi\u00f3n\u201d de la l\u00ednea de transmisi\u00f3n y descart\u00f3 que se tratara de un sabotaje.&nbsp;El titular del ente el\u00e9ctrico, Ernesto Hube, indic\u00f3 que el corte de energ\u00eda se produjo entre las regiones de Vallenar y Coquimbo, en el norte del pa\u00eds, lo que provoc\u00f3 una reacci\u00f3n en cadena y un apagado total de la red el\u00e9ctrica.<\/p>\n\n\n\n<p>Tras el apag\u00f3n, Anglo American Plc dijo en respuesta a preguntas escritas que sus operaciones en el pa\u00eds estaban sin electricidad, pero que algunos servicios estaban funcionando con energ\u00eda de respaldo.<\/p>\n\n\n\n<p>Antofagasta Plc. dijo que hab\u00eda podido seguir operando con fuentes de energ\u00eda alternativas.&nbsp;Sin embargo, un apag\u00f3n prolongado podr\u00eda sacudir el mercado mundial del cobre, dado que Chile representa aproximadamente una cuarta parte del suministro mundial del metal.<\/p>\n\n\n\n<p>Vea m\u00e1s:&nbsp;<a href=\"https:\/\/www.bloomberglinea.com\/latinoamerica\/chile\/chile-declara-estado-de-excepcion-y-toque-de-queda-debido-a-un-apagon-masivo\/\">Chile declara estado de excepci\u00f3n y toque de queda debido a un apag\u00f3n masivo<\/a><\/p>\n\n\n\n<p class=\"has-medium-font-size\"><strong>Sistemas de emergencia<\/strong><\/p>\n\n\n\n<p><\/p>\n\n\n\n<p>Adem\u00e1s del metro, tambi\u00e9n se suspendieron los servicios de trenes de larga distancia desde Santiago hacia el sur. Los autobuses estaban abarrotados y mucha gente se vio obligada a volver a casa andando.&nbsp;El aeropuerto de la capital activ\u00f3 sus sistemas de emergencia, seg\u00fan una publicaci\u00f3n en X.<\/p>\n\n\n\n<p>La televisi\u00f3n local mostr\u00f3 im\u00e1genes de numerosos accidentes de tr\u00e1fico mientras los pasajeros circulaban por calles de la ciudad sin sem\u00e1foros. Toha pidi\u00f3 a la poblaci\u00f3n que no condujera.<\/p>\n\n\n\n<p>El festival anual de m\u00fasica de Vi\u00f1a del Mar tambi\u00e9n fue cancelado el martes.<\/p>\n\n\n\n<p>\u201cAnte la falla el\u00e9ctrica que se est\u00e1 presentando entre las regiones de Arica y Parinacota y Los Lagos, he convocado a una reuni\u00f3n inmediata de Cogrid Nacional, donde adoptaremos medidas para atender la emergencia y trabajar en el restablecimiento del servicio\u201d, escribi\u00f3 Toha por separado en X m\u00e1s temprano ese d\u00eda.<\/p>\n\n\n\n<p>Cogrid Nacional es un comit\u00e9 gubernamental para responder a los desastres nacionales.<\/p>\n\n\n\n<p>bloomberg.com 25 02 2025  <\/p>\n","protected":false},"excerpt":{"rendered":"<p>El gobierno orden\u00f3 un toque de queda desde las 22:00 hasta las 6:00 y decret\u00f3 el estado de emergencia para evitar saqueos o cualquier tipo de desorden. Carolina Gonzalez &#8211; James Attwood, Bloomberg News SANTIAGO EnergiesNet.com 02 26 2025 Chile est\u00e1 comenzando a salir de\u00a0un apag\u00f3n que dej\u00f3 a ocho millones de hogares sin electricidad\u00a0y &hellip;<\/p>\n<p class=\"read-more\"> <a class=\"\" href=\"https:\/\/energiesnet.com\/espanol\/chile-restablece-electricidad-tras-apagon-que-dejo-a-millones-sin-luz\/\"> <span class=\"screen-reader-text\">Chile Restablece Electricidad Tras Apag\u00f3n que Dej\u00f3 a Millones sin Luz<\/span> Leer m\u00e1s &raquo;<\/a><\/p>\n","protected":false},"author":2,"featured_media":25005,"comment_status":"open","ping_status":"open","sticky":false,"template":"","format":"standard","meta":{"_monsterinsights_skip_tracking":false,"_monsterinsights_sitenote_active":false,"_monsterinsights_sitenote_note":"","_monsterinsights_sitenote_category":0,"site-sidebar-layout":"default","site-content-layout":"default","ast-global-header-display":"","ast-main-header-display":"","ast-hfb-above-header-display":"","ast-hfb-below-header-display":"","ast-hfb-mobile-header-display":"","site-post-title":"","ast-breadcrumbs-content":"","ast-featured-img":"","footer-sml-layout":"","theme-transparent-header-meta":"","adv-header-id-meta":"","stick-header-meta":"","header-above-stick-meta":"","header-main-stick-meta":"","header-below-stick-meta":"","footnotes":""},"categories":[30],"tags":[],"class_list":["post-25004","post","type-post","status-publish","format-standard","has-post-thumbnail","hentry","category-top-news"],"aioseo_notices":[],"_links":{"self":[{"href":"https:\/\/energiesnet.com\/espanol\/wp-json\/wp\/v2\/posts\/25004","targetHints":{"allow":["GET"]}}],"collection":[{"href":"https:\/\/energiesnet.com\/espanol\/wp-json\/wp\/v2\/posts"}],"about":[{"href":"https:\/\/energiesnet.com\/espanol\/wp-json\/wp\/v2\/types\/post"}],"author":[{"embeddable":true,"href":"https:\/\/energiesnet.com\/espanol\/wp-json\/wp\/v2\/users\/2"}],"replies":[{"embeddable":true,"href":"https:\/\/energiesnet.com\/espanol\/wp-json\/wp\/v2\/comments?post=25004"}],"version-history":[{"count":1,"href":"https:\/\/energiesnet.com\/espanol\/wp-json\/wp\/v2\/posts\/25004\/revisions"}],"predecessor-version":[{"id":25006,"href":"https:\/\/energiesnet.com\/espanol\/wp-json\/wp\/v2\/posts\/25004\/revisions\/25006"}],"wp:featuredmedia":[{"embeddable":true,"href":"https:\/\/energiesnet.com\/espanol\/wp-json\/wp\/v2\/media\/25005"}],"wp:attachment":[{"href":"https:\/\/energiesnet.com\/espanol\/wp-json\/wp\/v2\/media?parent=25004"}],"wp:term":[{"taxonomy":"category","embeddable":true,"href":"https:\/\/energiesnet.com\/espanol\/wp-json\/wp\/v2\/categories?post=25004"},{"taxonomy":"post_tag","embeddable":true,"href":"https:\/\/energiesnet.com\/espanol\/wp-json\/wp\/v2\/tags?post=25004"}],"curies":[{"name":"wp","href":"https:\/\/api.w.org\/{rel}","templated":true}]}}