{"id":25017,"date":"2025-02-27T05:26:21","date_gmt":"2025-02-27T09:26:21","guid":{"rendered":"https:\/\/energiesnet.com\/espanol\/?p=25017"},"modified":"2025-02-27T05:31:06","modified_gmt":"2025-02-27T09:31:06","slug":"la-empresa-colombiana-isa-interchile-detras-del-apagon-masivo-en-chile-video","status":"publish","type":"post","link":"https:\/\/energiesnet.com\/espanol\/la-empresa-colombiana-isa-interchile-detras-del-apagon-masivo-en-chile-video\/","title":{"rendered":"ISA InterChile Detr\u00e1s del Apag\u00f3n Masivo en Chile (video)"},"content":{"rendered":"\n<p>La empresa Colombiana que fue se\u00f1alada por el Gobierno como responsable acus\u00f3 un evento que afect\u00f3 la l\u00ednea de transmisi\u00f3n el\u00e9ctrica a doble circuito.<\/p>\n\n\n\n<figure class=\"wp-block-image size-full\"><img fetchpriority=\"high\" decoding=\"async\" width=\"600\" height=\"566\" src=\"https:\/\/energiesnet.com\/espanol\/wp-content\/uploads\/2025\/02\/chile_apagon.jpg\" alt=\"\" class=\"wp-image-25018\" srcset=\"https:\/\/energiesnet.com\/espanol\/wp-content\/uploads\/2025\/02\/chile_apagon.jpg 600w, https:\/\/energiesnet.com\/espanol\/wp-content\/uploads\/2025\/02\/chile_apagon-300x283.jpg 300w\" sizes=\"(max-width: 600px) 100vw, 600px\" \/><figcaption class=\"wp-element-caption\"><mark style=\"background-color:rgba(0, 0, 0, 0)\" class=\"has-inline-color has-ast-global-color-6-color\"><strong>Vea video:<\/strong><\/mark> <em><a href=\"https:\/\/youtu.be\/4d0soeS3oZg?si=-5gjIVSvAnRE95NF\">La reciente interrupci\u00f3n el\u00e9ctrica en Chile ha dejado al descubierto las fallas en la infraestructura de transmisi\u00f3n de ISA InterChile, afectando a millones de personas en todo el pa\u00eds\/<\/a><\/em><\/figcaption><\/figure>\n\n\n\n<p><a href=\"https:\/\/www.bloomberglinea.com\/author\/redaccion-bloomberg-linea\/\">Redacci\u00f3n Bloomberg L\u00ednea<\/a> <\/p>\n\n\n\n<p>SANTIAGO             <br>EnergiesNet.com 27 02 2025                 <\/p>\n\n\n\n<p>El apag\u00f3n que afect\u00f3 a Chile el martes dej\u00f3 sin electricidad a m\u00e1s de 8 millones de hogares y tuvo su origen en&nbsp;una falla en el sistema de protecci\u00f3n de una l\u00ednea de transmisi\u00f3n&nbsp;operada por la empresa colombiana ISA InterChile. Aunque el suministro comenz\u00f3 a restablecerse en menos de una hora, las autoridades y la compa\u00f1\u00eda investigan las causas exactas del incidente.<\/p>\n\n\n\n<p>Seg\u00fan inform\u00f3 la empresa, el problema ocurri\u00f3 el 25 de febrero a las 15:16 hora local en la L\u00ednea de Transmisi\u00f3n El\u00e9ctrica de doble circuito Nueva Maitencillo \u2013 Nueva Pan de Az\u00facar, que transportaba cerca de 1.800 MW entre Vallenar y Coquimbo.&nbsp;Los sistemas de protecci\u00f3n de la infraestructura se activaron de manera inesperada,&nbsp;lo que provoc\u00f3 la desconexi\u00f3n autom\u00e1tica de ambos circuitos y dej\u00f3 sin servicio a gran parte del pa\u00eds.<\/p>\n\n\n\n<p><strong>VER M\u00c1S<\/strong>:\u00a0<a href=\"https:\/\/www.bloomberglinea.com\/latinoamerica\/chile\/chile-declara-estado-de-excepcion-y-toque-de-queda-debido-a-un-apagon-masivo\/\">Chile declara estado de excepci\u00f3n y toque de queda debido a un apag\u00f3n masivo<\/a><\/p>\n\n\n\n<p>El coordinador El\u00e9ctrico Nacional, Juan Carlos Olmedo, explic\u00f3 que \u201cel corte de energ\u00eda el\u00e9ctrica se debi\u00f3 a una operaci\u00f3n no deseada en los sistemas de protecci\u00f3n y control de la l\u00ednea (que maneja la empresa ISA InterChile)\u201d, y agreg\u00f3:<strong>&nbsp;<\/strong>\u201cLos sistemas electr\u00f3nicos no operaron de la forma en que debieron haber operado\u201d.<\/p>\n\n\n\n<p>Tras la interrupci\u00f3n, la empresa activ\u00f3 su protocolo de emergencia y despleg\u00f3 equipos en terreno para restablecer la conexi\u00f3n. \u201cDesde el primer momento se movilizaron todas las capacidades de coordinaci\u00f3n y equipos en terreno para restituir, lo antes posible, la disponibilidad de la l\u00ednea, lo cual se logr\u00f3 a las 4:00 p.m., 44 minutos despu\u00e9s de iniciado el evento, quedando disponible para su incorporaci\u00f3n al plan de restauraci\u00f3n del servicio\u201d, afirm\u00f3 Luis Llano, gerente general de ISA InterChile.<\/p>\n\n\n\n<p><strong>VER M\u00c1S:\u00a0<\/strong><a href=\"https:\/\/www.bloomberglinea.com\/latinoamerica\/chile\/chile-declara-estado-de-excepcion-y-toque-de-queda-debido-a-un-apagon-masivo\/\">Chile declara estado de excepci\u00f3n y toque de queda debido a un apag\u00f3n masivo<\/a><\/p>\n\n\n\n<p>Desde la compa\u00f1\u00eda tambi\u00e9n destacaron que&nbsp;los sistemas de protecci\u00f3n son mecanismos electr\u00f3nicos avanzados&nbsp;que se interconectan a trav\u00e9s de fibra \u00f3ptica en un tramo de 200 kil\u00f3metros, dise\u00f1ados para evitar fallas de gran magnitud. Sin embargo, en este caso, el esquema de seguridad se activ\u00f3 sin que hubiera una aver\u00eda real en la l\u00ednea.<\/p>\n\n\n\n<p><strong>VER M\u00c1S: <\/strong><a href=\"https:\/\/energiesnet.com\/espanol\/chile-restablece-electricidad-tras-apagon-que-dejo-a-millones-sin-luz\/\">Chile Restablece Electricidad Tras Apag\u00f3n que Dej\u00f3 a Millones sin Luz <\/a><\/p>\n\n\n\n<p><br>Ante esta situaci\u00f3n, se abri\u00f3 una investigaci\u00f3n para determinar si la falla fue producto de un error t\u00e9cnico o si hubo intervenci\u00f3n externa. El an\u00e1lisis, que se desarrollar\u00e1 en los pr\u00f3ximos 15 d\u00edas h\u00e1biles, busca esclarecer las causas del evento y definir responsabilidades.<\/p>\n\n\n\n<p>bloomberglinea.com 26 02 2025<\/p>\n","protected":false},"excerpt":{"rendered":"<p>La empresa Colombiana que fue se\u00f1alada por el Gobierno como responsable acus\u00f3 un evento que afect\u00f3 la l\u00ednea de transmisi\u00f3n el\u00e9ctrica a doble circuito. Redacci\u00f3n Bloomberg L\u00ednea SANTIAGO EnergiesNet.com 27 02 2025 El apag\u00f3n que afect\u00f3 a Chile el martes dej\u00f3 sin electricidad a m\u00e1s de 8 millones de hogares y tuvo su origen en&nbsp;una &hellip;<\/p>\n<p class=\"read-more\"> <a class=\"\" href=\"https:\/\/energiesnet.com\/espanol\/la-empresa-colombiana-isa-interchile-detras-del-apagon-masivo-en-chile-video\/\"> <span class=\"screen-reader-text\">ISA InterChile Detr\u00e1s del Apag\u00f3n Masivo en Chile (video)<\/span> Leer m\u00e1s &raquo;<\/a><\/p>\n","protected":false},"author":2,"featured_media":25018,"comment_status":"open","ping_status":"open","sticky":false,"template":"","format":"standard","meta":{"_monsterinsights_skip_tracking":false,"_monsterinsights_sitenote_active":false,"_monsterinsights_sitenote_note":"","_monsterinsights_sitenote_category":0,"site-sidebar-layout":"default","site-content-layout":"default","ast-global-header-display":"","ast-main-header-display":"","ast-hfb-above-header-display":"","ast-hfb-below-header-display":"","ast-hfb-mobile-header-display":"","site-post-title":"","ast-breadcrumbs-content":"","ast-featured-img":"","footer-sml-layout":"","theme-transparent-header-meta":"","adv-header-id-meta":"","stick-header-meta":"","header-above-stick-meta":"","header-main-stick-meta":"","header-below-stick-meta":"","footnotes":""},"categories":[30],"tags":[4118,4127,4121,4124,4123,4125,4122,4119,4120],"class_list":["post-25017","post","type-post","status-publish","format-standard","has-post-thumbnail","hentry","category-top-news","tag-apagonchile","tag-apagonmasivo","tag-chilesinluz","tag-cortedeluz","tag-crisisenergetica","tag-fallaselectricas","tag-infraestructuraelectrica","tag-isainterchile","tag-santiagooscuro"],"aioseo_notices":[],"_links":{"self":[{"href":"https:\/\/energiesnet.com\/espanol\/wp-json\/wp\/v2\/posts\/25017","targetHints":{"allow":["GET"]}}],"collection":[{"href":"https:\/\/energiesnet.com\/espanol\/wp-json\/wp\/v2\/posts"}],"about":[{"href":"https:\/\/energiesnet.com\/espanol\/wp-json\/wp\/v2\/types\/post"}],"author":[{"embeddable":true,"href":"https:\/\/energiesnet.com\/espanol\/wp-json\/wp\/v2\/users\/2"}],"replies":[{"embeddable":true,"href":"https:\/\/energiesnet.com\/espanol\/wp-json\/wp\/v2\/comments?post=25017"}],"version-history":[{"count":4,"href":"https:\/\/energiesnet.com\/espanol\/wp-json\/wp\/v2\/posts\/25017\/revisions"}],"predecessor-version":[{"id":25024,"href":"https:\/\/energiesnet.com\/espanol\/wp-json\/wp\/v2\/posts\/25017\/revisions\/25024"}],"wp:featuredmedia":[{"embeddable":true,"href":"https:\/\/energiesnet.com\/espanol\/wp-json\/wp\/v2\/media\/25018"}],"wp:attachment":[{"href":"https:\/\/energiesnet.com\/espanol\/wp-json\/wp\/v2\/media?parent=25017"}],"wp:term":[{"taxonomy":"category","embeddable":true,"href":"https:\/\/energiesnet.com\/espanol\/wp-json\/wp\/v2\/categories?post=25017"},{"taxonomy":"post_tag","embeddable":true,"href":"https:\/\/energiesnet.com\/espanol\/wp-json\/wp\/v2\/tags?post=25017"}],"curies":[{"name":"wp","href":"https:\/\/api.w.org\/{rel}","templated":true}]}}