{"id":25070,"date":"2025-03-10T06:17:40","date_gmt":"2025-03-10T10:17:40","guid":{"rendered":"https:\/\/energiesnet.com\/espanol\/?p=25070"},"modified":"2025-03-10T06:33:21","modified_gmt":"2025-03-10T10:33:21","slug":"apagon-masivo-expone-la-crisis-del-sistema-electrico-en-argentina","status":"publish","type":"post","link":"https:\/\/energiesnet.com\/espanol\/apagon-masivo-expone-la-crisis-del-sistema-electrico-en-argentina\/","title":{"rendered":"Apag\u00f3n Masivo Expone la Crisis del Sistema El\u00e9ctrico en Argentina"},"content":{"rendered":"\n<p>Una falla en subestaciones de transmisi\u00f3n afect\u00f3 a m\u00e1s de 700 mil usuarios. Qu\u00e9 exigen las empresas. Las obras que no se hicieron<\/p>\n\n\n\n<figure class=\"wp-block-image size-full\"><img fetchpriority=\"high\" decoding=\"async\" width=\"600\" height=\"412\" src=\"https:\/\/energiesnet.com\/espanol\/wp-content\/uploads\/2025\/03\/electric_towers.jpg\" alt=\"Temperaturas extremas revelan fragilidad del sistema el\u00e9ctrico argentino, dejando a 740 mil usuarios sin luz\" class=\"wp-image-25071\" srcset=\"https:\/\/energiesnet.com\/espanol\/wp-content\/uploads\/2025\/03\/electric_towers.jpg 600w, https:\/\/energiesnet.com\/espanol\/wp-content\/uploads\/2025\/03\/electric_towers-300x206.jpg 300w\" sizes=\"(max-width: 600px) 100vw, 600px\" \/><figcaption class=\"wp-element-caption\">Temperaturas extremas revelan fragilidad del sistema el\u00e9ctrico argentino.<\/figcaption><\/figure>\n\n\n\n<p>Mariano Espina, Bloomberg Linea                        <\/p>\n\n\n\n<p>BUENOS AIRES                       <br>EnergiesNet.com 10 03 2025                        <\/p>\n\n\n\n<p><a href=\"https:\/\/www.bloomberglinea.com\/latinoamerica\/argentina\/apagon-en-buenos-aires-por-falla-en-el-sistema-electrico-afecta-a-cientos-de-miles-de-usuarios\/\">La falla en las l\u00edneas de alta tensi\u00f3n en el \u00e1rea de concesi\u00f3n de Edesur<\/a>, en una jornada que super\u00f3 los 30\u00b0 de temperatura y que&nbsp;afect\u00f3 a 740 mil usuarios en el \u00c1rea Metropolitana de Buenos Aires, expuso la&nbsp;<a href=\"https:\/\/www.bloomberglinea.com\/latinoamerica\/argentina\/cortes-de-luz-en-el-verano-cual-es-el-escenario-que-enfrenta-el-gobierno-y-las-empresas\/\">cr\u00edtica situaci\u00f3n que atraviesa el sistema de energ\u00eda el\u00e9ctrica en Argentina,<\/a>&nbsp;que demor\u00f3 inversiones necesarias para atender el crecimiento de la demanda.<\/p>\n\n\n\n<p>El Ente Nacional Regulador El\u00e9ctrico (ENRE) est\u00e1 investigando las causas, poco claras, de los dos eventos sucedidos el mi\u00e9rcoles generaron un apag\u00f3n masivo en el sur de la Ciudad de Buenos Aires y el sur del Gran Buenos Aires, que impact\u00f3 en el 16% de la demanda total del pa\u00eds, donde opera Edesur, de la empresa italiana Enel.<\/p>\n\n\n\n<p>Enel hab\u00eda decidido, a\u00f1os atr\u00e1s,<a href=\"https:\/\/www.bloomberglinea.com\/2022\/11\/22\/enel-vendera-operaciones-en-peru-y-argentina-para-reducir-nivel-record-de-deuda\/\">&nbsp;retirarse de Argentina y hab\u00eda iniciado una venta de sus activos.&nbsp;<\/a>La llegada de Javier Milei y su perfil pro mercado<a href=\"https:\/\/www.bloomberglinea.com\/latinoamerica\/argentina\/enel-estudia-desechar-su-salida-de-argentina-en-una-gran-apuesta-por-milei\/\">&nbsp;modific\u00f3 la opini\u00f3n de los due\u00f1os de Enel y decidieron sostener la concesi\u00f3n de Edesur.<\/a>&nbsp;No obstante, exigieron que se contin\u00fae con la correcci\u00f3n tarifaria.<\/p>\n\n\n\n<p>Seis d\u00edas antes de la falla que afect\u00f3 a m\u00e1s de medio mill\u00f3n de personas se realiz\u00f3 la audiencia p\u00fablica convocada para definir la Revisi\u00f3n Quinquenal Tarifaria (RQT), el esquema que definir\u00e1 los aumentos de luz y las inversiones requeridas&nbsp;para los pr\u00f3ximos cinco a\u00f1os y que comenzar\u00e1 a regir en abril.<\/p>\n\n\n\n<p>Adem\u00e1s de pedir -junto a&nbsp;<a href=\"https:\/\/www.bloomberglinea.com\/quote\/EDN:AR\/\">Edenor<\/a>&#8211; un aumento del 8% en la boleta final para este a\u00f1o, el vocero de Edesur grafic\u00f3 la fragilidad del sistema:&nbsp;\u201cVivimos una postergaci\u00f3n sistem\u00e1tica de las obligaciones legales del Estado. En gran parte de este per\u00edodo, con ingresos escasos, nos endeudamos para poder realizar inversiones que nos permitieron mejorar la calidad del servicio,&nbsp;reduciendo cerca del 40% el tiempo promedio de interrupci\u00f3n. Consideramos que podemos y debemos seguir mejorando, pero como es l\u00f3gico, para ello se necesitan recursos\u201d.<\/p>\n\n\n\n<p>Edesur comprometi\u00f3 inversiones para los pr\u00f3ximos cinco a\u00f1os por US$875 millones.&nbsp;Mientras que Edenor, que distribuye energ\u00eda al 20% de los usuarios del pa\u00eds, en el norte de la Ciudad de Buenos Aires y el norte del Gran Buenos Aires,&nbsp;comprometi\u00f3 inversiones por US$1.275 millones.<\/p>\n\n\n\n<p>VER M\u00c1S:<a href=\"https:\/\/www.bloomberglinea.com\/latinoamerica\/argentina\/ypf-cerro-en-rojo-cuarto-trimestre-de-2024-y-definira-inversones-en-base-al-precio-del-crudo\/\">&nbsp;YPF cerr\u00f3 en rojo cuarto trimestre de 2024 y definir\u00e1 inversiones en base al precio del crudo<\/a><\/p>\n\n\n\n<p><\/p>\n\n\n\n<p class=\"has-medium-font-size\"><strong>Transporte y distribuci\u00f3n, las inversiones que faltan<\/strong><\/p>\n\n\n\n<p><\/p>\n\n\n\n<p>La crisis en el sistema excede a la distribuci\u00f3n.<a href=\"https:\/\/www.bloomberglinea.com\/latinoamerica\/argentina\/gobierno-acelera-la-venta-de-todos-los-activos-de-enarsa-cuanto-pueden-cotizar-las-acciones-en-transener\/\">&nbsp;Transener, la principal transportadora de energ\u00eda el\u00e9ctrica del pa\u00eds<\/a>, explic\u00f3 -tambi\u00e9n en el marco de las audiencias p\u00fablicas para definir la RQT- la fragilidad de la red: \u201cCon los ingresos asignados, en los \u00faltimos seis a\u00f1os no se ha podido realizar el 62% de las inversiones necesarias. Por lo tanto, el 35% de las instalaciones del sistema se encuentran al fin de su vida \u00fatil\u201d.<\/p>\n\n\n\n<p>Pablo Tarca, director general de Transener, agreg\u00f3: \u201cSi vemos la evoluci\u00f3n que tuvo la demanda desde 2002 a 2024, creci\u00f3 un 117%. En el mismo per\u00edodo, el sistema de transporte creci\u00f3 tan solo un 54%.&nbsp;Desde el punto de vista cuantitativo, es claro el diagn\u00f3stico: tenemos un sistema fuertemente saturado\u201d.<\/p>\n\n\n\n<p>La actual secretaria de Energ\u00eda,&nbsp;Mar\u00eda Tettamanti, hab\u00eda anticipado el a\u00f1o pasado la convocatoria a una licitaci\u00f3n para avanzar con las obras de l\u00edneas de alta tensi\u00f3n AMBA 1, que requer\u00edan de US$1.150 millones para poder sumar m\u00e1s oferta de energ\u00eda el\u00e9ctrica al Gran Buenos Aires.&nbsp;No obstante, la posici\u00f3n del Gobierno argentino de no realizar obras p\u00fablicas, sumado a diferencias internas respecto a c\u00f3mo se financiaba la inversi\u00f3n, postergaron la convocatoria.<\/p>\n\n\n\n<p>Previo a esta decisi\u00f3n, el Gobierno hab\u00eda decidido dar de baja la licitaci\u00f3n Terconf lanzada durante la gesti\u00f3n de Sergio Massa para ampliar el parque de generaci\u00f3n de energ\u00eda el\u00e9ctrica, que apuntaba a sumar 3.340 megawatts de potencia instalada y exig\u00eda inversiones por US$3.000 millones.<\/p>\n\n\n\n<p><\/p>\n\n\n\n<p class=\"has-medium-font-size\"><strong>La mirada de un especialista<\/strong><\/p>\n\n\n\n<p><\/p>\n\n\n\n<p>Para Emilio Apud, ex secretario de Energ\u00eda, resolver esta crisis exige atacar las tres puntas: distribuci\u00f3n, transporte y generaci\u00f3n. Respecto a la distribuci\u00f3n, sostiene que es clave avanzar en la RQT y que \u201cse acuerde el sendero de mejorar la calidad de servicio en los pr\u00f3ximos cinco a\u00f1os\u201d. Seg\u00fan el especialista, se necesitan US$4.000 millones de inversi\u00f3n.&nbsp;\u201cSe tiene que buscar buena financiaci\u00f3n y eso va a la tarifa, y como la tarifa ha tenido bastantes ajustes deben ser cuidadosos\u201d,&nbsp;dijo a Bloomberg L\u00ednea.<\/p>\n\n\n\n<p>Respecto al transporte, afirm\u00f3 que&nbsp;\u201cinexplicablemente siguen postergando y poniendo en riesgo el abastecimiento al AMBA\u201d. \u201cLa idea que se impuso, pero que a\u00fan no avanz\u00f3, es que el costo de la obra se traslade a la tarifa una vez concluido el trabajo, que lleva dos a\u00f1os, por lo cual no estar\u00e1 en al menos los pr\u00f3ximos dos veranos\u201d, explic\u00f3 Apud. Esta idea busca reemplazar la original, que propon\u00eda un sistema de estampillado por el cual se va cargando en las boletas el costo del proyecto.<\/p>\n\n\n\n<p>Respecto a la generaci\u00f3n de energ\u00eda, sostuvo que es l\u00f3gico que se haya suspendido la Terconf, porque en un contexto de alta inflaci\u00f3n resultaba \u201ccar\u00edsima\u201d. \u201cPero en marzo, abril del a\u00f1o pasado, se tendr\u00eda que haber renegociado con los que hab\u00edan ganado nuevos precios o llamar a una nueva licitaci\u00f3n y adjudicar\u201d,&nbsp;dijo.<\/p>\n\n\n\n<p><\/p>\n\n\n\n<p class=\"has-medium-font-size\"><strong>Plan B<\/strong><\/p>\n\n\n\n<p><\/p>\n\n\n\n<p>Por lo dicho, y ante un aumento vegatativo de la demanda,&nbsp;Argentina enfrentar\u00e1 otro escenario de estr\u00e9s el pr\u00f3ximo verano.&nbsp;Para evitar apagones masivos, el Gobierno avanz\u00f3 con dos alternativas.<\/p>\n\n\n\n<p>Por un lado, lanz\u00f3 una licitaci\u00f3n para la instalaci\u00f3n de bater\u00edas de almacenamiento para instalar en el AMBA, que estar\u00edan a cargo de Edenor y Edesur.&nbsp;Este proyecto requerir\u00e1 una inversi\u00f3n de US$500 millones.<\/p>\n\n\n\n<p>La otra opci\u00f3n es la contrataci\u00f3n, a trav\u00e9s de Cammesa,&nbsp;de los barcos de generaci\u00f3n de energ\u00eda el\u00e9ctrica que opera la empresa turca Karpowership&nbsp;que funciona como una soluci\u00f3n para temporadas de alta demanda.&nbsp;\u201cSon soluciones horribles, pero peor es que no haya luz\u201d, sentenci\u00f3 Apud.<\/p>\n\n\n\n<figure class=\"wp-block-image size-full is-resized\"><img decoding=\"async\" width=\"1000\" height=\"562\" src=\"https:\/\/energiesnet.com\/espanol\/wp-content\/uploads\/2025\/03\/image.png\" alt=\"La opci\u00f3n turca que maneja el GobiernoAnaliz\u00f3 la contrataci\u00f3n de soluci\u00f3n flotante de energ\u00eda el\u00e9ctrica (FOTO: Karpowership)\" class=\"wp-image-25072\" style=\"width:598px;height:auto\" srcset=\"https:\/\/energiesnet.com\/espanol\/wp-content\/uploads\/2025\/03\/image.png 1000w, https:\/\/energiesnet.com\/espanol\/wp-content\/uploads\/2025\/03\/image-300x169.png 300w, https:\/\/energiesnet.com\/espanol\/wp-content\/uploads\/2025\/03\/image-768x432.png 768w\" sizes=\"(max-width: 1000px) 100vw, 1000px\" \/><figcaption class=\"wp-element-caption\">La opci\u00f3n turca que maneja el Gobierno analiz\u00f3 la contrataci\u00f3n de soluci\u00f3n flotante de energ\u00eda el\u00e9ctrica (FOTO: Karpowership)<\/figcaption><\/figure>\n\n\n\n<p>bloomberglinea.co 07 03 2025<\/p>\n","protected":false},"excerpt":{"rendered":"<p>Una falla en subestaciones de transmisi\u00f3n afect\u00f3 a m\u00e1s de 700 mil usuarios. Qu\u00e9 exigen las empresas. Las obras que no se hicieron Mariano Espina, Bloomberg Linea BUENOS AIRES EnergiesNet.com 10 03 2025 La falla en las l\u00edneas de alta tensi\u00f3n en el \u00e1rea de concesi\u00f3n de Edesur, en una jornada que super\u00f3 los 30\u00b0 &hellip;<\/p>\n<p class=\"read-more\"> <a class=\"\" href=\"https:\/\/energiesnet.com\/espanol\/apagon-masivo-expone-la-crisis-del-sistema-electrico-en-argentina\/\"> <span class=\"screen-reader-text\">Apag\u00f3n Masivo Expone la Crisis del Sistema El\u00e9ctrico en Argentina<\/span> Leer m\u00e1s &raquo;<\/a><\/p>\n","protected":false},"author":2,"featured_media":25071,"comment_status":"open","ping_status":"open","sticky":false,"template":"","format":"standard","meta":{"_monsterinsights_skip_tracking":false,"_monsterinsights_sitenote_active":false,"_monsterinsights_sitenote_note":"","_monsterinsights_sitenote_category":0,"site-sidebar-layout":"default","site-content-layout":"default","ast-global-header-display":"","ast-main-header-display":"","ast-hfb-above-header-display":"","ast-hfb-below-header-display":"","ast-hfb-mobile-header-display":"","site-post-title":"","ast-breadcrumbs-content":"","ast-featured-img":"","footer-sml-layout":"","theme-transparent-header-meta":"","adv-header-id-meta":"","stick-header-meta":"","header-above-stick-meta":"","header-main-stick-meta":"","header-below-stick-meta":"","footnotes":""},"categories":[30],"tags":[],"class_list":["post-25070","post","type-post","status-publish","format-standard","has-post-thumbnail","hentry","category-top-news"],"aioseo_notices":[],"_links":{"self":[{"href":"https:\/\/energiesnet.com\/espanol\/wp-json\/wp\/v2\/posts\/25070","targetHints":{"allow":["GET"]}}],"collection":[{"href":"https:\/\/energiesnet.com\/espanol\/wp-json\/wp\/v2\/posts"}],"about":[{"href":"https:\/\/energiesnet.com\/espanol\/wp-json\/wp\/v2\/types\/post"}],"author":[{"embeddable":true,"href":"https:\/\/energiesnet.com\/espanol\/wp-json\/wp\/v2\/users\/2"}],"replies":[{"embeddable":true,"href":"https:\/\/energiesnet.com\/espanol\/wp-json\/wp\/v2\/comments?post=25070"}],"version-history":[{"count":2,"href":"https:\/\/energiesnet.com\/espanol\/wp-json\/wp\/v2\/posts\/25070\/revisions"}],"predecessor-version":[{"id":25074,"href":"https:\/\/energiesnet.com\/espanol\/wp-json\/wp\/v2\/posts\/25070\/revisions\/25074"}],"wp:featuredmedia":[{"embeddable":true,"href":"https:\/\/energiesnet.com\/espanol\/wp-json\/wp\/v2\/media\/25071"}],"wp:attachment":[{"href":"https:\/\/energiesnet.com\/espanol\/wp-json\/wp\/v2\/media?parent=25070"}],"wp:term":[{"taxonomy":"category","embeddable":true,"href":"https:\/\/energiesnet.com\/espanol\/wp-json\/wp\/v2\/categories?post=25070"},{"taxonomy":"post_tag","embeddable":true,"href":"https:\/\/energiesnet.com\/espanol\/wp-json\/wp\/v2\/tags?post=25070"}],"curies":[{"name":"wp","href":"https:\/\/api.w.org\/{rel}","templated":true}]}}