{"id":25148,"date":"2025-03-18T09:20:17","date_gmt":"2025-03-18T13:20:17","guid":{"rendered":"https:\/\/energiesnet.com\/espanol\/?p=25148"},"modified":"2025-03-18T10:21:36","modified_gmt":"2025-03-18T14:21:36","slug":"paraguaynace-una-la-potencia-energetica-de-latinoamerica-video","status":"publish","type":"post","link":"https:\/\/energiesnet.com\/espanol\/paraguaynace-una-la-potencia-energetica-de-latinoamerica-video\/","title":{"rendered":"Paraguay:Nace la Potencia Energ\u00e9tica de Latinoam\u00e9rica (video)"},"content":{"rendered":"\n<p>Paraguay muestra a Latinoam\u00e9rica su potencial energ\u00e9tico en un documental sobre la Transici\u00f3n Energ\u00e9tica <\/p>\n\n\n\n<figure class=\"wp-block-image size-full is-resized\"><img fetchpriority=\"high\" decoding=\"async\" width=\"689\" height=\"370\" src=\"https:\/\/energiesnet.com\/espanol\/wp-content\/uploads\/2025\/03\/paraguay_documental_transicion_energetica.jpg\" alt=\"\" class=\"wp-image-25149\" style=\"width:734px;height:auto\" srcset=\"https:\/\/energiesnet.com\/espanol\/wp-content\/uploads\/2025\/03\/paraguay_documental_transicion_energetica.jpg 689w, https:\/\/energiesnet.com\/espanol\/wp-content\/uploads\/2025\/03\/paraguay_documental_transicion_energetica-300x161.jpg 300w\" sizes=\"(max-width: 689px) 100vw, 689px\" \/><figcaption class=\"wp-element-caption\"><strong><mark style=\"background-color:rgba(0, 0, 0, 0)\" class=\"has-inline-color has-ast-global-color-6-color\">Ver video documental<\/mark><\/strong>: <em><a href=\"https:\/\/www.youtube.com\/watch?v=_WCmcJHz9hk&amp;feature=youtu.be\">PARAGUAY Y LA TRANSICION ENERGETICA (VERSI\u00d3N 2025) &#8211; YouTube<\/a><\/em><\/figcaption><\/figure>\n\n\n\n<p>Diario Las Americas<\/p>\n\n\n\n<p>ASUNCI\u00d3N                       <br>EnergiesNet.com 17 03 2025         <\/p>\n\n\n\n<p>En un esfuerzo por destacar los avances en su infraestructura energ\u00e9tica,\u00a0Paraguay\u00a0se ha convertido en el centro de atenci\u00f3n en\u00a0<a href=\"https:\/\/www.diariolasamericas.com\/america-latina-a7439\">Am\u00e9rica Latina<\/a>\u00a0gracias al documental \u00abParaguay y la Transici\u00f3n Energ\u00e9tica\u00bb. Este filme, dirigido por Marcelo Almada de Marckgroup, explora diversos aspectos clave que est\u00e1n moldeando el futuro energ\u00e9tico del pa\u00eds y su impacto regional.<\/p>\n\n\n\n<p><\/p>\n\n\n\n<h2 class=\"wp-block-heading has-medium-font-size\"><strong>Avances<\/strong><\/h2>\n\n\n\n<p><\/p>\n\n\n\n<p>El documental destaca la implementaci\u00f3n de nuevos parques solares y e\u00f3licos destinados a complementar la generaci\u00f3n hidroel\u00e9ctrica existente en Paraguay. Esta estrategia no solo busca diversificar la matriz energ\u00e9tica del pa\u00eds, sino tambi\u00e9n fortalecer su capacidad de generaci\u00f3n el\u00e9ctrica sostenible. Adem\u00e1s, se aborda la expansi\u00f3n del transporte p\u00fablico y privado el\u00e9ctrico, as\u00ed como el acceso mejorado a la electricidad en \u00e1reas rurales y urbanas.<\/p>\n\n\n\n<figure class=\"wp-block-image size-full is-resized\"><img decoding=\"async\" width=\"855\" height=\"481\" src=\"https:\/\/energiesnet.com\/espanol\/wp-content\/uploads\/2025\/03\/boris-oxilia-documental_pty.jpg\" alt=\"\" class=\"wp-image-25150\" style=\"width:739px;height:auto\" srcset=\"https:\/\/energiesnet.com\/espanol\/wp-content\/uploads\/2025\/03\/boris-oxilia-documental_pty.jpg 855w, https:\/\/energiesnet.com\/espanol\/wp-content\/uploads\/2025\/03\/boris-oxilia-documental_pty-300x169.jpg 300w, https:\/\/energiesnet.com\/espanol\/wp-content\/uploads\/2025\/03\/boris-oxilia-documental_pty-768x432.jpg 768w\" sizes=\"(max-width: 855px) 100vw, 855px\" \/><figcaption class=\"wp-element-caption\">Boris Santos G\u00f3mez \u00dazqueda y Victorio Oxilia D\u00e1valos conversan en la UNA sobre la perspectiva de la industria energ\u00e9tica en Paraguay y Latinoam\u00e9rica.&nbsp;(Cortes\u00eda www.oxilia.com.py\/ v\u00eda Boris Santos G\u00f3mez \u00dazqueda <\/figcaption><\/figure>\n\n\n\n<p><\/p>\n\n\n\n<h2 class=\"wp-block-heading has-medium-font-size\"><strong>Protagonistas del documental<\/strong><\/h2>\n\n\n\n<p><\/p>\n\n\n\n<p>Entre los protagonistas se encuentran destacados especialistas latinoamericanos en energ\u00eda, como el profesor Victorio Oxilia D\u00e1valos, reconocido por su trabajo en la Universidad Nacional de Asunci\u00f3n y su rol previo como Secretario Ejecutivo del Organismo Latinoamericano de Energ\u00eda (OLADE). Junto a \u00e9l, Boris Santos G\u00f3mez \u00dazqueda, consultor boliviano y expresidente de directorios de compa\u00f1\u00edas el\u00e9ctricas, aporta su experiencia como autor y experto en integraci\u00f3n energ\u00e9tica regional.<\/p>\n\n\n\n<p><\/p>\n\n\n\n<h2 class=\"wp-block-heading has-medium-font-size\"><strong>Crecimiento econ\u00f3mico<\/strong><\/h2>\n\n\n\n<p><\/p>\n\n\n\n<p>El crecimiento proyectado de Paraguay para 2025, estimado en un 3.9% seg\u00fan la Comisi\u00f3n Econ\u00f3mica para Am\u00e9rica Latina y el Caribe (CEPAL), subraya el papel crucial de estas innovaciones energ\u00e9ticas en el desarrollo econ\u00f3mico y ambiental del pa\u00eds. Este crecimiento no solo posiciona a Paraguay como un modelo de progreso regional, sino que tambi\u00e9n refuerza su compromiso con pr\u00e1cticas energ\u00e9ticas sostenibles y eficientes.<\/p>\n\n\n\n<p>El estreno del documental tuvo lugar el pasado 13 de febrero de 2025 en el campus de San Lorenzo, espec\u00edficamente en el aula magna de la Universidad Nacional de Asunci\u00f3n. El evento cont\u00f3 con el respaldo de diversas firmas privadas paraguayas y la mencionada universidad, destacando su compromiso con la educaci\u00f3n y la difusi\u00f3n de iniciativas innovadoras en el sector energ\u00e9tico.<\/p>\n\n\n\n<p>Este documental no solo celebra los logros actuales de Paraguay en materia energ\u00e9tica, sino que tambi\u00e9n proyecta un futuro prometedor para el pa\u00eds y su influencia en Am\u00e9rica Latina, marcando un hito en la transici\u00f3n hacia un modelo energ\u00e9tico m\u00e1s sostenible y resiliente para la regi\u00f3n.<\/p>\n\n\n\n<p><\/p>\n\n\n\n<h2 class=\"wp-block-heading has-medium-font-size\"><strong>Una charla sobre la industria energ\u00e9tica en Paraguay<\/strong><\/h2>\n\n\n\n<p><\/p>\n\n\n\n<p>El doctor en energ\u00eda Victorio Oxilia D\u00e1valos, profesor de Facultad Polit\u00e9cnica de Universidad Nacional de Asunci\u00f3n, exsecretario ejecutivo del organismo Latinoamericano de Energ\u00eda (OLADE), invit\u00f3 a su colega de la industria el consultor Boris Santos G\u00f3mez \u00dazqueda, MBA, autor del libro sobre industria energ\u00e9tica \u201cSe\u00f1or Chairman\u201d, expresidente del comit\u00e9 boliviano de la Comisi\u00f3n Integraci\u00f3n Energ\u00e9tica Regional de Latinoam\u00e9rica y el Caribe, a hacer un recorrido para conocer la industria energ\u00e9tica de Paraguay.<\/p>\n\n\n\n<p>El documental es producto de ese viaje.<\/p>\n\n\n\n<p>diariolasamericas.com 01 02 2025<\/p>\n","protected":false},"excerpt":{"rendered":"<p>Paraguay muestra a Latinoam\u00e9rica su potencial energ\u00e9tico en un documental sobre la Transici\u00f3n Energ\u00e9tica Diario Las Americas ASUNCI\u00d3N EnergiesNet.com 17 03 2025 En un esfuerzo por destacar los avances en su infraestructura energ\u00e9tica,\u00a0Paraguay\u00a0se ha convertido en el centro de atenci\u00f3n en\u00a0Am\u00e9rica Latina\u00a0gracias al documental \u00abParaguay y la Transici\u00f3n Energ\u00e9tica\u00bb. Este filme, dirigido por Marcelo Almada &hellip;<\/p>\n<p class=\"read-more\"> <a class=\"\" href=\"https:\/\/energiesnet.com\/espanol\/paraguaynace-una-la-potencia-energetica-de-latinoamerica-video\/\"> <span class=\"screen-reader-text\">Paraguay:Nace la Potencia Energ\u00e9tica de Latinoam\u00e9rica (video)<\/span> Leer m\u00e1s &raquo;<\/a><\/p>\n","protected":false},"author":2,"featured_media":25149,"comment_status":"open","ping_status":"open","sticky":false,"template":"","format":"standard","meta":{"_monsterinsights_skip_tracking":false,"_monsterinsights_sitenote_active":false,"_monsterinsights_sitenote_note":"","_monsterinsights_sitenote_category":0,"site-sidebar-layout":"default","site-content-layout":"default","ast-global-header-display":"","ast-main-header-display":"","ast-hfb-above-header-display":"","ast-hfb-below-header-display":"","ast-hfb-mobile-header-display":"","site-post-title":"","ast-breadcrumbs-content":"","ast-featured-img":"","footer-sml-layout":"","theme-transparent-header-meta":"","adv-header-id-meta":"","stick-header-meta":"","header-above-stick-meta":"","header-main-stick-meta":"","header-below-stick-meta":"","footnotes":""},"categories":[30],"tags":[4137],"class_list":["post-25148","post","type-post","status-publish","format-standard","has-post-thumbnail","hentry","category-top-news","tag-paraguayenergetico-transicionenergetica-energiasostenible-futuroverde-energiarenovable-innovacionlatinoamerica-paraguay2025-energialimpia-sostenibilidad-cambiopositivo"],"aioseo_notices":[],"_links":{"self":[{"href":"https:\/\/energiesnet.com\/espanol\/wp-json\/wp\/v2\/posts\/25148","targetHints":{"allow":["GET"]}}],"collection":[{"href":"https:\/\/energiesnet.com\/espanol\/wp-json\/wp\/v2\/posts"}],"about":[{"href":"https:\/\/energiesnet.com\/espanol\/wp-json\/wp\/v2\/types\/post"}],"author":[{"embeddable":true,"href":"https:\/\/energiesnet.com\/espanol\/wp-json\/wp\/v2\/users\/2"}],"replies":[{"embeddable":true,"href":"https:\/\/energiesnet.com\/espanol\/wp-json\/wp\/v2\/comments?post=25148"}],"version-history":[{"count":5,"href":"https:\/\/energiesnet.com\/espanol\/wp-json\/wp\/v2\/posts\/25148\/revisions"}],"predecessor-version":[{"id":25159,"href":"https:\/\/energiesnet.com\/espanol\/wp-json\/wp\/v2\/posts\/25148\/revisions\/25159"}],"wp:featuredmedia":[{"embeddable":true,"href":"https:\/\/energiesnet.com\/espanol\/wp-json\/wp\/v2\/media\/25149"}],"wp:attachment":[{"href":"https:\/\/energiesnet.com\/espanol\/wp-json\/wp\/v2\/media?parent=25148"}],"wp:term":[{"taxonomy":"category","embeddable":true,"href":"https:\/\/energiesnet.com\/espanol\/wp-json\/wp\/v2\/categories?post=25148"},{"taxonomy":"post_tag","embeddable":true,"href":"https:\/\/energiesnet.com\/espanol\/wp-json\/wp\/v2\/tags?post=25148"}],"curies":[{"name":"wp","href":"https:\/\/api.w.org\/{rel}","templated":true}]}}