{"id":25345,"date":"2025-04-10T17:49:28","date_gmt":"2025-04-10T21:49:28","guid":{"rendered":"https:\/\/energiesnet.com\/espanol\/?p=25345"},"modified":"2025-04-10T17:49:30","modified_gmt":"2025-04-10T21:49:30","slug":"aranceles-de-trump-sacuden-el-sector-energetico-de-america-latina","status":"publish","type":"post","link":"https:\/\/energiesnet.com\/espanol\/aranceles-de-trump-sacuden-el-sector-energetico-de-america-latina\/","title":{"rendered":"Aranceles de Trump Sacuden el Sector Energ\u00e9tico de Am\u00e9rica Latina"},"content":{"rendered":"\n<p>Aranceles de Trump impactar\u00edan al sector energ\u00e9tico de Latinoam\u00e9rica por tres v\u00edas<\/p>\n\n\n\n<figure class=\"wp-block-image size-full is-resized\"><img fetchpriority=\"high\" decoding=\"async\" width=\"600\" height=\"400\" src=\"https:\/\/energiesnet.com\/espanol\/wp-content\/uploads\/2025\/04\/oil_pumps_eolic_turbines.-txtjpg.jpg\" alt=\"\" class=\"wp-image-25346\" style=\"width:808px;height:auto\" srcset=\"https:\/\/energiesnet.com\/espanol\/wp-content\/uploads\/2025\/04\/oil_pumps_eolic_turbines.-txtjpg.jpg 600w, https:\/\/energiesnet.com\/espanol\/wp-content\/uploads\/2025\/04\/oil_pumps_eolic_turbines.-txtjpg-300x200.jpg 300w\" sizes=\"(max-width: 600px) 100vw, 600px\" \/><figcaption class=\"wp-element-caption\">La guerra comercial iniciada por Donald Trump tambi\u00e9n tendr\u00eda efectos en el mercado energ\u00e9tico latinoamericano, dada su importante contribuci\u00f3n en las exportaciones regionales.<\/figcaption><\/figure>\n\n\n\n<p>Daniel Salazar Castellanos, Bloomberg L\u00ednea                                                               <\/p>\n\n\n\n<p>BOGOT\u00c1                                            <br>EnergiesNet.com 10 04 2025                              <\/p>\n\n\n\n<p>Las medidas arancelarias de\u00a0Donald Trump\u00a0podr\u00edan impactar al sector energ\u00e9tico de Latinoam\u00e9rica v\u00eda menores inversiones, el desv\u00edo del comercio de productos tecnol\u00f3gicos requeridos en la industria hacia la regi\u00f3n y volatilidad en precios del petr\u00f3leo, dijo el secretario ejecutivo de Olade, Andr\u00e9s Rebolledo.<\/p>\n\n\n\n<p>El sector energ\u00e9tico latinoamericano es sensible a las medidas tomadas por Donald Trump,\u00a0<a href=\"https:\/\/www.bloomberglinea.com\/mundo\/estados-unidos\/america-latina-no-se-salva-de-aranceles-de-trump-chocaran-con-fuerza-en-nicaragua-y-venezuela\/\">que tas\u00f3 la semana pasada a la mayor\u00eda de mercados regionales con un gravamen del 10%<\/a>, en la medida en la que\u00a0un 9% del total de las exportaciones de Am\u00e9rica Latina a Estados Unidos corresponde a productos energ\u00e9ticos, seg\u00fan Olade.<\/p>\n\n\n\n<p>\u201cSi estas medidas provocan un efecto recesivo en la econom\u00eda estadounidense, pero tambi\u00e9n en la econom\u00eda global,<strong>\u00a0<\/strong>eso pudiera afectar la disponibilidad de recursos financieros y, en alguna medida, si esto persiste, a la inversi\u00f3n en el sector energ\u00e9tico en Am\u00e9rica Latina\u201d, respondi\u00f3 el secretario ejecutivo de la Organizaci\u00f3n Latinoamericana de Energ\u00eda.<\/p>\n\n\n\n<p><strong>Ver m\u00e1s:&nbsp;<\/strong><a href=\"https:\/\/www.bloomberglinea.com\/economia\/comite-opep-reitera-la-necesidad-de-cumplir-las-cuotas-de-produccion-de-petroleo\/\">Comit\u00e9 OPEP+ reitera la necesidad de cumplir las cuotas de producci\u00f3n de petr\u00f3leo<\/a><\/p>\n\n\n\n<p>En segundo lugar, dijo que un potencial efecto tiene que ver con el desv\u00edo del comercio de productos tecnol\u00f3gicos asociados al sector energ\u00e9tico,&nbsp;<strong>tanto del mercado de Estados Unidos como de China.<\/strong><\/p>\n\n\n\n<p>En el esfuerzo de reubicar mercados de exportaci\u00f3n, estos productos podr\u00edan ser exportados a Latinoam\u00e9rica, con un eventual impacto en el precio de los mismos.\u00a0\u201cHabr\u00eda que ver el efecto neto en ese sentido\u201d, dijo Andr\u00e9s Rebolledo.<\/p>\n\n\n\n<figure class=\"wp-block-image is-resized\"><img decoding=\"async\" src=\"https:\/\/www.bloomberglinea.com\/resizer\/v2\/UMC67YGK4RAF3GJHCEWWCHT23A.jpg?auth=66b4623002c6666ae2f1cad36532c94b04dbf5e68bdb9d6fe1a352e60a1cdd5e&amp;width=1000&amp;height=667&amp;quality=80&amp;smart=true\" alt=\"Proyectos de energ\u00edas renovables\" style=\"width:820px;height:auto\" title=\"Proyectos de energ\u00edas renovables\"\/><\/figure>\n\n\n\n<p>En tercer lugar, dijo que si este ambiente recesivo tambi\u00e9n persiste, pudiera esto tener un efecto en el precio de un energ\u00e9tico clave como el petr\u00f3leo para Am\u00e9rica Latina,\u00a0lo que tendr\u00eda un impacto mixto en la regi\u00f3n.<\/p>\n\n\n\n<p>De un lado, los pa\u00edses importadores netos se ver\u00edan beneficiados, pero para los exportadores netos tendr\u00edan un impacto en su renta.<\/p>\n\n\n\n<p><strong>Ver m\u00e1s:<\/strong><a href=\"https:\/\/www.bloomberglinea.com\/economia\/un-precio-del-petroleo-en-caida-libre-reordena-el-panorama-energetico-mundial\/\">Un precio del petr\u00f3leo en ca\u00edda libre reordena el panorama energ\u00e9tico mundial<\/a><\/p>\n\n\n\n<p>El petr\u00f3leo\u00a0Brent, la referencia mundial, toc\u00f3 el lunes 7 de abril su nivel m\u00e1s bajo en 4 a\u00f1os, tras restarse un 2,09 % hasta los US$64,21 en el mercado de futuros de Londres en respuesta a la guerra comercial y el anuncio de la alianza OPEP+ de acelerar los planes para reactivar los suministros paralizados el mes que viene.<\/p>\n\n\n\n<p>Con todo, \u201clo fundamental es que Am\u00e9rica Latina y el Caribe persistan en su transici\u00f3n y transformaci\u00f3n energ\u00e9tica, que<strong>\u00a0<\/strong>permita generarle m\u00e1s niveles de autonom\u00eda e independencia en su desarrollo energ\u00e9tico\u201d, seg\u00fan Rebolledo.<\/p>\n\n\n\n<p>Explic\u00f3 que Latinoam\u00e9rica debe priorizar su seguridad energ\u00e9tica y la transformaci\u00f3n hacia modelos m\u00e1s sostenibles, con energ\u00eda renovable,\u00a0\u201calgo que viene sucediendo y que, probablemente, en este escenario se hace m\u00e1s urgente\u201d.<\/p>\n\n\n\n<h2 class=\"wp-block-heading has-medium-font-size\"><strong>Aranceles de Trump protegen a la energ\u00eda<\/strong><\/h2>\n\n\n\n<figure class=\"wp-block-image is-resized\"><img decoding=\"async\" src=\"https:\/\/www.bloomberglinea.com\/resizer\/v2\/DDUZHJQBNNE5DOGD7CQDL46AYI.jpg?auth=4a1a568578805c4c02b73678ebbcfdd9c58aef27410400d68a7db2b4b2954ae9&amp;width=1000&amp;height=667&amp;quality=80&amp;smart=true\" alt=\"Donald Trump\" style=\"width:845px;height:auto\" title=\"Donald Trump\"\/><figcaption class=\"wp-element-caption\">Presidente Donald Trump.El presidente de Estados Unidos, Donald Trump, firma una orden ejecutiva durante un anuncio de aranceles en el Jard\u00edn de las Rosas de la Casa Blanca en Washington, DC, Estados Unidos, el mi\u00e9rcoles 2 de abril de 2025.(Bloomberg\/Jim Lo Scalzo)<\/figcaption><\/figure>\n\n\n\n<p>Una serie de recursos energ\u00e9ticos y minerales que no est\u00e1n disponibles en Estados Unidos\u00a0quedaron exentos por el momento de las medidas arancelarias anunciadas por Trump.<\/p>\n\n\n\n<p>Entre estos se cuentan de momento el cobre, productos farmac\u00e9uticos, semiconductores y art\u00edculos de madera, as\u00ed como lingotes (piezas acu\u00f1adas en metales preciosos) y<a href=\"https:\/\/www.bloomberglinea.com\/mundo\/estados-unidos\/lista-de-productos-y-materias-primas-exentas-de-aranceles-de-trump-por-que-se-salvaron\/#:~:text=Bloomberg%20L%C3%ADnea%20%E2%80%94%20El%20presidente%20estadounidense,claves%20para%20los%20usos%20industriales.\">&nbsp;productos de energ\u00eda y otros minerales determinados que no est\u00e1n disponibles en Estados Unidos.<\/a><\/p>\n\n\n\n<p>En medio de las turbulencias globales, el analista Andr\u00e9s Rodr\u00edguez, profesor de Geociencias de la Universidad de Los Andes en Bogot\u00e1,\u00a0considera que hay oportunidades para Latinoam\u00e9rica.<\/p>\n\n\n\n<p>\u201cEste hecho puede representar un escenario para la atracci\u00f3n de inversi\u00f3n extranjera, considerando adem\u00e1s que esta regi\u00f3n cuenta con la menor de las tarifas arancelarias impuestas por el gobierno de la administraci\u00f3n Trump\u201d, dijo.<\/p>\n\n\n\n<p>Seg\u00fan un reporte de Olade, la generaci\u00f3n el\u00e9ctrica en Latinoam\u00e9rica y el Caribe aument\u00f3 el a\u00f1o pasado un 5,5% respecto a 2023, gracias a la mejora de la cobertura y una mayor electrificaci\u00f3n de usos finales en la industria.<\/p>\n\n\n\n<p>En diciembre de 2024, la generaci\u00f3n de electricidad en la regi\u00f3n alcanz\u00f3 un total de 149 TWh, lo que signific\u00f3 un aumento de 1,3% en la comparaci\u00f3n interanual, seg\u00fan el Reporte de Generaci\u00f3n El\u00e9ctrica en Am\u00e9rica Latina y el Caribe.<\/p>\n\n\n\n<p><\/p>\n\n\n\n<p>El<strong>&nbsp;\u00edndice de renovabilidad<\/strong>, que mide la proporci\u00f3n de electricidad generada a partir de fuentes renovables con relaci\u00f3n a la generaci\u00f3n total de electricidad, alcanz\u00f3 el 69%, casi el doble de la media mundial,&nbsp;<strong>impulsado principalmente por la hidroenerg\u00eda.<\/strong><\/p>\n\n\n\n<figure class=\"wp-block-embed is-type-rich is-provider-gestor-del-servicio wp-block-embed-gestor-del-servicio\"><div class=\"wp-block-embed__wrapper\">\nhttps:\/\/youtube.com\/watch?v=XPPHo__Q6lo%3Fsi%3DMwGVWM3z0BoTTkM5%3Ffeature%3Doembed\n<\/div><\/figure>\n\n\n\n<p><strong>Ver m\u00e1s:&nbsp;<\/strong><a href=\"https:\/\/www.bloomberglinea.com\/2024\/12\/25\/sera-2025-el-ano-de-las-energias-verdes-para-latam-los-5-desafios-que-hay-que-superar\/\">\u00bfSer\u00e1 2025 el a\u00f1o de las energ\u00edas verdes para Latam? Los 5 desaf\u00edos que hay que superar<\/a><\/p>\n\n\n\n<p>bloomberglinea 10 05 2025<\/p>\n","protected":false},"excerpt":{"rendered":"<p>Aranceles de Trump impactar\u00edan al sector energ\u00e9tico de Latinoam\u00e9rica por tres v\u00edas Daniel Salazar Castellanos, Bloomberg L\u00ednea BOGOT\u00c1 EnergiesNet.com 10 04 2025 Las medidas arancelarias de\u00a0Donald Trump\u00a0podr\u00edan impactar al sector energ\u00e9tico de Latinoam\u00e9rica v\u00eda menores inversiones, el desv\u00edo del comercio de productos tecnol\u00f3gicos requeridos en la industria hacia la regi\u00f3n y volatilidad en precios del &hellip;<\/p>\n<p class=\"read-more\"> <a class=\"\" href=\"https:\/\/energiesnet.com\/espanol\/aranceles-de-trump-sacuden-el-sector-energetico-de-america-latina\/\"> <span class=\"screen-reader-text\">Aranceles de Trump Sacuden el Sector Energ\u00e9tico de Am\u00e9rica Latina<\/span> Leer m\u00e1s &raquo;<\/a><\/p>\n","protected":false},"author":2,"featured_media":25346,"comment_status":"open","ping_status":"open","sticky":false,"template":"","format":"standard","meta":{"_monsterinsights_skip_tracking":false,"_monsterinsights_sitenote_active":false,"_monsterinsights_sitenote_note":"","_monsterinsights_sitenote_category":0,"site-sidebar-layout":"default","site-content-layout":"default","ast-global-header-display":"","ast-main-header-display":"","ast-hfb-above-header-display":"","ast-hfb-below-header-display":"","ast-hfb-mobile-header-display":"","site-post-title":"","ast-breadcrumbs-content":"","ast-featured-img":"","footer-sml-layout":"","theme-transparent-header-meta":"","adv-header-id-meta":"","stick-header-meta":"","header-above-stick-meta":"","header-main-stick-meta":"","header-below-stick-meta":"","footnotes":""},"categories":[30],"tags":[],"class_list":["post-25345","post","type-post","status-publish","format-standard","has-post-thumbnail","hentry","category-top-news"],"aioseo_notices":[],"_links":{"self":[{"href":"https:\/\/energiesnet.com\/espanol\/wp-json\/wp\/v2\/posts\/25345","targetHints":{"allow":["GET"]}}],"collection":[{"href":"https:\/\/energiesnet.com\/espanol\/wp-json\/wp\/v2\/posts"}],"about":[{"href":"https:\/\/energiesnet.com\/espanol\/wp-json\/wp\/v2\/types\/post"}],"author":[{"embeddable":true,"href":"https:\/\/energiesnet.com\/espanol\/wp-json\/wp\/v2\/users\/2"}],"replies":[{"embeddable":true,"href":"https:\/\/energiesnet.com\/espanol\/wp-json\/wp\/v2\/comments?post=25345"}],"version-history":[{"count":1,"href":"https:\/\/energiesnet.com\/espanol\/wp-json\/wp\/v2\/posts\/25345\/revisions"}],"predecessor-version":[{"id":25348,"href":"https:\/\/energiesnet.com\/espanol\/wp-json\/wp\/v2\/posts\/25345\/revisions\/25348"}],"wp:featuredmedia":[{"embeddable":true,"href":"https:\/\/energiesnet.com\/espanol\/wp-json\/wp\/v2\/media\/25346"}],"wp:attachment":[{"href":"https:\/\/energiesnet.com\/espanol\/wp-json\/wp\/v2\/media?parent=25345"}],"wp:term":[{"taxonomy":"category","embeddable":true,"href":"https:\/\/energiesnet.com\/espanol\/wp-json\/wp\/v2\/categories?post=25345"},{"taxonomy":"post_tag","embeddable":true,"href":"https:\/\/energiesnet.com\/espanol\/wp-json\/wp\/v2\/tags?post=25345"}],"curies":[{"name":"wp","href":"https:\/\/api.w.org\/{rel}","templated":true}]}}