{"id":25393,"date":"2025-04-23T22:11:03","date_gmt":"2025-04-24T02:11:03","guid":{"rendered":"https:\/\/energiesnet.com\/espanol\/?p=25393"},"modified":"2025-04-24T05:39:05","modified_gmt":"2025-04-24T09:39:05","slug":"un-adios-inolvidable-al-pueblo-en-llanto-por-el-papa-francisco","status":"publish","type":"post","link":"https:\/\/energiesnet.com\/espanol\/un-adios-inolvidable-al-pueblo-en-llanto-por-el-papa-francisco\/","title":{"rendered":"Un Adi\u00f3s Inolvidable del Pueblo en Llanto por el Papa Francisco (video)"},"content":{"rendered":"\n<p>El mundo despide con l\u00e1grimas y gratitud al Papa que transform\u00f3 la Iglesia con humildad y esperanza. Un legado eterno para la Iglesia y su pueblo.<\/p>\n\n\n\n<figure class=\"wp-block-image size-full is-resized\"><img fetchpriority=\"high\" decoding=\"async\" width=\"600\" height=\"363\" src=\"https:\/\/energiesnet.com\/espanol\/wp-content\/uploads\/2025\/04\/papa_francisco_san_pedro.jpg\" alt=\"Un legado eterno para la Iglesia y su pueblo.\" class=\"wp-image-25394\" style=\"width:750px;height:auto\" srcset=\"https:\/\/energiesnet.com\/espanol\/wp-content\/uploads\/2025\/04\/papa_francisco_san_pedro.jpg 600w, https:\/\/energiesnet.com\/espanol\/wp-content\/uploads\/2025\/04\/papa_francisco_san_pedro-300x182.jpg 300w\" sizes=\"(max-width: 600px) 100vw, 600px\" \/><figcaption class=\"wp-element-caption\"><mark style=\"background-color:rgba(0, 0, 0, 0)\" class=\"has-inline-color has-ast-global-color-6-color\"><strong>Vea video:<\/strong><\/mark>  <em><a href=\"https:\/\/www.youtube.com\/live\/Ft0dgNN7zMc?si=n4R3j-5NFm-HUrcP\">Capilla ardiente del papa Francisco en el Vaticano <\/a><\/em><\/figcaption><\/figure>\n\n\n\n<p>EnergiesNet.com                               <\/p>\n\n\n\n<p>BOGOT\u00c1                                                 <br>EnergiesNet.co 23 04 2025                                           <\/p>\n\n\n\n<p>Capilla Ardiente, Fieles en Llanto y Con Profundo P\u00e9same por el Papa Francisco.  El pueblo se re\u00fane en un silencioso homenaje para honrar la huella imborrable de su l\u00edder espiritual.<\/p>\n\n\n\n<p>El 23 de abril de 2025, en la ma\u00f1ana, el Vaticano fue escenario de un emotivo rito de traslaci\u00f3n del f\u00e9retro del Papa Francisco, marcando el inicio de un solemne adi\u00f3s a un pont\u00edfice recordado por su humildad y cercan\u00eda. Dirigido por el Colegio Cardenalicio y encabezado por el cardenal Kevin Farrell, Camarlengo de la Santa Romana Iglesia, la ceremonia comenz\u00f3 en la Casa Santa Marta con una oraci\u00f3n en la que se agradeci\u00f3 a Dios por los 12 a\u00f1os de ministerio y se pidi\u00f3 que le concediera un hogar eterno en el reino de los cielos. <\/p>\n\n\n\n<p>Posteriormente, el Colegio Cardenalicio condujo la procesi\u00f3n del f\u00e9retro desde la Casa Santa Marta\u2014donde falleci\u00f3 a los 88 a\u00f1os\u2014hacia la Bas\u00edlica de San Pedro. Durante el trayecto, m\u00e1s de 20.000 fieles se congregaron en la plaza; el Vaticano inform\u00f3 que exactamente 19.430 visitantes acudieron a la capilla ardiente entre las 11:00 y las 19:30 horas. <\/p>\n\n\n\n<p>La multitud, en un aplauso moderado pero sentido, acompa\u00f1\u00f3 cada paso del f\u00e9retro, que fue trasladado a hombros en una conmovedora procesi\u00f3n tradicional. <\/p>\n\n\n\n<p>En la Bas\u00edlica, el primer pont\u00edfice latinoamericano reposa en un sencillo ata\u00fad abierto, colocado ante el imponente baldaquino barroco. Vestido con una casulla roja y portando su inseparable rosario, el Papa Francisco rechaz\u00f3, por petici\u00f3n expresa, el uso de catafalcos ornamentales\u2014reflejando as\u00ed su estilo austero. <\/p>\n\n\n\n<p>Conocido tambi\u00e9n como el \u201cPapa del fin del mundo\u201d por su car\u00e1cter disruptivo y su cr\u00edtica constante a las estructuras tradicionales, dej\u00f3 un legado imborrable en la Iglesia. Cabe destacar que, durante su pontificado, nunca pudo regresar a su pa\u00eds natal como l\u00edder de la Iglesia. <\/p>\n\n\n\n<p>Dentro del santuario, el ambiente se impregn\u00f3 de solemnidad. El coro enton\u00f3 las Letan\u00edas de los Santos en lat\u00edn y se realiz\u00f3 una breve Liturgia de la Palabra, que incluy\u00f3 la lectura del Evangelio de Juan (17:24-26), recordando el amor incondicional de Dios. La ceremonia culmin\u00f3 con el emotivo canto de la Salve Regina, mientras sor Caterina expresaba: \u201cEl gran silencio me acerc\u00f3 a \u00e9l; tuve la emoci\u00f3n de sentir que ahora reza por nosotros en el cielo\u201d. <\/p>\n\n\n\n<p>La Bas\u00edlica de San Pedro permanecer\u00e1 abierta al p\u00fablico en horarios especiales: hasta la medianoche del mi\u00e9rcoles, de 7:00 a 24:00 horas el jueves y de 7:00 a 19:00 horas el viernes, permitiendo que cientos de fieles contin\u00faen rindiendo homenaje. <\/p>\n\n\n\n<p>Entre las voces de gratitud, se destac\u00f3 la de Francisca Antunes, estudiante de medicina portuguesa, quien coment\u00f3: \u201cQuer\u00edamos decir gracias al m\u00e1s humilde de los papas.\u201d <\/p>\n\n\n\n<p>Con la asistencia confirmada de entre 150 y 170 delegaciones extranjeras, el funeral se celebrar\u00e1 el s\u00e1bado 26 de abril de 2025 en la Bas\u00edlica de Santa Mar\u00eda la Mayor de Roma, marcando la primera vez desde Le\u00f3n XIII en 1903 que un pont\u00edfice es enterrado fuera del Vaticano. Entre los l\u00edderes que ya han confirmado su presencia se encuentran el presidente estadounidense Donald Trump; el argentino Javier Milei; Luiz In\u00e1cio Lula da Silva de Brasil; el ecuatoriano Daniel Noboa; el franc\u00e9s Emmanuel Macron; el rey Felipe VI de Espa\u00f1a; y el secretario general de la ONU, Ant\u00f3nio Guterres. <\/p>\n\n\n\n<p>Adem\u00e1s, se iniciar\u00e1n los tradicionales nueve d\u00edas de duelo (los Novendiales), durante los cuales se planificar\u00e1 la elecci\u00f3n de su sucesor en la emblem\u00e1tica Capilla Sixtina\u2014proceso que deber\u00e1 realizarse entre 15 y 20 d\u00edas despu\u00e9s del fallecimiento, siendo m\u00e1s de dos tercios de los 135 cardenales electores designados por el difunto Papa. <\/p>\n\n\n\n<p>Este emotivo adi\u00f3s se enmarca en una soleada jornada de primavera, marcada por largas colas, plegarias, el repique de campanas y la presencia de efectivos policiales y militares que aseguran el orden. Con controles de seguridad similares a los de un aeropuerto, cada detalle refleja la profunda devoci\u00f3n y el sincero p\u00e9same de un pueblo que se despide de un verdadero \u201cmiembro de la familia\u201d y de el l\u00edder espiritual de los pobres que transform\u00f3 la Iglesia con su mensaje de inclusi\u00f3n y paz.<\/p>\n\n\n\n<p>Source: L&#8217;Observador , Reuter, BBC, Vatican News, AFP, IA<\/p>\n\n\n\n<p>Escribe Elio Ohep, EnergiesNet.com <\/p>\n\n\n\n<p>EnergiesNet.com 23 04 2025 <\/p>\n\n\n\n<p><\/p>\n\n\n\n<p><\/p>\n\n\n\n<p><\/p>\n\n\n\n<p><\/p>\n\n\n\n<p><\/p>\n\n\n\n<p><\/p>\n\n\n\n<p><\/p>\n\n\n\n<p><\/p>\n\n\n\n<p><\/p>\n\n\n\n<p><\/p>\n\n\n\n<p><\/p>\n\n\n\n<p><\/p>\n\n\n\n<p><\/p>\n\n\n\n<p><\/p>\n\n\n\n<p><\/p>\n\n\n\n<p><\/p>\n\n\n\n<p><\/p>\n\n\n\n<p><\/p>\n\n\n\n<p><\/p>\n\n\n\n<p><\/p>\n\n\n\n<p><\/p>\n\n\n\n<p><\/p>\n\n\n\n<p><\/p>\n\n\n\n<p><\/p>\n\n\n\n<p><\/p>\n\n\n\n<p><\/p>\n\n\n\n<p><\/p>\n\n\n\n<p><\/p>\n\n\n\n<p><\/p>\n\n\n\n<p><\/p>\n\n\n\n<p><\/p>\n\n\n\n<p><\/p>\n\n\n\n<p><\/p>\n\n\n\n<p><\/p>\n\n\n\n<p><\/p>\n\n\n\n<p><\/p>\n\n\n\n<p><\/p>\n","protected":false},"excerpt":{"rendered":"<p>El mundo despide con l\u00e1grimas y gratitud al Papa que transform\u00f3 la Iglesia con humildad y esperanza. Un legado eterno para la Iglesia y su pueblo. EnergiesNet.com BOGOT\u00c1 EnergiesNet.co 23 04 2025 Capilla Ardiente, Fieles en Llanto y Con Profundo P\u00e9same por el Papa Francisco. El pueblo se re\u00fane en un silencioso homenaje para honrar &hellip;<\/p>\n<p class=\"read-more\"> <a class=\"\" href=\"https:\/\/energiesnet.com\/espanol\/un-adios-inolvidable-al-pueblo-en-llanto-por-el-papa-francisco\/\"> <span class=\"screen-reader-text\">Un Adi\u00f3s Inolvidable del Pueblo en Llanto por el Papa Francisco (video)<\/span> Leer m\u00e1s &raquo;<\/a><\/p>\n","protected":false},"author":2,"featured_media":25394,"comment_status":"open","ping_status":"open","sticky":false,"template":"","format":"standard","meta":{"_monsterinsights_skip_tracking":false,"_monsterinsights_sitenote_active":false,"_monsterinsights_sitenote_note":"","_monsterinsights_sitenote_category":0,"site-sidebar-layout":"default","site-content-layout":"default","ast-global-header-display":"","ast-main-header-display":"","ast-hfb-above-header-display":"","ast-hfb-below-header-display":"","ast-hfb-mobile-header-display":"","site-post-title":"","ast-breadcrumbs-content":"","ast-featured-img":"","footer-sml-layout":"","theme-transparent-header-meta":"","adv-header-id-meta":"","stick-header-meta":"","header-above-stick-meta":"","header-main-stick-meta":"","header-below-stick-meta":"","footnotes":""},"categories":[30],"tags":[],"class_list":["post-25393","post","type-post","status-publish","format-standard","has-post-thumbnail","hentry","category-top-news"],"aioseo_notices":[],"_links":{"self":[{"href":"https:\/\/energiesnet.com\/espanol\/wp-json\/wp\/v2\/posts\/25393","targetHints":{"allow":["GET"]}}],"collection":[{"href":"https:\/\/energiesnet.com\/espanol\/wp-json\/wp\/v2\/posts"}],"about":[{"href":"https:\/\/energiesnet.com\/espanol\/wp-json\/wp\/v2\/types\/post"}],"author":[{"embeddable":true,"href":"https:\/\/energiesnet.com\/espanol\/wp-json\/wp\/v2\/users\/2"}],"replies":[{"embeddable":true,"href":"https:\/\/energiesnet.com\/espanol\/wp-json\/wp\/v2\/comments?post=25393"}],"version-history":[{"count":3,"href":"https:\/\/energiesnet.com\/espanol\/wp-json\/wp\/v2\/posts\/25393\/revisions"}],"predecessor-version":[{"id":25399,"href":"https:\/\/energiesnet.com\/espanol\/wp-json\/wp\/v2\/posts\/25393\/revisions\/25399"}],"wp:featuredmedia":[{"embeddable":true,"href":"https:\/\/energiesnet.com\/espanol\/wp-json\/wp\/v2\/media\/25394"}],"wp:attachment":[{"href":"https:\/\/energiesnet.com\/espanol\/wp-json\/wp\/v2\/media?parent=25393"}],"wp:term":[{"taxonomy":"category","embeddable":true,"href":"https:\/\/energiesnet.com\/espanol\/wp-json\/wp\/v2\/categories?post=25393"},{"taxonomy":"post_tag","embeddable":true,"href":"https:\/\/energiesnet.com\/espanol\/wp-json\/wp\/v2\/tags?post=25393"}],"curies":[{"name":"wp","href":"https:\/\/api.w.org\/{rel}","templated":true}]}}