{"id":25511,"date":"2025-05-09T17:31:19","date_gmt":"2025-05-09T21:31:19","guid":{"rendered":"https:\/\/energiesnet.com\/espanol\/?p=25511"},"modified":"2025-05-09T19:07:28","modified_gmt":"2025-05-09T23:07:28","slug":"por-fin-el-mundo-se-da-cuenta-de-lo-peligroso-que-es-bukele-nelson-rauda-zablah-nytimes","status":"publish","type":"post","link":"https:\/\/energiesnet.com\/espanol\/por-fin-el-mundo-se-da-cuenta-de-lo-peligroso-que-es-bukele-nelson-rauda-zablah-nytimes\/","title":{"rendered":"Por fin el mundo se da cuenta de lo peligroso que es Bukele &#8211; Nelson Rauda Zablah\/NYtimes"},"content":{"rendered":"\n<p>Bukele El Presidente Que Cambi\u00f3 El Salvador A Cualquier Precio<\/p>\n\n\n\n<figure class=\"wp-block-image size-full is-resized\"><img fetchpriority=\"high\" decoding=\"async\" width=\"600\" height=\"400\" src=\"https:\/\/energiesnet.com\/espanol\/wp-content\/uploads\/2025\/05\/bukele_txt.jpg\" alt=\"\" class=\"wp-image-25513\" style=\"width:835px;height:auto\" srcset=\"https:\/\/energiesnet.com\/espanol\/wp-content\/uploads\/2025\/05\/bukele_txt.jpg 600w, https:\/\/energiesnet.com\/espanol\/wp-content\/uploads\/2025\/05\/bukele_txt-300x200.jpg 300w\" sizes=\"(max-width: 600px) 100vw, 600px\" \/><figcaption class=\"wp-element-caption\">Bukele Es La Amenaza Silenciosa Contra La Democracia (Dave Sanders para The New York Times)<\/figcaption><\/figure>\n\n\n\n<p>Por Nelson Rauda Zablah                                                                     <\/p>\n\n\n\n<p>En mayo de 2020, durante el apogeo de la covid, El Salvador se encontraba bajo una cuarentena controlada por los militares. En una&nbsp;<a href=\"https:\/\/www.youtube.com\/watch?v=fEk8QmDmTlQ&amp;ab_channel=canal33tvelsalvador\" rel=\"noreferrer noopener\" target=\"_blank\">conferencia de prensa<\/a>, le hice una pregunta al presidente Nayib Bukele sobre una reuni\u00f3n que sostuvo con la comunidad empresarial para reabrir la econom\u00eda. Bukele se enfad\u00f3 y critic\u00f3 al fundador de El Faro, el medio de comunicaci\u00f3n en el que trabajo.<\/p>\n\n\n\n<p>Despu\u00e9s, recib\u00ed amenazas de muerte de partidarios de Bukele. Una de ellas, que a\u00fan me sigue llamando la atenci\u00f3n, fue escrita en&nbsp;<a href=\"https:\/\/x.com\/raudaz_\/status\/1275506933529804800\" rel=\"noreferrer noopener\" target=\"_blank\">Twitter<\/a>&nbsp;por alguien de fuera del pa\u00eds: \u201cTengo tantas ganas de regresar a El Salvador y meterte 3 tiros en la cabeza para que dejes de tonto\u201d.<\/p>\n\n\n\n<p>La reacci\u00f3n fue t\u00edpica de cierta parte de los seguidores de Bukele, quien trata las cr\u00edticas al presidente como un pecado imperdonable. Despu\u00e9s de seis a\u00f1os, \u00e9l sigue siendo tremendamente popular, con un \u00edndice de aprobaci\u00f3n nacional superior&nbsp;<a href=\"https:\/\/x.com\/cidgallup\/status\/1889078200346583506\" rel=\"noreferrer noopener\" target=\"_blank\">al 80 por ciento<\/a>. Gran parte de la di\u00e1spora tambi\u00e9n siente devoci\u00f3n por \u00e9l. Aunque su versi\u00f3n idealizada \u2014un l\u00edder eficiente y elocuente que ha reducido la delincuencia en el pa\u00eds y se ha comprometido a luchar contra la corrupci\u00f3n\u2014 suena muy bien, la realidad es que es un pol\u00edtico vol\u00e1til y desenfrenado que controla todas las instituciones a expensas de la democracia del pa\u00eds.<\/p>\n\n\n\n<p>Ahora se ha convertido en el carcelero del presidente Donald Trump, acogiendo a deportados de Estados Unidos para encarcelarlos en el brutal sistema penitenciario de El Salvador. Las familias venezolanas y estadounidenses, cuyos seres queridos han sido enviados a estas prisiones, est\u00e1n pasando ahora por lo que muchas familias de aqu\u00ed han pasado desde que Bukele lleg\u00f3 al poder: sienten la aterradora arbitrariedad de su r\u00e9gimen, su forma de gobernar para s\u00ed mismo, su crueldad. Muchos se est\u00e1n dando cuenta ahora de lo que algunos de nosotros hemos advertido a la gente durante a\u00f1os: que aunque Bukele se haya autodenominado ir\u00f3nicamente el \u201cdictador m\u00e1s&nbsp;<em>cool<\/em>&nbsp;del mundo\u201d, no deja de ser un dictador.<\/p>\n\n\n\n<p>El llamado modelo Bukele de seguridad nacional se basa en miles de casos como el de Kilmar Armando Abrego Garcia, el migrante salvadore\u00f1o que fue&nbsp;<a href=\"https:\/\/www.nytimes.com\/es\/2025\/04\/30\/espanol\/estados-unidos\/abrego-garcia-nota-diplomatica-salvador-trump.html\">expulsado indebidamente<\/a>&nbsp;a El Salvador en marzo. En 2022, Bukele declar\u00f3 el estado de excepci\u00f3n \u2014a\u00fan en vigor\u2014 para debilitar a las poderosas pandillas del pa\u00eds y reducir la creciente tasa de criminalidad y los asesinatos.<\/p>\n\n\n\n<p>Tambi\u00e9n ha erosionado los derechos constitucionales de los salvadore\u00f1os, y miles de personas sin antecedentes penales han sido detenidas en una amplia operaci\u00f3n que acab\u00f3 por desmantelar el control territorial de las pandillas y reducir dr\u00e1sticamente los homicidios. Desde que comenz\u00f3 el estado de excepci\u00f3n, unas&nbsp;<a href=\"https:\/\/www.nytimes.com\/es\/2025\/05\/01\/espanol\/desaparecidos-carceles-el-salvador.html\">80.000 personas<\/a>&nbsp;han sido detenidas y encarceladas en El Salvador. Bukele admiti\u00f3 el a\u00f1o pasado que&nbsp;<a href=\"https:\/\/www.barrons.com\/news\/salvadoran-president-says-8-000-innocents-freed-in-war-on-gangs-c410e0af\" rel=\"noreferrer noopener\" target=\"_blank\">8000 personas inocentes<\/a>&nbsp;fueron detenidas y puestas en libertad en la redada, pero grupos de la sociedad civil afirman que la cifra es&nbsp;<a href=\"https:\/\/www.dw.com\/es\/el-salvador-estudia-liberaci%C3%B3n-de-150-detenidos-arbitrariamente\/a-71218419\" rel=\"noreferrer noopener\" target=\"_blank\">mucho mayor<\/a>.<\/p>\n\n\n\n<p>Bukele ha sido una figura destacada en la escena pol\u00edtica de El Salvador desde 2012, cuando se convirti\u00f3 en alcalde de Nuevo Cuscatl\u00e1n, una localidad aproximadamente del tama\u00f1o del aeropuerto internacional de Los \u00c1ngeles. Como alcalde, don\u00f3 su salario para&nbsp;<a href=\"https:\/\/www.youtube.com\/watch?v=c3l3QsNjSV8\" rel=\"noreferrer noopener\" target=\"_blank\">becas<\/a>&nbsp;universitarias y prometi\u00f3 que atraer\u00eda&nbsp;<a href=\"https:\/\/x.com\/nayibbukele\/status\/466034724558106624\" rel=\"noreferrer noopener\" target=\"_blank\">1000 millones de d\u00f3lares<\/a>&nbsp;de inversi\u00f3n a la ciudad. (No lo hizo). En 2015 fue elegido alcalde de San Salvador, la capital, donde se gan\u00f3 la simpat\u00eda de los votantes criticando tanto a su propio partido pol\u00edtico como a la oposici\u00f3n por la violencia y la corrupci\u00f3n end\u00e9micas del pa\u00eds. En 2019 se present\u00f3 a las elecciones presidenciales con una plataforma anticorrupci\u00f3n y fue elegido con&nbsp;<a href=\"https:\/\/www.tse.gob.sv\/storage\/documentos\/20250429101357-c81e728d9d4c2f636f067f89cc14862c-DfLIiRAYg1.pdf\" rel=\"noreferrer noopener\" target=\"_blank\">el 53 por ciento<\/a>&nbsp;de los votos, m\u00e1s de 20 puntos porcentuales por encima de su oponente m\u00e1s cercano.<\/p>\n\n\n\n<p>Una de las primeras cosas que Bukele hizo tras asumir el cargo fue poner en marcha un plan de seguridad para enviar a miembros de la polic\u00eda y el ej\u00e9rcito a los barrios controlados por las pandillas. A los ocho meses de asumir la presidencia, irrumpi\u00f3 en la Asamblea Legislativa, rodeado de soldados armados, para presionar a los legisladores de la oposici\u00f3n a fin de que aprobaran un pr\u00e9stamo para que su gobierno comprara c\u00e1maras de vigilancia, equipo t\u00e1ctico y un helic\u00f3ptero para el plan. El pr\u00e9stamo no se aprob\u00f3, pero despu\u00e9s de que el partido de Bukele se asegurara una supermayor\u00eda legislativa en las elecciones legislativas de 2021, los legisladores le dieron luz verde.<\/p>\n\n\n\n<p>Tambi\u00e9n apunt\u00f3 al poder judicial: tras las elecciones, los legisladores sustituyeron a cinco magistrados de la Corte Suprema por otros que le eran favorables, y en agosto de 2021 la Asamblea Legislativa aprob\u00f3 cambios para purgar a&nbsp;<a href=\"https:\/\/elfaro.net\/es\/202109\/el_salvador\/25681\/Asamblea-de-Bukele-reforma-la-ley-para-purgar-a-un-tercio-de-los-jueces.htm\" rel=\"noreferrer noopener\" target=\"_blank\">un tercio<\/a>&nbsp;de los jueces de El Salvador, lo que le ayud\u00f3 a consolidar el control sobre los tres poderes del Estado.<\/p>\n\n\n\n<p>Despu\u00e9s Bukele declar\u00f3 el estado de excepci\u00f3n en todo el pa\u00eds. R\u00e1pidamente se ignoraron derechos constitucionales fundamentales, como el derecho a un abogado y la necesidad de una orden judicial para intervenir las comunicaciones personales. El gobierno detuvo a miles de personas de formas que a veces parec\u00edan aleatorias. Pero la represi\u00f3n hizo que los homicidios cayeran en picada hasta&nbsp;<a href=\"https:\/\/www.pnc.gob.sv\/2022-fue-el-ano-mas-seguro-en-la-historia-de-el-salvador\/\" rel=\"noreferrer noopener\" target=\"_blank\">poco menos de 500<\/a>&nbsp;ese a\u00f1o, frente a las 2398 muertes de 2019. Las personas que vivieron bajo el control de las pandillas durante casi dos d\u00e9cadas se sintieron aliviadas al recuperar sus vidas: poder volver a casa del trabajo sin peligro o llevar a sus hijos al parque.<\/p>\n\n\n\n<p>Aunque m\u00e1s&nbsp;<a href=\"https:\/\/www.swissinfo.ch\/spa\/m%C3%A1s-del-36-%25-de-salvadore%C3%B1os-sabe-del-arresto-de-un-inocente-en-su-comunidad%2C-seg%C3%BAn-sondeo\/87712977\" rel=\"noreferrer noopener\" target=\"_blank\">del 36 por ciento<\/a>&nbsp;de los salvadore\u00f1os conoc\u00eda a alguien que hab\u00eda sido encarcelado injustamente, la mayor\u00eda de la gente no se opuso. Cambiaron derechos te\u00f3ricos \u2014como el debido proceso\u2014 por resultados inmediatos, como la seguridad personal. Y as\u00ed, despu\u00e9s de que los magistrados nombrados por Bukele interpretaran la Constituci\u00f3n para permitirle presentarse a un segundo mandato, gan\u00f3 las elecciones presidenciales de 2024 de forma aplastante, con el 85 por ciento de los votos.<\/p>\n\n\n\n<p>Hoy, las promesas incumplidas de Bukele est\u00e1n por todas partes. Durante su primera campa\u00f1a presidencial, prometi\u00f3 protestar junto a los estudiantes de la Universidad de El Salvador \u2014la \u00fanica universidad del pa\u00eds financiada con fondos p\u00fablicos\u2014 para reformar el sistema educativo. En lugar de ello, su gobierno ha retenido&nbsp;<a href=\"https:\/\/www.swissinfo.ch\/spa\/el-gobierno-salvadore%C3%B1o-debe-32-millones-de-d%C3%B3lares-a-%C3%BAnica-universidad-estatal-del-pa%C3%ADs\/88941025\" rel=\"noreferrer noopener\" target=\"_blank\">m\u00e1s de 30 millones de d\u00f3lares presupuestados<\/a>&nbsp;para la instituci\u00f3n. En 2022 prometi\u00f3&nbsp;<a href=\"https:\/\/www.elsalvador.com\/noticias\/nacional\/derecho-a-la-educacion-presupuestos-de-ministerio-nayib-bukele-\/995434\/2022\/\" rel=\"noreferrer noopener\" target=\"_blank\">renovar 5000 escuelas<\/a>&nbsp;en cinco a\u00f1os, pero en octubre de 2024 solo se hab\u00edan terminado&nbsp;<a href=\"https:\/\/elfaro.net\/es\/202501\/el_salvador\/27703\/gobierno-ha-renovado-424-escuelas-de-las-5-150-que-prometio\" rel=\"noreferrer noopener\" target=\"_blank\">424 escuelas<\/a>. Tambi\u00e9n propuso que El Salvador construyera una econom\u00eda nueva y pr\u00f3spera basada en el bitc\u00f3in, pero este a\u00f1o&nbsp;<a href=\"https:\/\/elfaro.net\/en\/202502\/el_salvador\/27741\/Faithfuls-Cling-to-%E2%80%9CBitcoin-Country%E2%80%9D-after-IMF-Deal-Nixes-Bitcoin.htm\" rel=\"noreferrer noopener\" target=\"_blank\">se elimin\u00f3 el bitc\u00f3in<\/a>&nbsp;como forma de moneda de curso legal debido a un acuerdo de pr\u00e9stamo con el Fondo Monetario Internacional.<\/p>\n\n\n\n<p>Ahora las transgresiones de Bukele ya no se limitan a las fronteras de El Salvador. Se ha burlado de las \u00f3rdenes judiciales de Estados Unidos y ha troleado a&nbsp;<a href=\"https:\/\/x.com\/nayibbukele\/status\/1913028548001923259\" rel=\"noreferrer noopener\" target=\"_blank\">los pol\u00edticos<\/a>&nbsp;estadounidenses. \u201c<a href=\"https:\/\/x.com\/nayibbukele\/status\/1901238762614517965\" rel=\"noreferrer noopener\" target=\"_blank\">Uy\u2026 demasiado tarde<\/a>\u201d, brome\u00f3 en X despu\u00e9s de que un juez ordenara detener los primeros vuelos de deportaci\u00f3n de venezolanos a El Salvador. Tambi\u00e9n&nbsp;<a href=\"https:\/\/x.com\/nayibbukele\/status\/1913028548001923259\" rel=\"noreferrer noopener\" target=\"_blank\">public\u00f3 recientemente fotos<\/a>&nbsp;de Chris Van Hollen, senador por Maryland, visitando a Abrego Garcia en una prisi\u00f3n salvadore\u00f1a, diciendo que ambos bebieron margaritas durante su encuentro. Van Hollen dijo que las bebidas de la mesa hab\u00edan sido colocadas all\u00ed y que ni \u00e9l ni Abrego Garcia las hab\u00edan bebido.<\/p>\n\n\n\n<p>Al parecer, el gobierno de Trump ha acordado pagar a El Salvador&nbsp;<a href=\"https:\/\/apnews.com\/article\/trump-deportations-salvador-tren-aragua-64e72142a171ea57c869c3b35eeecce7\" rel=\"noreferrer noopener\" target=\"_blank\">6 millones de d\u00f3lares<\/a>&nbsp;para que los deportados sean enviados a prisiones salvadore\u00f1as. Bukele dijo que el dinero ayudar\u00eda a hacer autosostenible el sistema penitenciario del pa\u00eds, que, seg\u00fan \u00e9l, cuesta&nbsp;<a href=\"https:\/\/x.com\/nayibbukele\/status\/1901245427216978290\" rel=\"noreferrer noopener\" target=\"_blank\">200 millones de d\u00f3lares al a\u00f1o<\/a>. Adem\u00e1s del dinero, no est\u00e1 claro qu\u00e9 gana El Salvador convirti\u00e9ndose en un chiste mundial y en un lugar de castigo en la pol\u00edtica estadounidense. El pa\u00eds no est\u00e1 exento de los aranceles de Trump, ni este ha presentado ninguna medida de alivio migratorio para los salvadore\u00f1os.<\/p>\n\n\n\n<p>Pero Bukele parece estar sacando algo de esto. El Departamento de Estado estadounidense mejor\u00f3 recientemente la recomendaci\u00f3n de viaje de El Salvador al nivel 1 \u2014el mismo que el de Noruega y Nueva Zelanda\u2014, a pesar de&nbsp;<a href=\"https:\/\/travel.state.gov\/content\/travel\/en\/traveladvisories\/traveladvisories\/el-salvador-travel-advisory.html\" rel=\"noreferrer noopener\" target=\"_blank\">admitir<\/a>&nbsp;que varios ciudadanos estadounidenses y de otros pa\u00edses han sido detenidos en virtud del estado de excepci\u00f3n. El Departamento de Estado tambi\u00e9n&nbsp;<a href=\"https:\/\/www.federalregister.gov\/documents\/2025\/04\/02\/2025-05662\/certification-under-section-7045b2a-of-the-department-of-state-foreign-operations-and-related\" rel=\"noreferrer noopener\" target=\"_blank\">certific\u00f3<\/a>&nbsp;en abril que el gobierno salvadore\u00f1o est\u00e1 reforzando el Estado de derecho, mejorando la transparencia y protegiendo a los defensores de los derechos humanos y a los periodistas.<\/p>\n\n\n\n<p>El gobierno de Bukele tambi\u00e9n ha sido acusado de&nbsp;<a href=\"https:\/\/elfaro.net\/es\/202302\/el_salvador\/26738\/la-proteccion-del-gobierno-de-bukele-a-la-cupula-de-la-ms-13-en-la-mira-de-la-justicia-estadounidense\" rel=\"noreferrer noopener\" target=\"_blank\">negociar<\/a>&nbsp;en secreto con la pandilla MS-13. Seg\u00fan un&nbsp;<a href=\"https:\/\/www.justice.gov\/usao-edny\/press-release\/file\/1569726\/dl?inline=\" rel=\"noreferrer noopener\" target=\"_blank\">acta de acusaci\u00f3n<\/a>&nbsp;federal estadounidense, la pandilla acord\u00f3 matar a menos personas en las calles a cambio de diversas promesas, entre ellas beneficios econ\u00f3micos y condiciones penitenciarias menos restrictivas por parte de su gobierno. Al menos un testigo, cuyo testimonio&nbsp;<a href=\"https:\/\/www.newyorker.com\/news\/the-lede\/the-terrorism-suspect-trump-sent-back-to-bukele\" rel=\"noreferrer noopener\" target=\"_blank\">podr\u00eda haber implicado a<\/a>&nbsp;Bukele, se encontraba entre las personas devueltas a El Salvador en un vuelo de deportaci\u00f3n.<\/p>\n\n\n\n<p>Bukele ha negado repetidamente estas acusaciones, pero en 2021 el Departamento del Tesoro estadounidense impuso&nbsp;<a href=\"https:\/\/www.washingtonpost.com\/world\/2021\/12\/08\/salvador-bukele-gangs-sanctions\/\" rel=\"noreferrer noopener\" target=\"_blank\">sanciones<\/a>&nbsp;a dos funcionarios de su gobierno, entre ellos el director de prisiones, por el papel que supuestamente desempe\u00f1aron en las negociaciones. El jueves,&nbsp;<a href=\"https:\/\/beta.elfaro.net\/las-confesiones-de-charli-entrevista-con-un-lider-pandillero-que-pacto-con-el-gobierno-de-bukele\" rel=\"noreferrer noopener\" target=\"_blank\">El Faro<\/a>&nbsp;public\u00f3 una entrevista con un l\u00edder de la pandilla Barrio 18, rival de la MS-13, sobre las negociaciones que, seg\u00fan la acusaci\u00f3n, Bukele mantuvo con las pandillas. El l\u00edder pandillero dijo que funcionarios del gobierno de Bukele le pidieron apoyo pol\u00edtico y lo llevaron al interior de una prisi\u00f3n de m\u00e1xima seguridad para reunirse con l\u00edderes pandilleros encarcelados.<\/p>\n\n\n\n<p>Antes de que el partido de Bukele sustituyera al fiscal general de El Salvador en 2021, miembros de su gobierno estaban siendo&nbsp;<a href=\"https:\/\/elfaro.net\/es\/202108\/el_salvador\/25668\/Gobierno-de-Bukele-negoci%C3%B3-con-las-tres-pandillas-e-intent%C3%B3-esconder-la-evidencia.htm\" rel=\"noreferrer noopener\" target=\"_blank\">investigados penalmente<\/a>&nbsp;por la fiscal\u00eda en relaci\u00f3n con denuncias de pactos con las pandillas y otros casos de corrupci\u00f3n. Despu\u00e9s de que el gobierno de Bukele cerrara la investigaci\u00f3n, un funcionario de alto rango que dirig\u00eda una unidad anticorrupci\u00f3n de la fiscal\u00eda se&nbsp;<a href=\"https:\/\/www.reuters.com\/world\/americas\/exclusive-salvadoran-ex-prosecutor-says-government-quashed-probe-into-pact-with-2021-12-28\/\" rel=\"noreferrer noopener\" target=\"_blank\">autoexili\u00f3<\/a>, al igual que otros fiscales que hab\u00edan estado investigando la corrupci\u00f3n gubernamental.<\/p>\n\n\n\n<p>En la actualidad, no hay \u00f3rdenes judiciales, investigaciones legislativas ni investigaciones penales en El Salvador que representen una amenaza real para el presidente. \u00c9l se asegur\u00f3 de ello, llenando la Corte Suprema de jueces que lo apoyan e interpretan la Constituci\u00f3n seg\u00fan su voluntad.<\/p>\n\n\n\n<p>Bukele sigue siendo una figura popular, pero lo ha preparado todo para el momento en que eso cambie. Es demasiado tarde para que los salvadore\u00f1os se preocupen por el equilibrio de poderes. Pero los estadounidenses a\u00fan est\u00e1n a tiempo.<\/p>\n\n\n\n<p>_____________________________________________________________________________________________<\/p>\n\n\n\n<p><strong><em>Rauda Zablah <\/em><\/strong>es editor en El Faro. Escribe desde San Salvador. Los puntos de vista expresados no necesariamente son los de EnergiesNet.com.<\/p>\n\n\n\n<p>Nota del Editor:&nbsp;Este art\u00edculo fue originalmente publicado en&nbsp;<em>The New York Times (NYTimes)&nbsp;<\/em>el 6 de mayo del 2025. Reproducimos el mismo en beneficio de los lectores.&nbsp;EnergiesNet.com no se hace responsable por los juicios de valor emitidos por sus colaboradores y columnistas de opini\u00f3n y an\u00e1lisis.<\/p>\n\n\n\n<p><a href=\"https:\/\/lagranaldea.com\/2025\/04\/22\/negociacion-de-aranceles-abre-oportunidad-para-el-mercado-petrolero\/\"><a href=\"https:\/\/www.nytimes.com\/es\/2025\/05\/06\/espanol\/opinion\/nayib-bukele-salvador-carceles-trump.html\">Por fin el mundo se da cuenta de lo peligroso que es Bukele &#8211; The New York Times<\/a><\/a><\/p>\n\n\n\n<p>Aviso de uso: Este sitio contiene material protegido por derechos de autor cuyo uso no siempre ha sido espec\u00edficamente autorizado por el propietario de los derechos. Ponemos a disposici\u00f3n dicho material en nuestro esfuerzo por avanzar en la comprensi\u00f3n de cuestiones de importancia social, medioambiental y humanitaria. Creemos que esto constituye un \u00abuso justo\u00bb de dicho material protegido por derechos de autor, tal y como se establece en la secci\u00f3n 107 de la Ley de Derechos de Autor de los Estados Unidos. De acuerdo con el T\u00edtulo 17 U.S.C. Secci\u00f3n 107.<\/p>\n\n\n\n<p>Para m\u00e1s informaci\u00f3n, visite: http:\/\/www.law.cornell.edu\/uscode\/17\/107.shtml<\/p>\n\n\n\n<p>EnergiesNet.com alienta a las personas a reproducir, reimprimir, y divulgar a trav\u00e9s de los medios audiovisuales e Internet, los comentarios editoriales y de opini\u00f3n de Petroleumworld, siempre y cuando esa reproducci\u00f3n identifique, a el autor, y la fuente original, http:\/\/www.petroleumworld.com y se haga dentro de el uso normal (fair use) de la doctrina de la secci\u00f3n 107 de la Ley de derechos de autor de los Estados Unidos de Norteam\u00e9rica (US Copyright).<\/p>\n\n\n\n<p>energiesnet.com 09 05 2025<\/p>\n","protected":false},"excerpt":{"rendered":"<p>Bukele El Presidente Que Cambi\u00f3 El Salvador A Cualquier Precio Por Nelson Rauda Zablah En mayo de 2020, durante el apogeo de la covid, El Salvador se encontraba bajo una cuarentena controlada por los militares. En una&nbsp;conferencia de prensa, le hice una pregunta al presidente Nayib Bukele sobre una reuni\u00f3n que sostuvo con la comunidad &hellip;<\/p>\n<p class=\"read-more\"> <a class=\"\" href=\"https:\/\/energiesnet.com\/espanol\/por-fin-el-mundo-se-da-cuenta-de-lo-peligroso-que-es-bukele-nelson-rauda-zablah-nytimes\/\"> <span class=\"screen-reader-text\">Por fin el mundo se da cuenta de lo peligroso que es Bukele &#8211; Nelson Rauda Zablah\/NYtimes<\/span> Leer m\u00e1s &raquo;<\/a><\/p>\n","protected":false},"author":2,"featured_media":25513,"comment_status":"open","ping_status":"open","sticky":false,"template":"","format":"standard","meta":{"_monsterinsights_skip_tracking":false,"_monsterinsights_sitenote_active":false,"_monsterinsights_sitenote_note":"","_monsterinsights_sitenote_category":0,"site-sidebar-layout":"default","site-content-layout":"default","ast-global-header-display":"","ast-main-header-display":"","ast-hfb-above-header-display":"","ast-hfb-below-header-display":"","ast-hfb-mobile-header-display":"","site-post-title":"","ast-breadcrumbs-content":"","ast-featured-img":"","footer-sml-layout":"","theme-transparent-header-meta":"","adv-header-id-meta":"","stick-header-meta":"","header-above-stick-meta":"","header-main-stick-meta":"","header-below-stick-meta":"","footnotes":""},"categories":[39],"tags":[],"class_list":["post-25511","post","type-post","status-publish","format-standard","has-post-thumbnail","hentry","category-opinion"],"aioseo_notices":[],"_links":{"self":[{"href":"https:\/\/energiesnet.com\/espanol\/wp-json\/wp\/v2\/posts\/25511","targetHints":{"allow":["GET"]}}],"collection":[{"href":"https:\/\/energiesnet.com\/espanol\/wp-json\/wp\/v2\/posts"}],"about":[{"href":"https:\/\/energiesnet.com\/espanol\/wp-json\/wp\/v2\/types\/post"}],"author":[{"embeddable":true,"href":"https:\/\/energiesnet.com\/espanol\/wp-json\/wp\/v2\/users\/2"}],"replies":[{"embeddable":true,"href":"https:\/\/energiesnet.com\/espanol\/wp-json\/wp\/v2\/comments?post=25511"}],"version-history":[{"count":2,"href":"https:\/\/energiesnet.com\/espanol\/wp-json\/wp\/v2\/posts\/25511\/revisions"}],"predecessor-version":[{"id":25516,"href":"https:\/\/energiesnet.com\/espanol\/wp-json\/wp\/v2\/posts\/25511\/revisions\/25516"}],"wp:featuredmedia":[{"embeddable":true,"href":"https:\/\/energiesnet.com\/espanol\/wp-json\/wp\/v2\/media\/25513"}],"wp:attachment":[{"href":"https:\/\/energiesnet.com\/espanol\/wp-json\/wp\/v2\/media?parent=25511"}],"wp:term":[{"taxonomy":"category","embeddable":true,"href":"https:\/\/energiesnet.com\/espanol\/wp-json\/wp\/v2\/categories?post=25511"},{"taxonomy":"post_tag","embeddable":true,"href":"https:\/\/energiesnet.com\/espanol\/wp-json\/wp\/v2\/tags?post=25511"}],"curies":[{"name":"wp","href":"https:\/\/api.w.org\/{rel}","templated":true}]}}