{"id":25583,"date":"2025-05-23T11:37:08","date_gmt":"2025-05-23T15:37:08","guid":{"rendered":"https:\/\/energiesnet.com\/espanol\/?p=25583"},"modified":"2025-05-23T11:37:13","modified_gmt":"2025-05-23T15:37:13","slug":"cuba-admite-crisis-electrica-y-apuesta-por-mantenimiento-y-energia-solar","status":"publish","type":"post","link":"https:\/\/energiesnet.com\/espanol\/cuba-admite-crisis-electrica-y-apuesta-por-mantenimiento-y-energia-solar\/","title":{"rendered":"Cuba Admite Crisis El\u00e9ctrica y Apuesta por Mantenimiento y Energ\u00eda Solar"},"content":{"rendered":"\n<p>Cuba busca soluciones para su crisis el\u00e9ctrica con mantenimiento y energ\u00eda solar<\/p>\n\n\n\n<figure class=\"wp-block-image size-full is-resized\"><img fetchpriority=\"high\" decoding=\"async\" width=\"600\" height=\"338\" src=\"https:\/\/energiesnet.com\/espanol\/wp-content\/uploads\/2025\/05\/cuba_dark-txt.jpg\" alt=\"\" class=\"wp-image-25584\" style=\"width:750px;height:auto\" srcset=\"https:\/\/energiesnet.com\/espanol\/wp-content\/uploads\/2025\/05\/cuba_dark-txt.jpg 600w, https:\/\/energiesnet.com\/espanol\/wp-content\/uploads\/2025\/05\/cuba_dark-txt-300x169.jpg 300w\" sizes=\"(max-width: 600px) 100vw, 600px\" \/><figcaption class=\"wp-element-caption\">Gobierno de Cuba reconoce \u201cgravedad\u201d del colapso en su sistema el\u00e9ctrico, \u00bfcu\u00e1l es el plan? La apuesta ser\u00e1 rehabilitar y hacer mantenimiento a las centrales termoel\u00e9ctricas, pero tambi\u00e9n instalar parques fotovoltaicos.<\/figcaption><\/figure>\n\n\n\n<p>Carlos Cuevas,  Bloomberg News                    <\/p>\n\n\n\n<p>LA HABANA                     \\<br>EnergiesNet.com 23 05 2025                               <\/p>\n\n\n\n<p>        El Gobierno cubano reconoci\u00f3 que la situaci\u00f3n del sistema el\u00e9ctrico es \u201cgrave\u201d y, aunque asegur\u00f3 estar trabajando en mejorar la capacidad de fuentes t\u00e9rmicas, dej\u00f3 entrever que a corto plazo la situaci\u00f3n podr\u00eda empeorar.<\/p>\n\n\n\n<p>\u201cLa situaci\u00f3n es grave en estos momentos, muy dif\u00edcil, con largas horas de apag\u00f3n\u201d,\u00a0sostuvo el director de la Uni\u00f3n El\u00e9ctrica de Cuba (UNE), Alfredo L\u00f3pez, en la televisi\u00f3n cubana, si bien sus declaraciones tambi\u00e9n fueron recopiladas por el peri\u00f3dico oficialista\u00a0<em>Granma<\/em>.<\/p>\n\n\n\n<p><strong>Ver m\u00e1s:&nbsp;<\/strong><a href=\"https:\/\/www.bloomberglinea.com\/mundo\/estados-unidos\/eeuu-incluyo-a-cuba-en-lista-de-no-cooperantes-contra-el-terrorismo-por-que-y-que-implica\/#:~:text=Bloomberg%20L%C3%ADnea%20%E2%80%94%20Estados%20Unidos%20volvi%C3%B3,Gobierno%20de%20Miguel%20D%C3%ADaz%2DCanel.\">EE.UU. incluy\u00f3 a Cuba en lista de no cooperantes contra el terrorismo: \u00bfpor qu\u00e9 y qu\u00e9 implica?<\/a><\/p>\n\n\n\n<p>L\u00f3pez agreg\u00f3 que la crisis el\u00e9ctrica nacional obedece a que, en los \u00faltimos a\u00f1os, las redes han recibido \u201cmuy poco mantenimiento\u201d y a la falta de \u201cacceso financiero\u201d por cuenta del embargo econ\u00f3mico estadounidense, as\u00ed como la imposici\u00f3n de nuevas sanciones a la isla.<\/p>\n\n\n\n<p>A ello se suma que el 95% de la generaci\u00f3n el\u00e9ctrica depende de combustibles f\u00f3siles\u00a0como el di\u00e9sel, seg\u00fan datos de la Agencia Internacional de la Energ\u00eda (AIE), que escasea en Cuba, y a la dificultad que implica importarlo.<\/p>\n\n\n\n<p>\u201cSi tuvi\u00e9ramos m\u00e1s di\u00e9sel, tendr\u00edamos un nivel de apag\u00f3n mucho menor\u201d, se\u00f1al\u00f3 el director de UNE.<\/p>\n\n\n\n<p>Rusia, por ejemplo, otorg\u00f3\u00a0una asistencia a Cuba de 80.000 toneladas de combustible di\u00e9sel por un valor de US$60 millones durante 2024, para ayudarle manejar los apagones que ha estado padeciendo la isla.<\/p>\n\n\n\n<p>El viceministro primero de Energ\u00eda y Minas, Argelio Jes\u00fas Abad, tambi\u00e9n expres\u00f3 su preocupaci\u00f3n en el programa televisivo, asegurando que\u00a0\u201cla complejidad de los apagones es extrema\u201d.<\/p>\n\n\n\n<p><\/p>\n\n\n\n<h2 class=\"wp-block-heading has-medium-font-size\"><strong>\u00bfC\u00f3mo recuperar la capacidad el\u00e9ctrica?<\/strong><\/h2>\n\n\n\n<p><\/p>\n\n\n\n<p>Aunque la capacidad instalada de energ\u00eda t\u00e9rmica en Cuba es de 1.993 MW de potencia, de acuerdo con el director de electricidad del Ministerio de Energ\u00eda y Minas, L\u00e1zaro C\u00e1rdenas, la generaci\u00f3n no est\u00e1 ni cerca de estos megavatios.<\/p>\n\n\n\n<p>La estimaci\u00f3n es que, en julio, la disponibilidad sea de 1.120 MW, y en agosto, de 1.160 MW,\u00a0gracias al mantenimiento programado en 14 unidades t\u00e9rmicas, que en el corto plazo podr\u00eda implicar \u201cm\u00e1s afectaciones\u201d, seg\u00fan el diario\u00a0<em>Granma<\/em>.<\/p>\n\n\n\n<p><strong>Ver m\u00e1s:&nbsp;<\/strong><a href=\"https:\/\/www.bloomberglinea.com\/latinoamerica\/la-poblacion-de-cuba-se-habria-reducido-en-24-tras-exodo-de-los-ultimos-cuatro-anos\/\">La poblaci\u00f3n de Cuba se habr\u00eda reducido en 24% tras el \u00e9xodo ocurrido en los \u00faltimos cuatro a\u00f1os<\/a><\/p>\n\n\n\n<p>Cuba, adem\u00e1s, apunta a tener 51 parques solares con\u00a0<a href=\"https:\/\/www.bloomberglinea.com\/2024\/12\/30\/cuba-recibe-primer-cargamento-con-equipos-electricos-desde-china-para-combatir-apagones\/\">tecnolog\u00eda china<\/a>\u00a0a enero de 2026, con capacidad para generar 1.115 MW,\u00a0si bien la meta de cara a 2030 es llegar a los 2.000 MW.<\/p>\n\n\n\n<p>Pese al aporte de la energ\u00eda fotovoltaica, no ser\u00eda suficiente para reponer la capacidad t\u00e9rmica que Cuba perdi\u00f3 entre 2019 y 2024, documenta,\u00a0<em>Granma<\/em>, de ah\u00ed que la apuesta sea mantener y rehabilitar las centrales termoel\u00e9ctricas.<\/p>\n\n\n\n<p>bloomberg.com 22 05 2025                                <\/p>\n","protected":false},"excerpt":{"rendered":"<p>Cuba busca soluciones para su crisis el\u00e9ctrica con mantenimiento y energ\u00eda solar Carlos Cuevas, Bloomberg News LA HABANA \\EnergiesNet.com 23 05 2025 El Gobierno cubano reconoci\u00f3 que la situaci\u00f3n del sistema el\u00e9ctrico es \u201cgrave\u201d y, aunque asegur\u00f3 estar trabajando en mejorar la capacidad de fuentes t\u00e9rmicas, dej\u00f3 entrever que a corto plazo la situaci\u00f3n podr\u00eda &hellip;<\/p>\n<p class=\"read-more\"> <a class=\"\" href=\"https:\/\/energiesnet.com\/espanol\/cuba-admite-crisis-electrica-y-apuesta-por-mantenimiento-y-energia-solar\/\"> <span class=\"screen-reader-text\">Cuba Admite Crisis El\u00e9ctrica y Apuesta por Mantenimiento y Energ\u00eda Solar<\/span> Leer m\u00e1s &raquo;<\/a><\/p>\n","protected":false},"author":2,"featured_media":25584,"comment_status":"open","ping_status":"open","sticky":false,"template":"","format":"standard","meta":{"_monsterinsights_skip_tracking":false,"_monsterinsights_sitenote_active":false,"_monsterinsights_sitenote_note":"","_monsterinsights_sitenote_category":0,"site-sidebar-layout":"default","site-content-layout":"default","ast-global-header-display":"","ast-main-header-display":"","ast-hfb-above-header-display":"","ast-hfb-below-header-display":"","ast-hfb-mobile-header-display":"","site-post-title":"","ast-breadcrumbs-content":"","ast-featured-img":"","footer-sml-layout":"","theme-transparent-header-meta":"","adv-header-id-meta":"","stick-header-meta":"","header-above-stick-meta":"","header-main-stick-meta":"","header-below-stick-meta":"","footnotes":""},"categories":[30],"tags":[],"class_list":["post-25583","post","type-post","status-publish","format-standard","has-post-thumbnail","hentry","category-top-news"],"aioseo_notices":[],"_links":{"self":[{"href":"https:\/\/energiesnet.com\/espanol\/wp-json\/wp\/v2\/posts\/25583","targetHints":{"allow":["GET"]}}],"collection":[{"href":"https:\/\/energiesnet.com\/espanol\/wp-json\/wp\/v2\/posts"}],"about":[{"href":"https:\/\/energiesnet.com\/espanol\/wp-json\/wp\/v2\/types\/post"}],"author":[{"embeddable":true,"href":"https:\/\/energiesnet.com\/espanol\/wp-json\/wp\/v2\/users\/2"}],"replies":[{"embeddable":true,"href":"https:\/\/energiesnet.com\/espanol\/wp-json\/wp\/v2\/comments?post=25583"}],"version-history":[{"count":1,"href":"https:\/\/energiesnet.com\/espanol\/wp-json\/wp\/v2\/posts\/25583\/revisions"}],"predecessor-version":[{"id":25585,"href":"https:\/\/energiesnet.com\/espanol\/wp-json\/wp\/v2\/posts\/25583\/revisions\/25585"}],"wp:featuredmedia":[{"embeddable":true,"href":"https:\/\/energiesnet.com\/espanol\/wp-json\/wp\/v2\/media\/25584"}],"wp:attachment":[{"href":"https:\/\/energiesnet.com\/espanol\/wp-json\/wp\/v2\/media?parent=25583"}],"wp:term":[{"taxonomy":"category","embeddable":true,"href":"https:\/\/energiesnet.com\/espanol\/wp-json\/wp\/v2\/categories?post=25583"},{"taxonomy":"post_tag","embeddable":true,"href":"https:\/\/energiesnet.com\/espanol\/wp-json\/wp\/v2\/tags?post=25583"}],"curies":[{"name":"wp","href":"https:\/\/api.w.org\/{rel}","templated":true}]}}