{"id":4669,"date":"2022-01-31T08:23:42","date_gmt":"2022-01-31T12:23:42","guid":{"rendered":"https:\/\/energiesnet.com\/espanol\/?p=4669"},"modified":"2022-01-31T08:23:43","modified_gmt":"2022-01-31T12:23:43","slug":"el-presidente-y-su-proyecto-de-desaparecer-a-las-organizaciones-de-la-sociedad-civil","status":"publish","type":"post","link":"https:\/\/energiesnet.com\/espanol\/el-presidente-y-su-proyecto-de-desaparecer-a-las-organizaciones-de-la-sociedad-civil\/","title":{"rendered":"El presidente y su proyecto de desaparecer a las organizaciones de la sociedad civil"},"content":{"rendered":"\n<figure class=\"wp-block-image size-full\"><img decoding=\"async\" width=\"233\" height=\"155\" src=\"https:\/\/energiesnet.com\/espanol\/wp-content\/uploads\/2022\/01\/ruben_aguilar-half-2.jpg\" alt=\"\" class=\"wp-image-4575\"\/><figcaption>Rub\u00e9n Aguilar Valenzuela<\/figcaption><\/figure>\n\n\n\n<figure class=\"wp-block-table\"><table><tbody><tr><td>Desde el primer d\u00eda de su mandato el presidente arremeti\u00f3 contra las Organizaciones de la Sociedad Civil (OSC). Su actitud expresa una vieja y anquilosada concepci\u00f3n pol\u00edtica. Para \u00e9l, Estado y gobierno son la misma cosa.<br>\u00a0<br>Su posici\u00f3n revela en la Universidad no estudi\u00f3 el marxismo de Antonio Gramsci, que plante\u00f3, desde los a\u00f1os veinte del siglo pasado, que el Estado estaba integrado por el gobierno y la sociedad civil.<br>\u00a0<br>Muestra tambi\u00e9n, que el presidente no ha le\u00eddo a los distintos te\u00f3ricos del Estado que desde final de la d\u00e9cada de los ochenta plantean que el Estado se compone de gobierno, mercado y sociedad civil.<br>\u00a0<br>Si el presidente hubiera estudiado a Gramsci y se mantuviera al d\u00eda de la nueva teor\u00eda del Estado su posici\u00f3n con relaci\u00f3n a las OSC ser\u00eda otra. Entender\u00eda, entre otras cosas, que son constructoras del Estado y pieza clave de la gobernanza.<br>\u00a0<br>Como ser\u00eda tambi\u00e9n, que en esa condici\u00f3n los recursos p\u00fablicos, que administran el gobierno, pero no son de \u00e9l deber\u00edan tambi\u00e9n ser canalizados a las OSC, que desarrollan obras claves al servicio de la comunidad.<br>\u00a0<br>Como vive en el pasado y todo indica que nunca se ha renovado conceptualmente no solo menosprecia el trabajo de las OSC y su rol pol\u00edtico-social sino que las quiere desaparecer.<br>\u00a0<br>Y para eso se ha propuesto estrangularlas al no darles recursos p\u00fablicos. As\u00ed piensa que ir\u00e1n dejando de existir. Ese es su proyecto. De una u otra manera lo ha hecho p\u00fablico y ha operado en esa direcci\u00f3n.<br>\u00a0<br>As\u00ed, en lo que va del sexenio, el monto de los donativos contemplados en el Presupuesto de Egresos de la Federaci\u00f3n a las OSC se ha reducido en forma considerable con relaci\u00f3n a los gobiernos que lo antecedieron.<br>\u00a0<br>En 2020 se destinaron 404 millones de pesos a las OSC, 81 % menos que el promedio anual registrado de 2010 a 2018, de acuerdo con M\u00e9xico Eval\u00faa.<br>\u00a0<br>S\u00f3lo en la primera mitad de 2021 se erogaron 95 millones de pesos en donativos, 69 % menos que en el mismo lapso de 2020 y 83 % menos que el promedio semestral de 2010 a 2018, que fue de 479 millones.<br>\u00a0<br>Desde 2006 hay lineamientos para que las dependencias federales puedan otorgar donativos a OSC, universidades p\u00fablicas o secretar\u00edas estatales, con recursos de su presupuesto autorizado.<br>\u00a0<br>De 2010 a 2018 en promedio se donaron 2 mil 179 millones de pesos a OSC dedicadas a resolver necesidades sociales como violencia de g\u00e9nero, trata de personas, atenci\u00f3n al c\u00e1ncer, entre otras.<br>\u00a0<br>Pero en esta Administraci\u00f3n, el monto de donativos del Presupuesto federal para esas organizaciones que prestan un servicio fundamental a la sociedad pr\u00e1cticamente se elimin\u00f3.<br>\u00a0<br>\u00abParece clara la estrategia gubernamental de debilitamiento de la sociedad civil organizada. Los recortes al financiamiento de las agrupaciones ciudadanas a lo largo de esta Administraci\u00f3n lo demuestran\u00bb, dice M\u00e9xico Eval\u00faa.<br>\u00a0<br>Entre 2010 y 2018, en promedio 655 organizaciones recibieron donativos, pero en 2019 s\u00f3lo fueron 76, en su mayor\u00eda secretar\u00edas en las entidades federativas.<br>\u00a0<br>En 2020 y 2021 esa pol\u00edtica no cambi\u00f3 y por eso merm\u00f3 la creaci\u00f3n de nuevas organizaciones: s\u00f3lo 185 nuevas OSC se registraron en el Directorio de las Organizaciones de la Sociedad Civil. Es la cifra m\u00e1s baja desde 1993, \u00e9poca previa al inicio de la transici\u00f3n democr\u00e1tica de nuestro pa\u00eds, afirma M\u00e9xico Eval\u00faa.<br>\u00a0<br>A cambio de lo que ocurre con el actual gobierno, los donativos privados a las organizaciones aumentaron en mil 500 millones de pesos de 2018 a 2020, debido a un crecimiento de 20 por ciento de las donaciones provenientes del extranjero.<br>\u00a0<br>En el sector de las OSC preocupa que en 2022, con los cambios fiscales que limitar\u00e1n el porcentaje de deducciones de los donativos, pueda haber menores recursos de los particulares. \u00a0<\/td><\/tr><\/tbody><\/table><\/figure>\n\n\n\n<p class=\"wp-block-paragraph\">Nota del Editor:\u00a0Este art\u00edculo fue originalmente publicado por Animal Pol\u00edtico, 17 de enero, 2022. Reproducimos el mismo en beneficio de los lectores.\u00a0Petroleumworld\u00a0en Espa\u00f1ol no se hace responsable por los juicios de valor emitidos por sus colaboradores y columnistas de opini\u00f3n y an\u00e1lisis.<\/p>\n\n\n\n<p class=\"wp-block-paragraph\">Petroleumworld alienta a las personas a reproducir, reimprimir, y divulgar a trav\u00e9s de los medios audiovisuales e Internet, los comentarios editoriales y de opini\u00f3n de Petroleumworld, siempre y cuando esa reproducci\u00f3n identifique, a el autor, y la fuente original, http:\/\/www.petroleumworld.com y se haga dentro de el uso normal (fair use) de la doctrina de la secci\u00f3n 107 de la Ley de derechos de autor de los Estados Unidos de Norteam\u00e9rica (US Copyright).<br><br>EnergiesNet.com 31 01 2022<\/p>\n\n\n\n<p class=\"wp-block-paragraph\">Copyright \u00a91999-2021 para el autor o agencia de noticias respectiva.Todos los Derechos Reservados.<\/p>\n\n\n\n<p class=\"wp-block-paragraph\">Invitamos el uso de los contenidos de Petroleumworld pudiendo ser utilizados por cualquier medio, para su reproducci\u00f3n, sea esta total o parcial, pero debe ser necesariamente atribuida a Petroleumworld.Los contenidos de otras fuentes y los agencias deben tener la autorizacion respectiva de sus autores.<\/p>\n\n\n\n<p class=\"wp-block-paragraph\">Petroleumworldve.com Copyright \u00a92022 EnergiesNet.<\/p>\n","protected":false},"excerpt":{"rendered":"<p>Desde el primer d\u00eda de su mandato el presidente arremeti\u00f3 contra las Organizaciones de la Sociedad Civil (OSC). Su actitud expresa una vieja y anquilosada concepci\u00f3n pol\u00edtica. Para \u00e9l, Estado y gobierno son la misma cosa.\u00a0Su posici\u00f3n revela en la Universidad no estudi\u00f3 el marxismo de Antonio Gramsci, que plante\u00f3, desde los a\u00f1os veinte del &hellip;<\/p>\n<p class=\"read-more\"> <a class=\"\" href=\"https:\/\/energiesnet.com\/espanol\/el-presidente-y-su-proyecto-de-desaparecer-a-las-organizaciones-de-la-sociedad-civil\/\"> <span class=\"screen-reader-text\">El presidente y su proyecto de desaparecer a las organizaciones de la sociedad civil<\/span> Leer m\u00e1s &raquo;<\/a><\/p>\n","protected":false},"author":2,"featured_media":4670,"comment_status":"open","ping_status":"open","sticky":false,"template":"","format":"standard","meta":{"_monsterinsights_skip_tracking":false,"site-sidebar-layout":"default","site-content-layout":"default","ast-global-header-display":"","ast-main-header-display":"","ast-hfb-above-header-display":"","ast-hfb-below-header-display":"","ast-hfb-mobile-header-display":"","site-post-title":"","ast-breadcrumbs-content":"","ast-featured-img":"","footer-sml-layout":"","theme-transparent-header-meta":"default","adv-header-id-meta":"","stick-header-meta":"default","header-above-stick-meta":"","header-main-stick-meta":"","header-below-stick-meta":"","footnotes":""},"categories":[48],"tags":[],"class_list":["post-4669","post","type-post","status-publish","format-standard","has-post-thumbnail","hentry","category-comentario-del-dia"],"aioseo_notices":[],"aioseo_head":"\n\t\t<!-- All in One SEO 5.0.1.1 - aioseo.com -->\n\t<meta name=\"description\" content=\"Nota del Editor: Este art\u00edculo fue originalmente publicado por Animal Pol\u00edtico, 17 de enero, 2022. Reproducimos el mismo en beneficio de los lectores. Petroleumworld en Espa\u00f1ol no se hace responsable por los juicios de valor emitidos por sus colaboradores y columnistas de opini\u00f3n y an\u00e1lisis. Petroleumworld alienta a las personas a reproducir, reimprimir, y divulgar a trav\u00e9s de\" \/>\n\t<meta name=\"robots\" content=\"max-image-preview:large\" \/>\n\t<meta name=\"author\" content=\"EnergiesNet\"\/>\n\t<link rel=\"canonical\" href=\"https:\/\/energiesnet.com\/espanol\/el-presidente-y-su-proyecto-de-desaparecer-a-las-organizaciones-de-la-sociedad-civil\/\" \/>\n\t<meta name=\"generator\" content=\"All in One SEO (AIOSEO) 5.0.1.1\" \/>\n\t\t<meta property=\"og:locale\" content=\"es_ES\" \/>\n\t\t<meta property=\"og:site_name\" content=\"EnergiestNet - Latin America Energy, Oil ,  Gas &amp; Renewals\" \/>\n\t\t<meta property=\"og:type\" content=\"article\" \/>\n\t\t<meta property=\"og:title\" content=\"El presidente y su proyecto de desaparecer a las organizaciones de la sociedad civil - EnergiestNet\" \/>\n\t\t<meta property=\"og:description\" content=\"Nota del Editor: Este art\u00edculo fue originalmente publicado por Animal Pol\u00edtico, 17 de enero, 2022. Reproducimos el mismo en beneficio de los lectores. Petroleumworld en Espa\u00f1ol no se hace responsable por los juicios de valor emitidos por sus colaboradores y columnistas de opini\u00f3n y an\u00e1lisis. Petroleumworld alienta a las personas a reproducir, reimprimir, y divulgar a trav\u00e9s de\" \/>\n\t\t<meta property=\"og:url\" content=\"https:\/\/energiesnet.com\/espanol\/el-presidente-y-su-proyecto-de-desaparecer-a-las-organizaciones-de-la-sociedad-civil\/\" \/>\n\t\t<meta property=\"og:image\" content=\"https:\/\/energiesnet.com\/espanol\" \/>\n\t\t<meta property=\"og:image:secure_url\" content=\"https:\/\/energiesnet.com\/espanol\" \/>\n\t\t<meta property=\"article:published_time\" content=\"2022-01-31T12:23:42+00:00\" \/>\n\t\t<meta property=\"article:modified_time\" content=\"2022-01-31T12:23:43+00:00\" \/>\n\t\t<meta property=\"article:publisher\" content=\"https:\/\/www.facebook.com\/\/EnergiesNet\" \/>\n\t\t<meta name=\"twitter:card\" content=\"summary_large_image\" \/>\n\t\t<meta name=\"twitter:site\" content=\"@EnergiesNet1\" \/>\n\t\t<meta name=\"twitter:title\" content=\"El presidente y su proyecto de desaparecer a las organizaciones de la sociedad civil - EnergiestNet\" \/>\n\t\t<meta name=\"twitter:description\" content=\"Nota del Editor: Este art\u00edculo fue originalmente publicado por Animal Pol\u00edtico, 17 de enero, 2022. Reproducimos el mismo en beneficio de los lectores. Petroleumworld en Espa\u00f1ol no se hace responsable por los juicios de valor emitidos por sus colaboradores y columnistas de opini\u00f3n y an\u00e1lisis. Petroleumworld alienta a las personas a reproducir, reimprimir, y divulgar a trav\u00e9s de\" \/>\n\t\t<meta name=\"twitter:creator\" content=\"@EnergiesNet1\" \/>\n\t\t<meta name=\"twitter:image\" content=\"https:\/\/energiesnet.com\/espanol\" \/>\n\t\t<script type=\"application\/ld+json\" class=\"aioseo-schema\">\n\t\t\t{\"@context\":\"https:\\\/\\\/schema.org\",\"@graph\":[{\"@type\":\"BlogPosting\",\"@id\":\"https:\\\/\\\/energiesnet.com\\\/espanol\\\/el-presidente-y-su-proyecto-de-desaparecer-a-las-organizaciones-de-la-sociedad-civil\\\/#blogposting\",\"name\":\"El presidente y su proyecto de desaparecer a las organizaciones de la sociedad civil - EnergiestNet\",\"headline\":\"El presidente y su proyecto de desaparecer a las organizaciones de la sociedad civil\",\"author\":{\"@id\":\"https:\\\/\\\/energiesnet.com\\\/espanol\\\/author\\\/elioohep\\\/#author\"},\"publisher\":{\"@id\":\"https:\\\/\\\/energiesnet.com\\\/espanol\\\/#organization\"},\"image\":{\"@type\":\"ImageObject\",\"url\":\"https:\\\/\\\/energiesnet.com\\\/espanol\\\/wp-content\\\/uploads\\\/2022\\\/01\\\/ruben_aguilar_600.jpg\",\"width\":600,\"height\":400},\"datePublished\":\"2022-01-31T08:23:42-04:00\",\"dateModified\":\"2022-01-31T08:23:43-04:00\",\"inLanguage\":\"es-ES\",\"mainEntityOfPage\":{\"@id\":\"https:\\\/\\\/energiesnet.com\\\/espanol\\\/el-presidente-y-su-proyecto-de-desaparecer-a-las-organizaciones-de-la-sociedad-civil\\\/#webpage\"},\"isPartOf\":{\"@id\":\"https:\\\/\\\/energiesnet.com\\\/espanol\\\/el-presidente-y-su-proyecto-de-desaparecer-a-las-organizaciones-de-la-sociedad-civil\\\/#webpage\"},\"articleSection\":\"Comentario del d\\u00eda\"},{\"@type\":\"BreadcrumbList\",\"@id\":\"https:\\\/\\\/energiesnet.com\\\/espanol\\\/el-presidente-y-su-proyecto-de-desaparecer-a-las-organizaciones-de-la-sociedad-civil\\\/#breadcrumblist\",\"itemListElement\":[{\"@type\":\"ListItem\",\"@id\":\"https:\\\/\\\/energiesnet.com\\\/espanol#listItem\",\"position\":1,\"name\":\"Inicio\",\"item\":\"https:\\\/\\\/energiesnet.com\\\/espanol\",\"nextItem\":{\"@type\":\"ListItem\",\"@id\":\"https:\\\/\\\/energiesnet.com\\\/espanol\\\/category\\\/comentario-del-dia\\\/#listItem\",\"name\":\"Comentario del d\\u00eda\"}},{\"@type\":\"ListItem\",\"@id\":\"https:\\\/\\\/energiesnet.com\\\/espanol\\\/category\\\/comentario-del-dia\\\/#listItem\",\"position\":2,\"name\":\"Comentario del d\\u00eda\",\"item\":\"https:\\\/\\\/energiesnet.com\\\/espanol\\\/category\\\/comentario-del-dia\\\/\",\"nextItem\":{\"@type\":\"ListItem\",\"@id\":\"https:\\\/\\\/energiesnet.com\\\/espanol\\\/el-presidente-y-su-proyecto-de-desaparecer-a-las-organizaciones-de-la-sociedad-civil\\\/#listItem\",\"name\":\"El presidente y su proyecto de desaparecer a las organizaciones de la sociedad civil\"},\"previousItem\":{\"@type\":\"ListItem\",\"@id\":\"https:\\\/\\\/energiesnet.com\\\/espanol#listItem\",\"name\":\"Inicio\"}},{\"@type\":\"ListItem\",\"@id\":\"https:\\\/\\\/energiesnet.com\\\/espanol\\\/el-presidente-y-su-proyecto-de-desaparecer-a-las-organizaciones-de-la-sociedad-civil\\\/#listItem\",\"position\":3,\"name\":\"El presidente y su proyecto de desaparecer a las organizaciones de la sociedad civil\",\"previousItem\":{\"@type\":\"ListItem\",\"@id\":\"https:\\\/\\\/energiesnet.com\\\/espanol\\\/category\\\/comentario-del-dia\\\/#listItem\",\"name\":\"Comentario del d\\u00eda\"}}]},{\"@type\":\"Organization\",\"@id\":\"https:\\\/\\\/energiesnet.com\\\/espanol\\\/#organization\",\"name\":\"EnergiestNet\",\"description\":\"Latin America Energy, Oil ,  Gas & Renewals\",\"url\":\"https:\\\/\\\/energiesnet.com\\\/espanol\\\/\",\"telephone\":\"+584142763041\",\"logo\":{\"@type\":\"ImageObject\",\"url\":\"https:\\\/\\\/energiesnet.com\\\/espanol\\\/wp-content\\\/uploads\\\/2022\\\/12\\\/EnergiesNet-Logo-200.jpg\",\"@id\":\"https:\\\/\\\/energiesnet.com\\\/espanol\\\/el-presidente-y-su-proyecto-de-desaparecer-a-las-organizaciones-de-la-sociedad-civil\\\/#organizationLogo\",\"width\":200,\"height\":220},\"image\":{\"@id\":\"https:\\\/\\\/energiesnet.com\\\/espanol\\\/el-presidente-y-su-proyecto-de-desaparecer-a-las-organizaciones-de-la-sociedad-civil\\\/#organizationLogo\"},\"sameAs\":[\"https:\\\/\\\/www.facebook.com\\\/\\\/EnergiesNet\",\"https:\\\/\\\/twitter.com\\\/EnergiesNet1\",\"https:\\\/\\\/www.instagram.com\\\/energiesnet\\\/\",\"https:\\\/\\\/linkedin.com\\\/in\\\/elio-ohep-a465b78\"]},{\"@type\":\"Person\",\"@id\":\"https:\\\/\\\/energiesnet.com\\\/espanol\\\/author\\\/elioohep\\\/#author\",\"url\":\"https:\\\/\\\/energiesnet.com\\\/espanol\\\/author\\\/elioohep\\\/\",\"name\":\"EnergiesNet\",\"image\":{\"@type\":\"ImageObject\",\"@id\":\"https:\\\/\\\/energiesnet.com\\\/espanol\\\/el-presidente-y-su-proyecto-de-desaparecer-a-las-organizaciones-de-la-sociedad-civil\\\/#authorImage\",\"url\":\"https:\\\/\\\/secure.gravatar.com\\\/avatar\\\/5412deb1089370e2bdf1d1310563df78bf3dc9f9e388ca5748bced95cfdb664b?s=96&d=mm&r=g\",\"width\":96,\"height\":96,\"caption\":\"EnergiesNet\"}},{\"@type\":\"WebPage\",\"@id\":\"https:\\\/\\\/energiesnet.com\\\/espanol\\\/el-presidente-y-su-proyecto-de-desaparecer-a-las-organizaciones-de-la-sociedad-civil\\\/#webpage\",\"url\":\"https:\\\/\\\/energiesnet.com\\\/espanol\\\/el-presidente-y-su-proyecto-de-desaparecer-a-las-organizaciones-de-la-sociedad-civil\\\/\",\"name\":\"El presidente y su proyecto de desaparecer a las organizaciones de la sociedad civil - EnergiestNet\",\"description\":\"Nota del Editor: Este art\\u00edculo fue originalmente publicado por Animal Pol\\u00edtico, 17 de enero, 2022. Reproducimos el mismo en beneficio de los lectores. Petroleumworld en Espa\\u00f1ol no se hace responsable por los juicios de valor emitidos por sus colaboradores y columnistas de opini\\u00f3n y an\\u00e1lisis. Petroleumworld alienta a las personas a reproducir, reimprimir, y divulgar a trav\\u00e9s de\",\"inLanguage\":\"es-ES\",\"isPartOf\":{\"@id\":\"https:\\\/\\\/energiesnet.com\\\/espanol\\\/#website\"},\"breadcrumb\":{\"@id\":\"https:\\\/\\\/energiesnet.com\\\/espanol\\\/el-presidente-y-su-proyecto-de-desaparecer-a-las-organizaciones-de-la-sociedad-civil\\\/#breadcrumblist\"},\"author\":{\"@id\":\"https:\\\/\\\/energiesnet.com\\\/espanol\\\/author\\\/elioohep\\\/#author\"},\"creator\":{\"@id\":\"https:\\\/\\\/energiesnet.com\\\/espanol\\\/author\\\/elioohep\\\/#author\"},\"image\":{\"@type\":\"ImageObject\",\"url\":\"https:\\\/\\\/energiesnet.com\\\/espanol\\\/wp-content\\\/uploads\\\/2022\\\/01\\\/ruben_aguilar_600.jpg\",\"@id\":\"https:\\\/\\\/energiesnet.com\\\/espanol\\\/el-presidente-y-su-proyecto-de-desaparecer-a-las-organizaciones-de-la-sociedad-civil\\\/#mainImage\",\"width\":600,\"height\":400},\"primaryImageOfPage\":{\"@id\":\"https:\\\/\\\/energiesnet.com\\\/espanol\\\/el-presidente-y-su-proyecto-de-desaparecer-a-las-organizaciones-de-la-sociedad-civil\\\/#mainImage\"},\"datePublished\":\"2022-01-31T08:23:42-04:00\",\"dateModified\":\"2022-01-31T08:23:43-04:00\"},{\"@type\":\"WebSite\",\"@id\":\"https:\\\/\\\/energiesnet.com\\\/espanol\\\/#website\",\"url\":\"https:\\\/\\\/energiesnet.com\\\/espanol\\\/\",\"name\":\"EnergiestNet\",\"description\":\"Latin America Energy, Oil ,  Gas & Renewals\",\"inLanguage\":\"es-ES\",\"publisher\":{\"@id\":\"https:\\\/\\\/energiesnet.com\\\/espanol\\\/#organization\"}}]}\n\t\t<\/script>\n\t\t<!-- All in One SEO -->\n\n","aioseo_head_json":{"title":"El presidente y su proyecto de desaparecer a las organizaciones de la sociedad civil - EnergiestNet","description":"Nota del Editor: Este art\u00edculo fue originalmente publicado por Animal Pol\u00edtico, 17 de enero, 2022. Reproducimos el mismo en beneficio de los lectores. Petroleumworld en Espa\u00f1ol no se hace responsable por los juicios de valor emitidos por sus colaboradores y columnistas de opini\u00f3n y an\u00e1lisis. Petroleumworld alienta a las personas a reproducir, reimprimir, y divulgar a trav\u00e9s de","canonical_url":"https:\/\/energiesnet.com\/espanol\/el-presidente-y-su-proyecto-de-desaparecer-a-las-organizaciones-de-la-sociedad-civil\/","robots":"max-image-preview:large","keywords":"","webmasterTools":{"miscellaneous":""},"schema":{"@context":"https:\/\/schema.org","@graph":[{"@type":"BlogPosting","@id":"https:\/\/energiesnet.com\/espanol\/el-presidente-y-su-proyecto-de-desaparecer-a-las-organizaciones-de-la-sociedad-civil\/#blogposting","name":"El presidente y su proyecto de desaparecer a las organizaciones de la sociedad civil - EnergiestNet","headline":"El presidente y su proyecto de desaparecer a las organizaciones de la sociedad civil","author":{"@id":"https:\/\/energiesnet.com\/espanol\/author\/elioohep\/#author"},"publisher":{"@id":"https:\/\/energiesnet.com\/espanol\/#organization"},"image":{"@type":"ImageObject","url":"https:\/\/energiesnet.com\/espanol\/wp-content\/uploads\/2022\/01\/ruben_aguilar_600.jpg","width":600,"height":400},"datePublished":"2022-01-31T08:23:42-04:00","dateModified":"2022-01-31T08:23:43-04:00","inLanguage":"es-ES","mainEntityOfPage":{"@id":"https:\/\/energiesnet.com\/espanol\/el-presidente-y-su-proyecto-de-desaparecer-a-las-organizaciones-de-la-sociedad-civil\/#webpage"},"isPartOf":{"@id":"https:\/\/energiesnet.com\/espanol\/el-presidente-y-su-proyecto-de-desaparecer-a-las-organizaciones-de-la-sociedad-civil\/#webpage"},"articleSection":"Comentario del d\u00eda"},{"@type":"BreadcrumbList","@id":"https:\/\/energiesnet.com\/espanol\/el-presidente-y-su-proyecto-de-desaparecer-a-las-organizaciones-de-la-sociedad-civil\/#breadcrumblist","itemListElement":[{"@type":"ListItem","@id":"https:\/\/energiesnet.com\/espanol#listItem","position":1,"name":"Inicio","item":"https:\/\/energiesnet.com\/espanol","nextItem":{"@type":"ListItem","@id":"https:\/\/energiesnet.com\/espanol\/category\/comentario-del-dia\/#listItem","name":"Comentario del d\u00eda"}},{"@type":"ListItem","@id":"https:\/\/energiesnet.com\/espanol\/category\/comentario-del-dia\/#listItem","position":2,"name":"Comentario del d\u00eda","item":"https:\/\/energiesnet.com\/espanol\/category\/comentario-del-dia\/","nextItem":{"@type":"ListItem","@id":"https:\/\/energiesnet.com\/espanol\/el-presidente-y-su-proyecto-de-desaparecer-a-las-organizaciones-de-la-sociedad-civil\/#listItem","name":"El presidente y su proyecto de desaparecer a las organizaciones de la sociedad civil"},"previousItem":{"@type":"ListItem","@id":"https:\/\/energiesnet.com\/espanol#listItem","name":"Inicio"}},{"@type":"ListItem","@id":"https:\/\/energiesnet.com\/espanol\/el-presidente-y-su-proyecto-de-desaparecer-a-las-organizaciones-de-la-sociedad-civil\/#listItem","position":3,"name":"El presidente y su proyecto de desaparecer a las organizaciones de la sociedad civil","previousItem":{"@type":"ListItem","@id":"https:\/\/energiesnet.com\/espanol\/category\/comentario-del-dia\/#listItem","name":"Comentario del d\u00eda"}}]},{"@type":"Organization","@id":"https:\/\/energiesnet.com\/espanol\/#organization","name":"EnergiestNet","description":"Latin America Energy, Oil ,  Gas & Renewals","url":"https:\/\/energiesnet.com\/espanol\/","telephone":"+584142763041","logo":{"@type":"ImageObject","url":"https:\/\/energiesnet.com\/espanol\/wp-content\/uploads\/2022\/12\/EnergiesNet-Logo-200.jpg","@id":"https:\/\/energiesnet.com\/espanol\/el-presidente-y-su-proyecto-de-desaparecer-a-las-organizaciones-de-la-sociedad-civil\/#organizationLogo","width":200,"height":220},"image":{"@id":"https:\/\/energiesnet.com\/espanol\/el-presidente-y-su-proyecto-de-desaparecer-a-las-organizaciones-de-la-sociedad-civil\/#organizationLogo"},"sameAs":["https:\/\/www.facebook.com\/\/EnergiesNet","https:\/\/twitter.com\/EnergiesNet1","https:\/\/www.instagram.com\/energiesnet\/","https:\/\/linkedin.com\/in\/elio-ohep-a465b78"]},{"@type":"Person","@id":"https:\/\/energiesnet.com\/espanol\/author\/elioohep\/#author","url":"https:\/\/energiesnet.com\/espanol\/author\/elioohep\/","name":"EnergiesNet","image":{"@type":"ImageObject","@id":"https:\/\/energiesnet.com\/espanol\/el-presidente-y-su-proyecto-de-desaparecer-a-las-organizaciones-de-la-sociedad-civil\/#authorImage","url":"https:\/\/secure.gravatar.com\/avatar\/5412deb1089370e2bdf1d1310563df78bf3dc9f9e388ca5748bced95cfdb664b?s=96&d=mm&r=g","width":96,"height":96,"caption":"EnergiesNet"}},{"@type":"WebPage","@id":"https:\/\/energiesnet.com\/espanol\/el-presidente-y-su-proyecto-de-desaparecer-a-las-organizaciones-de-la-sociedad-civil\/#webpage","url":"https:\/\/energiesnet.com\/espanol\/el-presidente-y-su-proyecto-de-desaparecer-a-las-organizaciones-de-la-sociedad-civil\/","name":"El presidente y su proyecto de desaparecer a las organizaciones de la sociedad civil - EnergiestNet","description":"Nota del Editor: Este art\u00edculo fue originalmente publicado por Animal Pol\u00edtico, 17 de enero, 2022. Reproducimos el mismo en beneficio de los lectores. Petroleumworld en Espa\u00f1ol no se hace responsable por los juicios de valor emitidos por sus colaboradores y columnistas de opini\u00f3n y an\u00e1lisis. Petroleumworld alienta a las personas a reproducir, reimprimir, y divulgar a trav\u00e9s de","inLanguage":"es-ES","isPartOf":{"@id":"https:\/\/energiesnet.com\/espanol\/#website"},"breadcrumb":{"@id":"https:\/\/energiesnet.com\/espanol\/el-presidente-y-su-proyecto-de-desaparecer-a-las-organizaciones-de-la-sociedad-civil\/#breadcrumblist"},"author":{"@id":"https:\/\/energiesnet.com\/espanol\/author\/elioohep\/#author"},"creator":{"@id":"https:\/\/energiesnet.com\/espanol\/author\/elioohep\/#author"},"image":{"@type":"ImageObject","url":"https:\/\/energiesnet.com\/espanol\/wp-content\/uploads\/2022\/01\/ruben_aguilar_600.jpg","@id":"https:\/\/energiesnet.com\/espanol\/el-presidente-y-su-proyecto-de-desaparecer-a-las-organizaciones-de-la-sociedad-civil\/#mainImage","width":600,"height":400},"primaryImageOfPage":{"@id":"https:\/\/energiesnet.com\/espanol\/el-presidente-y-su-proyecto-de-desaparecer-a-las-organizaciones-de-la-sociedad-civil\/#mainImage"},"datePublished":"2022-01-31T08:23:42-04:00","dateModified":"2022-01-31T08:23:43-04:00"},{"@type":"WebSite","@id":"https:\/\/energiesnet.com\/espanol\/#website","url":"https:\/\/energiesnet.com\/espanol\/","name":"EnergiestNet","description":"Latin America Energy, Oil ,  Gas & Renewals","inLanguage":"es-ES","publisher":{"@id":"https:\/\/energiesnet.com\/espanol\/#organization"}}]},"og:locale":"es_ES","og:site_name":"EnergiestNet - Latin America Energy, Oil ,  Gas &amp; Renewals","og:type":"article","og:title":"El presidente y su proyecto de desaparecer a las organizaciones de la sociedad civil - EnergiestNet","og:description":"Nota del Editor: Este art\u00edculo fue originalmente publicado por Animal Pol\u00edtico, 17 de enero, 2022. Reproducimos el mismo en beneficio de los lectores. Petroleumworld en Espa\u00f1ol no se hace responsable por los juicios de valor emitidos por sus colaboradores y columnistas de opini\u00f3n y an\u00e1lisis. Petroleumworld alienta a las personas a reproducir, reimprimir, y divulgar a trav\u00e9s de","og:url":"https:\/\/energiesnet.com\/espanol\/el-presidente-y-su-proyecto-de-desaparecer-a-las-organizaciones-de-la-sociedad-civil\/","og:image":"https:\/\/energiesnet.com\/espanol","og:image:secure_url":"https:\/\/energiesnet.com\/espanol","article:published_time":"2022-01-31T12:23:42+00:00","article:modified_time":"2022-01-31T12:23:43+00:00","article:publisher":"https:\/\/www.facebook.com\/\/EnergiesNet","twitter:card":"summary_large_image","twitter:site":"@EnergiesNet1","twitter:title":"El presidente y su proyecto de desaparecer a las organizaciones de la sociedad civil - EnergiestNet","twitter:description":"Nota del Editor: Este art\u00edculo fue originalmente publicado por Animal Pol\u00edtico, 17 de enero, 2022. Reproducimos el mismo en beneficio de los lectores. Petroleumworld en Espa\u00f1ol no se hace responsable por los juicios de valor emitidos por sus colaboradores y columnistas de opini\u00f3n y an\u00e1lisis. Petroleumworld alienta a las personas a reproducir, reimprimir, y divulgar a trav\u00e9s de","twitter:creator":"@EnergiesNet1","twitter:image":"https:\/\/energiesnet.com\/espanol"},"aioseo_meta_data":{"post_id":"4669","title":null,"description":null,"keywords":null,"keyphrases":null,"primary_term":null,"canonical_url":null,"og_title":null,"og_description":null,"og_object_type":"default","og_image_type":"default","og_image_url":null,"og_image_width":null,"og_image_height":null,"og_image_custom_url":null,"og_image_custom_fields":null,"og_video":null,"og_custom_url":null,"og_article_section":null,"og_article_tags":null,"twitter_use_og":false,"twitter_card":"default","twitter_image_type":"default","twitter_image_url":null,"twitter_image_custom_url":null,"twitter_image_custom_fields":null,"twitter_title":null,"twitter_description":null,"schema":{"blockGraphs":[],"customGraphs":[],"default":{"data":{"Article":[],"Course":[],"Dataset":[],"FAQPage":[],"Movie":[],"Person":[],"Product":[],"ProductReview":[],"Car":[],"Recipe":[],"Service":[],"SoftwareApplication":[],"WebPage":[]},"graphName":"","isEnabled":true},"graphs":[]},"schema_type":"default","schema_type_options":null,"pillar_content":false,"robots_default":true,"robots_noindex":false,"robots_noarchive":false,"robots_nosnippet":false,"robots_nofollow":false,"robots_noimageindex":false,"robots_noodp":false,"robots_notranslate":false,"robots_max_snippet":null,"robots_max_videopreview":null,"robots_max_imagepreview":"large","priority":null,"frequency":null,"local_seo":null,"breadcrumb_settings":null,"limit_modified_date":false,"ai":null,"created":"2022-12-14 12:05:09","updated":"2025-06-04 09:43:37","seo_analyzer_scan_date":null,"focus_keyword":null,"additional_keywords":null,"truseo_locale":null},"aioseo_breadcrumb":"<div class=\"aioseo-breadcrumbs\"><span class=\"aioseo-breadcrumb\">\n\t\t\t<a href=\"https:\/\/energiesnet.com\/espanol\" title=\"Inicio\">Inicio<\/a>\n\t\t<\/span><span class=\"aioseo-breadcrumb-separator\">&raquo;<\/span><span class=\"aioseo-breadcrumb\">\n\t\t\t<a href=\"https:\/\/energiesnet.com\/espanol\/category\/comentario-del-dia\/\" title=\"Comentario del d\u00eda\">Comentario del d\u00eda<\/a>\n\t\t<\/span><span class=\"aioseo-breadcrumb-separator\">&raquo;<\/span><span class=\"aioseo-breadcrumb\">\n\t\t\tEl presidente y su proyecto de desaparecer a las organizaciones de la sociedad civil\n\t\t<\/span><\/div>","aioseo_breadcrumb_json":[{"label":"Inicio","link":"https:\/\/energiesnet.com\/espanol"},{"label":"Comentario del d\u00eda","link":"https:\/\/energiesnet.com\/espanol\/category\/comentario-del-dia\/"},{"label":"El presidente y su proyecto de desaparecer a las organizaciones de la sociedad civil","link":"https:\/\/energiesnet.com\/espanol\/el-presidente-y-su-proyecto-de-desaparecer-a-las-organizaciones-de-la-sociedad-civil\/"}],"_links":{"self":[{"href":"https:\/\/energiesnet.com\/espanol\/wp-json\/wp\/v2\/posts\/4669","targetHints":{"allow":["GET"]}}],"collection":[{"href":"https:\/\/energiesnet.com\/espanol\/wp-json\/wp\/v2\/posts"}],"about":[{"href":"https:\/\/energiesnet.com\/espanol\/wp-json\/wp\/v2\/types\/post"}],"author":[{"embeddable":true,"href":"https:\/\/energiesnet.com\/espanol\/wp-json\/wp\/v2\/users\/2"}],"replies":[{"embeddable":true,"href":"https:\/\/energiesnet.com\/espanol\/wp-json\/wp\/v2\/comments?post=4669"}],"version-history":[{"count":0,"href":"https:\/\/energiesnet.com\/espanol\/wp-json\/wp\/v2\/posts\/4669\/revisions"}],"wp:featuredmedia":[{"embeddable":true,"href":"https:\/\/energiesnet.com\/espanol\/wp-json\/wp\/v2\/media\/4670"}],"wp:attachment":[{"href":"https:\/\/energiesnet.com\/espanol\/wp-json\/wp\/v2\/media?parent=4669"}],"wp:term":[{"taxonomy":"category","embeddable":true,"href":"https:\/\/energiesnet.com\/espanol\/wp-json\/wp\/v2\/categories?post=4669"},{"taxonomy":"post_tag","embeddable":true,"href":"https:\/\/energiesnet.com\/espanol\/wp-json\/wp\/v2\/tags?post=4669"}],"curies":[{"name":"wp","href":"https:\/\/api.w.org\/{rel}","templated":true}]}}