{"id":6452,"date":"2022-03-21T03:49:10","date_gmt":"2022-03-21T07:49:10","guid":{"rendered":"https:\/\/energiesnet.com\/espanol\/?p=6452"},"modified":"2022-03-21T04:19:52","modified_gmt":"2022-03-21T08:19:52","slug":"audios-revelarian-lo-que-habria-provocado-la-salida-del-gerente-general-de-petroperu-los-petroamigos","status":"publish","type":"post","link":"https:\/\/energiesnet.com\/espanol\/audios-revelarian-lo-que-habria-provocado-la-salida-del-gerente-general-de-petroperu-los-petroamigos\/","title":{"rendered":"Audios revelar\u00edan lo que habr\u00eda provocado la salida del gerente general de Petroper\u00fa -Los Petroamigos"},"content":{"rendered":"\n<p class=\"wp-block-paragraph\">La Unidad de Investigaci\u00f3n de \u201cPunto Final\u201d accedi\u00f3 a audios que revelan nombramientos en Petroper\u00fa puestos adrede en la gesti\u00f3n de Hugo Ch\u00e1vez Arevalo, reciente renunciante a la gerencia.<\/p>\n\n\n\n<figure class=\"wp-block-image size-full\"><img fetchpriority=\"high\" decoding=\"async\" width=\"600\" height=\"400\" src=\"https:\/\/energiesnet.com\/espanol\/wp-content\/uploads\/2022\/03\/petroperu_chavez-ceo-la-republica.jpg\" alt=\"\" class=\"wp-image-6453\" srcset=\"https:\/\/energiesnet.com\/espanol\/wp-content\/uploads\/2022\/03\/petroperu_chavez-ceo-la-republica.jpg 600w, https:\/\/energiesnet.com\/espanol\/wp-content\/uploads\/2022\/03\/petroperu_chavez-ceo-la-republica-300x200.jpg 300w\" sizes=\"(max-width: 600px) 100vw, 600px\" \/><figcaption>En medio de denuncias de corrupci\u00f3n, Hugo Ch\u00e1vez renunci\u00f3 a Petroper\u00fa (La Rep\u00fablica)<\/figcaption><\/figure>\n\n\n\n<p class=\"wp-block-paragraph\"><a href=\"https:\/\/larepublica.pe\/autor\/economia-lr\/\">Econom\u00eda LR<\/a>, La Rep\u00fablica<\/p>\n\n\n\n<p class=\"wp-block-paragraph\">LIMA  <br>EnergiesNet.com 21 03 2022<br><br>Cinco meses dur\u00f3&nbsp;<strong>Hugo Ch\u00e1vez<\/strong>&nbsp;como gerente general de&nbsp;<strong>Petroper\u00fa<\/strong>. En la tarde del 20 de marzo,&nbsp;<a href=\"https:\/\/larepublica.pe\/economia\/2022\/03\/20\/hugo-chavez-renuncio-a-la-gerencia-general-y-directorio-de-petroperu\/\">el tambi\u00e9n economista present\u00f3 su renuncia<\/a>, que tendr\u00e1 validez a partir de este lunes 21. A comienzos de semana, el directorio de la entidad deber\u00e1 nombrar a su reemplazo.<\/p>\n\n\n\n<blockquote class=\"wp-block-quote is-layout-flow wp-block-quote-is-layout-flow\"><p><strong>PUEDES VER:&nbsp;<\/strong><a href=\"https:\/\/larepublica.pe\/economia\/2022\/03\/20\/mef-defiende-sus-fueros-y-niega-apoyo-a-gestion-de-petroperu-minem-contraloria\/\">MEF defiende sus fueros y niega apoyo a gesti\u00f3n de Petroper\u00fa<\/a><\/p><\/blockquote>\n\n\n\n<figure class=\"wp-block-image\"><img decoding=\"async\" src=\"https:\/\/larepublica.pe\/resizer\/FEoXPQ5q_h6E3pIbplIiKrToZNQ=\/538x0\/top\/larepublica.pe\/resizer\/TofKyJHnuCvo47vrskuYIXzh0qA=\/538x0\/top\/smart\/cloudfront-us-east-1.images.arcpublishing.com\/gruporepublica\/LT67QRO7IZDKJEYLZ6OCN2CV6I.jpg\" alt=\"Foto: Petroper\u00fa\" title=\"Foto: Petroper\u00fa\"\/><figcaption>Foto: Petroper\u00fa<\/figcaption><\/figure>\n\n\n\n<p class=\"wp-block-paragraph\">El s\u00e1bado 19 de marzo, el&nbsp;<strong>presidente Pedro Castillo<\/strong>&nbsp;recibi\u00f3 en Palacio a Hugo Ch\u00e1vez. La reuni\u00f3n que mantuvieron, en compa\u00f1\u00eda de tres funcionarios de la cartera de Energ\u00eda y Minas, dur\u00f3 24 minutos, seg\u00fan el registro de Transparencia. La Unidad de Investigaci\u00f3n de Latina afirma que, ese mismo d\u00eda, quien fue gerente general de Petroper\u00fa supo de la filtraci\u00f3n de los audios obtenidos por el medio.<\/p>\n\n\n\n<p class=\"wp-block-paragraph\">Esta es la transcripci\u00f3n de la nota de voz de poco m\u00e1s de 32 segundos que el equipo de indagaci\u00f3n de Latina obtuvo:<\/p>\n\n\n\n<p class=\"wp-block-paragraph\">\u201cJusto tengo dos compras (&#8230;) dos emergencias por el tema de remediaci\u00f3n, una por 10 millones y otra por 14 millones (&#8230;) Si la empresa tiene experiencia o puede importar experiencia o puede hacer esa gesti\u00f3n, lo podemos mover, podemos manejar el proceso \u00bfya? Pero simplemente quiero saber si es que pueden hacerlo para poder involucrar (&#8230;) Total, ya le sacaste ya el registro de proveedor ah\u00ed, en Petro (&#8230;)\u201d.<\/p>\n\n\n\n<p class=\"wp-block-paragraph\">La voz del audio, seg\u00fan la fuente que hizo llegar el clip, ser\u00eda del empresario Marcio Chumacero, gerente general y due\u00f1o del 95% de las acciones de AVP y Seguridad SAC. La empresa tiene una relaci\u00f3n contractual con Petroper\u00fa y es comprendida en la investigaci\u00f3n llevada a cabo en la Fiscal\u00eda Anticorrupci\u00f3n por la presunta desaparici\u00f3n de informaci\u00f3n del registro de visitas de la sede principal de la empresa, en el contexto del caso&nbsp;<strong>Karelim L\u00f3pez<\/strong>&nbsp;y Samir Abudayeh.<\/p>\n\n\n\n<blockquote class=\"wp-block-quote is-layout-flow wp-block-quote-is-layout-flow\"><p><strong>PUEDES VER:&nbsp;<\/strong><a href=\"https:\/\/larepublica.pe\/economia\/2022\/03\/20\/stapp-sindicato-de-petroperu-suspende-huelga-nacional-programada-para-este-lunes-21-marzo\/\">Sindicato de Petroper\u00fa suspende huelga nacional programada para este lunes 21 marzo<\/a><\/p><\/blockquote>\n\n\n\n<p class=\"wp-block-paragraph\">El perito consultado por el medio referido dijo que las caracter\u00edsticas vocales son similares, as\u00ed que se trata, efectivamente, de Chumacero.<\/p>\n\n\n\n<p class=\"wp-block-paragraph\">AVP y Seguridad SAC es una empresa que brinda seguridad privada desde el 9 de diciembre de 2021 a quien fue gerente general de Petroper\u00fa, Hugo Ch\u00e1vez, y al presidente del directorio, Mario Contreras.<\/p>\n\n\n\n<p class=\"wp-block-paragraph\">El accionista del 5% restante de la entidad es Hans Heysen Ar\u00e9valo, quien admiti\u00f3 tener relaci\u00f3n amical con Ch\u00e1vez desde hace siete u ocho a\u00f1os, seg\u00fan Latina. El economista y renunciante a la gerencia de Petroper\u00fa dice que se trata de un \u201cconocido\u201d.<\/p>\n\n\n\n<p class=\"wp-block-paragraph\">Heysen registra visitas a Petroper\u00fa el 24 de noviembre y el 1 diciembre de 2021, d\u00edas antes de que AVP y Seguridad SAC fuera la \u00fanica empresa que present\u00f3 cotizaci\u00f3n e inmediatamente fue contratada. Sin competencia.<\/p>\n\n\n\n<p class=\"wp-block-paragraph\">La empresa brinda su servicio por nueve meses por 560.000 soles en total, de acuerdo a la documentaci\u00f3n alcanzada por el \u00c1rea de Comunicaciones de Petroper\u00fa a Latina.<\/p>\n\n\n\n<p class=\"wp-block-paragraph\">Entre enero y febrero de 2022, AVP y Seguridad SAC gan\u00f3 contratos con entidades como el Fondo Mivivienda, el Seguro Integral de Salud, el Instituto Nacional de Salud, entre otros muchos, por un total de 6 millones 456 mil soles.<\/p>\n\n\n\n<p class=\"wp-block-paragraph\">larepublica.pe 20 03 2022<\/p>\n","protected":false},"excerpt":{"rendered":"<p>La Unidad de Investigaci\u00f3n de \u201cPunto Final\u201d accedi\u00f3 a audios que revelan nombramientos en Petroper\u00fa puestos adrede en la gesti\u00f3n de Hugo Ch\u00e1vez Arevalo, reciente renunciante a la gerencia. Econom\u00eda LR, La Rep\u00fablica LIMA EnergiesNet.com 21 03 2022 Cinco meses dur\u00f3&nbsp;Hugo Ch\u00e1vez&nbsp;como gerente general de&nbsp;Petroper\u00fa. En la tarde del 20 de marzo,&nbsp;el tambi\u00e9n economista present\u00f3 &hellip;<\/p>\n<p class=\"read-more\"> <a class=\"\" href=\"https:\/\/energiesnet.com\/espanol\/audios-revelarian-lo-que-habria-provocado-la-salida-del-gerente-general-de-petroperu-los-petroamigos\/\"> <span class=\"screen-reader-text\">Audios revelar\u00edan lo que habr\u00eda provocado la salida del gerente general de Petroper\u00fa -Los Petroamigos<\/span> Leer m\u00e1s &raquo;<\/a><\/p>\n","protected":false},"author":2,"featured_media":6453,"comment_status":"open","ping_status":"open","sticky":false,"template":"","format":"standard","meta":{"_monsterinsights_skip_tracking":false,"site-sidebar-layout":"default","site-content-layout":"default","ast-global-header-display":"","ast-main-header-display":"","ast-hfb-above-header-display":"","ast-hfb-below-header-display":"","ast-hfb-mobile-header-display":"","site-post-title":"","ast-breadcrumbs-content":"","ast-featured-img":"","footer-sml-layout":"","theme-transparent-header-meta":"default","adv-header-id-meta":"","stick-header-meta":"default","header-above-stick-meta":"","header-main-stick-meta":"","header-below-stick-meta":"","footnotes":""},"categories":[45],"tags":[],"class_list":["post-6452","post","type-post","status-publish","format-standard","has-post-thumbnail","hentry","category-noticias-diarias"],"aioseo_notices":[],"aioseo_head":"\n\t\t<!-- All in One SEO 5.0.1.1 - aioseo.com -->\n\t<meta name=\"description\" content=\"La Unidad de Investigaci\u00f3n de \u201cPunto Final\u201d accedi\u00f3 a audios que revelan nombramientos en Petroper\u00fa puestos adrede en la gesti\u00f3n de Hugo Ch\u00e1vez Arevalo, reciente renunciante a la gerencia. Econom\u00eda LR, La Rep\u00fablica LIMA EnergiesNet.com 21 03 2022Cinco meses dur\u00f3 Hugo Ch\u00e1vez como gerente general de Petroper\u00fa. En la tarde del 20 de marzo, el tambi\u00e9n economista present\u00f3 su\" \/>\n\t<meta name=\"robots\" content=\"max-image-preview:large\" \/>\n\t<meta name=\"author\" content=\"EnergiesNet\"\/>\n\t<link rel=\"canonical\" href=\"https:\/\/energiesnet.com\/espanol\/audios-revelarian-lo-que-habria-provocado-la-salida-del-gerente-general-de-petroperu-los-petroamigos\/\" \/>\n\t<meta name=\"generator\" content=\"All in One SEO (AIOSEO) 5.0.1.1\" \/>\n\t\t<meta property=\"og:locale\" content=\"es_ES\" \/>\n\t\t<meta property=\"og:site_name\" content=\"EnergiestNet - Latin America Energy, Oil ,  Gas &amp; Renewals\" \/>\n\t\t<meta property=\"og:type\" content=\"article\" \/>\n\t\t<meta property=\"og:title\" content=\"Audios revelar\u00edan lo que habr\u00eda provocado la salida del gerente general de Petroper\u00fa -Los Petroamigos - EnergiestNet\" \/>\n\t\t<meta property=\"og:description\" content=\"La Unidad de Investigaci\u00f3n de \u201cPunto Final\u201d accedi\u00f3 a audios que revelan nombramientos en Petroper\u00fa puestos adrede en la gesti\u00f3n de Hugo Ch\u00e1vez Arevalo, reciente renunciante a la gerencia. Econom\u00eda LR, La Rep\u00fablica LIMA EnergiesNet.com 21 03 2022Cinco meses dur\u00f3 Hugo Ch\u00e1vez como gerente general de Petroper\u00fa. En la tarde del 20 de marzo, el tambi\u00e9n economista present\u00f3 su\" \/>\n\t\t<meta property=\"og:url\" content=\"https:\/\/energiesnet.com\/espanol\/audios-revelarian-lo-que-habria-provocado-la-salida-del-gerente-general-de-petroperu-los-petroamigos\/\" \/>\n\t\t<meta property=\"og:image\" content=\"https:\/\/energiesnet.com\/espanol\" \/>\n\t\t<meta property=\"og:image:secure_url\" content=\"https:\/\/energiesnet.com\/espanol\" \/>\n\t\t<meta property=\"article:published_time\" content=\"2022-03-21T07:49:10+00:00\" \/>\n\t\t<meta property=\"article:modified_time\" content=\"2022-03-21T08:19:52+00:00\" \/>\n\t\t<meta property=\"article:publisher\" content=\"https:\/\/www.facebook.com\/\/EnergiesNet\" \/>\n\t\t<meta name=\"twitter:card\" content=\"summary_large_image\" \/>\n\t\t<meta name=\"twitter:site\" content=\"@EnergiesNet1\" \/>\n\t\t<meta name=\"twitter:title\" content=\"Audios revelar\u00edan lo que habr\u00eda provocado la salida del gerente general de Petroper\u00fa -Los Petroamigos - EnergiestNet\" \/>\n\t\t<meta name=\"twitter:description\" content=\"La Unidad de Investigaci\u00f3n de \u201cPunto Final\u201d accedi\u00f3 a audios que revelan nombramientos en Petroper\u00fa puestos adrede en la gesti\u00f3n de Hugo Ch\u00e1vez Arevalo, reciente renunciante a la gerencia. Econom\u00eda LR, La Rep\u00fablica LIMA EnergiesNet.com 21 03 2022Cinco meses dur\u00f3 Hugo Ch\u00e1vez como gerente general de Petroper\u00fa. En la tarde del 20 de marzo, el tambi\u00e9n economista present\u00f3 su\" \/>\n\t\t<meta name=\"twitter:creator\" content=\"@EnergiesNet1\" \/>\n\t\t<meta name=\"twitter:image\" content=\"https:\/\/energiesnet.com\/espanol\" \/>\n\t\t<script type=\"application\/ld+json\" class=\"aioseo-schema\">\n\t\t\t{\"@context\":\"https:\\\/\\\/schema.org\",\"@graph\":[{\"@type\":\"BlogPosting\",\"@id\":\"https:\\\/\\\/energiesnet.com\\\/espanol\\\/audios-revelarian-lo-que-habria-provocado-la-salida-del-gerente-general-de-petroperu-los-petroamigos\\\/#blogposting\",\"name\":\"Audios revelar\\u00edan lo que habr\\u00eda provocado la salida del gerente general de Petroper\\u00fa -Los Petroamigos - EnergiestNet\",\"headline\":\"Audios revelar\\u00edan lo que habr\\u00eda provocado la salida del gerente general de Petroper\\u00fa -Los Petroamigos\",\"author\":{\"@id\":\"https:\\\/\\\/energiesnet.com\\\/espanol\\\/author\\\/elioohep\\\/#author\"},\"publisher\":{\"@id\":\"https:\\\/\\\/energiesnet.com\\\/espanol\\\/#organization\"},\"image\":{\"@type\":\"ImageObject\",\"url\":\"https:\\\/\\\/energiesnet.com\\\/espanol\\\/wp-content\\\/uploads\\\/2022\\\/03\\\/petroperu_chavez-ceo-la-republica.jpg\",\"width\":600,\"height\":400},\"datePublished\":\"2022-03-21T03:49:10-04:00\",\"dateModified\":\"2022-03-21T04:19:52-04:00\",\"inLanguage\":\"es-ES\",\"mainEntityOfPage\":{\"@id\":\"https:\\\/\\\/energiesnet.com\\\/espanol\\\/audios-revelarian-lo-que-habria-provocado-la-salida-del-gerente-general-de-petroperu-los-petroamigos\\\/#webpage\"},\"isPartOf\":{\"@id\":\"https:\\\/\\\/energiesnet.com\\\/espanol\\\/audios-revelarian-lo-que-habria-provocado-la-salida-del-gerente-general-de-petroperu-los-petroamigos\\\/#webpage\"},\"articleSection\":\"Noticias Diarias\"},{\"@type\":\"BreadcrumbList\",\"@id\":\"https:\\\/\\\/energiesnet.com\\\/espanol\\\/audios-revelarian-lo-que-habria-provocado-la-salida-del-gerente-general-de-petroperu-los-petroamigos\\\/#breadcrumblist\",\"itemListElement\":[{\"@type\":\"ListItem\",\"@id\":\"https:\\\/\\\/energiesnet.com\\\/espanol#listItem\",\"position\":1,\"name\":\"Inicio\",\"item\":\"https:\\\/\\\/energiesnet.com\\\/espanol\",\"nextItem\":{\"@type\":\"ListItem\",\"@id\":\"https:\\\/\\\/energiesnet.com\\\/espanol\\\/category\\\/noticias-diarias\\\/#listItem\",\"name\":\"Noticias Diarias\"}},{\"@type\":\"ListItem\",\"@id\":\"https:\\\/\\\/energiesnet.com\\\/espanol\\\/category\\\/noticias-diarias\\\/#listItem\",\"position\":2,\"name\":\"Noticias Diarias\",\"item\":\"https:\\\/\\\/energiesnet.com\\\/espanol\\\/category\\\/noticias-diarias\\\/\",\"nextItem\":{\"@type\":\"ListItem\",\"@id\":\"https:\\\/\\\/energiesnet.com\\\/espanol\\\/audios-revelarian-lo-que-habria-provocado-la-salida-del-gerente-general-de-petroperu-los-petroamigos\\\/#listItem\",\"name\":\"Audios revelar\\u00edan lo que habr\\u00eda provocado la salida del gerente general de Petroper\\u00fa -Los Petroamigos\"},\"previousItem\":{\"@type\":\"ListItem\",\"@id\":\"https:\\\/\\\/energiesnet.com\\\/espanol#listItem\",\"name\":\"Inicio\"}},{\"@type\":\"ListItem\",\"@id\":\"https:\\\/\\\/energiesnet.com\\\/espanol\\\/audios-revelarian-lo-que-habria-provocado-la-salida-del-gerente-general-de-petroperu-los-petroamigos\\\/#listItem\",\"position\":3,\"name\":\"Audios revelar\\u00edan lo que habr\\u00eda provocado la salida del gerente general de Petroper\\u00fa -Los Petroamigos\",\"previousItem\":{\"@type\":\"ListItem\",\"@id\":\"https:\\\/\\\/energiesnet.com\\\/espanol\\\/category\\\/noticias-diarias\\\/#listItem\",\"name\":\"Noticias Diarias\"}}]},{\"@type\":\"Organization\",\"@id\":\"https:\\\/\\\/energiesnet.com\\\/espanol\\\/#organization\",\"name\":\"EnergiestNet\",\"description\":\"Latin America Energy, Oil ,  Gas & Renewals\",\"url\":\"https:\\\/\\\/energiesnet.com\\\/espanol\\\/\",\"telephone\":\"+584142763041\",\"logo\":{\"@type\":\"ImageObject\",\"url\":\"https:\\\/\\\/energiesnet.com\\\/espanol\\\/wp-content\\\/uploads\\\/2022\\\/12\\\/EnergiesNet-Logo-200.jpg\",\"@id\":\"https:\\\/\\\/energiesnet.com\\\/espanol\\\/audios-revelarian-lo-que-habria-provocado-la-salida-del-gerente-general-de-petroperu-los-petroamigos\\\/#organizationLogo\",\"width\":200,\"height\":220},\"image\":{\"@id\":\"https:\\\/\\\/energiesnet.com\\\/espanol\\\/audios-revelarian-lo-que-habria-provocado-la-salida-del-gerente-general-de-petroperu-los-petroamigos\\\/#organizationLogo\"},\"sameAs\":[\"https:\\\/\\\/www.facebook.com\\\/\\\/EnergiesNet\",\"https:\\\/\\\/twitter.com\\\/EnergiesNet1\",\"https:\\\/\\\/www.instagram.com\\\/energiesnet\\\/\",\"https:\\\/\\\/linkedin.com\\\/in\\\/elio-ohep-a465b78\"]},{\"@type\":\"Person\",\"@id\":\"https:\\\/\\\/energiesnet.com\\\/espanol\\\/author\\\/elioohep\\\/#author\",\"url\":\"https:\\\/\\\/energiesnet.com\\\/espanol\\\/author\\\/elioohep\\\/\",\"name\":\"EnergiesNet\",\"image\":{\"@type\":\"ImageObject\",\"@id\":\"https:\\\/\\\/energiesnet.com\\\/espanol\\\/audios-revelarian-lo-que-habria-provocado-la-salida-del-gerente-general-de-petroperu-los-petroamigos\\\/#authorImage\",\"url\":\"https:\\\/\\\/secure.gravatar.com\\\/avatar\\\/5412deb1089370e2bdf1d1310563df78bf3dc9f9e388ca5748bced95cfdb664b?s=96&d=mm&r=g\",\"width\":96,\"height\":96,\"caption\":\"EnergiesNet\"}},{\"@type\":\"WebPage\",\"@id\":\"https:\\\/\\\/energiesnet.com\\\/espanol\\\/audios-revelarian-lo-que-habria-provocado-la-salida-del-gerente-general-de-petroperu-los-petroamigos\\\/#webpage\",\"url\":\"https:\\\/\\\/energiesnet.com\\\/espanol\\\/audios-revelarian-lo-que-habria-provocado-la-salida-del-gerente-general-de-petroperu-los-petroamigos\\\/\",\"name\":\"Audios revelar\\u00edan lo que habr\\u00eda provocado la salida del gerente general de Petroper\\u00fa -Los Petroamigos - EnergiestNet\",\"description\":\"La Unidad de Investigaci\\u00f3n de \\u201cPunto Final\\u201d accedi\\u00f3 a audios que revelan nombramientos en Petroper\\u00fa puestos adrede en la gesti\\u00f3n de Hugo Ch\\u00e1vez Arevalo, reciente renunciante a la gerencia. Econom\\u00eda LR, La Rep\\u00fablica LIMA EnergiesNet.com 21 03 2022Cinco meses dur\\u00f3 Hugo Ch\\u00e1vez como gerente general de Petroper\\u00fa. En la tarde del 20 de marzo, el tambi\\u00e9n economista present\\u00f3 su\",\"inLanguage\":\"es-ES\",\"isPartOf\":{\"@id\":\"https:\\\/\\\/energiesnet.com\\\/espanol\\\/#website\"},\"breadcrumb\":{\"@id\":\"https:\\\/\\\/energiesnet.com\\\/espanol\\\/audios-revelarian-lo-que-habria-provocado-la-salida-del-gerente-general-de-petroperu-los-petroamigos\\\/#breadcrumblist\"},\"author\":{\"@id\":\"https:\\\/\\\/energiesnet.com\\\/espanol\\\/author\\\/elioohep\\\/#author\"},\"creator\":{\"@id\":\"https:\\\/\\\/energiesnet.com\\\/espanol\\\/author\\\/elioohep\\\/#author\"},\"image\":{\"@type\":\"ImageObject\",\"url\":\"https:\\\/\\\/energiesnet.com\\\/espanol\\\/wp-content\\\/uploads\\\/2022\\\/03\\\/petroperu_chavez-ceo-la-republica.jpg\",\"@id\":\"https:\\\/\\\/energiesnet.com\\\/espanol\\\/audios-revelarian-lo-que-habria-provocado-la-salida-del-gerente-general-de-petroperu-los-petroamigos\\\/#mainImage\",\"width\":600,\"height\":400},\"primaryImageOfPage\":{\"@id\":\"https:\\\/\\\/energiesnet.com\\\/espanol\\\/audios-revelarian-lo-que-habria-provocado-la-salida-del-gerente-general-de-petroperu-los-petroamigos\\\/#mainImage\"},\"datePublished\":\"2022-03-21T03:49:10-04:00\",\"dateModified\":\"2022-03-21T04:19:52-04:00\"},{\"@type\":\"WebSite\",\"@id\":\"https:\\\/\\\/energiesnet.com\\\/espanol\\\/#website\",\"url\":\"https:\\\/\\\/energiesnet.com\\\/espanol\\\/\",\"name\":\"EnergiestNet\",\"description\":\"Latin America Energy, Oil ,  Gas & Renewals\",\"inLanguage\":\"es-ES\",\"publisher\":{\"@id\":\"https:\\\/\\\/energiesnet.com\\\/espanol\\\/#organization\"}}]}\n\t\t<\/script>\n\t\t<!-- All in One SEO -->\n\n","aioseo_head_json":{"title":"Audios revelar\u00edan lo que habr\u00eda provocado la salida del gerente general de Petroper\u00fa -Los Petroamigos - EnergiestNet","description":"La Unidad de Investigaci\u00f3n de \u201cPunto Final\u201d accedi\u00f3 a audios que revelan nombramientos en Petroper\u00fa puestos adrede en la gesti\u00f3n de Hugo Ch\u00e1vez Arevalo, reciente renunciante a la gerencia. Econom\u00eda LR, La Rep\u00fablica LIMA EnergiesNet.com 21 03 2022Cinco meses dur\u00f3 Hugo Ch\u00e1vez como gerente general de Petroper\u00fa. En la tarde del 20 de marzo, el tambi\u00e9n economista present\u00f3 su","canonical_url":"https:\/\/energiesnet.com\/espanol\/audios-revelarian-lo-que-habria-provocado-la-salida-del-gerente-general-de-petroperu-los-petroamigos\/","robots":"max-image-preview:large","keywords":"","webmasterTools":{"miscellaneous":""},"schema":{"@context":"https:\/\/schema.org","@graph":[{"@type":"BlogPosting","@id":"https:\/\/energiesnet.com\/espanol\/audios-revelarian-lo-que-habria-provocado-la-salida-del-gerente-general-de-petroperu-los-petroamigos\/#blogposting","name":"Audios revelar\u00edan lo que habr\u00eda provocado la salida del gerente general de Petroper\u00fa -Los Petroamigos - EnergiestNet","headline":"Audios revelar\u00edan lo que habr\u00eda provocado la salida del gerente general de Petroper\u00fa -Los Petroamigos","author":{"@id":"https:\/\/energiesnet.com\/espanol\/author\/elioohep\/#author"},"publisher":{"@id":"https:\/\/energiesnet.com\/espanol\/#organization"},"image":{"@type":"ImageObject","url":"https:\/\/energiesnet.com\/espanol\/wp-content\/uploads\/2022\/03\/petroperu_chavez-ceo-la-republica.jpg","width":600,"height":400},"datePublished":"2022-03-21T03:49:10-04:00","dateModified":"2022-03-21T04:19:52-04:00","inLanguage":"es-ES","mainEntityOfPage":{"@id":"https:\/\/energiesnet.com\/espanol\/audios-revelarian-lo-que-habria-provocado-la-salida-del-gerente-general-de-petroperu-los-petroamigos\/#webpage"},"isPartOf":{"@id":"https:\/\/energiesnet.com\/espanol\/audios-revelarian-lo-que-habria-provocado-la-salida-del-gerente-general-de-petroperu-los-petroamigos\/#webpage"},"articleSection":"Noticias Diarias"},{"@type":"BreadcrumbList","@id":"https:\/\/energiesnet.com\/espanol\/audios-revelarian-lo-que-habria-provocado-la-salida-del-gerente-general-de-petroperu-los-petroamigos\/#breadcrumblist","itemListElement":[{"@type":"ListItem","@id":"https:\/\/energiesnet.com\/espanol#listItem","position":1,"name":"Inicio","item":"https:\/\/energiesnet.com\/espanol","nextItem":{"@type":"ListItem","@id":"https:\/\/energiesnet.com\/espanol\/category\/noticias-diarias\/#listItem","name":"Noticias Diarias"}},{"@type":"ListItem","@id":"https:\/\/energiesnet.com\/espanol\/category\/noticias-diarias\/#listItem","position":2,"name":"Noticias Diarias","item":"https:\/\/energiesnet.com\/espanol\/category\/noticias-diarias\/","nextItem":{"@type":"ListItem","@id":"https:\/\/energiesnet.com\/espanol\/audios-revelarian-lo-que-habria-provocado-la-salida-del-gerente-general-de-petroperu-los-petroamigos\/#listItem","name":"Audios revelar\u00edan lo que habr\u00eda provocado la salida del gerente general de Petroper\u00fa -Los Petroamigos"},"previousItem":{"@type":"ListItem","@id":"https:\/\/energiesnet.com\/espanol#listItem","name":"Inicio"}},{"@type":"ListItem","@id":"https:\/\/energiesnet.com\/espanol\/audios-revelarian-lo-que-habria-provocado-la-salida-del-gerente-general-de-petroperu-los-petroamigos\/#listItem","position":3,"name":"Audios revelar\u00edan lo que habr\u00eda provocado la salida del gerente general de Petroper\u00fa -Los Petroamigos","previousItem":{"@type":"ListItem","@id":"https:\/\/energiesnet.com\/espanol\/category\/noticias-diarias\/#listItem","name":"Noticias Diarias"}}]},{"@type":"Organization","@id":"https:\/\/energiesnet.com\/espanol\/#organization","name":"EnergiestNet","description":"Latin America Energy, Oil ,  Gas & Renewals","url":"https:\/\/energiesnet.com\/espanol\/","telephone":"+584142763041","logo":{"@type":"ImageObject","url":"https:\/\/energiesnet.com\/espanol\/wp-content\/uploads\/2022\/12\/EnergiesNet-Logo-200.jpg","@id":"https:\/\/energiesnet.com\/espanol\/audios-revelarian-lo-que-habria-provocado-la-salida-del-gerente-general-de-petroperu-los-petroamigos\/#organizationLogo","width":200,"height":220},"image":{"@id":"https:\/\/energiesnet.com\/espanol\/audios-revelarian-lo-que-habria-provocado-la-salida-del-gerente-general-de-petroperu-los-petroamigos\/#organizationLogo"},"sameAs":["https:\/\/www.facebook.com\/\/EnergiesNet","https:\/\/twitter.com\/EnergiesNet1","https:\/\/www.instagram.com\/energiesnet\/","https:\/\/linkedin.com\/in\/elio-ohep-a465b78"]},{"@type":"Person","@id":"https:\/\/energiesnet.com\/espanol\/author\/elioohep\/#author","url":"https:\/\/energiesnet.com\/espanol\/author\/elioohep\/","name":"EnergiesNet","image":{"@type":"ImageObject","@id":"https:\/\/energiesnet.com\/espanol\/audios-revelarian-lo-que-habria-provocado-la-salida-del-gerente-general-de-petroperu-los-petroamigos\/#authorImage","url":"https:\/\/secure.gravatar.com\/avatar\/5412deb1089370e2bdf1d1310563df78bf3dc9f9e388ca5748bced95cfdb664b?s=96&d=mm&r=g","width":96,"height":96,"caption":"EnergiesNet"}},{"@type":"WebPage","@id":"https:\/\/energiesnet.com\/espanol\/audios-revelarian-lo-que-habria-provocado-la-salida-del-gerente-general-de-petroperu-los-petroamigos\/#webpage","url":"https:\/\/energiesnet.com\/espanol\/audios-revelarian-lo-que-habria-provocado-la-salida-del-gerente-general-de-petroperu-los-petroamigos\/","name":"Audios revelar\u00edan lo que habr\u00eda provocado la salida del gerente general de Petroper\u00fa -Los Petroamigos - EnergiestNet","description":"La Unidad de Investigaci\u00f3n de \u201cPunto Final\u201d accedi\u00f3 a audios que revelan nombramientos en Petroper\u00fa puestos adrede en la gesti\u00f3n de Hugo Ch\u00e1vez Arevalo, reciente renunciante a la gerencia. Econom\u00eda LR, La Rep\u00fablica LIMA EnergiesNet.com 21 03 2022Cinco meses dur\u00f3 Hugo Ch\u00e1vez como gerente general de Petroper\u00fa. En la tarde del 20 de marzo, el tambi\u00e9n economista present\u00f3 su","inLanguage":"es-ES","isPartOf":{"@id":"https:\/\/energiesnet.com\/espanol\/#website"},"breadcrumb":{"@id":"https:\/\/energiesnet.com\/espanol\/audios-revelarian-lo-que-habria-provocado-la-salida-del-gerente-general-de-petroperu-los-petroamigos\/#breadcrumblist"},"author":{"@id":"https:\/\/energiesnet.com\/espanol\/author\/elioohep\/#author"},"creator":{"@id":"https:\/\/energiesnet.com\/espanol\/author\/elioohep\/#author"},"image":{"@type":"ImageObject","url":"https:\/\/energiesnet.com\/espanol\/wp-content\/uploads\/2022\/03\/petroperu_chavez-ceo-la-republica.jpg","@id":"https:\/\/energiesnet.com\/espanol\/audios-revelarian-lo-que-habria-provocado-la-salida-del-gerente-general-de-petroperu-los-petroamigos\/#mainImage","width":600,"height":400},"primaryImageOfPage":{"@id":"https:\/\/energiesnet.com\/espanol\/audios-revelarian-lo-que-habria-provocado-la-salida-del-gerente-general-de-petroperu-los-petroamigos\/#mainImage"},"datePublished":"2022-03-21T03:49:10-04:00","dateModified":"2022-03-21T04:19:52-04:00"},{"@type":"WebSite","@id":"https:\/\/energiesnet.com\/espanol\/#website","url":"https:\/\/energiesnet.com\/espanol\/","name":"EnergiestNet","description":"Latin America Energy, Oil ,  Gas & Renewals","inLanguage":"es-ES","publisher":{"@id":"https:\/\/energiesnet.com\/espanol\/#organization"}}]},"og:locale":"es_ES","og:site_name":"EnergiestNet - Latin America Energy, Oil ,  Gas &amp; Renewals","og:type":"article","og:title":"Audios revelar\u00edan lo que habr\u00eda provocado la salida del gerente general de Petroper\u00fa -Los Petroamigos - EnergiestNet","og:description":"La Unidad de Investigaci\u00f3n de \u201cPunto Final\u201d accedi\u00f3 a audios que revelan nombramientos en Petroper\u00fa puestos adrede en la gesti\u00f3n de Hugo Ch\u00e1vez Arevalo, reciente renunciante a la gerencia. Econom\u00eda LR, La Rep\u00fablica LIMA EnergiesNet.com 21 03 2022Cinco meses dur\u00f3 Hugo Ch\u00e1vez como gerente general de Petroper\u00fa. En la tarde del 20 de marzo, el tambi\u00e9n economista present\u00f3 su","og:url":"https:\/\/energiesnet.com\/espanol\/audios-revelarian-lo-que-habria-provocado-la-salida-del-gerente-general-de-petroperu-los-petroamigos\/","og:image":"https:\/\/energiesnet.com\/espanol","og:image:secure_url":"https:\/\/energiesnet.com\/espanol","article:published_time":"2022-03-21T07:49:10+00:00","article:modified_time":"2022-03-21T08:19:52+00:00","article:publisher":"https:\/\/www.facebook.com\/\/EnergiesNet","twitter:card":"summary_large_image","twitter:site":"@EnergiesNet1","twitter:title":"Audios revelar\u00edan lo que habr\u00eda provocado la salida del gerente general de Petroper\u00fa -Los Petroamigos - EnergiestNet","twitter:description":"La Unidad de Investigaci\u00f3n de \u201cPunto Final\u201d accedi\u00f3 a audios que revelan nombramientos en Petroper\u00fa puestos adrede en la gesti\u00f3n de Hugo Ch\u00e1vez Arevalo, reciente renunciante a la gerencia. Econom\u00eda LR, La Rep\u00fablica LIMA EnergiesNet.com 21 03 2022Cinco meses dur\u00f3 Hugo Ch\u00e1vez como gerente general de Petroper\u00fa. En la tarde del 20 de marzo, el tambi\u00e9n economista present\u00f3 su","twitter:creator":"@EnergiesNet1","twitter:image":"https:\/\/energiesnet.com\/espanol"},"aioseo_meta_data":{"post_id":"6452","title":null,"description":null,"keywords":null,"keyphrases":null,"primary_term":null,"canonical_url":null,"og_title":null,"og_description":null,"og_object_type":"default","og_image_type":"default","og_image_url":null,"og_image_width":null,"og_image_height":null,"og_image_custom_url":null,"og_image_custom_fields":null,"og_video":null,"og_custom_url":null,"og_article_section":null,"og_article_tags":null,"twitter_use_og":false,"twitter_card":"default","twitter_image_type":"default","twitter_image_url":null,"twitter_image_custom_url":null,"twitter_image_custom_fields":null,"twitter_title":null,"twitter_description":null,"schema":{"blockGraphs":[],"customGraphs":[],"default":{"data":{"Article":[],"Course":[],"Dataset":[],"FAQPage":[],"Movie":[],"Person":[],"Product":[],"ProductReview":[],"Car":[],"Recipe":[],"Service":[],"SoftwareApplication":[],"WebPage":[]},"graphName":"","isEnabled":true},"graphs":[]},"schema_type":"default","schema_type_options":null,"pillar_content":false,"robots_default":true,"robots_noindex":false,"robots_noarchive":false,"robots_nosnippet":false,"robots_nofollow":false,"robots_noimageindex":false,"robots_noodp":false,"robots_notranslate":false,"robots_max_snippet":null,"robots_max_videopreview":null,"robots_max_imagepreview":"large","priority":null,"frequency":null,"local_seo":null,"breadcrumb_settings":null,"limit_modified_date":false,"ai":null,"created":"2022-12-14 13:02:33","updated":"2025-06-04 10:39:29","seo_analyzer_scan_date":null,"focus_keyword":null,"additional_keywords":null,"truseo_locale":null},"aioseo_breadcrumb":"<div class=\"aioseo-breadcrumbs\"><span class=\"aioseo-breadcrumb\">\n\t\t\t<a href=\"https:\/\/energiesnet.com\/espanol\" title=\"Inicio\">Inicio<\/a>\n\t\t<\/span><span class=\"aioseo-breadcrumb-separator\">&raquo;<\/span><span class=\"aioseo-breadcrumb\">\n\t\t\t<a href=\"https:\/\/energiesnet.com\/espanol\/category\/noticias-diarias\/\" title=\"Noticias Diarias\">Noticias Diarias<\/a>\n\t\t<\/span><span class=\"aioseo-breadcrumb-separator\">&raquo;<\/span><span class=\"aioseo-breadcrumb\">\n\t\t\tAudios revelar\u00edan lo que habr\u00eda provocado la salida del gerente general de Petroper\u00fa -Los Petroamigos\n\t\t<\/span><\/div>","aioseo_breadcrumb_json":[{"label":"Inicio","link":"https:\/\/energiesnet.com\/espanol"},{"label":"Noticias Diarias","link":"https:\/\/energiesnet.com\/espanol\/category\/noticias-diarias\/"},{"label":"Audios revelar\u00edan lo que habr\u00eda provocado la salida del gerente general de Petroper\u00fa -Los Petroamigos","link":"https:\/\/energiesnet.com\/espanol\/audios-revelarian-lo-que-habria-provocado-la-salida-del-gerente-general-de-petroperu-los-petroamigos\/"}],"_links":{"self":[{"href":"https:\/\/energiesnet.com\/espanol\/wp-json\/wp\/v2\/posts\/6452","targetHints":{"allow":["GET"]}}],"collection":[{"href":"https:\/\/energiesnet.com\/espanol\/wp-json\/wp\/v2\/posts"}],"about":[{"href":"https:\/\/energiesnet.com\/espanol\/wp-json\/wp\/v2\/types\/post"}],"author":[{"embeddable":true,"href":"https:\/\/energiesnet.com\/espanol\/wp-json\/wp\/v2\/users\/2"}],"replies":[{"embeddable":true,"href":"https:\/\/energiesnet.com\/espanol\/wp-json\/wp\/v2\/comments?post=6452"}],"version-history":[{"count":0,"href":"https:\/\/energiesnet.com\/espanol\/wp-json\/wp\/v2\/posts\/6452\/revisions"}],"wp:featuredmedia":[{"embeddable":true,"href":"https:\/\/energiesnet.com\/espanol\/wp-json\/wp\/v2\/media\/6453"}],"wp:attachment":[{"href":"https:\/\/energiesnet.com\/espanol\/wp-json\/wp\/v2\/media?parent=6452"}],"wp:term":[{"taxonomy":"category","embeddable":true,"href":"https:\/\/energiesnet.com\/espanol\/wp-json\/wp\/v2\/categories?post=6452"},{"taxonomy":"post_tag","embeddable":true,"href":"https:\/\/energiesnet.com\/espanol\/wp-json\/wp\/v2\/tags?post=6452"}],"curies":[{"name":"wp","href":"https:\/\/api.w.org\/{rel}","templated":true}]}}