{"id":6892,"date":"2022-04-01T11:18:05","date_gmt":"2022-04-01T15:18:05","guid":{"rendered":"https:\/\/energiesnet.com\/espanol\/?p=6892"},"modified":"2022-04-01T11:18:09","modified_gmt":"2022-04-01T15:18:09","slug":"amlo-la-valoracion-de-la-persona-y-el-gobernante","status":"publish","type":"post","link":"https:\/\/energiesnet.com\/espanol\/amlo-la-valoracion-de-la-persona-y-el-gobernante\/","title":{"rendered":"AMLO:\u00a0La valoraci\u00f3n\u00a0de\u00a0la persona y el gobernante"},"content":{"rendered":"\n<figure class=\"wp-block-image size-full\"><img fetchpriority=\"high\" decoding=\"async\" width=\"600\" height=\"400\" src=\"https:\/\/energiesnet.com\/espanol\/wp-content\/uploads\/2022\/04\/ruben_aguilar_600-4.jpg\" alt=\"\" class=\"wp-image-6893\" srcset=\"https:\/\/energiesnet.com\/espanol\/wp-content\/uploads\/2022\/04\/ruben_aguilar_600-4.jpg 600w, https:\/\/energiesnet.com\/espanol\/wp-content\/uploads\/2022\/04\/ruben_aguilar_600-4-300x200.jpg 300w\" sizes=\"(max-width: 600px) 100vw, 600px\" \/><figcaption>Rub\u00e9n Aguilar Valenzuela\u00a0<br><br><br>En marzo de 2022, el 51 % de las personas desaprueba la gesti\u00f3n del presidente y el 45 % la aprueba mientras que en noviembre de 2021, el 54 % la aprobaba y el 40 % la desaprobaba, de acuerdo a la encuesta de GEA-ISA de marzo de 2022. En los \u00faltimos cuatro meses cae nueve puntos\u00a0el\u00a0nivel de aprobaci\u00f3n\u00a0de su gesti\u00f3n.<br><br>Ahora el 56 % de las personas piensa que el pa\u00eds va por un rumbo equivocado y el 36 % por uno correcto mientras\u00a0que en noviembre de 2021, el 45 % pensaba que el pa\u00eds iba por un rumbo equivocado y el 37 % por uno correcto. En los \u00faltimos cuatro meses crece en 11 puntos los que piensan que el pa\u00eds va por un rumbo equivocado.<br><br>En marzo de 2022, el presidente como gobernante tiene una opini\u00f3n favorable del 50%\u00a0y\u00a045 %\u00a0de\u00a0desfavorable, mientras\u00a0que\u00a0en noviembre de 2021, el 49 % era favorable y el\u00a036 % desfavorable.\u00a0En los \u00faltimos cuatro meses\u00a0crece en ocho puntos la opini\u00f3n desfavorable.<br><br>El 58 % de los encuestados tiene una opini\u00f3n favorable del presidente como persona y para el 39 % es desfavorable, mientras en noviembre de 2021 la opini\u00f3n favorable era del 54 % y la desfavorable del 33 %. En los \u00faltimos cuatro meses crece en cuatro puntos la opini\u00f3n favorable y en seis puntos la desfavorable.<br><br>Los niveles de credibilidad del presidente han ca\u00eddo en los \u00faltimo cuatro meses. En noviembre de 2021 el 20 % dec\u00eda que no le cre\u00eda nada y ahora es el 29 %; el 43 % que le cre\u00eda poco y ahora es el 41 %; el 27 % que\u00a0le\u00a0cre\u00eda mucho y ahora es el 25 %. Crece en nueve puntos los que no le creen nada.<br><br>Las razones de la aprobaci\u00f3n de la gesti\u00f3n del presidente son porque: Tiene buenas intenciones (29 %); me identifico con \u00e9l (15 %); porque tengo esperanzas porque cambien las cosas (14 %); porque ha tenido buenos resultados (17 %); los programas sociales me han beneficiado (17 %) y porque ha fortalecido la democracia (8 %).<br><br>En\u00a0cambio,\u00a0las razones de la desaprobaci\u00f3n son: Porque ha tenido malos resultados (30 %); porque no me representa (27 %); porque es un l\u00edder autoritario (20 %); porque ha debilitado la democracia (9 %) y porque sus pol\u00edticas son populistas (8 %).<br><br>La aprobaci\u00f3n de la gesti\u00f3n del presidente se basa sobre todo en razones de car\u00e1cter emocional (tiene buenas intenciones, buena persona, me identifico con \u00e9l, esperanza de que cambie las cosas) y las razones de la desaprobaci\u00f3n son racionales (tiene malos resultados, es autoritario debilita la democracia, es populista).<br><br>Los niveles de aprobaci\u00f3n del\u00a0presidente siguen a la baja. En marzo de 2019 el 64 % aprobaba\u00a0su\u00a0gesti\u00f3n\u00a0y el\u00a025 % la desaprobaba mientras que en marzo de 2022,\u00a0el 45 % lo aprueba y el 51 % lo desaprueba. En tres a\u00f1os cae en 19 puntos\u00a0el nivel de aprobaci\u00f3n\u00a0de la gesti\u00f3n\u00a0y crece en seis puntos el nivel de desaprobaci\u00f3n.<br><br>La aprobaci\u00f3n como persona del presidente, que es su fuerte, tambi\u00e9n cae. En marzo de 2019 ten\u00eda una aprobaci\u00f3n favorable del 69 % y una desfavorable del 21 %, mientras\u00a0que\u00a0en marzo de 2022, para el 58 % es favorable y el 39 % desfavorable. En tres a\u00f1os cae en 11 puntos el nivel de aprobaci\u00f3n personal, y crece en 18 puntos el nivel de desaprobaci\u00f3n.<br><br>De acuerdo a\u00a0los resultados de la encuesta de GEA-ISA en estos tres \u00faltimos a\u00f1os la\u00a0valoraci\u00f3n favorable del presidente como persona y gobernante caer de manera lenta, pero\u00a0sostenida. Y al mismo tiempo crece la opini\u00f3n desfavorable. Todo se\u00f1ala que esta tendencia seguir\u00e1 en los siguientes tres a\u00f1os. Habr\u00e1 que ver como estas tendencias influyen en la intenci\u00f3n del voto en 2024.<\/figcaption><\/figure>\n\n\n\n<p class=\"wp-block-paragraph\">_____________________________________________________<\/p>\n\n\n\n<p class=\"wp-block-paragraph\"><em><strong>Rub\u00e9n Aguilar Valenzuela<\/strong><\/em>, Socio fundador de Afan Consultores Internacionales, S.C. Doctor en Ciencias Sociales. Profesor en el Departamento de Comunicaciones y Ciencias Pol\u00edticas de la Universidad Iberoamericana. Articulista en diversos peri\u00f3dicos y revistas. Fue Fundador y director de la Agencia Salpress del FMLN, el Salvador. coordinador de la Secretar\u00eda Particular de la presidencia de Fox (2002-2004) y portavoz del gobierno (2004-2006). Sus \u00faltimos libros en conjunto con Jorge Casta\u00f1eda son: La Diferencia: Radiograf\u00eda de un sexenio (2007) y El Narco: La Guerra Fallida (2009). Twitter:&nbsp;<a href=\"https:\/\/twitter.com\/RubenAguilar\">@RubenAguilar, &nbsp;<\/a><a href=\"http:\/\/miscuadernos.com.mx.\/\">Animal Politico<\/a>. Los puntos de vista expresados no necesariamente son los de EnergiesNet.com.<\/p>\n\n\n\n<p class=\"wp-block-paragraph\">Nota del Editor:\u00a0Este art\u00edculo fue originalmente publicado en\u00a0<em>Animal Pol\u00edtico,\u00a0<\/em>el 01 de abril, 2022. Reproducimos el mismo en beneficio de los lectores.\u00a0EnergiesNet.com no se hace responsable por los juicios de valor emitidos por sus colaboradores y columnistas de opini\u00f3n y an\u00e1lisis.<\/p>\n\n\n\n<p class=\"wp-block-paragraph\">Aviso de uso: Este sitio contiene material protegido por derechos de autor cuyo uso no siempre ha sido espec\u00edficamente autorizado por el propietario de los derechos. Ponemos a disposici\u00f3n dicho material en nuestro esfuerzo por avanzar en la comprensi\u00f3n de cuestiones de importancia social, medioambiental y humanitaria. Creemos que esto constituye un \u00abuso justo\u00bb de dicho material protegido por derechos de autor, tal y como se establece en la secci\u00f3n 107 de la Ley de Derechos de Autor de los Estados Unidos. De acuerdo con el T\u00edtulo 17 U.S.C. Secci\u00f3n 107.<\/p>\n\n\n\n<p class=\"wp-block-paragraph\">Para m\u00e1s informaci\u00f3n, visite: http:\/\/www.law.cornell.edu\/uscode\/17\/107.shtml<\/p>\n\n\n\n<p class=\"wp-block-paragraph\">EnergiesNet.com alienta a las personas a reproducir, reimprimir, y divulgar a trav\u00e9s de los medios audiovisuales e Internet, los comentarios editoriales y de opini\u00f3n de Petroleumworld, siempre y cuando esa reproducci\u00f3n identifique, a el autor, y la fuente original, http:\/\/www.petroleumworld.com y se haga dentro de el uso normal (fair use) de la doctrina de la secci\u00f3n 107 de la Ley de derechos de autor de los Estados Unidos de Norteam\u00e9rica (US Copyright).<\/p>\n\n\n\n<p class=\"wp-block-paragraph\">energiesnet.com 01 04 2022<\/p>\n","protected":false},"excerpt":{"rendered":"<p>_____________________________________________________ Rub\u00e9n Aguilar Valenzuela, Socio fundador de Afan Consultores Internacionales, S.C. Doctor en Ciencias Sociales. Profesor en el Departamento de Comunicaciones y Ciencias Pol\u00edticas de la Universidad Iberoamericana. Articulista en diversos peri\u00f3dicos y revistas. Fue Fundador y director de la Agencia Salpress del FMLN, el Salvador. coordinador de la Secretar\u00eda Particular de la presidencia de &hellip;<\/p>\n<p class=\"read-more\"> <a class=\"\" href=\"https:\/\/energiesnet.com\/espanol\/amlo-la-valoracion-de-la-persona-y-el-gobernante\/\"> <span class=\"screen-reader-text\">AMLO:\u00a0La valoraci\u00f3n\u00a0de\u00a0la persona y el gobernante<\/span> Leer m\u00e1s &raquo;<\/a><\/p>\n","protected":false},"author":2,"featured_media":6893,"comment_status":"open","ping_status":"open","sticky":false,"template":"","format":"standard","meta":{"_monsterinsights_skip_tracking":false,"site-sidebar-layout":"default","site-content-layout":"default","ast-global-header-display":"","ast-main-header-display":"","ast-hfb-above-header-display":"","ast-hfb-below-header-display":"","ast-hfb-mobile-header-display":"","site-post-title":"","ast-breadcrumbs-content":"","ast-featured-img":"","footer-sml-layout":"","theme-transparent-header-meta":"default","adv-header-id-meta":"","stick-header-meta":"default","header-above-stick-meta":"","header-main-stick-meta":"","header-below-stick-meta":"","footnotes":""},"categories":[48],"tags":[],"class_list":["post-6892","post","type-post","status-publish","format-standard","has-post-thumbnail","hentry","category-comentario-del-dia"],"aioseo_notices":[],"aioseo_head":"\n\t\t<!-- All in One SEO 5.0.1.1 - aioseo.com -->\n\t<meta name=\"description\" content=\"_____________________________________________________ Rub\u00e9n Aguilar Valenzuela, Socio fundador de Afan Consultores Internacionales, S.C. Doctor en Ciencias Sociales. Profesor en el Departamento de Comunicaciones y Ciencias Pol\u00edticas de la Universidad Iberoamericana. Articulista en diversos peri\u00f3dicos y revistas. Fue Fundador y director de la Agencia Salpress del FMLN, el Salvador. coordinador de la Secretar\u00eda Particular de la presidencia de\" \/>\n\t<meta name=\"robots\" content=\"max-image-preview:large\" \/>\n\t<meta name=\"author\" content=\"EnergiesNet\"\/>\n\t<link rel=\"canonical\" href=\"https:\/\/energiesnet.com\/espanol\/amlo-la-valoracion-de-la-persona-y-el-gobernante\/\" \/>\n\t<meta name=\"generator\" content=\"All in One SEO (AIOSEO) 5.0.1.1\" \/>\n\t\t<meta property=\"og:locale\" content=\"es_ES\" \/>\n\t\t<meta property=\"og:site_name\" content=\"EnergiestNet - Latin America Energy, Oil ,  Gas &amp; Renewals\" \/>\n\t\t<meta property=\"og:type\" content=\"article\" \/>\n\t\t<meta property=\"og:title\" content=\"AMLO: La valoraci\u00f3n de la persona y el gobernante - EnergiestNet\" \/>\n\t\t<meta property=\"og:description\" content=\"_____________________________________________________ Rub\u00e9n Aguilar Valenzuela, Socio fundador de Afan Consultores Internacionales, S.C. Doctor en Ciencias Sociales. Profesor en el Departamento de Comunicaciones y Ciencias Pol\u00edticas de la Universidad Iberoamericana. Articulista en diversos peri\u00f3dicos y revistas. Fue Fundador y director de la Agencia Salpress del FMLN, el Salvador. coordinador de la Secretar\u00eda Particular de la presidencia de\" \/>\n\t\t<meta property=\"og:url\" content=\"https:\/\/energiesnet.com\/espanol\/amlo-la-valoracion-de-la-persona-y-el-gobernante\/\" \/>\n\t\t<meta property=\"og:image\" content=\"https:\/\/energiesnet.com\/espanol\" \/>\n\t\t<meta property=\"og:image:secure_url\" content=\"https:\/\/energiesnet.com\/espanol\" \/>\n\t\t<meta property=\"article:published_time\" content=\"2022-04-01T15:18:05+00:00\" \/>\n\t\t<meta property=\"article:modified_time\" content=\"2022-04-01T15:18:09+00:00\" \/>\n\t\t<meta property=\"article:publisher\" content=\"https:\/\/www.facebook.com\/\/EnergiesNet\" \/>\n\t\t<meta name=\"twitter:card\" content=\"summary_large_image\" \/>\n\t\t<meta name=\"twitter:site\" content=\"@EnergiesNet1\" \/>\n\t\t<meta name=\"twitter:title\" content=\"AMLO: La valoraci\u00f3n de la persona y el gobernante - EnergiestNet\" \/>\n\t\t<meta name=\"twitter:description\" content=\"_____________________________________________________ Rub\u00e9n Aguilar Valenzuela, Socio fundador de Afan Consultores Internacionales, S.C. Doctor en Ciencias Sociales. Profesor en el Departamento de Comunicaciones y Ciencias Pol\u00edticas de la Universidad Iberoamericana. Articulista en diversos peri\u00f3dicos y revistas. Fue Fundador y director de la Agencia Salpress del FMLN, el Salvador. coordinador de la Secretar\u00eda Particular de la presidencia de\" \/>\n\t\t<meta name=\"twitter:creator\" content=\"@EnergiesNet1\" \/>\n\t\t<meta name=\"twitter:image\" content=\"https:\/\/energiesnet.com\/espanol\" \/>\n\t\t<script type=\"application\/ld+json\" class=\"aioseo-schema\">\n\t\t\t{\"@context\":\"https:\\\/\\\/schema.org\",\"@graph\":[{\"@type\":\"BlogPosting\",\"@id\":\"https:\\\/\\\/energiesnet.com\\\/espanol\\\/amlo-la-valoracion-de-la-persona-y-el-gobernante\\\/#blogposting\",\"name\":\"AMLO: La valoraci\\u00f3n de la persona y el gobernante - EnergiestNet\",\"headline\":\"AMLO:\\u00a0La valoraci\\u00f3n\\u00a0de\\u00a0la persona y el gobernante\",\"author\":{\"@id\":\"https:\\\/\\\/energiesnet.com\\\/espanol\\\/author\\\/elioohep\\\/#author\"},\"publisher\":{\"@id\":\"https:\\\/\\\/energiesnet.com\\\/espanol\\\/#organization\"},\"image\":{\"@type\":\"ImageObject\",\"url\":\"https:\\\/\\\/energiesnet.com\\\/espanol\\\/wp-content\\\/uploads\\\/2022\\\/04\\\/ruben_aguilar_600-4.jpg\",\"width\":600,\"height\":400},\"datePublished\":\"2022-04-01T11:18:05-04:00\",\"dateModified\":\"2022-04-01T11:18:09-04:00\",\"inLanguage\":\"es-ES\",\"mainEntityOfPage\":{\"@id\":\"https:\\\/\\\/energiesnet.com\\\/espanol\\\/amlo-la-valoracion-de-la-persona-y-el-gobernante\\\/#webpage\"},\"isPartOf\":{\"@id\":\"https:\\\/\\\/energiesnet.com\\\/espanol\\\/amlo-la-valoracion-de-la-persona-y-el-gobernante\\\/#webpage\"},\"articleSection\":\"Comentario del d\\u00eda\"},{\"@type\":\"BreadcrumbList\",\"@id\":\"https:\\\/\\\/energiesnet.com\\\/espanol\\\/amlo-la-valoracion-de-la-persona-y-el-gobernante\\\/#breadcrumblist\",\"itemListElement\":[{\"@type\":\"ListItem\",\"@id\":\"https:\\\/\\\/energiesnet.com\\\/espanol#listItem\",\"position\":1,\"name\":\"Inicio\",\"item\":\"https:\\\/\\\/energiesnet.com\\\/espanol\",\"nextItem\":{\"@type\":\"ListItem\",\"@id\":\"https:\\\/\\\/energiesnet.com\\\/espanol\\\/category\\\/comentario-del-dia\\\/#listItem\",\"name\":\"Comentario del d\\u00eda\"}},{\"@type\":\"ListItem\",\"@id\":\"https:\\\/\\\/energiesnet.com\\\/espanol\\\/category\\\/comentario-del-dia\\\/#listItem\",\"position\":2,\"name\":\"Comentario del d\\u00eda\",\"item\":\"https:\\\/\\\/energiesnet.com\\\/espanol\\\/category\\\/comentario-del-dia\\\/\",\"nextItem\":{\"@type\":\"ListItem\",\"@id\":\"https:\\\/\\\/energiesnet.com\\\/espanol\\\/amlo-la-valoracion-de-la-persona-y-el-gobernante\\\/#listItem\",\"name\":\"AMLO:\\u00a0La valoraci\\u00f3n\\u00a0de\\u00a0la persona y el gobernante\"},\"previousItem\":{\"@type\":\"ListItem\",\"@id\":\"https:\\\/\\\/energiesnet.com\\\/espanol#listItem\",\"name\":\"Inicio\"}},{\"@type\":\"ListItem\",\"@id\":\"https:\\\/\\\/energiesnet.com\\\/espanol\\\/amlo-la-valoracion-de-la-persona-y-el-gobernante\\\/#listItem\",\"position\":3,\"name\":\"AMLO:\\u00a0La valoraci\\u00f3n\\u00a0de\\u00a0la persona y el gobernante\",\"previousItem\":{\"@type\":\"ListItem\",\"@id\":\"https:\\\/\\\/energiesnet.com\\\/espanol\\\/category\\\/comentario-del-dia\\\/#listItem\",\"name\":\"Comentario del d\\u00eda\"}}]},{\"@type\":\"Organization\",\"@id\":\"https:\\\/\\\/energiesnet.com\\\/espanol\\\/#organization\",\"name\":\"EnergiestNet\",\"description\":\"Latin America Energy, Oil ,  Gas & Renewals\",\"url\":\"https:\\\/\\\/energiesnet.com\\\/espanol\\\/\",\"telephone\":\"+584142763041\",\"logo\":{\"@type\":\"ImageObject\",\"url\":\"https:\\\/\\\/energiesnet.com\\\/espanol\\\/wp-content\\\/uploads\\\/2022\\\/12\\\/EnergiesNet-Logo-200.jpg\",\"@id\":\"https:\\\/\\\/energiesnet.com\\\/espanol\\\/amlo-la-valoracion-de-la-persona-y-el-gobernante\\\/#organizationLogo\",\"width\":200,\"height\":220},\"image\":{\"@id\":\"https:\\\/\\\/energiesnet.com\\\/espanol\\\/amlo-la-valoracion-de-la-persona-y-el-gobernante\\\/#organizationLogo\"},\"sameAs\":[\"https:\\\/\\\/www.facebook.com\\\/\\\/EnergiesNet\",\"https:\\\/\\\/twitter.com\\\/EnergiesNet1\",\"https:\\\/\\\/www.instagram.com\\\/energiesnet\\\/\",\"https:\\\/\\\/linkedin.com\\\/in\\\/elio-ohep-a465b78\"]},{\"@type\":\"Person\",\"@id\":\"https:\\\/\\\/energiesnet.com\\\/espanol\\\/author\\\/elioohep\\\/#author\",\"url\":\"https:\\\/\\\/energiesnet.com\\\/espanol\\\/author\\\/elioohep\\\/\",\"name\":\"EnergiesNet\",\"image\":{\"@type\":\"ImageObject\",\"@id\":\"https:\\\/\\\/energiesnet.com\\\/espanol\\\/amlo-la-valoracion-de-la-persona-y-el-gobernante\\\/#authorImage\",\"url\":\"https:\\\/\\\/secure.gravatar.com\\\/avatar\\\/5412deb1089370e2bdf1d1310563df78bf3dc9f9e388ca5748bced95cfdb664b?s=96&d=mm&r=g\",\"width\":96,\"height\":96,\"caption\":\"EnergiesNet\"}},{\"@type\":\"WebPage\",\"@id\":\"https:\\\/\\\/energiesnet.com\\\/espanol\\\/amlo-la-valoracion-de-la-persona-y-el-gobernante\\\/#webpage\",\"url\":\"https:\\\/\\\/energiesnet.com\\\/espanol\\\/amlo-la-valoracion-de-la-persona-y-el-gobernante\\\/\",\"name\":\"AMLO: La valoraci\\u00f3n de la persona y el gobernante - EnergiestNet\",\"description\":\"_____________________________________________________ Rub\\u00e9n Aguilar Valenzuela, Socio fundador de Afan Consultores Internacionales, S.C. Doctor en Ciencias Sociales. Profesor en el Departamento de Comunicaciones y Ciencias Pol\\u00edticas de la Universidad Iberoamericana. Articulista en diversos peri\\u00f3dicos y revistas. Fue Fundador y director de la Agencia Salpress del FMLN, el Salvador. coordinador de la Secretar\\u00eda Particular de la presidencia de\",\"inLanguage\":\"es-ES\",\"isPartOf\":{\"@id\":\"https:\\\/\\\/energiesnet.com\\\/espanol\\\/#website\"},\"breadcrumb\":{\"@id\":\"https:\\\/\\\/energiesnet.com\\\/espanol\\\/amlo-la-valoracion-de-la-persona-y-el-gobernante\\\/#breadcrumblist\"},\"author\":{\"@id\":\"https:\\\/\\\/energiesnet.com\\\/espanol\\\/author\\\/elioohep\\\/#author\"},\"creator\":{\"@id\":\"https:\\\/\\\/energiesnet.com\\\/espanol\\\/author\\\/elioohep\\\/#author\"},\"image\":{\"@type\":\"ImageObject\",\"url\":\"https:\\\/\\\/energiesnet.com\\\/espanol\\\/wp-content\\\/uploads\\\/2022\\\/04\\\/ruben_aguilar_600-4.jpg\",\"@id\":\"https:\\\/\\\/energiesnet.com\\\/espanol\\\/amlo-la-valoracion-de-la-persona-y-el-gobernante\\\/#mainImage\",\"width\":600,\"height\":400},\"primaryImageOfPage\":{\"@id\":\"https:\\\/\\\/energiesnet.com\\\/espanol\\\/amlo-la-valoracion-de-la-persona-y-el-gobernante\\\/#mainImage\"},\"datePublished\":\"2022-04-01T11:18:05-04:00\",\"dateModified\":\"2022-04-01T11:18:09-04:00\"},{\"@type\":\"WebSite\",\"@id\":\"https:\\\/\\\/energiesnet.com\\\/espanol\\\/#website\",\"url\":\"https:\\\/\\\/energiesnet.com\\\/espanol\\\/\",\"name\":\"EnergiestNet\",\"description\":\"Latin America Energy, Oil ,  Gas & Renewals\",\"inLanguage\":\"es-ES\",\"publisher\":{\"@id\":\"https:\\\/\\\/energiesnet.com\\\/espanol\\\/#organization\"}}]}\n\t\t<\/script>\n\t\t<!-- All in One SEO -->\n\n","aioseo_head_json":{"title":"AMLO: La valoraci\u00f3n de la persona y el gobernante - EnergiestNet","description":"_____________________________________________________ Rub\u00e9n Aguilar Valenzuela, Socio fundador de Afan Consultores Internacionales, S.C. Doctor en Ciencias Sociales. Profesor en el Departamento de Comunicaciones y Ciencias Pol\u00edticas de la Universidad Iberoamericana. Articulista en diversos peri\u00f3dicos y revistas. Fue Fundador y director de la Agencia Salpress del FMLN, el Salvador. coordinador de la Secretar\u00eda Particular de la presidencia de","canonical_url":"https:\/\/energiesnet.com\/espanol\/amlo-la-valoracion-de-la-persona-y-el-gobernante\/","robots":"max-image-preview:large","keywords":"","webmasterTools":{"miscellaneous":""},"schema":{"@context":"https:\/\/schema.org","@graph":[{"@type":"BlogPosting","@id":"https:\/\/energiesnet.com\/espanol\/amlo-la-valoracion-de-la-persona-y-el-gobernante\/#blogposting","name":"AMLO: La valoraci\u00f3n de la persona y el gobernante - EnergiestNet","headline":"AMLO:\u00a0La valoraci\u00f3n\u00a0de\u00a0la persona y el gobernante","author":{"@id":"https:\/\/energiesnet.com\/espanol\/author\/elioohep\/#author"},"publisher":{"@id":"https:\/\/energiesnet.com\/espanol\/#organization"},"image":{"@type":"ImageObject","url":"https:\/\/energiesnet.com\/espanol\/wp-content\/uploads\/2022\/04\/ruben_aguilar_600-4.jpg","width":600,"height":400},"datePublished":"2022-04-01T11:18:05-04:00","dateModified":"2022-04-01T11:18:09-04:00","inLanguage":"es-ES","mainEntityOfPage":{"@id":"https:\/\/energiesnet.com\/espanol\/amlo-la-valoracion-de-la-persona-y-el-gobernante\/#webpage"},"isPartOf":{"@id":"https:\/\/energiesnet.com\/espanol\/amlo-la-valoracion-de-la-persona-y-el-gobernante\/#webpage"},"articleSection":"Comentario del d\u00eda"},{"@type":"BreadcrumbList","@id":"https:\/\/energiesnet.com\/espanol\/amlo-la-valoracion-de-la-persona-y-el-gobernante\/#breadcrumblist","itemListElement":[{"@type":"ListItem","@id":"https:\/\/energiesnet.com\/espanol#listItem","position":1,"name":"Inicio","item":"https:\/\/energiesnet.com\/espanol","nextItem":{"@type":"ListItem","@id":"https:\/\/energiesnet.com\/espanol\/category\/comentario-del-dia\/#listItem","name":"Comentario del d\u00eda"}},{"@type":"ListItem","@id":"https:\/\/energiesnet.com\/espanol\/category\/comentario-del-dia\/#listItem","position":2,"name":"Comentario del d\u00eda","item":"https:\/\/energiesnet.com\/espanol\/category\/comentario-del-dia\/","nextItem":{"@type":"ListItem","@id":"https:\/\/energiesnet.com\/espanol\/amlo-la-valoracion-de-la-persona-y-el-gobernante\/#listItem","name":"AMLO:\u00a0La valoraci\u00f3n\u00a0de\u00a0la persona y el gobernante"},"previousItem":{"@type":"ListItem","@id":"https:\/\/energiesnet.com\/espanol#listItem","name":"Inicio"}},{"@type":"ListItem","@id":"https:\/\/energiesnet.com\/espanol\/amlo-la-valoracion-de-la-persona-y-el-gobernante\/#listItem","position":3,"name":"AMLO:\u00a0La valoraci\u00f3n\u00a0de\u00a0la persona y el gobernante","previousItem":{"@type":"ListItem","@id":"https:\/\/energiesnet.com\/espanol\/category\/comentario-del-dia\/#listItem","name":"Comentario del d\u00eda"}}]},{"@type":"Organization","@id":"https:\/\/energiesnet.com\/espanol\/#organization","name":"EnergiestNet","description":"Latin America Energy, Oil ,  Gas & Renewals","url":"https:\/\/energiesnet.com\/espanol\/","telephone":"+584142763041","logo":{"@type":"ImageObject","url":"https:\/\/energiesnet.com\/espanol\/wp-content\/uploads\/2022\/12\/EnergiesNet-Logo-200.jpg","@id":"https:\/\/energiesnet.com\/espanol\/amlo-la-valoracion-de-la-persona-y-el-gobernante\/#organizationLogo","width":200,"height":220},"image":{"@id":"https:\/\/energiesnet.com\/espanol\/amlo-la-valoracion-de-la-persona-y-el-gobernante\/#organizationLogo"},"sameAs":["https:\/\/www.facebook.com\/\/EnergiesNet","https:\/\/twitter.com\/EnergiesNet1","https:\/\/www.instagram.com\/energiesnet\/","https:\/\/linkedin.com\/in\/elio-ohep-a465b78"]},{"@type":"Person","@id":"https:\/\/energiesnet.com\/espanol\/author\/elioohep\/#author","url":"https:\/\/energiesnet.com\/espanol\/author\/elioohep\/","name":"EnergiesNet","image":{"@type":"ImageObject","@id":"https:\/\/energiesnet.com\/espanol\/amlo-la-valoracion-de-la-persona-y-el-gobernante\/#authorImage","url":"https:\/\/secure.gravatar.com\/avatar\/5412deb1089370e2bdf1d1310563df78bf3dc9f9e388ca5748bced95cfdb664b?s=96&d=mm&r=g","width":96,"height":96,"caption":"EnergiesNet"}},{"@type":"WebPage","@id":"https:\/\/energiesnet.com\/espanol\/amlo-la-valoracion-de-la-persona-y-el-gobernante\/#webpage","url":"https:\/\/energiesnet.com\/espanol\/amlo-la-valoracion-de-la-persona-y-el-gobernante\/","name":"AMLO: La valoraci\u00f3n de la persona y el gobernante - EnergiestNet","description":"_____________________________________________________ Rub\u00e9n Aguilar Valenzuela, Socio fundador de Afan Consultores Internacionales, S.C. Doctor en Ciencias Sociales. Profesor en el Departamento de Comunicaciones y Ciencias Pol\u00edticas de la Universidad Iberoamericana. Articulista en diversos peri\u00f3dicos y revistas. Fue Fundador y director de la Agencia Salpress del FMLN, el Salvador. coordinador de la Secretar\u00eda Particular de la presidencia de","inLanguage":"es-ES","isPartOf":{"@id":"https:\/\/energiesnet.com\/espanol\/#website"},"breadcrumb":{"@id":"https:\/\/energiesnet.com\/espanol\/amlo-la-valoracion-de-la-persona-y-el-gobernante\/#breadcrumblist"},"author":{"@id":"https:\/\/energiesnet.com\/espanol\/author\/elioohep\/#author"},"creator":{"@id":"https:\/\/energiesnet.com\/espanol\/author\/elioohep\/#author"},"image":{"@type":"ImageObject","url":"https:\/\/energiesnet.com\/espanol\/wp-content\/uploads\/2022\/04\/ruben_aguilar_600-4.jpg","@id":"https:\/\/energiesnet.com\/espanol\/amlo-la-valoracion-de-la-persona-y-el-gobernante\/#mainImage","width":600,"height":400},"primaryImageOfPage":{"@id":"https:\/\/energiesnet.com\/espanol\/amlo-la-valoracion-de-la-persona-y-el-gobernante\/#mainImage"},"datePublished":"2022-04-01T11:18:05-04:00","dateModified":"2022-04-01T11:18:09-04:00"},{"@type":"WebSite","@id":"https:\/\/energiesnet.com\/espanol\/#website","url":"https:\/\/energiesnet.com\/espanol\/","name":"EnergiestNet","description":"Latin America Energy, Oil ,  Gas & Renewals","inLanguage":"es-ES","publisher":{"@id":"https:\/\/energiesnet.com\/espanol\/#organization"}}]},"og:locale":"es_ES","og:site_name":"EnergiestNet - Latin America Energy, Oil ,  Gas &amp; Renewals","og:type":"article","og:title":"AMLO: La valoraci\u00f3n de la persona y el gobernante - EnergiestNet","og:description":"_____________________________________________________ Rub\u00e9n Aguilar Valenzuela, Socio fundador de Afan Consultores Internacionales, S.C. Doctor en Ciencias Sociales. Profesor en el Departamento de Comunicaciones y Ciencias Pol\u00edticas de la Universidad Iberoamericana. Articulista en diversos peri\u00f3dicos y revistas. Fue Fundador y director de la Agencia Salpress del FMLN, el Salvador. coordinador de la Secretar\u00eda Particular de la presidencia de","og:url":"https:\/\/energiesnet.com\/espanol\/amlo-la-valoracion-de-la-persona-y-el-gobernante\/","og:image":"https:\/\/energiesnet.com\/espanol","og:image:secure_url":"https:\/\/energiesnet.com\/espanol","article:published_time":"2022-04-01T15:18:05+00:00","article:modified_time":"2022-04-01T15:18:09+00:00","article:publisher":"https:\/\/www.facebook.com\/\/EnergiesNet","twitter:card":"summary_large_image","twitter:site":"@EnergiesNet1","twitter:title":"AMLO: La valoraci\u00f3n de la persona y el gobernante - EnergiestNet","twitter:description":"_____________________________________________________ Rub\u00e9n Aguilar Valenzuela, Socio fundador de Afan Consultores Internacionales, S.C. Doctor en Ciencias Sociales. Profesor en el Departamento de Comunicaciones y Ciencias Pol\u00edticas de la Universidad Iberoamericana. Articulista en diversos peri\u00f3dicos y revistas. Fue Fundador y director de la Agencia Salpress del FMLN, el Salvador. coordinador de la Secretar\u00eda Particular de la presidencia de","twitter:creator":"@EnergiesNet1","twitter:image":"https:\/\/energiesnet.com\/espanol"},"aioseo_meta_data":{"post_id":"6892","title":null,"description":null,"keywords":null,"keyphrases":null,"primary_term":null,"canonical_url":null,"og_title":null,"og_description":null,"og_object_type":"default","og_image_type":"default","og_image_url":null,"og_image_width":null,"og_image_height":null,"og_image_custom_url":null,"og_image_custom_fields":null,"og_video":null,"og_custom_url":null,"og_article_section":null,"og_article_tags":null,"twitter_use_og":false,"twitter_card":"default","twitter_image_type":"default","twitter_image_url":null,"twitter_image_custom_url":null,"twitter_image_custom_fields":null,"twitter_title":null,"twitter_description":null,"schema":{"blockGraphs":[],"customGraphs":[],"default":{"data":{"Article":[],"Course":[],"Dataset":[],"FAQPage":[],"Movie":[],"Person":[],"Product":[],"ProductReview":[],"Car":[],"Recipe":[],"Service":[],"SoftwareApplication":[],"WebPage":[]},"graphName":"","isEnabled":true},"graphs":[]},"schema_type":"default","schema_type_options":null,"pillar_content":false,"robots_default":true,"robots_noindex":false,"robots_noarchive":false,"robots_nosnippet":false,"robots_nofollow":false,"robots_noimageindex":false,"robots_noodp":false,"robots_notranslate":false,"robots_max_snippet":null,"robots_max_videopreview":null,"robots_max_imagepreview":"large","priority":null,"frequency":null,"local_seo":null,"breadcrumb_settings":null,"limit_modified_date":false,"ai":null,"created":"2022-12-14 13:19:14","updated":"2025-06-04 10:50:56","seo_analyzer_scan_date":null,"focus_keyword":null,"additional_keywords":null,"truseo_locale":null},"aioseo_breadcrumb":"<div class=\"aioseo-breadcrumbs\"><span class=\"aioseo-breadcrumb\">\n\t\t\t<a href=\"https:\/\/energiesnet.com\/espanol\" title=\"Inicio\">Inicio<\/a>\n\t\t<\/span><span class=\"aioseo-breadcrumb-separator\">&raquo;<\/span><span class=\"aioseo-breadcrumb\">\n\t\t\t<a href=\"https:\/\/energiesnet.com\/espanol\/category\/comentario-del-dia\/\" title=\"Comentario del d\u00eda\">Comentario del d\u00eda<\/a>\n\t\t<\/span><span class=\"aioseo-breadcrumb-separator\">&raquo;<\/span><span class=\"aioseo-breadcrumb\">\n\t\t\tAMLO: La valoraci\u00f3n de la persona y el gobernante\n\t\t<\/span><\/div>","aioseo_breadcrumb_json":[{"label":"Inicio","link":"https:\/\/energiesnet.com\/espanol"},{"label":"Comentario del d\u00eda","link":"https:\/\/energiesnet.com\/espanol\/category\/comentario-del-dia\/"},{"label":"AMLO:\u00a0La valoraci\u00f3n\u00a0de\u00a0la persona y el gobernante","link":"https:\/\/energiesnet.com\/espanol\/amlo-la-valoracion-de-la-persona-y-el-gobernante\/"}],"_links":{"self":[{"href":"https:\/\/energiesnet.com\/espanol\/wp-json\/wp\/v2\/posts\/6892","targetHints":{"allow":["GET"]}}],"collection":[{"href":"https:\/\/energiesnet.com\/espanol\/wp-json\/wp\/v2\/posts"}],"about":[{"href":"https:\/\/energiesnet.com\/espanol\/wp-json\/wp\/v2\/types\/post"}],"author":[{"embeddable":true,"href":"https:\/\/energiesnet.com\/espanol\/wp-json\/wp\/v2\/users\/2"}],"replies":[{"embeddable":true,"href":"https:\/\/energiesnet.com\/espanol\/wp-json\/wp\/v2\/comments?post=6892"}],"version-history":[{"count":0,"href":"https:\/\/energiesnet.com\/espanol\/wp-json\/wp\/v2\/posts\/6892\/revisions"}],"wp:featuredmedia":[{"embeddable":true,"href":"https:\/\/energiesnet.com\/espanol\/wp-json\/wp\/v2\/media\/6893"}],"wp:attachment":[{"href":"https:\/\/energiesnet.com\/espanol\/wp-json\/wp\/v2\/media?parent=6892"}],"wp:term":[{"taxonomy":"category","embeddable":true,"href":"https:\/\/energiesnet.com\/espanol\/wp-json\/wp\/v2\/categories?post=6892"},{"taxonomy":"post_tag","embeddable":true,"href":"https:\/\/energiesnet.com\/espanol\/wp-json\/wp\/v2\/tags?post=6892"}],"curies":[{"name":"wp","href":"https:\/\/api.w.org\/{rel}","templated":true}]}}