{"id":7149,"date":"2022-04-07T10:32:06","date_gmt":"2022-04-07T14:32:06","guid":{"rendered":"https:\/\/energiesnet.com\/espanol\/?p=7149"},"modified":"2022-04-07T10:32:08","modified_gmt":"2022-04-07T14:32:08","slug":"la-eurocamara-apoya-que-las-reservas-de-gas-ue-esten-al-80-para-noviembre","status":"publish","type":"post","link":"https:\/\/energiesnet.com\/espanol\/la-eurocamara-apoya-que-las-reservas-de-gas-ue-esten-al-80-para-noviembre\/","title":{"rendered":"La Euroc\u00e1mara apoya que las reservas de gas UE est\u00e9n al 80 % para noviembre"},"content":{"rendered":"\n<figure class=\"wp-block-image size-full\"><img fetchpriority=\"high\" decoding=\"async\" width=\"600\" height=\"400\" src=\"https:\/\/energiesnet.com\/espanol\/wp-content\/uploads\/2022\/04\/reuters_graficos-rtr.jpg\" alt=\"\" class=\"wp-image-7150\" srcset=\"https:\/\/energiesnet.com\/espanol\/wp-content\/uploads\/2022\/04\/reuters_graficos-rtr.jpg 600w, https:\/\/energiesnet.com\/espanol\/wp-content\/uploads\/2022\/04\/reuters_graficos-rtr-300x200.jpg 300w\" sizes=\"(max-width: 600px) 100vw, 600px\" \/><figcaption>Reuters<\/figcaption><\/figure>\n\n\n\n<p class=\"wp-block-paragraph\">EFE  <\/p>\n\n\n\n<p class=\"wp-block-paragraph\">ESTRASBURGO  <br>EnergiesNet.com 07 04 2022  <\/p>\n\n\n\n<p class=\"wp-block-paragraph\">El Parlamento Europeo apoy\u00f3 este jueves la propuesta de la Comisi\u00f3n Europea para acelerar el relleno de las reservas de gas de la Uni\u00f3n Europeo de cara a la pr\u00f3xima temporada de calefacci\u00f3n, con un m\u00ednimo del 80 % de capacidad para el pr\u00f3ximo 1 de noviembre y del 90 % en dicha fecha para los a\u00f1os subsecuentes.<\/p>\n\n\n\n<p class=\"wp-block-paragraph\">La Euroc\u00e1mara tendr\u00e1 ahora que negociar con los pa\u00edses la forma final de esta legislaci\u00f3n, que la Comisi\u00f3n Europea propuso el pasado 23 de marzo con vistas a reducir la dependencia comunitaria del gas ruso lo antes posible tras la agresi\u00f3n de Mosc\u00fa a Kiev.<\/p>\n\n\n\n<p class=\"wp-block-paragraph\">Los diputados tramitaron por el procedimiento acelerado esta propuesta de Bruselas, que tambi\u00e9n recoge un nuevo certificado obligatorio para los operadores de los almacenes \u00abpara evitar riesgos de interferencias externas\u00bb o la prohibici\u00f3n de cerrar un dep\u00f3sito de gas sin permiso de los reguladores nacionales.<\/p>\n\n\n\n<p class=\"wp-block-paragraph\">Tambi\u00e9n se crean incentivos para las compa\u00f1\u00edas energ\u00e9ticas con descuentos en las tasas de transmisi\u00f3n desde o hacia las infraestructuras de almacenamiento.<\/p>\n\n\n\n<p class=\"wp-block-paragraph\">El voto del Parlamento prosper\u00f3 por 516 votos a favor, 25 en contra y 15 abstenciones. EFE<\/p>\n\n\n\n<p class=\"wp-block-paragraph\">efe.com 06 04 2022<\/p>\n","protected":false},"excerpt":{"rendered":"<p>EFE ESTRASBURGO EnergiesNet.com 07 04 2022 El Parlamento Europeo apoy\u00f3 este jueves la propuesta de la Comisi\u00f3n Europea para acelerar el relleno de las reservas de gas de la Uni\u00f3n Europeo de cara a la pr\u00f3xima temporada de calefacci\u00f3n, con un m\u00ednimo del 80 % de capacidad para el pr\u00f3ximo 1 de noviembre y del &hellip;<\/p>\n<p class=\"read-more\"> <a class=\"\" href=\"https:\/\/energiesnet.com\/espanol\/la-eurocamara-apoya-que-las-reservas-de-gas-ue-esten-al-80-para-noviembre\/\"> <span class=\"screen-reader-text\">La Euroc\u00e1mara apoya que las reservas de gas UE est\u00e9n al 80 % para noviembre<\/span> Leer m\u00e1s &raquo;<\/a><\/p>\n","protected":false},"author":2,"featured_media":7150,"comment_status":"open","ping_status":"open","sticky":false,"template":"","format":"standard","meta":{"_monsterinsights_skip_tracking":false,"site-sidebar-layout":"default","site-content-layout":"default","ast-global-header-display":"","ast-main-header-display":"","ast-hfb-above-header-display":"","ast-hfb-below-header-display":"","ast-hfb-mobile-header-display":"","site-post-title":"","ast-breadcrumbs-content":"","ast-featured-img":"","footer-sml-layout":"","theme-transparent-header-meta":"default","adv-header-id-meta":"","stick-header-meta":"default","header-above-stick-meta":"","header-main-stick-meta":"","header-below-stick-meta":"","footnotes":""},"categories":[45],"tags":[],"class_list":["post-7149","post","type-post","status-publish","format-standard","has-post-thumbnail","hentry","category-noticias-diarias"],"aioseo_notices":[],"aioseo_head":"\n\t\t<!-- All in One SEO 5.0.1.1 - aioseo.com -->\n\t<meta name=\"description\" content=\"EFE ESTRASBURGO EnergiesNet.com 07 04 2022 El Parlamento Europeo apoy\u00f3 este jueves la propuesta de la Comisi\u00f3n Europea para acelerar el relleno de las reservas de gas de la Uni\u00f3n Europeo de cara a la pr\u00f3xima temporada de calefacci\u00f3n, con un m\u00ednimo del 80 % de capacidad para el pr\u00f3ximo 1 de noviembre y del\" \/>\n\t<meta name=\"robots\" content=\"max-image-preview:large\" \/>\n\t<meta name=\"author\" content=\"EnergiesNet\"\/>\n\t<link rel=\"canonical\" href=\"https:\/\/energiesnet.com\/espanol\/la-eurocamara-apoya-que-las-reservas-de-gas-ue-esten-al-80-para-noviembre\/\" \/>\n\t<meta name=\"generator\" content=\"All in One SEO (AIOSEO) 5.0.1.1\" \/>\n\t\t<meta property=\"og:locale\" content=\"es_ES\" \/>\n\t\t<meta property=\"og:site_name\" content=\"EnergiestNet - Latin America Energy, Oil ,  Gas &amp; Renewals\" \/>\n\t\t<meta property=\"og:type\" content=\"article\" \/>\n\t\t<meta property=\"og:title\" content=\"La Euroc\u00e1mara apoya que las reservas de gas UE est\u00e9n al 80 % para noviembre - EnergiestNet\" \/>\n\t\t<meta property=\"og:description\" content=\"EFE ESTRASBURGO EnergiesNet.com 07 04 2022 El Parlamento Europeo apoy\u00f3 este jueves la propuesta de la Comisi\u00f3n Europea para acelerar el relleno de las reservas de gas de la Uni\u00f3n Europeo de cara a la pr\u00f3xima temporada de calefacci\u00f3n, con un m\u00ednimo del 80 % de capacidad para el pr\u00f3ximo 1 de noviembre y del\" \/>\n\t\t<meta property=\"og:url\" content=\"https:\/\/energiesnet.com\/espanol\/la-eurocamara-apoya-que-las-reservas-de-gas-ue-esten-al-80-para-noviembre\/\" \/>\n\t\t<meta property=\"og:image\" content=\"https:\/\/energiesnet.com\/espanol\" \/>\n\t\t<meta property=\"og:image:secure_url\" content=\"https:\/\/energiesnet.com\/espanol\" \/>\n\t\t<meta property=\"article:published_time\" content=\"2022-04-07T14:32:06+00:00\" \/>\n\t\t<meta property=\"article:modified_time\" content=\"2022-04-07T14:32:08+00:00\" \/>\n\t\t<meta property=\"article:publisher\" content=\"https:\/\/www.facebook.com\/\/EnergiesNet\" \/>\n\t\t<meta name=\"twitter:card\" content=\"summary_large_image\" \/>\n\t\t<meta name=\"twitter:site\" content=\"@EnergiesNet1\" \/>\n\t\t<meta name=\"twitter:title\" content=\"La Euroc\u00e1mara apoya que las reservas de gas UE est\u00e9n al 80 % para noviembre - EnergiestNet\" \/>\n\t\t<meta name=\"twitter:description\" content=\"EFE ESTRASBURGO EnergiesNet.com 07 04 2022 El Parlamento Europeo apoy\u00f3 este jueves la propuesta de la Comisi\u00f3n Europea para acelerar el relleno de las reservas de gas de la Uni\u00f3n Europeo de cara a la pr\u00f3xima temporada de calefacci\u00f3n, con un m\u00ednimo del 80 % de capacidad para el pr\u00f3ximo 1 de noviembre y del\" \/>\n\t\t<meta name=\"twitter:creator\" content=\"@EnergiesNet1\" \/>\n\t\t<meta name=\"twitter:image\" content=\"https:\/\/energiesnet.com\/espanol\" \/>\n\t\t<script type=\"application\/ld+json\" class=\"aioseo-schema\">\n\t\t\t{\"@context\":\"https:\\\/\\\/schema.org\",\"@graph\":[{\"@type\":\"BlogPosting\",\"@id\":\"https:\\\/\\\/energiesnet.com\\\/espanol\\\/la-eurocamara-apoya-que-las-reservas-de-gas-ue-esten-al-80-para-noviembre\\\/#blogposting\",\"name\":\"La Euroc\\u00e1mara apoya que las reservas de gas UE est\\u00e9n al 80 % para noviembre - EnergiestNet\",\"headline\":\"La Euroc\\u00e1mara apoya que las reservas de gas UE est\\u00e9n al 80 % para noviembre\",\"author\":{\"@id\":\"https:\\\/\\\/energiesnet.com\\\/espanol\\\/author\\\/elioohep\\\/#author\"},\"publisher\":{\"@id\":\"https:\\\/\\\/energiesnet.com\\\/espanol\\\/#organization\"},\"image\":{\"@type\":\"ImageObject\",\"url\":\"https:\\\/\\\/energiesnet.com\\\/espanol\\\/wp-content\\\/uploads\\\/2022\\\/04\\\/reuters_graficos-rtr.jpg\",\"width\":600,\"height\":400},\"datePublished\":\"2022-04-07T10:32:06-04:00\",\"dateModified\":\"2022-04-07T10:32:08-04:00\",\"inLanguage\":\"es-ES\",\"mainEntityOfPage\":{\"@id\":\"https:\\\/\\\/energiesnet.com\\\/espanol\\\/la-eurocamara-apoya-que-las-reservas-de-gas-ue-esten-al-80-para-noviembre\\\/#webpage\"},\"isPartOf\":{\"@id\":\"https:\\\/\\\/energiesnet.com\\\/espanol\\\/la-eurocamara-apoya-que-las-reservas-de-gas-ue-esten-al-80-para-noviembre\\\/#webpage\"},\"articleSection\":\"Noticias Diarias\"},{\"@type\":\"BreadcrumbList\",\"@id\":\"https:\\\/\\\/energiesnet.com\\\/espanol\\\/la-eurocamara-apoya-que-las-reservas-de-gas-ue-esten-al-80-para-noviembre\\\/#breadcrumblist\",\"itemListElement\":[{\"@type\":\"ListItem\",\"@id\":\"https:\\\/\\\/energiesnet.com\\\/espanol#listItem\",\"position\":1,\"name\":\"Inicio\",\"item\":\"https:\\\/\\\/energiesnet.com\\\/espanol\",\"nextItem\":{\"@type\":\"ListItem\",\"@id\":\"https:\\\/\\\/energiesnet.com\\\/espanol\\\/category\\\/noticias-diarias\\\/#listItem\",\"name\":\"Noticias Diarias\"}},{\"@type\":\"ListItem\",\"@id\":\"https:\\\/\\\/energiesnet.com\\\/espanol\\\/category\\\/noticias-diarias\\\/#listItem\",\"position\":2,\"name\":\"Noticias Diarias\",\"item\":\"https:\\\/\\\/energiesnet.com\\\/espanol\\\/category\\\/noticias-diarias\\\/\",\"nextItem\":{\"@type\":\"ListItem\",\"@id\":\"https:\\\/\\\/energiesnet.com\\\/espanol\\\/la-eurocamara-apoya-que-las-reservas-de-gas-ue-esten-al-80-para-noviembre\\\/#listItem\",\"name\":\"La Euroc\\u00e1mara apoya que las reservas de gas UE est\\u00e9n al 80 % para noviembre\"},\"previousItem\":{\"@type\":\"ListItem\",\"@id\":\"https:\\\/\\\/energiesnet.com\\\/espanol#listItem\",\"name\":\"Inicio\"}},{\"@type\":\"ListItem\",\"@id\":\"https:\\\/\\\/energiesnet.com\\\/espanol\\\/la-eurocamara-apoya-que-las-reservas-de-gas-ue-esten-al-80-para-noviembre\\\/#listItem\",\"position\":3,\"name\":\"La Euroc\\u00e1mara apoya que las reservas de gas UE est\\u00e9n al 80 % para noviembre\",\"previousItem\":{\"@type\":\"ListItem\",\"@id\":\"https:\\\/\\\/energiesnet.com\\\/espanol\\\/category\\\/noticias-diarias\\\/#listItem\",\"name\":\"Noticias Diarias\"}}]},{\"@type\":\"Organization\",\"@id\":\"https:\\\/\\\/energiesnet.com\\\/espanol\\\/#organization\",\"name\":\"EnergiestNet\",\"description\":\"Latin America Energy, Oil ,  Gas & Renewals\",\"url\":\"https:\\\/\\\/energiesnet.com\\\/espanol\\\/\",\"telephone\":\"+584142763041\",\"logo\":{\"@type\":\"ImageObject\",\"url\":\"https:\\\/\\\/energiesnet.com\\\/espanol\\\/wp-content\\\/uploads\\\/2022\\\/12\\\/EnergiesNet-Logo-200.jpg\",\"@id\":\"https:\\\/\\\/energiesnet.com\\\/espanol\\\/la-eurocamara-apoya-que-las-reservas-de-gas-ue-esten-al-80-para-noviembre\\\/#organizationLogo\",\"width\":200,\"height\":220},\"image\":{\"@id\":\"https:\\\/\\\/energiesnet.com\\\/espanol\\\/la-eurocamara-apoya-que-las-reservas-de-gas-ue-esten-al-80-para-noviembre\\\/#organizationLogo\"},\"sameAs\":[\"https:\\\/\\\/www.facebook.com\\\/\\\/EnergiesNet\",\"https:\\\/\\\/twitter.com\\\/EnergiesNet1\",\"https:\\\/\\\/www.instagram.com\\\/energiesnet\\\/\",\"https:\\\/\\\/linkedin.com\\\/in\\\/elio-ohep-a465b78\"]},{\"@type\":\"Person\",\"@id\":\"https:\\\/\\\/energiesnet.com\\\/espanol\\\/author\\\/elioohep\\\/#author\",\"url\":\"https:\\\/\\\/energiesnet.com\\\/espanol\\\/author\\\/elioohep\\\/\",\"name\":\"EnergiesNet\",\"image\":{\"@type\":\"ImageObject\",\"@id\":\"https:\\\/\\\/energiesnet.com\\\/espanol\\\/la-eurocamara-apoya-que-las-reservas-de-gas-ue-esten-al-80-para-noviembre\\\/#authorImage\",\"url\":\"https:\\\/\\\/secure.gravatar.com\\\/avatar\\\/5412deb1089370e2bdf1d1310563df78bf3dc9f9e388ca5748bced95cfdb664b?s=96&d=mm&r=g\",\"width\":96,\"height\":96,\"caption\":\"EnergiesNet\"}},{\"@type\":\"WebPage\",\"@id\":\"https:\\\/\\\/energiesnet.com\\\/espanol\\\/la-eurocamara-apoya-que-las-reservas-de-gas-ue-esten-al-80-para-noviembre\\\/#webpage\",\"url\":\"https:\\\/\\\/energiesnet.com\\\/espanol\\\/la-eurocamara-apoya-que-las-reservas-de-gas-ue-esten-al-80-para-noviembre\\\/\",\"name\":\"La Euroc\\u00e1mara apoya que las reservas de gas UE est\\u00e9n al 80 % para noviembre - EnergiestNet\",\"description\":\"EFE ESTRASBURGO EnergiesNet.com 07 04 2022 El Parlamento Europeo apoy\\u00f3 este jueves la propuesta de la Comisi\\u00f3n Europea para acelerar el relleno de las reservas de gas de la Uni\\u00f3n Europeo de cara a la pr\\u00f3xima temporada de calefacci\\u00f3n, con un m\\u00ednimo del 80 % de capacidad para el pr\\u00f3ximo 1 de noviembre y del\",\"inLanguage\":\"es-ES\",\"isPartOf\":{\"@id\":\"https:\\\/\\\/energiesnet.com\\\/espanol\\\/#website\"},\"breadcrumb\":{\"@id\":\"https:\\\/\\\/energiesnet.com\\\/espanol\\\/la-eurocamara-apoya-que-las-reservas-de-gas-ue-esten-al-80-para-noviembre\\\/#breadcrumblist\"},\"author\":{\"@id\":\"https:\\\/\\\/energiesnet.com\\\/espanol\\\/author\\\/elioohep\\\/#author\"},\"creator\":{\"@id\":\"https:\\\/\\\/energiesnet.com\\\/espanol\\\/author\\\/elioohep\\\/#author\"},\"image\":{\"@type\":\"ImageObject\",\"url\":\"https:\\\/\\\/energiesnet.com\\\/espanol\\\/wp-content\\\/uploads\\\/2022\\\/04\\\/reuters_graficos-rtr.jpg\",\"@id\":\"https:\\\/\\\/energiesnet.com\\\/espanol\\\/la-eurocamara-apoya-que-las-reservas-de-gas-ue-esten-al-80-para-noviembre\\\/#mainImage\",\"width\":600,\"height\":400},\"primaryImageOfPage\":{\"@id\":\"https:\\\/\\\/energiesnet.com\\\/espanol\\\/la-eurocamara-apoya-que-las-reservas-de-gas-ue-esten-al-80-para-noviembre\\\/#mainImage\"},\"datePublished\":\"2022-04-07T10:32:06-04:00\",\"dateModified\":\"2022-04-07T10:32:08-04:00\"},{\"@type\":\"WebSite\",\"@id\":\"https:\\\/\\\/energiesnet.com\\\/espanol\\\/#website\",\"url\":\"https:\\\/\\\/energiesnet.com\\\/espanol\\\/\",\"name\":\"EnergiestNet\",\"description\":\"Latin America Energy, Oil ,  Gas & Renewals\",\"inLanguage\":\"es-ES\",\"publisher\":{\"@id\":\"https:\\\/\\\/energiesnet.com\\\/espanol\\\/#organization\"}}]}\n\t\t<\/script>\n\t\t<!-- All in One SEO -->\n\n","aioseo_head_json":{"title":"La Euroc\u00e1mara apoya que las reservas de gas UE est\u00e9n al 80 % para noviembre - EnergiestNet","description":"EFE ESTRASBURGO EnergiesNet.com 07 04 2022 El Parlamento Europeo apoy\u00f3 este jueves la propuesta de la Comisi\u00f3n Europea para acelerar el relleno de las reservas de gas de la Uni\u00f3n Europeo de cara a la pr\u00f3xima temporada de calefacci\u00f3n, con un m\u00ednimo del 80 % de capacidad para el pr\u00f3ximo 1 de noviembre y del","canonical_url":"https:\/\/energiesnet.com\/espanol\/la-eurocamara-apoya-que-las-reservas-de-gas-ue-esten-al-80-para-noviembre\/","robots":"max-image-preview:large","keywords":"","webmasterTools":{"miscellaneous":""},"schema":{"@context":"https:\/\/schema.org","@graph":[{"@type":"BlogPosting","@id":"https:\/\/energiesnet.com\/espanol\/la-eurocamara-apoya-que-las-reservas-de-gas-ue-esten-al-80-para-noviembre\/#blogposting","name":"La Euroc\u00e1mara apoya que las reservas de gas UE est\u00e9n al 80 % para noviembre - EnergiestNet","headline":"La Euroc\u00e1mara apoya que las reservas de gas UE est\u00e9n al 80 % para noviembre","author":{"@id":"https:\/\/energiesnet.com\/espanol\/author\/elioohep\/#author"},"publisher":{"@id":"https:\/\/energiesnet.com\/espanol\/#organization"},"image":{"@type":"ImageObject","url":"https:\/\/energiesnet.com\/espanol\/wp-content\/uploads\/2022\/04\/reuters_graficos-rtr.jpg","width":600,"height":400},"datePublished":"2022-04-07T10:32:06-04:00","dateModified":"2022-04-07T10:32:08-04:00","inLanguage":"es-ES","mainEntityOfPage":{"@id":"https:\/\/energiesnet.com\/espanol\/la-eurocamara-apoya-que-las-reservas-de-gas-ue-esten-al-80-para-noviembre\/#webpage"},"isPartOf":{"@id":"https:\/\/energiesnet.com\/espanol\/la-eurocamara-apoya-que-las-reservas-de-gas-ue-esten-al-80-para-noviembre\/#webpage"},"articleSection":"Noticias Diarias"},{"@type":"BreadcrumbList","@id":"https:\/\/energiesnet.com\/espanol\/la-eurocamara-apoya-que-las-reservas-de-gas-ue-esten-al-80-para-noviembre\/#breadcrumblist","itemListElement":[{"@type":"ListItem","@id":"https:\/\/energiesnet.com\/espanol#listItem","position":1,"name":"Inicio","item":"https:\/\/energiesnet.com\/espanol","nextItem":{"@type":"ListItem","@id":"https:\/\/energiesnet.com\/espanol\/category\/noticias-diarias\/#listItem","name":"Noticias Diarias"}},{"@type":"ListItem","@id":"https:\/\/energiesnet.com\/espanol\/category\/noticias-diarias\/#listItem","position":2,"name":"Noticias Diarias","item":"https:\/\/energiesnet.com\/espanol\/category\/noticias-diarias\/","nextItem":{"@type":"ListItem","@id":"https:\/\/energiesnet.com\/espanol\/la-eurocamara-apoya-que-las-reservas-de-gas-ue-esten-al-80-para-noviembre\/#listItem","name":"La Euroc\u00e1mara apoya que las reservas de gas UE est\u00e9n al 80 % para noviembre"},"previousItem":{"@type":"ListItem","@id":"https:\/\/energiesnet.com\/espanol#listItem","name":"Inicio"}},{"@type":"ListItem","@id":"https:\/\/energiesnet.com\/espanol\/la-eurocamara-apoya-que-las-reservas-de-gas-ue-esten-al-80-para-noviembre\/#listItem","position":3,"name":"La Euroc\u00e1mara apoya que las reservas de gas UE est\u00e9n al 80 % para noviembre","previousItem":{"@type":"ListItem","@id":"https:\/\/energiesnet.com\/espanol\/category\/noticias-diarias\/#listItem","name":"Noticias Diarias"}}]},{"@type":"Organization","@id":"https:\/\/energiesnet.com\/espanol\/#organization","name":"EnergiestNet","description":"Latin America Energy, Oil ,  Gas & Renewals","url":"https:\/\/energiesnet.com\/espanol\/","telephone":"+584142763041","logo":{"@type":"ImageObject","url":"https:\/\/energiesnet.com\/espanol\/wp-content\/uploads\/2022\/12\/EnergiesNet-Logo-200.jpg","@id":"https:\/\/energiesnet.com\/espanol\/la-eurocamara-apoya-que-las-reservas-de-gas-ue-esten-al-80-para-noviembre\/#organizationLogo","width":200,"height":220},"image":{"@id":"https:\/\/energiesnet.com\/espanol\/la-eurocamara-apoya-que-las-reservas-de-gas-ue-esten-al-80-para-noviembre\/#organizationLogo"},"sameAs":["https:\/\/www.facebook.com\/\/EnergiesNet","https:\/\/twitter.com\/EnergiesNet1","https:\/\/www.instagram.com\/energiesnet\/","https:\/\/linkedin.com\/in\/elio-ohep-a465b78"]},{"@type":"Person","@id":"https:\/\/energiesnet.com\/espanol\/author\/elioohep\/#author","url":"https:\/\/energiesnet.com\/espanol\/author\/elioohep\/","name":"EnergiesNet","image":{"@type":"ImageObject","@id":"https:\/\/energiesnet.com\/espanol\/la-eurocamara-apoya-que-las-reservas-de-gas-ue-esten-al-80-para-noviembre\/#authorImage","url":"https:\/\/secure.gravatar.com\/avatar\/5412deb1089370e2bdf1d1310563df78bf3dc9f9e388ca5748bced95cfdb664b?s=96&d=mm&r=g","width":96,"height":96,"caption":"EnergiesNet"}},{"@type":"WebPage","@id":"https:\/\/energiesnet.com\/espanol\/la-eurocamara-apoya-que-las-reservas-de-gas-ue-esten-al-80-para-noviembre\/#webpage","url":"https:\/\/energiesnet.com\/espanol\/la-eurocamara-apoya-que-las-reservas-de-gas-ue-esten-al-80-para-noviembre\/","name":"La Euroc\u00e1mara apoya que las reservas de gas UE est\u00e9n al 80 % para noviembre - EnergiestNet","description":"EFE ESTRASBURGO EnergiesNet.com 07 04 2022 El Parlamento Europeo apoy\u00f3 este jueves la propuesta de la Comisi\u00f3n Europea para acelerar el relleno de las reservas de gas de la Uni\u00f3n Europeo de cara a la pr\u00f3xima temporada de calefacci\u00f3n, con un m\u00ednimo del 80 % de capacidad para el pr\u00f3ximo 1 de noviembre y del","inLanguage":"es-ES","isPartOf":{"@id":"https:\/\/energiesnet.com\/espanol\/#website"},"breadcrumb":{"@id":"https:\/\/energiesnet.com\/espanol\/la-eurocamara-apoya-que-las-reservas-de-gas-ue-esten-al-80-para-noviembre\/#breadcrumblist"},"author":{"@id":"https:\/\/energiesnet.com\/espanol\/author\/elioohep\/#author"},"creator":{"@id":"https:\/\/energiesnet.com\/espanol\/author\/elioohep\/#author"},"image":{"@type":"ImageObject","url":"https:\/\/energiesnet.com\/espanol\/wp-content\/uploads\/2022\/04\/reuters_graficos-rtr.jpg","@id":"https:\/\/energiesnet.com\/espanol\/la-eurocamara-apoya-que-las-reservas-de-gas-ue-esten-al-80-para-noviembre\/#mainImage","width":600,"height":400},"primaryImageOfPage":{"@id":"https:\/\/energiesnet.com\/espanol\/la-eurocamara-apoya-que-las-reservas-de-gas-ue-esten-al-80-para-noviembre\/#mainImage"},"datePublished":"2022-04-07T10:32:06-04:00","dateModified":"2022-04-07T10:32:08-04:00"},{"@type":"WebSite","@id":"https:\/\/energiesnet.com\/espanol\/#website","url":"https:\/\/energiesnet.com\/espanol\/","name":"EnergiestNet","description":"Latin America Energy, Oil ,  Gas & Renewals","inLanguage":"es-ES","publisher":{"@id":"https:\/\/energiesnet.com\/espanol\/#organization"}}]},"og:locale":"es_ES","og:site_name":"EnergiestNet - Latin America Energy, Oil ,  Gas &amp; Renewals","og:type":"article","og:title":"La Euroc\u00e1mara apoya que las reservas de gas UE est\u00e9n al 80 % para noviembre - EnergiestNet","og:description":"EFE ESTRASBURGO EnergiesNet.com 07 04 2022 El Parlamento Europeo apoy\u00f3 este jueves la propuesta de la Comisi\u00f3n Europea para acelerar el relleno de las reservas de gas de la Uni\u00f3n Europeo de cara a la pr\u00f3xima temporada de calefacci\u00f3n, con un m\u00ednimo del 80 % de capacidad para el pr\u00f3ximo 1 de noviembre y del","og:url":"https:\/\/energiesnet.com\/espanol\/la-eurocamara-apoya-que-las-reservas-de-gas-ue-esten-al-80-para-noviembre\/","og:image":"https:\/\/energiesnet.com\/espanol","og:image:secure_url":"https:\/\/energiesnet.com\/espanol","article:published_time":"2022-04-07T14:32:06+00:00","article:modified_time":"2022-04-07T14:32:08+00:00","article:publisher":"https:\/\/www.facebook.com\/\/EnergiesNet","twitter:card":"summary_large_image","twitter:site":"@EnergiesNet1","twitter:title":"La Euroc\u00e1mara apoya que las reservas de gas UE est\u00e9n al 80 % para noviembre - EnergiestNet","twitter:description":"EFE ESTRASBURGO EnergiesNet.com 07 04 2022 El Parlamento Europeo apoy\u00f3 este jueves la propuesta de la Comisi\u00f3n Europea para acelerar el relleno de las reservas de gas de la Uni\u00f3n Europeo de cara a la pr\u00f3xima temporada de calefacci\u00f3n, con un m\u00ednimo del 80 % de capacidad para el pr\u00f3ximo 1 de noviembre y del","twitter:creator":"@EnergiesNet1","twitter:image":"https:\/\/energiesnet.com\/espanol"},"aioseo_meta_data":{"post_id":"7149","title":null,"description":null,"keywords":null,"keyphrases":null,"primary_term":null,"canonical_url":null,"og_title":null,"og_description":null,"og_object_type":"default","og_image_type":"default","og_image_url":null,"og_image_width":null,"og_image_height":null,"og_image_custom_url":null,"og_image_custom_fields":null,"og_video":null,"og_custom_url":null,"og_article_section":null,"og_article_tags":null,"twitter_use_og":false,"twitter_card":"default","twitter_image_type":"default","twitter_image_url":null,"twitter_image_custom_url":null,"twitter_image_custom_fields":null,"twitter_title":null,"twitter_description":null,"schema":{"blockGraphs":[],"customGraphs":[],"default":{"data":{"Article":[],"Course":[],"Dataset":[],"FAQPage":[],"Movie":[],"Person":[],"Product":[],"ProductReview":[],"Car":[],"Recipe":[],"Service":[],"SoftwareApplication":[],"WebPage":[]},"graphName":"","isEnabled":true},"graphs":[]},"schema_type":"default","schema_type_options":null,"pillar_content":false,"robots_default":true,"robots_noindex":false,"robots_noarchive":false,"robots_nosnippet":false,"robots_nofollow":false,"robots_noimageindex":false,"robots_noodp":false,"robots_notranslate":false,"robots_max_snippet":null,"robots_max_videopreview":null,"robots_max_imagepreview":"large","priority":null,"frequency":null,"local_seo":null,"breadcrumb_settings":null,"limit_modified_date":false,"ai":null,"created":"2022-12-14 13:27:57","updated":"2025-06-04 11:00:13","seo_analyzer_scan_date":null,"focus_keyword":null,"additional_keywords":null,"truseo_locale":null},"aioseo_breadcrumb":"<div class=\"aioseo-breadcrumbs\"><span class=\"aioseo-breadcrumb\">\n\t\t\t<a href=\"https:\/\/energiesnet.com\/espanol\" title=\"Inicio\">Inicio<\/a>\n\t\t<\/span><span class=\"aioseo-breadcrumb-separator\">&raquo;<\/span><span class=\"aioseo-breadcrumb\">\n\t\t\t<a href=\"https:\/\/energiesnet.com\/espanol\/category\/noticias-diarias\/\" title=\"Noticias Diarias\">Noticias Diarias<\/a>\n\t\t<\/span><span class=\"aioseo-breadcrumb-separator\">&raquo;<\/span><span class=\"aioseo-breadcrumb\">\n\t\t\tLa Euroc\u00e1mara apoya que las reservas de gas UE est\u00e9n al 80 % para noviembre\n\t\t<\/span><\/div>","aioseo_breadcrumb_json":[{"label":"Inicio","link":"https:\/\/energiesnet.com\/espanol"},{"label":"Noticias Diarias","link":"https:\/\/energiesnet.com\/espanol\/category\/noticias-diarias\/"},{"label":"La Euroc\u00e1mara apoya que las reservas de gas UE est\u00e9n al 80 % para noviembre","link":"https:\/\/energiesnet.com\/espanol\/la-eurocamara-apoya-que-las-reservas-de-gas-ue-esten-al-80-para-noviembre\/"}],"_links":{"self":[{"href":"https:\/\/energiesnet.com\/espanol\/wp-json\/wp\/v2\/posts\/7149","targetHints":{"allow":["GET"]}}],"collection":[{"href":"https:\/\/energiesnet.com\/espanol\/wp-json\/wp\/v2\/posts"}],"about":[{"href":"https:\/\/energiesnet.com\/espanol\/wp-json\/wp\/v2\/types\/post"}],"author":[{"embeddable":true,"href":"https:\/\/energiesnet.com\/espanol\/wp-json\/wp\/v2\/users\/2"}],"replies":[{"embeddable":true,"href":"https:\/\/energiesnet.com\/espanol\/wp-json\/wp\/v2\/comments?post=7149"}],"version-history":[{"count":0,"href":"https:\/\/energiesnet.com\/espanol\/wp-json\/wp\/v2\/posts\/7149\/revisions"}],"wp:featuredmedia":[{"embeddable":true,"href":"https:\/\/energiesnet.com\/espanol\/wp-json\/wp\/v2\/media\/7150"}],"wp:attachment":[{"href":"https:\/\/energiesnet.com\/espanol\/wp-json\/wp\/v2\/media?parent=7149"}],"wp:term":[{"taxonomy":"category","embeddable":true,"href":"https:\/\/energiesnet.com\/espanol\/wp-json\/wp\/v2\/categories?post=7149"},{"taxonomy":"post_tag","embeddable":true,"href":"https:\/\/energiesnet.com\/espanol\/wp-json\/wp\/v2\/tags?post=7149"}],"curies":[{"name":"wp","href":"https:\/\/api.w.org\/{rel}","templated":true}]}}