{"id":7526,"date":"2022-04-18T06:56:11","date_gmt":"2022-04-18T10:56:11","guid":{"rendered":"https:\/\/energiesnet.com\/espanol\/?p=7526"},"modified":"2022-04-18T06:56:12","modified_gmt":"2022-04-18T10:56:12","slug":"el-papa-llama-a-escuchar-el-clamor-de-la-paz-en-esta-pascua-de-guerra-afp","status":"publish","type":"post","link":"https:\/\/energiesnet.com\/espanol\/el-papa-llama-a-escuchar-el-clamor-de-la-paz-en-esta-pascua-de-guerra-afp\/","title":{"rendered":"El papa llama a escuchar el clamor de la paz en esta \u00abPascua de guerra\u00bb -AFP"},"content":{"rendered":"\n<figure class=\"wp-block-image size-full\"><img fetchpriority=\"high\" decoding=\"async\" width=\"600\" height=\"400\" src=\"https:\/\/energiesnet.com\/espanol\/wp-content\/uploads\/2022\/04\/papa_urbi_orbi_afp.jpg\" alt=\"\" class=\"wp-image-7527\" srcset=\"https:\/\/energiesnet.com\/espanol\/wp-content\/uploads\/2022\/04\/papa_urbi_orbi_afp.jpg 600w, https:\/\/energiesnet.com\/espanol\/wp-content\/uploads\/2022\/04\/papa_urbi_orbi_afp-300x200.jpg 300w\" sizes=\"(max-width: 600px) 100vw, 600px\" \/><figcaption>\u00a0El papa durante la bendici\u00f3n \u00abUrbi et Orbi\u00bb desde el balc\u00f3n que da a la Plaza San Pedro en el Vaticano el 17 de abril de 2022\u00a0(AFP)  <\/figcaption><\/figure>\n\n\n\n<p class=\"wp-block-paragraph\">AFP<\/p>\n\n\n\n<p class=\"wp-block-paragraph\">CIUDAD DEL VATICANO  <br>EnergiesNet.com 18 04 2022  <\/p>\n\n\n\n<p class=\"wp-block-paragraph\">El papa Francisco llam\u00f3 el domingo a que los l\u00edderes de las naciones \u00abescuchen\u00bb el clamor por la paz en una \u00abPascua de Guerra\u00bb en la que se refiri\u00f3 a una Ucrania \u00abmartirizada\u00bb por el conflicto.<\/p>\n\n\n\n<p class=\"wp-block-paragraph\">\u00abHemos visto demasiada sangre, demasiada violencia\u00bb, dijo el papa en su tradicional bendici\u00f3n \u00abUrbi et Orbi\u00bb delante de cerca de 50.000 fieles en la Plaza de San Pedro en Roma.<\/p>\n\n\n\n<p class=\"wp-block-paragraph\">El papa argentino pidi\u00f3 a los fieles que no se \u00abacostumbren a las guerras\u00bb.<\/p>\n\n\n\n<p class=\"wp-block-paragraph\">\u00abCompromet\u00e1monos todos a pedir la paz con voz potente, desde los balcones y en las calles\u00bb, exhort\u00f3 a la multitud que respondi\u00f3 con aplausos.<\/p>\n\n\n\n<p class=\"wp-block-paragraph\">El l\u00edder espiritual de unas 1.300 millones de cat\u00f3licos insiste desde hace semanas en la necesidad de una paz para Ucrania, tras la invasi\u00f3n que sufre el pa\u00eds desde el 24 de febrero por las tropas Rusas.<\/p>\n\n\n\n<p class=\"wp-block-paragraph\">\u00abLlevo en el coraz\u00f3n a las numerosas v\u00edctimas ucranianas, a los millones de refugiados y desplazados internos, a las familias divididas, a los ancianos que se han quedado solos, a las vidas destrozadas y a las ciudades arrasadas\u00bb, dijo el pont\u00edfice.<\/p>\n\n\n\n<p class=\"wp-block-paragraph\">El papa tambi\u00e9n celebr\u00f3 que \u00aben medio del dolor\u00bb no faltan \u00absignos esperanzadores, como las puertas abiertas de tantas familias y comunidades que acogen a migrantes y refugiados en toda Europa\u00bb<\/p>\n\n\n\n<p class=\"wp-block-paragraph\">afp.com 17 04 2022<\/p>\n\n\n\n<p class=\"wp-block-paragraph\"><br><\/p>\n","protected":false},"excerpt":{"rendered":"<p>AFP CIUDAD DEL VATICANO EnergiesNet.com 18 04 2022 El papa Francisco llam\u00f3 el domingo a que los l\u00edderes de las naciones \u00abescuchen\u00bb el clamor por la paz en una \u00abPascua de Guerra\u00bb en la que se refiri\u00f3 a una Ucrania \u00abmartirizada\u00bb por el conflicto. \u00abHemos visto demasiada sangre, demasiada violencia\u00bb, dijo el papa en su &hellip;<\/p>\n<p class=\"read-more\"> <a class=\"\" href=\"https:\/\/energiesnet.com\/espanol\/el-papa-llama-a-escuchar-el-clamor-de-la-paz-en-esta-pascua-de-guerra-afp\/\"> <span class=\"screen-reader-text\">El papa llama a escuchar el clamor de la paz en esta \u00abPascua de guerra\u00bb -AFP<\/span> Leer m\u00e1s &raquo;<\/a><\/p>\n","protected":false},"author":2,"featured_media":7527,"comment_status":"open","ping_status":"open","sticky":false,"template":"","format":"standard","meta":{"_monsterinsights_skip_tracking":false,"site-sidebar-layout":"default","site-content-layout":"default","ast-global-header-display":"","ast-main-header-display":"","ast-hfb-above-header-display":"","ast-hfb-below-header-display":"","ast-hfb-mobile-header-display":"","site-post-title":"","ast-breadcrumbs-content":"","ast-featured-img":"","footer-sml-layout":"","theme-transparent-header-meta":"default","adv-header-id-meta":"","stick-header-meta":"default","header-above-stick-meta":"","header-main-stick-meta":"","header-below-stick-meta":"","footnotes":""},"categories":[45],"tags":[],"class_list":["post-7526","post","type-post","status-publish","format-standard","has-post-thumbnail","hentry","category-noticias-diarias"],"aioseo_notices":[],"aioseo_head":"\n\t\t<!-- All in One SEO 5.0.1.1 - aioseo.com -->\n\t<meta name=\"description\" content=\"AFP CIUDAD DEL VATICANO EnergiesNet.com 18 04 2022 El papa Francisco llam\u00f3 el domingo a que los l\u00edderes de las naciones &quot;escuchen&quot; el clamor por la paz en una &quot;Pascua de Guerra&quot; en la que se refiri\u00f3 a una Ucrania &quot;martirizada&quot; por el conflicto. &quot;Hemos visto demasiada sangre, demasiada violencia&quot;, dijo el papa en su\" \/>\n\t<meta name=\"robots\" content=\"max-image-preview:large\" \/>\n\t<meta name=\"author\" content=\"EnergiesNet\"\/>\n\t<link rel=\"canonical\" href=\"https:\/\/energiesnet.com\/espanol\/el-papa-llama-a-escuchar-el-clamor-de-la-paz-en-esta-pascua-de-guerra-afp\/\" \/>\n\t<meta name=\"generator\" content=\"All in One SEO (AIOSEO) 5.0.1.1\" \/>\n\t\t<meta property=\"og:locale\" content=\"es_ES\" \/>\n\t\t<meta property=\"og:site_name\" content=\"EnergiestNet - Latin America Energy, Oil ,  Gas &amp; Renewals\" \/>\n\t\t<meta property=\"og:type\" content=\"article\" \/>\n\t\t<meta property=\"og:title\" content=\"El papa llama a escuchar el clamor de la paz en esta \u00abPascua de guerra\u00bb -AFP - EnergiestNet\" \/>\n\t\t<meta property=\"og:description\" content=\"AFP CIUDAD DEL VATICANO EnergiesNet.com 18 04 2022 El papa Francisco llam\u00f3 el domingo a que los l\u00edderes de las naciones &quot;escuchen&quot; el clamor por la paz en una &quot;Pascua de Guerra&quot; en la que se refiri\u00f3 a una Ucrania &quot;martirizada&quot; por el conflicto. &quot;Hemos visto demasiada sangre, demasiada violencia&quot;, dijo el papa en su\" \/>\n\t\t<meta property=\"og:url\" content=\"https:\/\/energiesnet.com\/espanol\/el-papa-llama-a-escuchar-el-clamor-de-la-paz-en-esta-pascua-de-guerra-afp\/\" \/>\n\t\t<meta property=\"og:image\" content=\"https:\/\/energiesnet.com\/espanol\" \/>\n\t\t<meta property=\"og:image:secure_url\" content=\"https:\/\/energiesnet.com\/espanol\" \/>\n\t\t<meta property=\"article:published_time\" content=\"2022-04-18T10:56:11+00:00\" \/>\n\t\t<meta property=\"article:modified_time\" content=\"2022-04-18T10:56:12+00:00\" \/>\n\t\t<meta property=\"article:publisher\" content=\"https:\/\/www.facebook.com\/\/EnergiesNet\" \/>\n\t\t<meta name=\"twitter:card\" content=\"summary_large_image\" \/>\n\t\t<meta name=\"twitter:site\" content=\"@EnergiesNet1\" \/>\n\t\t<meta name=\"twitter:title\" content=\"El papa llama a escuchar el clamor de la paz en esta \u00abPascua de guerra\u00bb -AFP - EnergiestNet\" \/>\n\t\t<meta name=\"twitter:description\" content=\"AFP CIUDAD DEL VATICANO EnergiesNet.com 18 04 2022 El papa Francisco llam\u00f3 el domingo a que los l\u00edderes de las naciones &quot;escuchen&quot; el clamor por la paz en una &quot;Pascua de Guerra&quot; en la que se refiri\u00f3 a una Ucrania &quot;martirizada&quot; por el conflicto. &quot;Hemos visto demasiada sangre, demasiada violencia&quot;, dijo el papa en su\" \/>\n\t\t<meta name=\"twitter:creator\" content=\"@EnergiesNet1\" \/>\n\t\t<meta name=\"twitter:image\" content=\"https:\/\/energiesnet.com\/espanol\" \/>\n\t\t<script type=\"application\/ld+json\" class=\"aioseo-schema\">\n\t\t\t{\"@context\":\"https:\\\/\\\/schema.org\",\"@graph\":[{\"@type\":\"BlogPosting\",\"@id\":\"https:\\\/\\\/energiesnet.com\\\/espanol\\\/el-papa-llama-a-escuchar-el-clamor-de-la-paz-en-esta-pascua-de-guerra-afp\\\/#blogposting\",\"name\":\"El papa llama a escuchar el clamor de la paz en esta \\u00abPascua de guerra\\u00bb -AFP - EnergiestNet\",\"headline\":\"El papa llama a escuchar el clamor de la paz en esta \\u00abPascua de guerra\\u00bb -AFP\",\"author\":{\"@id\":\"https:\\\/\\\/energiesnet.com\\\/espanol\\\/author\\\/elioohep\\\/#author\"},\"publisher\":{\"@id\":\"https:\\\/\\\/energiesnet.com\\\/espanol\\\/#organization\"},\"image\":{\"@type\":\"ImageObject\",\"url\":\"https:\\\/\\\/energiesnet.com\\\/espanol\\\/wp-content\\\/uploads\\\/2022\\\/04\\\/papa_urbi_orbi_afp.jpg\",\"width\":600,\"height\":400},\"datePublished\":\"2022-04-18T06:56:11-04:00\",\"dateModified\":\"2022-04-18T06:56:12-04:00\",\"inLanguage\":\"es-ES\",\"mainEntityOfPage\":{\"@id\":\"https:\\\/\\\/energiesnet.com\\\/espanol\\\/el-papa-llama-a-escuchar-el-clamor-de-la-paz-en-esta-pascua-de-guerra-afp\\\/#webpage\"},\"isPartOf\":{\"@id\":\"https:\\\/\\\/energiesnet.com\\\/espanol\\\/el-papa-llama-a-escuchar-el-clamor-de-la-paz-en-esta-pascua-de-guerra-afp\\\/#webpage\"},\"articleSection\":\"Noticias Diarias\"},{\"@type\":\"BreadcrumbList\",\"@id\":\"https:\\\/\\\/energiesnet.com\\\/espanol\\\/el-papa-llama-a-escuchar-el-clamor-de-la-paz-en-esta-pascua-de-guerra-afp\\\/#breadcrumblist\",\"itemListElement\":[{\"@type\":\"ListItem\",\"@id\":\"https:\\\/\\\/energiesnet.com\\\/espanol#listItem\",\"position\":1,\"name\":\"Inicio\",\"item\":\"https:\\\/\\\/energiesnet.com\\\/espanol\",\"nextItem\":{\"@type\":\"ListItem\",\"@id\":\"https:\\\/\\\/energiesnet.com\\\/espanol\\\/category\\\/noticias-diarias\\\/#listItem\",\"name\":\"Noticias Diarias\"}},{\"@type\":\"ListItem\",\"@id\":\"https:\\\/\\\/energiesnet.com\\\/espanol\\\/category\\\/noticias-diarias\\\/#listItem\",\"position\":2,\"name\":\"Noticias Diarias\",\"item\":\"https:\\\/\\\/energiesnet.com\\\/espanol\\\/category\\\/noticias-diarias\\\/\",\"nextItem\":{\"@type\":\"ListItem\",\"@id\":\"https:\\\/\\\/energiesnet.com\\\/espanol\\\/el-papa-llama-a-escuchar-el-clamor-de-la-paz-en-esta-pascua-de-guerra-afp\\\/#listItem\",\"name\":\"El papa llama a escuchar el clamor de la paz en esta \\u00abPascua de guerra\\u00bb -AFP\"},\"previousItem\":{\"@type\":\"ListItem\",\"@id\":\"https:\\\/\\\/energiesnet.com\\\/espanol#listItem\",\"name\":\"Inicio\"}},{\"@type\":\"ListItem\",\"@id\":\"https:\\\/\\\/energiesnet.com\\\/espanol\\\/el-papa-llama-a-escuchar-el-clamor-de-la-paz-en-esta-pascua-de-guerra-afp\\\/#listItem\",\"position\":3,\"name\":\"El papa llama a escuchar el clamor de la paz en esta \\u00abPascua de guerra\\u00bb -AFP\",\"previousItem\":{\"@type\":\"ListItem\",\"@id\":\"https:\\\/\\\/energiesnet.com\\\/espanol\\\/category\\\/noticias-diarias\\\/#listItem\",\"name\":\"Noticias Diarias\"}}]},{\"@type\":\"Organization\",\"@id\":\"https:\\\/\\\/energiesnet.com\\\/espanol\\\/#organization\",\"name\":\"EnergiestNet\",\"description\":\"Latin America Energy, Oil ,  Gas & Renewals\",\"url\":\"https:\\\/\\\/energiesnet.com\\\/espanol\\\/\",\"telephone\":\"+584142763041\",\"logo\":{\"@type\":\"ImageObject\",\"url\":\"https:\\\/\\\/energiesnet.com\\\/espanol\\\/wp-content\\\/uploads\\\/2022\\\/12\\\/EnergiesNet-Logo-200.jpg\",\"@id\":\"https:\\\/\\\/energiesnet.com\\\/espanol\\\/el-papa-llama-a-escuchar-el-clamor-de-la-paz-en-esta-pascua-de-guerra-afp\\\/#organizationLogo\",\"width\":200,\"height\":220},\"image\":{\"@id\":\"https:\\\/\\\/energiesnet.com\\\/espanol\\\/el-papa-llama-a-escuchar-el-clamor-de-la-paz-en-esta-pascua-de-guerra-afp\\\/#organizationLogo\"},\"sameAs\":[\"https:\\\/\\\/www.facebook.com\\\/\\\/EnergiesNet\",\"https:\\\/\\\/twitter.com\\\/EnergiesNet1\",\"https:\\\/\\\/www.instagram.com\\\/energiesnet\\\/\",\"https:\\\/\\\/linkedin.com\\\/in\\\/elio-ohep-a465b78\"]},{\"@type\":\"Person\",\"@id\":\"https:\\\/\\\/energiesnet.com\\\/espanol\\\/author\\\/elioohep\\\/#author\",\"url\":\"https:\\\/\\\/energiesnet.com\\\/espanol\\\/author\\\/elioohep\\\/\",\"name\":\"EnergiesNet\",\"image\":{\"@type\":\"ImageObject\",\"@id\":\"https:\\\/\\\/energiesnet.com\\\/espanol\\\/el-papa-llama-a-escuchar-el-clamor-de-la-paz-en-esta-pascua-de-guerra-afp\\\/#authorImage\",\"url\":\"https:\\\/\\\/secure.gravatar.com\\\/avatar\\\/5412deb1089370e2bdf1d1310563df78bf3dc9f9e388ca5748bced95cfdb664b?s=96&d=mm&r=g\",\"width\":96,\"height\":96,\"caption\":\"EnergiesNet\"}},{\"@type\":\"WebPage\",\"@id\":\"https:\\\/\\\/energiesnet.com\\\/espanol\\\/el-papa-llama-a-escuchar-el-clamor-de-la-paz-en-esta-pascua-de-guerra-afp\\\/#webpage\",\"url\":\"https:\\\/\\\/energiesnet.com\\\/espanol\\\/el-papa-llama-a-escuchar-el-clamor-de-la-paz-en-esta-pascua-de-guerra-afp\\\/\",\"name\":\"El papa llama a escuchar el clamor de la paz en esta \\u00abPascua de guerra\\u00bb -AFP - EnergiestNet\",\"description\":\"AFP CIUDAD DEL VATICANO EnergiesNet.com 18 04 2022 El papa Francisco llam\\u00f3 el domingo a que los l\\u00edderes de las naciones \\\"escuchen\\\" el clamor por la paz en una \\\"Pascua de Guerra\\\" en la que se refiri\\u00f3 a una Ucrania \\\"martirizada\\\" por el conflicto. \\\"Hemos visto demasiada sangre, demasiada violencia\\\", dijo el papa en su\",\"inLanguage\":\"es-ES\",\"isPartOf\":{\"@id\":\"https:\\\/\\\/energiesnet.com\\\/espanol\\\/#website\"},\"breadcrumb\":{\"@id\":\"https:\\\/\\\/energiesnet.com\\\/espanol\\\/el-papa-llama-a-escuchar-el-clamor-de-la-paz-en-esta-pascua-de-guerra-afp\\\/#breadcrumblist\"},\"author\":{\"@id\":\"https:\\\/\\\/energiesnet.com\\\/espanol\\\/author\\\/elioohep\\\/#author\"},\"creator\":{\"@id\":\"https:\\\/\\\/energiesnet.com\\\/espanol\\\/author\\\/elioohep\\\/#author\"},\"image\":{\"@type\":\"ImageObject\",\"url\":\"https:\\\/\\\/energiesnet.com\\\/espanol\\\/wp-content\\\/uploads\\\/2022\\\/04\\\/papa_urbi_orbi_afp.jpg\",\"@id\":\"https:\\\/\\\/energiesnet.com\\\/espanol\\\/el-papa-llama-a-escuchar-el-clamor-de-la-paz-en-esta-pascua-de-guerra-afp\\\/#mainImage\",\"width\":600,\"height\":400},\"primaryImageOfPage\":{\"@id\":\"https:\\\/\\\/energiesnet.com\\\/espanol\\\/el-papa-llama-a-escuchar-el-clamor-de-la-paz-en-esta-pascua-de-guerra-afp\\\/#mainImage\"},\"datePublished\":\"2022-04-18T06:56:11-04:00\",\"dateModified\":\"2022-04-18T06:56:12-04:00\"},{\"@type\":\"WebSite\",\"@id\":\"https:\\\/\\\/energiesnet.com\\\/espanol\\\/#website\",\"url\":\"https:\\\/\\\/energiesnet.com\\\/espanol\\\/\",\"name\":\"EnergiestNet\",\"description\":\"Latin America Energy, Oil ,  Gas & Renewals\",\"inLanguage\":\"es-ES\",\"publisher\":{\"@id\":\"https:\\\/\\\/energiesnet.com\\\/espanol\\\/#organization\"}}]}\n\t\t<\/script>\n\t\t<!-- All in One SEO -->\n\n","aioseo_head_json":{"title":"El papa llama a escuchar el clamor de la paz en esta \u00abPascua de guerra\u00bb -AFP - EnergiestNet","description":"AFP CIUDAD DEL VATICANO EnergiesNet.com 18 04 2022 El papa Francisco llam\u00f3 el domingo a que los l\u00edderes de las naciones \"escuchen\" el clamor por la paz en una \"Pascua de Guerra\" en la que se refiri\u00f3 a una Ucrania \"martirizada\" por el conflicto. \"Hemos visto demasiada sangre, demasiada violencia\", dijo el papa en su","canonical_url":"https:\/\/energiesnet.com\/espanol\/el-papa-llama-a-escuchar-el-clamor-de-la-paz-en-esta-pascua-de-guerra-afp\/","robots":"max-image-preview:large","keywords":"","webmasterTools":{"miscellaneous":""},"schema":{"@context":"https:\/\/schema.org","@graph":[{"@type":"BlogPosting","@id":"https:\/\/energiesnet.com\/espanol\/el-papa-llama-a-escuchar-el-clamor-de-la-paz-en-esta-pascua-de-guerra-afp\/#blogposting","name":"El papa llama a escuchar el clamor de la paz en esta \u00abPascua de guerra\u00bb -AFP - EnergiestNet","headline":"El papa llama a escuchar el clamor de la paz en esta \u00abPascua de guerra\u00bb -AFP","author":{"@id":"https:\/\/energiesnet.com\/espanol\/author\/elioohep\/#author"},"publisher":{"@id":"https:\/\/energiesnet.com\/espanol\/#organization"},"image":{"@type":"ImageObject","url":"https:\/\/energiesnet.com\/espanol\/wp-content\/uploads\/2022\/04\/papa_urbi_orbi_afp.jpg","width":600,"height":400},"datePublished":"2022-04-18T06:56:11-04:00","dateModified":"2022-04-18T06:56:12-04:00","inLanguage":"es-ES","mainEntityOfPage":{"@id":"https:\/\/energiesnet.com\/espanol\/el-papa-llama-a-escuchar-el-clamor-de-la-paz-en-esta-pascua-de-guerra-afp\/#webpage"},"isPartOf":{"@id":"https:\/\/energiesnet.com\/espanol\/el-papa-llama-a-escuchar-el-clamor-de-la-paz-en-esta-pascua-de-guerra-afp\/#webpage"},"articleSection":"Noticias Diarias"},{"@type":"BreadcrumbList","@id":"https:\/\/energiesnet.com\/espanol\/el-papa-llama-a-escuchar-el-clamor-de-la-paz-en-esta-pascua-de-guerra-afp\/#breadcrumblist","itemListElement":[{"@type":"ListItem","@id":"https:\/\/energiesnet.com\/espanol#listItem","position":1,"name":"Inicio","item":"https:\/\/energiesnet.com\/espanol","nextItem":{"@type":"ListItem","@id":"https:\/\/energiesnet.com\/espanol\/category\/noticias-diarias\/#listItem","name":"Noticias Diarias"}},{"@type":"ListItem","@id":"https:\/\/energiesnet.com\/espanol\/category\/noticias-diarias\/#listItem","position":2,"name":"Noticias Diarias","item":"https:\/\/energiesnet.com\/espanol\/category\/noticias-diarias\/","nextItem":{"@type":"ListItem","@id":"https:\/\/energiesnet.com\/espanol\/el-papa-llama-a-escuchar-el-clamor-de-la-paz-en-esta-pascua-de-guerra-afp\/#listItem","name":"El papa llama a escuchar el clamor de la paz en esta \u00abPascua de guerra\u00bb -AFP"},"previousItem":{"@type":"ListItem","@id":"https:\/\/energiesnet.com\/espanol#listItem","name":"Inicio"}},{"@type":"ListItem","@id":"https:\/\/energiesnet.com\/espanol\/el-papa-llama-a-escuchar-el-clamor-de-la-paz-en-esta-pascua-de-guerra-afp\/#listItem","position":3,"name":"El papa llama a escuchar el clamor de la paz en esta \u00abPascua de guerra\u00bb -AFP","previousItem":{"@type":"ListItem","@id":"https:\/\/energiesnet.com\/espanol\/category\/noticias-diarias\/#listItem","name":"Noticias Diarias"}}]},{"@type":"Organization","@id":"https:\/\/energiesnet.com\/espanol\/#organization","name":"EnergiestNet","description":"Latin America Energy, Oil ,  Gas & Renewals","url":"https:\/\/energiesnet.com\/espanol\/","telephone":"+584142763041","logo":{"@type":"ImageObject","url":"https:\/\/energiesnet.com\/espanol\/wp-content\/uploads\/2022\/12\/EnergiesNet-Logo-200.jpg","@id":"https:\/\/energiesnet.com\/espanol\/el-papa-llama-a-escuchar-el-clamor-de-la-paz-en-esta-pascua-de-guerra-afp\/#organizationLogo","width":200,"height":220},"image":{"@id":"https:\/\/energiesnet.com\/espanol\/el-papa-llama-a-escuchar-el-clamor-de-la-paz-en-esta-pascua-de-guerra-afp\/#organizationLogo"},"sameAs":["https:\/\/www.facebook.com\/\/EnergiesNet","https:\/\/twitter.com\/EnergiesNet1","https:\/\/www.instagram.com\/energiesnet\/","https:\/\/linkedin.com\/in\/elio-ohep-a465b78"]},{"@type":"Person","@id":"https:\/\/energiesnet.com\/espanol\/author\/elioohep\/#author","url":"https:\/\/energiesnet.com\/espanol\/author\/elioohep\/","name":"EnergiesNet","image":{"@type":"ImageObject","@id":"https:\/\/energiesnet.com\/espanol\/el-papa-llama-a-escuchar-el-clamor-de-la-paz-en-esta-pascua-de-guerra-afp\/#authorImage","url":"https:\/\/secure.gravatar.com\/avatar\/5412deb1089370e2bdf1d1310563df78bf3dc9f9e388ca5748bced95cfdb664b?s=96&d=mm&r=g","width":96,"height":96,"caption":"EnergiesNet"}},{"@type":"WebPage","@id":"https:\/\/energiesnet.com\/espanol\/el-papa-llama-a-escuchar-el-clamor-de-la-paz-en-esta-pascua-de-guerra-afp\/#webpage","url":"https:\/\/energiesnet.com\/espanol\/el-papa-llama-a-escuchar-el-clamor-de-la-paz-en-esta-pascua-de-guerra-afp\/","name":"El papa llama a escuchar el clamor de la paz en esta \u00abPascua de guerra\u00bb -AFP - EnergiestNet","description":"AFP CIUDAD DEL VATICANO EnergiesNet.com 18 04 2022 El papa Francisco llam\u00f3 el domingo a que los l\u00edderes de las naciones \"escuchen\" el clamor por la paz en una \"Pascua de Guerra\" en la que se refiri\u00f3 a una Ucrania \"martirizada\" por el conflicto. \"Hemos visto demasiada sangre, demasiada violencia\", dijo el papa en su","inLanguage":"es-ES","isPartOf":{"@id":"https:\/\/energiesnet.com\/espanol\/#website"},"breadcrumb":{"@id":"https:\/\/energiesnet.com\/espanol\/el-papa-llama-a-escuchar-el-clamor-de-la-paz-en-esta-pascua-de-guerra-afp\/#breadcrumblist"},"author":{"@id":"https:\/\/energiesnet.com\/espanol\/author\/elioohep\/#author"},"creator":{"@id":"https:\/\/energiesnet.com\/espanol\/author\/elioohep\/#author"},"image":{"@type":"ImageObject","url":"https:\/\/energiesnet.com\/espanol\/wp-content\/uploads\/2022\/04\/papa_urbi_orbi_afp.jpg","@id":"https:\/\/energiesnet.com\/espanol\/el-papa-llama-a-escuchar-el-clamor-de-la-paz-en-esta-pascua-de-guerra-afp\/#mainImage","width":600,"height":400},"primaryImageOfPage":{"@id":"https:\/\/energiesnet.com\/espanol\/el-papa-llama-a-escuchar-el-clamor-de-la-paz-en-esta-pascua-de-guerra-afp\/#mainImage"},"datePublished":"2022-04-18T06:56:11-04:00","dateModified":"2022-04-18T06:56:12-04:00"},{"@type":"WebSite","@id":"https:\/\/energiesnet.com\/espanol\/#website","url":"https:\/\/energiesnet.com\/espanol\/","name":"EnergiestNet","description":"Latin America Energy, Oil ,  Gas & Renewals","inLanguage":"es-ES","publisher":{"@id":"https:\/\/energiesnet.com\/espanol\/#organization"}}]},"og:locale":"es_ES","og:site_name":"EnergiestNet - Latin America Energy, Oil ,  Gas &amp; Renewals","og:type":"article","og:title":"El papa llama a escuchar el clamor de la paz en esta \u00abPascua de guerra\u00bb -AFP - EnergiestNet","og:description":"AFP CIUDAD DEL VATICANO EnergiesNet.com 18 04 2022 El papa Francisco llam\u00f3 el domingo a que los l\u00edderes de las naciones &quot;escuchen&quot; el clamor por la paz en una &quot;Pascua de Guerra&quot; en la que se refiri\u00f3 a una Ucrania &quot;martirizada&quot; por el conflicto. &quot;Hemos visto demasiada sangre, demasiada violencia&quot;, dijo el papa en su","og:url":"https:\/\/energiesnet.com\/espanol\/el-papa-llama-a-escuchar-el-clamor-de-la-paz-en-esta-pascua-de-guerra-afp\/","og:image":"https:\/\/energiesnet.com\/espanol","og:image:secure_url":"https:\/\/energiesnet.com\/espanol","article:published_time":"2022-04-18T10:56:11+00:00","article:modified_time":"2022-04-18T10:56:12+00:00","article:publisher":"https:\/\/www.facebook.com\/\/EnergiesNet","twitter:card":"summary_large_image","twitter:site":"@EnergiesNet1","twitter:title":"El papa llama a escuchar el clamor de la paz en esta \u00abPascua de guerra\u00bb -AFP - EnergiestNet","twitter:description":"AFP CIUDAD DEL VATICANO EnergiesNet.com 18 04 2022 El papa Francisco llam\u00f3 el domingo a que los l\u00edderes de las naciones &quot;escuchen&quot; el clamor por la paz en una &quot;Pascua de Guerra&quot; en la que se refiri\u00f3 a una Ucrania &quot;martirizada&quot; por el conflicto. &quot;Hemos visto demasiada sangre, demasiada violencia&quot;, dijo el papa en su","twitter:creator":"@EnergiesNet1","twitter:image":"https:\/\/energiesnet.com\/espanol"},"aioseo_meta_data":{"post_id":"7526","title":null,"description":null,"keywords":null,"keyphrases":null,"primary_term":null,"canonical_url":null,"og_title":null,"og_description":null,"og_object_type":"default","og_image_type":"default","og_image_url":null,"og_image_width":null,"og_image_height":null,"og_image_custom_url":null,"og_image_custom_fields":null,"og_video":null,"og_custom_url":null,"og_article_section":null,"og_article_tags":null,"twitter_use_og":false,"twitter_card":"default","twitter_image_type":"default","twitter_image_url":null,"twitter_image_custom_url":null,"twitter_image_custom_fields":null,"twitter_title":null,"twitter_description":null,"schema":{"blockGraphs":[],"customGraphs":[],"default":{"data":{"Article":[],"Course":[],"Dataset":[],"FAQPage":[],"Movie":[],"Person":[],"Product":[],"ProductReview":[],"Car":[],"Recipe":[],"Service":[],"SoftwareApplication":[],"WebPage":[]},"graphName":"","isEnabled":true},"graphs":[]},"schema_type":"default","schema_type_options":null,"pillar_content":false,"robots_default":true,"robots_noindex":false,"robots_noarchive":false,"robots_nosnippet":false,"robots_nofollow":false,"robots_noimageindex":false,"robots_noodp":false,"robots_notranslate":false,"robots_max_snippet":null,"robots_max_videopreview":null,"robots_max_imagepreview":"large","priority":null,"frequency":null,"local_seo":null,"breadcrumb_settings":null,"limit_modified_date":false,"ai":null,"created":"2022-12-14 13:39:47","updated":"2025-06-04 11:12:15","seo_analyzer_scan_date":null,"focus_keyword":null,"additional_keywords":null,"truseo_locale":null},"aioseo_breadcrumb":"<div class=\"aioseo-breadcrumbs\"><span class=\"aioseo-breadcrumb\">\n\t\t\t<a href=\"https:\/\/energiesnet.com\/espanol\" title=\"Inicio\">Inicio<\/a>\n\t\t<\/span><span class=\"aioseo-breadcrumb-separator\">&raquo;<\/span><span class=\"aioseo-breadcrumb\">\n\t\t\t<a href=\"https:\/\/energiesnet.com\/espanol\/category\/noticias-diarias\/\" title=\"Noticias Diarias\">Noticias Diarias<\/a>\n\t\t<\/span><span class=\"aioseo-breadcrumb-separator\">&raquo;<\/span><span class=\"aioseo-breadcrumb\">\n\t\t\tEl papa llama a escuchar el clamor de la paz en esta \u00abPascua de guerra\u00bb -AFP\n\t\t<\/span><\/div>","aioseo_breadcrumb_json":[{"label":"Inicio","link":"https:\/\/energiesnet.com\/espanol"},{"label":"Noticias Diarias","link":"https:\/\/energiesnet.com\/espanol\/category\/noticias-diarias\/"},{"label":"El papa llama a escuchar el clamor de la paz en esta \u00abPascua de guerra\u00bb -AFP","link":"https:\/\/energiesnet.com\/espanol\/el-papa-llama-a-escuchar-el-clamor-de-la-paz-en-esta-pascua-de-guerra-afp\/"}],"_links":{"self":[{"href":"https:\/\/energiesnet.com\/espanol\/wp-json\/wp\/v2\/posts\/7526","targetHints":{"allow":["GET"]}}],"collection":[{"href":"https:\/\/energiesnet.com\/espanol\/wp-json\/wp\/v2\/posts"}],"about":[{"href":"https:\/\/energiesnet.com\/espanol\/wp-json\/wp\/v2\/types\/post"}],"author":[{"embeddable":true,"href":"https:\/\/energiesnet.com\/espanol\/wp-json\/wp\/v2\/users\/2"}],"replies":[{"embeddable":true,"href":"https:\/\/energiesnet.com\/espanol\/wp-json\/wp\/v2\/comments?post=7526"}],"version-history":[{"count":0,"href":"https:\/\/energiesnet.com\/espanol\/wp-json\/wp\/v2\/posts\/7526\/revisions"}],"wp:featuredmedia":[{"embeddable":true,"href":"https:\/\/energiesnet.com\/espanol\/wp-json\/wp\/v2\/media\/7527"}],"wp:attachment":[{"href":"https:\/\/energiesnet.com\/espanol\/wp-json\/wp\/v2\/media?parent=7526"}],"wp:term":[{"taxonomy":"category","embeddable":true,"href":"https:\/\/energiesnet.com\/espanol\/wp-json\/wp\/v2\/categories?post=7526"},{"taxonomy":"post_tag","embeddable":true,"href":"https:\/\/energiesnet.com\/espanol\/wp-json\/wp\/v2\/tags?post=7526"}],"curies":[{"name":"wp","href":"https:\/\/api.w.org\/{rel}","templated":true}]}}