{"id":7694,"date":"2022-04-21T10:28:03","date_gmt":"2022-04-21T14:28:03","guid":{"rendered":"https:\/\/energiesnet.com\/espanol\/?p=7694"},"modified":"2022-04-21T10:28:05","modified_gmt":"2022-04-21T14:28:05","slug":"macron-y-le-pen-lanzan-el-asalto-final-por-la-presidencia-de-francia-tras-un-tenso-debate-afp","status":"publish","type":"post","link":"https:\/\/energiesnet.com\/espanol\/macron-y-le-pen-lanzan-el-asalto-final-por-la-presidencia-de-francia-tras-un-tenso-debate-afp\/","title":{"rendered":"Macron y Le Pen lanzan el asalto final por la presidencia de Francia tras un tenso debate -AFP"},"content":{"rendered":"\n<figure class=\"wp-block-image size-full is-resized\"><img fetchpriority=\"high\" decoding=\"async\" src=\"https:\/\/energiesnet.com\/espanol\/wp-content\/uploads\/2022\/04\/macron_le-pen_posters_wall-afp.jpg\" alt=\"\" class=\"wp-image-7695\" width=\"600\" height=\"400\" srcset=\"https:\/\/energiesnet.com\/espanol\/wp-content\/uploads\/2022\/04\/macron_le-pen_posters_wall-afp.jpg 600w, https:\/\/energiesnet.com\/espanol\/wp-content\/uploads\/2022\/04\/macron_le-pen_posters_wall-afp-300x200.jpg 300w\" sizes=\"(max-width: 600px) 100vw, 600px\" \/><figcaption>Unos carteles de campa\u00f1a de los candidatos a la presindecia de Francia, Marine Le Pen (drcha.) y Emmanuel Macron, fotografiados en Montpellier el 21 de abril de 2022\u00a0 (AFP)  <\/figcaption><\/figure>\n\n\n\n<p class=\"wp-block-paragraph\">PARIS  <br>EnergiesNet.com  21 04 2022  <\/p>\n\n\n\n<p class=\"wp-block-paragraph\">El mandatario centrista Emmanuel Macron y su rival ultraderechista Marine Le Pen retoman este jueves su campa\u00f1a para movilizar a sus electores y convencer a los indecisos a tres d\u00edas del balotaje de la elecci\u00f3n presidencial, tras un tenso debate.<\/p>\n\n\n\n<p class=\"wp-block-paragraph\">Esta crucial elecci\u00f3n, que debe fijar el rumbo de Francia hasta 2027, entra en su tramo final con dos candidatos con visiones diferentes sobre el lugar de Francia en el mundo, la transici\u00f3n ecol\u00f3gica, la migraci\u00f3n o el islam.<\/p>\n\n\n\n<p class=\"wp-block-paragraph\">\u00abEsta elecci\u00f3n es tambi\u00e9n un refer\u00e9ndum a favor o en contra de la Uni\u00f3n Europea\u00bb, \u00abde una ambici\u00f3n ecol\u00f3gica\u00bb, \u00abde la laicidad, la fraternidad\u00bb, advirti\u00f3 el europe\u00edsta Macron el mi\u00e9rcoles por la noche al t\u00e9rmino del debate de casi 3 horas.<\/p>\n\n\n\n<p class=\"wp-block-paragraph\">\u00abDesde hace cinco a\u00f1os, he visto sufrir al pueblo de Francia (&#8230;), preocuparse por el futuro y dudar. Otra elecci\u00f3n es posible\u00bb, asegur\u00f3 Le Pen, que se ve como la presidenta de la \u00ablibertad\u00bb, el \u00abpoder adquisitivo\u00bb y la \u00abfraternidad nacional\u00bb.<\/p>\n\n\n\n<p class=\"wp-block-paragraph\">Casi 15,6 millones de telespectadores miraron el mi\u00e9rcoles por la noche el \u00fanico cara a cara de la campa\u00f1a que opuso, como en 2017, a Macron y Le Pen, casi un mill\u00f3n menos que entonces, seg\u00fan las cifras de Mediam\u00e9trie.<\/p>\n\n\n\n<p class=\"wp-block-paragraph\">La prensa estim\u00f3 que el presidente saliente domin\u00f3 el debate, si bien su contrincante \u00abresisti\u00f3 el golpe\u00bb, a diferencia de hace cinco a\u00f1os cuando esta \u00faltima enfrent\u00f3 cr\u00edticas por su \u00abagresividad\u00bb y \u00abfalta de preparaci\u00f3n\u00bb.<\/p>\n\n\n\n<p class=\"wp-block-paragraph\">Para C\u00e9cile Alduy, especialista del discurso de extrema derecha, hubo \u00abun presidente a la ofensiva y una candidata a la defensiva\u00bb. \u00abEs lo contrario de una situaci\u00f3n normal con un presidente saliente\u00bb, agreg\u00f3 en la radio France Inter.<\/p>\n\n\n\n<p class=\"wp-block-paragraph\">&#8211; <strong>\u00abGuerra civil\u00bb &#8211;<\/strong><\/p>\n\n\n\n<p class=\"wp-block-paragraph\">Macron aventaja en 12 puntos a Le Pen, seg\u00fan el \u00faltimo bar\u00f3metro de Ipsos\/Sopra Steria, pero, al igual que su rival, busca atraer y movilizar a los electores del izquierdista Jean-Luc M\u00e9lenchon, que con casi 22% de votos no logr\u00f3 pasar al balotaje.<\/p>\n\n\n\n<p class=\"wp-block-paragraph\">Ambos intentaron marcar el mi\u00e9rcoles puntos en ese campo. El candidato de La Rep\u00fablica en Marcha (LREM), de 44 a\u00f1os, estim\u00f3 que la propuesta de su rival de prohibir el velo isl\u00e1mico en p\u00fablico llevar\u00eda a una \u00abguerra civil\u00bb en Francia.<\/p>\n\n\n\n<p class=\"wp-block-paragraph\">Le Pen calific\u00f3, por su parte, de \u00abinjusticia absolutamente insoportable\u00bb la propuesta estrella de su rival de retrasar la edad de jubilaci\u00f3n de 62 a 65 a\u00f1os, aunque este se abri\u00f3 a atrasarla solo a 64 en un gui\u00f1o a los votantes de izquierda.<\/p>\n\n\n\n<p class=\"wp-block-paragraph\">Mientras la candidata de Agrupaci\u00f3n Nacional (RN), de 53 a\u00f1os, tiene previsto este jueves visitar su basti\u00f3n en el norte de Francia y celebrar su \u00faltimo mitin de campa\u00f1a en Arras, el centrista ir\u00e1 a tierras de M\u00e9lenchon.<\/p>\n\n\n\n<p class=\"wp-block-paragraph\">El viaje de Le Pen no es balad\u00ed. En la segunda regi\u00f3n m\u00e1s pobre de los territorios de Francia en Europa, retomar\u00e1 su principal eje de campa\u00f1a, el poder adquisitivo, que, seg\u00fan los sondeos, sigue siendo la principal preocupaci\u00f3n de los votantes.<\/p>\n\n\n\n<p class=\"wp-block-paragraph\">Macron visitar\u00e1 Saint-Denis, al norte de Par\u00eds, para abordar el problema de la vivienda en un zona tambi\u00e9n pobre, antes de una entrevista en la televisi\u00f3n France 2. Su campa\u00f1a la cerrar\u00e1 el viernes en Figeac, en el centro rural de Francia.<\/p>\n\n\n\n<p class=\"wp-block-paragraph\">&#8211;<strong> \u00abReflejo republicano\u00bb &#8211;<\/strong><\/p>\n\n\n\n<p class=\"wp-block-paragraph\">Adem\u00e1s de denunciar el programa o el balance de su contrincante, los dos finalistas buscan movilizar una imagen desfavorable del rival: Macron, como un \u00abpresidente de los ricos\u00bb y \u00abarrogante\u00bb; y Le Pen como un \u00abpeligro\u00bb extremista si llega al poder.<\/p>\n\n\n\n<p class=\"wp-block-paragraph\">Tras la primera vuelta, la mayor\u00eda de candidatos derrotados, salvo excepciones como el ultra \u00c9ric Zemmour, llamaron a votar por el centrista o contra su rival, resucitando as\u00ed una especie de \u00abfrente republicano\u00bb, como en 2002.<\/p>\n\n\n\n<p class=\"wp-block-paragraph\">Este jueves se cumplen 20 a\u00f1os de ese d\u00eda. El padre de Marine Le Pen, Jean-Marie Le Pen, logr\u00f3 entonces contra todo pron\u00f3stico pasar al balotaje, pero el conservador Jacques Chirac lo venci\u00f3 con m\u00e1s del 80% de votos dos semanas despu\u00e9s.<\/p>\n\n\n\n<p class=\"wp-block-paragraph\">Chirac se benefici\u00f3 de un cord\u00f3n sanitario contra Le Pen. \u00abLa idea del Frente Republicano\u00bb, en su forma actual, \u00abviene de ese momento\u00bb, explic\u00f3 a la AFP el historiador Jean Garrigues, para quien ahora regres\u00f3 una \u00abreflejo republicano\u00bb entre los electores.<\/p>\n\n\n\n<p class=\"wp-block-paragraph\">\u00abEl peligro de una elecci\u00f3n de Marine Le Pen es mucho m\u00e1s fuerte que en 2017\u00bb, cuando obtuvo el 33,9% de votos, subray\u00f3 Garrigues, para quien la idea de cord\u00f3n sanitario para aislar a la extrema derecha va m\u00e1s all\u00e1 de los partidos.<\/p>\n\n\n\n<p class=\"wp-block-paragraph\">Actores, deportistas, intelectuales, medios de comunicaci\u00f3n, sindicatos&#8230; llamaron a impedir la llegada de Le Pen al poder, aunque el presidente centrista consider\u00f3 que el \u00abfrente republicano ya no existe\u00bb.<\/p>\n\n\n\n<p class=\"wp-block-paragraph\">Macron recab\u00f3 incluso este jueves el apoyo de los primeros ministros socialistas de Portugal, Espa\u00f1a y Alemania que, en una tribuna en el diario Le Monde, llamaron impl\u00edcitamente a votar por el \u00abcandidato dem\u00f3crata\u00bb.<\/p>\n\n\n\n<p class=\"wp-block-paragraph\">afp.com 21 04 2022<\/p>\n","protected":false},"excerpt":{"rendered":"<p>PARIS EnergiesNet.com 21 04 2022 El mandatario centrista Emmanuel Macron y su rival ultraderechista Marine Le Pen retoman este jueves su campa\u00f1a para movilizar a sus electores y convencer a los indecisos a tres d\u00edas del balotaje de la elecci\u00f3n presidencial, tras un tenso debate. Esta crucial elecci\u00f3n, que debe fijar el rumbo de Francia &hellip;<\/p>\n<p class=\"read-more\"> <a class=\"\" href=\"https:\/\/energiesnet.com\/espanol\/macron-y-le-pen-lanzan-el-asalto-final-por-la-presidencia-de-francia-tras-un-tenso-debate-afp\/\"> <span class=\"screen-reader-text\">Macron y Le Pen lanzan el asalto final por la presidencia de Francia tras un tenso debate -AFP<\/span> Leer m\u00e1s &raquo;<\/a><\/p>\n","protected":false},"author":2,"featured_media":7695,"comment_status":"open","ping_status":"open","sticky":false,"template":"","format":"standard","meta":{"_monsterinsights_skip_tracking":false,"site-sidebar-layout":"default","site-content-layout":"default","ast-global-header-display":"","ast-main-header-display":"","ast-hfb-above-header-display":"","ast-hfb-below-header-display":"","ast-hfb-mobile-header-display":"","site-post-title":"","ast-breadcrumbs-content":"","ast-featured-img":"","footer-sml-layout":"","theme-transparent-header-meta":"default","adv-header-id-meta":"","stick-header-meta":"default","header-above-stick-meta":"","header-main-stick-meta":"","header-below-stick-meta":"","footnotes":""},"categories":[45],"tags":[],"class_list":["post-7694","post","type-post","status-publish","format-standard","has-post-thumbnail","hentry","category-noticias-diarias"],"aioseo_notices":[],"aioseo_head":"\n\t\t<!-- All in One SEO 5.0.1.1 - aioseo.com -->\n\t<meta name=\"description\" content=\"PARIS EnergiesNet.com 21 04 2022 El mandatario centrista Emmanuel Macron y su rival ultraderechista Marine Le Pen retoman este jueves su campa\u00f1a para movilizar a sus electores y convencer a los indecisos a tres d\u00edas del balotaje de la elecci\u00f3n presidencial, tras un tenso debate. Esta crucial elecci\u00f3n, que debe fijar el rumbo de Francia\" \/>\n\t<meta name=\"robots\" content=\"max-image-preview:large\" \/>\n\t<meta name=\"author\" content=\"EnergiesNet\"\/>\n\t<link rel=\"canonical\" href=\"https:\/\/energiesnet.com\/espanol\/macron-y-le-pen-lanzan-el-asalto-final-por-la-presidencia-de-francia-tras-un-tenso-debate-afp\/\" \/>\n\t<meta name=\"generator\" content=\"All in One SEO (AIOSEO) 5.0.1.1\" \/>\n\t\t<meta property=\"og:locale\" content=\"es_ES\" \/>\n\t\t<meta property=\"og:site_name\" content=\"EnergiestNet - Latin America Energy, Oil ,  Gas &amp; Renewals\" \/>\n\t\t<meta property=\"og:type\" content=\"article\" \/>\n\t\t<meta property=\"og:title\" content=\"Macron y Le Pen lanzan el asalto final por la presidencia de Francia tras un tenso debate -AFP - EnergiestNet\" \/>\n\t\t<meta property=\"og:description\" content=\"PARIS EnergiesNet.com 21 04 2022 El mandatario centrista Emmanuel Macron y su rival ultraderechista Marine Le Pen retoman este jueves su campa\u00f1a para movilizar a sus electores y convencer a los indecisos a tres d\u00edas del balotaje de la elecci\u00f3n presidencial, tras un tenso debate. Esta crucial elecci\u00f3n, que debe fijar el rumbo de Francia\" \/>\n\t\t<meta property=\"og:url\" content=\"https:\/\/energiesnet.com\/espanol\/macron-y-le-pen-lanzan-el-asalto-final-por-la-presidencia-de-francia-tras-un-tenso-debate-afp\/\" \/>\n\t\t<meta property=\"og:image\" content=\"https:\/\/energiesnet.com\/espanol\" \/>\n\t\t<meta property=\"og:image:secure_url\" content=\"https:\/\/energiesnet.com\/espanol\" \/>\n\t\t<meta property=\"article:published_time\" content=\"2022-04-21T14:28:03+00:00\" \/>\n\t\t<meta property=\"article:modified_time\" content=\"2022-04-21T14:28:05+00:00\" \/>\n\t\t<meta property=\"article:publisher\" content=\"https:\/\/www.facebook.com\/\/EnergiesNet\" \/>\n\t\t<meta name=\"twitter:card\" content=\"summary_large_image\" \/>\n\t\t<meta name=\"twitter:site\" content=\"@EnergiesNet1\" \/>\n\t\t<meta name=\"twitter:title\" content=\"Macron y Le Pen lanzan el asalto final por la presidencia de Francia tras un tenso debate -AFP - EnergiestNet\" \/>\n\t\t<meta name=\"twitter:description\" content=\"PARIS EnergiesNet.com 21 04 2022 El mandatario centrista Emmanuel Macron y su rival ultraderechista Marine Le Pen retoman este jueves su campa\u00f1a para movilizar a sus electores y convencer a los indecisos a tres d\u00edas del balotaje de la elecci\u00f3n presidencial, tras un tenso debate. Esta crucial elecci\u00f3n, que debe fijar el rumbo de Francia\" \/>\n\t\t<meta name=\"twitter:creator\" content=\"@EnergiesNet1\" \/>\n\t\t<meta name=\"twitter:image\" content=\"https:\/\/energiesnet.com\/espanol\" \/>\n\t\t<script type=\"application\/ld+json\" class=\"aioseo-schema\">\n\t\t\t{\"@context\":\"https:\\\/\\\/schema.org\",\"@graph\":[{\"@type\":\"BlogPosting\",\"@id\":\"https:\\\/\\\/energiesnet.com\\\/espanol\\\/macron-y-le-pen-lanzan-el-asalto-final-por-la-presidencia-de-francia-tras-un-tenso-debate-afp\\\/#blogposting\",\"name\":\"Macron y Le Pen lanzan el asalto final por la presidencia de Francia tras un tenso debate -AFP - EnergiestNet\",\"headline\":\"Macron y Le Pen lanzan el asalto final por la presidencia de Francia tras un tenso debate -AFP\",\"author\":{\"@id\":\"https:\\\/\\\/energiesnet.com\\\/espanol\\\/author\\\/elioohep\\\/#author\"},\"publisher\":{\"@id\":\"https:\\\/\\\/energiesnet.com\\\/espanol\\\/#organization\"},\"image\":{\"@type\":\"ImageObject\",\"url\":\"https:\\\/\\\/energiesnet.com\\\/espanol\\\/wp-content\\\/uploads\\\/2022\\\/04\\\/macron_le-pen_posters_wall-afp.jpg\",\"width\":600,\"height\":400},\"datePublished\":\"2022-04-21T10:28:03-04:00\",\"dateModified\":\"2022-04-21T10:28:05-04:00\",\"inLanguage\":\"es-ES\",\"mainEntityOfPage\":{\"@id\":\"https:\\\/\\\/energiesnet.com\\\/espanol\\\/macron-y-le-pen-lanzan-el-asalto-final-por-la-presidencia-de-francia-tras-un-tenso-debate-afp\\\/#webpage\"},\"isPartOf\":{\"@id\":\"https:\\\/\\\/energiesnet.com\\\/espanol\\\/macron-y-le-pen-lanzan-el-asalto-final-por-la-presidencia-de-francia-tras-un-tenso-debate-afp\\\/#webpage\"},\"articleSection\":\"Noticias Diarias\"},{\"@type\":\"BreadcrumbList\",\"@id\":\"https:\\\/\\\/energiesnet.com\\\/espanol\\\/macron-y-le-pen-lanzan-el-asalto-final-por-la-presidencia-de-francia-tras-un-tenso-debate-afp\\\/#breadcrumblist\",\"itemListElement\":[{\"@type\":\"ListItem\",\"@id\":\"https:\\\/\\\/energiesnet.com\\\/espanol#listItem\",\"position\":1,\"name\":\"Inicio\",\"item\":\"https:\\\/\\\/energiesnet.com\\\/espanol\",\"nextItem\":{\"@type\":\"ListItem\",\"@id\":\"https:\\\/\\\/energiesnet.com\\\/espanol\\\/category\\\/noticias-diarias\\\/#listItem\",\"name\":\"Noticias Diarias\"}},{\"@type\":\"ListItem\",\"@id\":\"https:\\\/\\\/energiesnet.com\\\/espanol\\\/category\\\/noticias-diarias\\\/#listItem\",\"position\":2,\"name\":\"Noticias Diarias\",\"item\":\"https:\\\/\\\/energiesnet.com\\\/espanol\\\/category\\\/noticias-diarias\\\/\",\"nextItem\":{\"@type\":\"ListItem\",\"@id\":\"https:\\\/\\\/energiesnet.com\\\/espanol\\\/macron-y-le-pen-lanzan-el-asalto-final-por-la-presidencia-de-francia-tras-un-tenso-debate-afp\\\/#listItem\",\"name\":\"Macron y Le Pen lanzan el asalto final por la presidencia de Francia tras un tenso debate -AFP\"},\"previousItem\":{\"@type\":\"ListItem\",\"@id\":\"https:\\\/\\\/energiesnet.com\\\/espanol#listItem\",\"name\":\"Inicio\"}},{\"@type\":\"ListItem\",\"@id\":\"https:\\\/\\\/energiesnet.com\\\/espanol\\\/macron-y-le-pen-lanzan-el-asalto-final-por-la-presidencia-de-francia-tras-un-tenso-debate-afp\\\/#listItem\",\"position\":3,\"name\":\"Macron y Le Pen lanzan el asalto final por la presidencia de Francia tras un tenso debate -AFP\",\"previousItem\":{\"@type\":\"ListItem\",\"@id\":\"https:\\\/\\\/energiesnet.com\\\/espanol\\\/category\\\/noticias-diarias\\\/#listItem\",\"name\":\"Noticias Diarias\"}}]},{\"@type\":\"Organization\",\"@id\":\"https:\\\/\\\/energiesnet.com\\\/espanol\\\/#organization\",\"name\":\"EnergiestNet\",\"description\":\"Latin America Energy, Oil ,  Gas & Renewals\",\"url\":\"https:\\\/\\\/energiesnet.com\\\/espanol\\\/\",\"telephone\":\"+584142763041\",\"logo\":{\"@type\":\"ImageObject\",\"url\":\"https:\\\/\\\/energiesnet.com\\\/espanol\\\/wp-content\\\/uploads\\\/2022\\\/12\\\/EnergiesNet-Logo-200.jpg\",\"@id\":\"https:\\\/\\\/energiesnet.com\\\/espanol\\\/macron-y-le-pen-lanzan-el-asalto-final-por-la-presidencia-de-francia-tras-un-tenso-debate-afp\\\/#organizationLogo\",\"width\":200,\"height\":220},\"image\":{\"@id\":\"https:\\\/\\\/energiesnet.com\\\/espanol\\\/macron-y-le-pen-lanzan-el-asalto-final-por-la-presidencia-de-francia-tras-un-tenso-debate-afp\\\/#organizationLogo\"},\"sameAs\":[\"https:\\\/\\\/www.facebook.com\\\/\\\/EnergiesNet\",\"https:\\\/\\\/twitter.com\\\/EnergiesNet1\",\"https:\\\/\\\/www.instagram.com\\\/energiesnet\\\/\",\"https:\\\/\\\/linkedin.com\\\/in\\\/elio-ohep-a465b78\"]},{\"@type\":\"Person\",\"@id\":\"https:\\\/\\\/energiesnet.com\\\/espanol\\\/author\\\/elioohep\\\/#author\",\"url\":\"https:\\\/\\\/energiesnet.com\\\/espanol\\\/author\\\/elioohep\\\/\",\"name\":\"EnergiesNet\",\"image\":{\"@type\":\"ImageObject\",\"@id\":\"https:\\\/\\\/energiesnet.com\\\/espanol\\\/macron-y-le-pen-lanzan-el-asalto-final-por-la-presidencia-de-francia-tras-un-tenso-debate-afp\\\/#authorImage\",\"url\":\"https:\\\/\\\/secure.gravatar.com\\\/avatar\\\/5412deb1089370e2bdf1d1310563df78bf3dc9f9e388ca5748bced95cfdb664b?s=96&d=mm&r=g\",\"width\":96,\"height\":96,\"caption\":\"EnergiesNet\"}},{\"@type\":\"WebPage\",\"@id\":\"https:\\\/\\\/energiesnet.com\\\/espanol\\\/macron-y-le-pen-lanzan-el-asalto-final-por-la-presidencia-de-francia-tras-un-tenso-debate-afp\\\/#webpage\",\"url\":\"https:\\\/\\\/energiesnet.com\\\/espanol\\\/macron-y-le-pen-lanzan-el-asalto-final-por-la-presidencia-de-francia-tras-un-tenso-debate-afp\\\/\",\"name\":\"Macron y Le Pen lanzan el asalto final por la presidencia de Francia tras un tenso debate -AFP - EnergiestNet\",\"description\":\"PARIS EnergiesNet.com 21 04 2022 El mandatario centrista Emmanuel Macron y su rival ultraderechista Marine Le Pen retoman este jueves su campa\\u00f1a para movilizar a sus electores y convencer a los indecisos a tres d\\u00edas del balotaje de la elecci\\u00f3n presidencial, tras un tenso debate. Esta crucial elecci\\u00f3n, que debe fijar el rumbo de Francia\",\"inLanguage\":\"es-ES\",\"isPartOf\":{\"@id\":\"https:\\\/\\\/energiesnet.com\\\/espanol\\\/#website\"},\"breadcrumb\":{\"@id\":\"https:\\\/\\\/energiesnet.com\\\/espanol\\\/macron-y-le-pen-lanzan-el-asalto-final-por-la-presidencia-de-francia-tras-un-tenso-debate-afp\\\/#breadcrumblist\"},\"author\":{\"@id\":\"https:\\\/\\\/energiesnet.com\\\/espanol\\\/author\\\/elioohep\\\/#author\"},\"creator\":{\"@id\":\"https:\\\/\\\/energiesnet.com\\\/espanol\\\/author\\\/elioohep\\\/#author\"},\"image\":{\"@type\":\"ImageObject\",\"url\":\"https:\\\/\\\/energiesnet.com\\\/espanol\\\/wp-content\\\/uploads\\\/2022\\\/04\\\/macron_le-pen_posters_wall-afp.jpg\",\"@id\":\"https:\\\/\\\/energiesnet.com\\\/espanol\\\/macron-y-le-pen-lanzan-el-asalto-final-por-la-presidencia-de-francia-tras-un-tenso-debate-afp\\\/#mainImage\",\"width\":600,\"height\":400},\"primaryImageOfPage\":{\"@id\":\"https:\\\/\\\/energiesnet.com\\\/espanol\\\/macron-y-le-pen-lanzan-el-asalto-final-por-la-presidencia-de-francia-tras-un-tenso-debate-afp\\\/#mainImage\"},\"datePublished\":\"2022-04-21T10:28:03-04:00\",\"dateModified\":\"2022-04-21T10:28:05-04:00\"},{\"@type\":\"WebSite\",\"@id\":\"https:\\\/\\\/energiesnet.com\\\/espanol\\\/#website\",\"url\":\"https:\\\/\\\/energiesnet.com\\\/espanol\\\/\",\"name\":\"EnergiestNet\",\"description\":\"Latin America Energy, Oil ,  Gas & Renewals\",\"inLanguage\":\"es-ES\",\"publisher\":{\"@id\":\"https:\\\/\\\/energiesnet.com\\\/espanol\\\/#organization\"}}]}\n\t\t<\/script>\n\t\t<!-- All in One SEO -->\n\n","aioseo_head_json":{"title":"Macron y Le Pen lanzan el asalto final por la presidencia de Francia tras un tenso debate -AFP - EnergiestNet","description":"PARIS EnergiesNet.com 21 04 2022 El mandatario centrista Emmanuel Macron y su rival ultraderechista Marine Le Pen retoman este jueves su campa\u00f1a para movilizar a sus electores y convencer a los indecisos a tres d\u00edas del balotaje de la elecci\u00f3n presidencial, tras un tenso debate. Esta crucial elecci\u00f3n, que debe fijar el rumbo de Francia","canonical_url":"https:\/\/energiesnet.com\/espanol\/macron-y-le-pen-lanzan-el-asalto-final-por-la-presidencia-de-francia-tras-un-tenso-debate-afp\/","robots":"max-image-preview:large","keywords":"","webmasterTools":{"miscellaneous":""},"schema":{"@context":"https:\/\/schema.org","@graph":[{"@type":"BlogPosting","@id":"https:\/\/energiesnet.com\/espanol\/macron-y-le-pen-lanzan-el-asalto-final-por-la-presidencia-de-francia-tras-un-tenso-debate-afp\/#blogposting","name":"Macron y Le Pen lanzan el asalto final por la presidencia de Francia tras un tenso debate -AFP - EnergiestNet","headline":"Macron y Le Pen lanzan el asalto final por la presidencia de Francia tras un tenso debate -AFP","author":{"@id":"https:\/\/energiesnet.com\/espanol\/author\/elioohep\/#author"},"publisher":{"@id":"https:\/\/energiesnet.com\/espanol\/#organization"},"image":{"@type":"ImageObject","url":"https:\/\/energiesnet.com\/espanol\/wp-content\/uploads\/2022\/04\/macron_le-pen_posters_wall-afp.jpg","width":600,"height":400},"datePublished":"2022-04-21T10:28:03-04:00","dateModified":"2022-04-21T10:28:05-04:00","inLanguage":"es-ES","mainEntityOfPage":{"@id":"https:\/\/energiesnet.com\/espanol\/macron-y-le-pen-lanzan-el-asalto-final-por-la-presidencia-de-francia-tras-un-tenso-debate-afp\/#webpage"},"isPartOf":{"@id":"https:\/\/energiesnet.com\/espanol\/macron-y-le-pen-lanzan-el-asalto-final-por-la-presidencia-de-francia-tras-un-tenso-debate-afp\/#webpage"},"articleSection":"Noticias Diarias"},{"@type":"BreadcrumbList","@id":"https:\/\/energiesnet.com\/espanol\/macron-y-le-pen-lanzan-el-asalto-final-por-la-presidencia-de-francia-tras-un-tenso-debate-afp\/#breadcrumblist","itemListElement":[{"@type":"ListItem","@id":"https:\/\/energiesnet.com\/espanol#listItem","position":1,"name":"Inicio","item":"https:\/\/energiesnet.com\/espanol","nextItem":{"@type":"ListItem","@id":"https:\/\/energiesnet.com\/espanol\/category\/noticias-diarias\/#listItem","name":"Noticias Diarias"}},{"@type":"ListItem","@id":"https:\/\/energiesnet.com\/espanol\/category\/noticias-diarias\/#listItem","position":2,"name":"Noticias Diarias","item":"https:\/\/energiesnet.com\/espanol\/category\/noticias-diarias\/","nextItem":{"@type":"ListItem","@id":"https:\/\/energiesnet.com\/espanol\/macron-y-le-pen-lanzan-el-asalto-final-por-la-presidencia-de-francia-tras-un-tenso-debate-afp\/#listItem","name":"Macron y Le Pen lanzan el asalto final por la presidencia de Francia tras un tenso debate -AFP"},"previousItem":{"@type":"ListItem","@id":"https:\/\/energiesnet.com\/espanol#listItem","name":"Inicio"}},{"@type":"ListItem","@id":"https:\/\/energiesnet.com\/espanol\/macron-y-le-pen-lanzan-el-asalto-final-por-la-presidencia-de-francia-tras-un-tenso-debate-afp\/#listItem","position":3,"name":"Macron y Le Pen lanzan el asalto final por la presidencia de Francia tras un tenso debate -AFP","previousItem":{"@type":"ListItem","@id":"https:\/\/energiesnet.com\/espanol\/category\/noticias-diarias\/#listItem","name":"Noticias Diarias"}}]},{"@type":"Organization","@id":"https:\/\/energiesnet.com\/espanol\/#organization","name":"EnergiestNet","description":"Latin America Energy, Oil ,  Gas & Renewals","url":"https:\/\/energiesnet.com\/espanol\/","telephone":"+584142763041","logo":{"@type":"ImageObject","url":"https:\/\/energiesnet.com\/espanol\/wp-content\/uploads\/2022\/12\/EnergiesNet-Logo-200.jpg","@id":"https:\/\/energiesnet.com\/espanol\/macron-y-le-pen-lanzan-el-asalto-final-por-la-presidencia-de-francia-tras-un-tenso-debate-afp\/#organizationLogo","width":200,"height":220},"image":{"@id":"https:\/\/energiesnet.com\/espanol\/macron-y-le-pen-lanzan-el-asalto-final-por-la-presidencia-de-francia-tras-un-tenso-debate-afp\/#organizationLogo"},"sameAs":["https:\/\/www.facebook.com\/\/EnergiesNet","https:\/\/twitter.com\/EnergiesNet1","https:\/\/www.instagram.com\/energiesnet\/","https:\/\/linkedin.com\/in\/elio-ohep-a465b78"]},{"@type":"Person","@id":"https:\/\/energiesnet.com\/espanol\/author\/elioohep\/#author","url":"https:\/\/energiesnet.com\/espanol\/author\/elioohep\/","name":"EnergiesNet","image":{"@type":"ImageObject","@id":"https:\/\/energiesnet.com\/espanol\/macron-y-le-pen-lanzan-el-asalto-final-por-la-presidencia-de-francia-tras-un-tenso-debate-afp\/#authorImage","url":"https:\/\/secure.gravatar.com\/avatar\/5412deb1089370e2bdf1d1310563df78bf3dc9f9e388ca5748bced95cfdb664b?s=96&d=mm&r=g","width":96,"height":96,"caption":"EnergiesNet"}},{"@type":"WebPage","@id":"https:\/\/energiesnet.com\/espanol\/macron-y-le-pen-lanzan-el-asalto-final-por-la-presidencia-de-francia-tras-un-tenso-debate-afp\/#webpage","url":"https:\/\/energiesnet.com\/espanol\/macron-y-le-pen-lanzan-el-asalto-final-por-la-presidencia-de-francia-tras-un-tenso-debate-afp\/","name":"Macron y Le Pen lanzan el asalto final por la presidencia de Francia tras un tenso debate -AFP - EnergiestNet","description":"PARIS EnergiesNet.com 21 04 2022 El mandatario centrista Emmanuel Macron y su rival ultraderechista Marine Le Pen retoman este jueves su campa\u00f1a para movilizar a sus electores y convencer a los indecisos a tres d\u00edas del balotaje de la elecci\u00f3n presidencial, tras un tenso debate. Esta crucial elecci\u00f3n, que debe fijar el rumbo de Francia","inLanguage":"es-ES","isPartOf":{"@id":"https:\/\/energiesnet.com\/espanol\/#website"},"breadcrumb":{"@id":"https:\/\/energiesnet.com\/espanol\/macron-y-le-pen-lanzan-el-asalto-final-por-la-presidencia-de-francia-tras-un-tenso-debate-afp\/#breadcrumblist"},"author":{"@id":"https:\/\/energiesnet.com\/espanol\/author\/elioohep\/#author"},"creator":{"@id":"https:\/\/energiesnet.com\/espanol\/author\/elioohep\/#author"},"image":{"@type":"ImageObject","url":"https:\/\/energiesnet.com\/espanol\/wp-content\/uploads\/2022\/04\/macron_le-pen_posters_wall-afp.jpg","@id":"https:\/\/energiesnet.com\/espanol\/macron-y-le-pen-lanzan-el-asalto-final-por-la-presidencia-de-francia-tras-un-tenso-debate-afp\/#mainImage","width":600,"height":400},"primaryImageOfPage":{"@id":"https:\/\/energiesnet.com\/espanol\/macron-y-le-pen-lanzan-el-asalto-final-por-la-presidencia-de-francia-tras-un-tenso-debate-afp\/#mainImage"},"datePublished":"2022-04-21T10:28:03-04:00","dateModified":"2022-04-21T10:28:05-04:00"},{"@type":"WebSite","@id":"https:\/\/energiesnet.com\/espanol\/#website","url":"https:\/\/energiesnet.com\/espanol\/","name":"EnergiestNet","description":"Latin America Energy, Oil ,  Gas & Renewals","inLanguage":"es-ES","publisher":{"@id":"https:\/\/energiesnet.com\/espanol\/#organization"}}]},"og:locale":"es_ES","og:site_name":"EnergiestNet - Latin America Energy, Oil ,  Gas &amp; Renewals","og:type":"article","og:title":"Macron y Le Pen lanzan el asalto final por la presidencia de Francia tras un tenso debate -AFP - EnergiestNet","og:description":"PARIS EnergiesNet.com 21 04 2022 El mandatario centrista Emmanuel Macron y su rival ultraderechista Marine Le Pen retoman este jueves su campa\u00f1a para movilizar a sus electores y convencer a los indecisos a tres d\u00edas del balotaje de la elecci\u00f3n presidencial, tras un tenso debate. Esta crucial elecci\u00f3n, que debe fijar el rumbo de Francia","og:url":"https:\/\/energiesnet.com\/espanol\/macron-y-le-pen-lanzan-el-asalto-final-por-la-presidencia-de-francia-tras-un-tenso-debate-afp\/","og:image":"https:\/\/energiesnet.com\/espanol","og:image:secure_url":"https:\/\/energiesnet.com\/espanol","article:published_time":"2022-04-21T14:28:03+00:00","article:modified_time":"2022-04-21T14:28:05+00:00","article:publisher":"https:\/\/www.facebook.com\/\/EnergiesNet","twitter:card":"summary_large_image","twitter:site":"@EnergiesNet1","twitter:title":"Macron y Le Pen lanzan el asalto final por la presidencia de Francia tras un tenso debate -AFP - EnergiestNet","twitter:description":"PARIS EnergiesNet.com 21 04 2022 El mandatario centrista Emmanuel Macron y su rival ultraderechista Marine Le Pen retoman este jueves su campa\u00f1a para movilizar a sus electores y convencer a los indecisos a tres d\u00edas del balotaje de la elecci\u00f3n presidencial, tras un tenso debate. Esta crucial elecci\u00f3n, que debe fijar el rumbo de Francia","twitter:creator":"@EnergiesNet1","twitter:image":"https:\/\/energiesnet.com\/espanol"},"aioseo_meta_data":{"post_id":"7694","title":null,"description":null,"keywords":null,"keyphrases":null,"primary_term":null,"canonical_url":null,"og_title":null,"og_description":null,"og_object_type":"default","og_image_type":"default","og_image_url":null,"og_image_width":null,"og_image_height":null,"og_image_custom_url":null,"og_image_custom_fields":null,"og_video":null,"og_custom_url":null,"og_article_section":null,"og_article_tags":null,"twitter_use_og":false,"twitter_card":"default","twitter_image_type":"default","twitter_image_url":null,"twitter_image_custom_url":null,"twitter_image_custom_fields":null,"twitter_title":null,"twitter_description":null,"schema":{"blockGraphs":[],"customGraphs":[],"default":{"data":{"Article":[],"Course":[],"Dataset":[],"FAQPage":[],"Movie":[],"Person":[],"Product":[],"ProductReview":[],"Car":[],"Recipe":[],"Service":[],"SoftwareApplication":[],"WebPage":[]},"graphName":"","isEnabled":true},"graphs":[]},"schema_type":"default","schema_type_options":null,"pillar_content":false,"robots_default":true,"robots_noindex":false,"robots_noarchive":false,"robots_nosnippet":false,"robots_nofollow":false,"robots_noimageindex":false,"robots_noodp":false,"robots_notranslate":false,"robots_max_snippet":null,"robots_max_videopreview":null,"robots_max_imagepreview":"large","priority":null,"frequency":null,"local_seo":null,"breadcrumb_settings":null,"limit_modified_date":false,"ai":null,"created":"2022-12-14 13:49:38","updated":"2025-06-04 11:18:50","seo_analyzer_scan_date":null,"focus_keyword":null,"additional_keywords":null,"truseo_locale":null},"aioseo_breadcrumb":"<div class=\"aioseo-breadcrumbs\"><span class=\"aioseo-breadcrumb\">\n\t\t\t<a href=\"https:\/\/energiesnet.com\/espanol\" title=\"Inicio\">Inicio<\/a>\n\t\t<\/span><span class=\"aioseo-breadcrumb-separator\">&raquo;<\/span><span class=\"aioseo-breadcrumb\">\n\t\t\t<a href=\"https:\/\/energiesnet.com\/espanol\/category\/noticias-diarias\/\" title=\"Noticias Diarias\">Noticias Diarias<\/a>\n\t\t<\/span><span class=\"aioseo-breadcrumb-separator\">&raquo;<\/span><span class=\"aioseo-breadcrumb\">\n\t\t\tMacron y Le Pen lanzan el asalto final por la presidencia de Francia tras un tenso debate -AFP\n\t\t<\/span><\/div>","aioseo_breadcrumb_json":[{"label":"Inicio","link":"https:\/\/energiesnet.com\/espanol"},{"label":"Noticias Diarias","link":"https:\/\/energiesnet.com\/espanol\/category\/noticias-diarias\/"},{"label":"Macron y Le Pen lanzan el asalto final por la presidencia de Francia tras un tenso debate -AFP","link":"https:\/\/energiesnet.com\/espanol\/macron-y-le-pen-lanzan-el-asalto-final-por-la-presidencia-de-francia-tras-un-tenso-debate-afp\/"}],"_links":{"self":[{"href":"https:\/\/energiesnet.com\/espanol\/wp-json\/wp\/v2\/posts\/7694","targetHints":{"allow":["GET"]}}],"collection":[{"href":"https:\/\/energiesnet.com\/espanol\/wp-json\/wp\/v2\/posts"}],"about":[{"href":"https:\/\/energiesnet.com\/espanol\/wp-json\/wp\/v2\/types\/post"}],"author":[{"embeddable":true,"href":"https:\/\/energiesnet.com\/espanol\/wp-json\/wp\/v2\/users\/2"}],"replies":[{"embeddable":true,"href":"https:\/\/energiesnet.com\/espanol\/wp-json\/wp\/v2\/comments?post=7694"}],"version-history":[{"count":0,"href":"https:\/\/energiesnet.com\/espanol\/wp-json\/wp\/v2\/posts\/7694\/revisions"}],"wp:featuredmedia":[{"embeddable":true,"href":"https:\/\/energiesnet.com\/espanol\/wp-json\/wp\/v2\/media\/7695"}],"wp:attachment":[{"href":"https:\/\/energiesnet.com\/espanol\/wp-json\/wp\/v2\/media?parent=7694"}],"wp:term":[{"taxonomy":"category","embeddable":true,"href":"https:\/\/energiesnet.com\/espanol\/wp-json\/wp\/v2\/categories?post=7694"},{"taxonomy":"post_tag","embeddable":true,"href":"https:\/\/energiesnet.com\/espanol\/wp-json\/wp\/v2\/tags?post=7694"}],"curies":[{"name":"wp","href":"https:\/\/api.w.org\/{rel}","templated":true}]}}