{"id":7697,"date":"2022-04-21T10:36:56","date_gmt":"2022-04-21T14:36:56","guid":{"rendered":"https:\/\/energiesnet.com\/espanol\/?p=7697"},"modified":"2022-04-21T10:36:58","modified_gmt":"2022-04-21T14:36:58","slug":"a-los-traidores-hay-que-llamarlos-por-su-nombre-dice-amlo-tras-reforma-electrica-forbes-mx","status":"publish","type":"post","link":"https:\/\/energiesnet.com\/espanol\/a-los-traidores-hay-que-llamarlos-por-su-nombre-dice-amlo-tras-reforma-electrica-forbes-mx\/","title":{"rendered":"A los traidores hay que llamarlos por su nombre, dice AMLO tras reforma el\u00e9ctrica -Forbes mx"},"content":{"rendered":"\n<figure class=\"wp-block-image size-full is-resized\"><img fetchpriority=\"high\" decoding=\"async\" src=\"https:\/\/energiesnet.com\/espanol\/wp-content\/uploads\/2022\/04\/amlo_press_conf-presidencia.jpg\" alt=\"\" class=\"wp-image-7698\" width=\"604\" height=\"340\" srcset=\"https:\/\/energiesnet.com\/espanol\/wp-content\/uploads\/2022\/04\/amlo_press_conf-presidencia.jpg 600w, https:\/\/energiesnet.com\/espanol\/wp-content\/uploads\/2022\/04\/amlo_press_conf-presidencia-300x169.jpg 300w\" sizes=\"(max-width: 604px) 100vw, 604px\" \/><figcaption>L\u00f3pez Obrador dijo que se debe saber qui\u00e9nes fueron los legisladores que votaron en contra de la reforma el\u00e9ctrica sin agresiones.(Presidencia)<br><\/figcaption><\/figure>\n\n\n\n<p class=\"wp-block-paragraph\">Emmanuel Carrillo, Forbes MX<\/p>\n\n\n\n<p class=\"wp-block-paragraph\">C<a href=\"http:\/\/www.energiesnet.com\/?_ga=2.61437164.1711659527.1645440809-246311306.1643389329\">IUDAD DE M\u00c9XICO<\/a><br>EnergiesNet.com 21 04 2022  <\/p>\n\n\n\n<p class=\"wp-block-paragraph\">El presidente Andr\u00e9s Manuel L\u00f3pez Obrador afirm\u00f3 este jueves que quienes han traicionado a la patria por rechazar a reforma el\u00e9ctrica y beneficiar a las empresas extranjeras deben ser nombrados por su nombre y que el pueblo conozca las razones que los llevaron a entregar los recursos naturales de M\u00e9xico.<\/p>\n\n\n\n<p class=\"wp-block-paragraph\">En su rueda de prensa matutina, el jefe del Ejecutivo hizo un llamado a dejar la hipocres\u00eda y los acuerdos en la opacidad cuando est\u00e1n en juego los intereses de la naci\u00f3n.<\/p>\n\n\n\n<p class=\"wp-block-paragraph\">\u201cLas cosas hay que llamarlas por su nombre, ya basta de hipocres\u00eda, de acuerdos en los oscurito, en las \u00e9lites, restaurantes de lujo y que la gente no sepa, cuando se trata del bienestar del pueblo, cuando son decisiones que pueden afectar a todos, al pueblo a la naci\u00f3n.<\/p>\n\n\n\n<p class=\"wp-block-paragraph\">\u201cAntes no se sab\u00eda qu\u00e9 hac\u00edan los jueces, los ministros de la Corte ni para que era el Poder Judicial ni el Legislativo porque el poder de los poderes era el Ejecutivo, el presidente. Hay tres poderes, hay autonom\u00eda, hay un aut\u00e9ntico estado de derecho y si son representantes populares \u00bfpor qu\u00e9 no se va saber lo que hacen o c\u00f3mo votaron?\u201d, plante\u00f3 el mandatario federal.<\/p>\n\n\n\n<p class=\"wp-block-paragraph\"><strong><em><a rel=\"noreferrer noopener\" href=\"https:\/\/www.forbes.com.mx\/oposicion-consumo-traicion-a-mexico-al-no-aprobar-reforma-electrica-amlo\/\" target=\"_blank\">Lee: <\/a><\/em><\/strong><em><a rel=\"noreferrer noopener\" href=\"https:\/\/www.forbes.com.mx\/oposicion-consumo-traicion-a-mexico-al-no-aprobar-reforma-electrica-amlo\/\" target=\"_blank\">Oposici\u00f3n consum\u00f3 traici\u00f3n a M\u00e9xico al no aprobar reforma el\u00e9ctrica: AMLO<\/a><\/em><\/p>\n\n\n\n<p class=\"wp-block-paragraph\">Tras el rechazo del domingo a la iniciativa de reforma a la industria el\u00e9ctrica, donde partidos de oposici\u00f3n votaron en contra, Morena y sus aliados pol\u00edticos anunciaron una campa\u00f1a para visitar los distritos electorales de los diputados del PAN, PRI y PRD que manifestaron su negativa a la iniciativa.<\/p>\n\n\n\n<p class=\"wp-block-paragraph\">Ayer, las dirigencias nacionales del PAN y PRD acusaron al presidente L\u00f3pez Obrador y Morena de incitar a la violencia pol\u00edtica y alertaron que ser\u00e1n responsables de cualquier agresi\u00f3n que puedan recibir.<\/p>\n\n\n\n<p class=\"wp-block-paragraph\">El Ejecutivo federal llam\u00f3 a que no haya confrontaciones, sin embargo, enalteci\u00f3 que M\u00e9xico viva una polarizaci\u00f3n pues debe prevalecer la confrontaci\u00f3n de las ideas.<\/p>\n\n\n\n<p class=\"wp-block-paragraph\">\u201cOjal\u00e1 no haya confrontaci\u00f3n y\u00a0tampoco tenerle miedo a lo que llaman polarizaci\u00f3n, eso no existe como tal en M\u00e9xico, s\u00f3lo que se est\u00e9n refiriendo a una \u00e9lite y el pueblo, en ese sentido s\u00ed, pero aqu\u00ed no estamos 50-50, con todo respeto. Les puedo decir que hay m\u00e1s polarizaci\u00f3n en Estados Unidos\u201d, sostuvo.<\/p>\n\n\n\n<p class=\"wp-block-paragraph\">forbes.com.mx 21 04 2022<\/p>\n","protected":false},"excerpt":{"rendered":"<p>Emmanuel Carrillo, Forbes MX CIUDAD DE M\u00c9XICOEnergiesNet.com 21 04 2022 El presidente Andr\u00e9s Manuel L\u00f3pez Obrador afirm\u00f3 este jueves que quienes han traicionado a la patria por rechazar a reforma el\u00e9ctrica y beneficiar a las empresas extranjeras deben ser nombrados por su nombre y que el pueblo conozca las razones que los llevaron a entregar &hellip;<\/p>\n<p class=\"read-more\"> <a class=\"\" href=\"https:\/\/energiesnet.com\/espanol\/a-los-traidores-hay-que-llamarlos-por-su-nombre-dice-amlo-tras-reforma-electrica-forbes-mx\/\"> <span class=\"screen-reader-text\">A los traidores hay que llamarlos por su nombre, dice AMLO tras reforma el\u00e9ctrica -Forbes mx<\/span> Leer m\u00e1s &raquo;<\/a><\/p>\n","protected":false},"author":2,"featured_media":7698,"comment_status":"open","ping_status":"open","sticky":false,"template":"","format":"standard","meta":{"_monsterinsights_skip_tracking":false,"site-sidebar-layout":"default","site-content-layout":"default","ast-global-header-display":"","ast-main-header-display":"","ast-hfb-above-header-display":"","ast-hfb-below-header-display":"","ast-hfb-mobile-header-display":"","site-post-title":"","ast-breadcrumbs-content":"","ast-featured-img":"","footer-sml-layout":"","theme-transparent-header-meta":"default","adv-header-id-meta":"","stick-header-meta":"default","header-above-stick-meta":"","header-main-stick-meta":"","header-below-stick-meta":"","footnotes":""},"categories":[45],"tags":[],"class_list":["post-7697","post","type-post","status-publish","format-standard","has-post-thumbnail","hentry","category-noticias-diarias"],"aioseo_notices":[],"aioseo_head":"\n\t\t<!-- All in One SEO 5.0.1.1 - aioseo.com -->\n\t<meta name=\"description\" content=\"Emmanuel Carrillo, Forbes MX CIUDAD DE M\u00c9XICOEnergiesNet.com 21 04 2022 El presidente Andr\u00e9s Manuel L\u00f3pez Obrador afirm\u00f3 este jueves que quienes han traicionado a la patria por rechazar a reforma el\u00e9ctrica y beneficiar a las empresas extranjeras deben ser nombrados por su nombre y que el pueblo conozca las razones que los llevaron a entregar\" \/>\n\t<meta name=\"robots\" content=\"max-image-preview:large\" \/>\n\t<meta name=\"author\" content=\"EnergiesNet\"\/>\n\t<link rel=\"canonical\" href=\"https:\/\/energiesnet.com\/espanol\/a-los-traidores-hay-que-llamarlos-por-su-nombre-dice-amlo-tras-reforma-electrica-forbes-mx\/\" \/>\n\t<meta name=\"generator\" content=\"All in One SEO (AIOSEO) 5.0.1.1\" \/>\n\t\t<meta property=\"og:locale\" content=\"es_ES\" \/>\n\t\t<meta property=\"og:site_name\" content=\"EnergiestNet - Latin America Energy, Oil ,  Gas &amp; Renewals\" \/>\n\t\t<meta property=\"og:type\" content=\"article\" \/>\n\t\t<meta property=\"og:title\" content=\"A los traidores hay que llamarlos por su nombre, dice AMLO tras reforma el\u00e9ctrica -Forbes mx - EnergiestNet\" \/>\n\t\t<meta property=\"og:description\" content=\"Emmanuel Carrillo, Forbes MX CIUDAD DE M\u00c9XICOEnergiesNet.com 21 04 2022 El presidente Andr\u00e9s Manuel L\u00f3pez Obrador afirm\u00f3 este jueves que quienes han traicionado a la patria por rechazar a reforma el\u00e9ctrica y beneficiar a las empresas extranjeras deben ser nombrados por su nombre y que el pueblo conozca las razones que los llevaron a entregar\" \/>\n\t\t<meta property=\"og:url\" content=\"https:\/\/energiesnet.com\/espanol\/a-los-traidores-hay-que-llamarlos-por-su-nombre-dice-amlo-tras-reforma-electrica-forbes-mx\/\" \/>\n\t\t<meta property=\"og:image\" content=\"https:\/\/energiesnet.com\/espanol\" \/>\n\t\t<meta property=\"og:image:secure_url\" content=\"https:\/\/energiesnet.com\/espanol\" \/>\n\t\t<meta property=\"article:published_time\" content=\"2022-04-21T14:36:56+00:00\" \/>\n\t\t<meta property=\"article:modified_time\" content=\"2022-04-21T14:36:58+00:00\" \/>\n\t\t<meta property=\"article:publisher\" content=\"https:\/\/www.facebook.com\/\/EnergiesNet\" \/>\n\t\t<meta name=\"twitter:card\" content=\"summary_large_image\" \/>\n\t\t<meta name=\"twitter:site\" content=\"@EnergiesNet1\" \/>\n\t\t<meta name=\"twitter:title\" content=\"A los traidores hay que llamarlos por su nombre, dice AMLO tras reforma el\u00e9ctrica -Forbes mx - EnergiestNet\" \/>\n\t\t<meta name=\"twitter:description\" content=\"Emmanuel Carrillo, Forbes MX CIUDAD DE M\u00c9XICOEnergiesNet.com 21 04 2022 El presidente Andr\u00e9s Manuel L\u00f3pez Obrador afirm\u00f3 este jueves que quienes han traicionado a la patria por rechazar a reforma el\u00e9ctrica y beneficiar a las empresas extranjeras deben ser nombrados por su nombre y que el pueblo conozca las razones que los llevaron a entregar\" \/>\n\t\t<meta name=\"twitter:creator\" content=\"@EnergiesNet1\" \/>\n\t\t<meta name=\"twitter:image\" content=\"https:\/\/energiesnet.com\/espanol\" \/>\n\t\t<script type=\"application\/ld+json\" class=\"aioseo-schema\">\n\t\t\t{\"@context\":\"https:\\\/\\\/schema.org\",\"@graph\":[{\"@type\":\"BlogPosting\",\"@id\":\"https:\\\/\\\/energiesnet.com\\\/espanol\\\/a-los-traidores-hay-que-llamarlos-por-su-nombre-dice-amlo-tras-reforma-electrica-forbes-mx\\\/#blogposting\",\"name\":\"A los traidores hay que llamarlos por su nombre, dice AMLO tras reforma el\\u00e9ctrica -Forbes mx - EnergiestNet\",\"headline\":\"A los traidores hay que llamarlos por su nombre, dice AMLO tras reforma el\\u00e9ctrica -Forbes mx\",\"author\":{\"@id\":\"https:\\\/\\\/energiesnet.com\\\/espanol\\\/author\\\/elioohep\\\/#author\"},\"publisher\":{\"@id\":\"https:\\\/\\\/energiesnet.com\\\/espanol\\\/#organization\"},\"image\":{\"@type\":\"ImageObject\",\"url\":\"https:\\\/\\\/energiesnet.com\\\/espanol\\\/wp-content\\\/uploads\\\/2022\\\/04\\\/amlo_press_conf-presidencia.jpg\",\"width\":600,\"height\":338},\"datePublished\":\"2022-04-21T10:36:56-04:00\",\"dateModified\":\"2022-04-21T10:36:58-04:00\",\"inLanguage\":\"es-ES\",\"mainEntityOfPage\":{\"@id\":\"https:\\\/\\\/energiesnet.com\\\/espanol\\\/a-los-traidores-hay-que-llamarlos-por-su-nombre-dice-amlo-tras-reforma-electrica-forbes-mx\\\/#webpage\"},\"isPartOf\":{\"@id\":\"https:\\\/\\\/energiesnet.com\\\/espanol\\\/a-los-traidores-hay-que-llamarlos-por-su-nombre-dice-amlo-tras-reforma-electrica-forbes-mx\\\/#webpage\"},\"articleSection\":\"Noticias Diarias\"},{\"@type\":\"BreadcrumbList\",\"@id\":\"https:\\\/\\\/energiesnet.com\\\/espanol\\\/a-los-traidores-hay-que-llamarlos-por-su-nombre-dice-amlo-tras-reforma-electrica-forbes-mx\\\/#breadcrumblist\",\"itemListElement\":[{\"@type\":\"ListItem\",\"@id\":\"https:\\\/\\\/energiesnet.com\\\/espanol#listItem\",\"position\":1,\"name\":\"Inicio\",\"item\":\"https:\\\/\\\/energiesnet.com\\\/espanol\",\"nextItem\":{\"@type\":\"ListItem\",\"@id\":\"https:\\\/\\\/energiesnet.com\\\/espanol\\\/category\\\/noticias-diarias\\\/#listItem\",\"name\":\"Noticias Diarias\"}},{\"@type\":\"ListItem\",\"@id\":\"https:\\\/\\\/energiesnet.com\\\/espanol\\\/category\\\/noticias-diarias\\\/#listItem\",\"position\":2,\"name\":\"Noticias Diarias\",\"item\":\"https:\\\/\\\/energiesnet.com\\\/espanol\\\/category\\\/noticias-diarias\\\/\",\"nextItem\":{\"@type\":\"ListItem\",\"@id\":\"https:\\\/\\\/energiesnet.com\\\/espanol\\\/a-los-traidores-hay-que-llamarlos-por-su-nombre-dice-amlo-tras-reforma-electrica-forbes-mx\\\/#listItem\",\"name\":\"A los traidores hay que llamarlos por su nombre, dice AMLO tras reforma el\\u00e9ctrica -Forbes mx\"},\"previousItem\":{\"@type\":\"ListItem\",\"@id\":\"https:\\\/\\\/energiesnet.com\\\/espanol#listItem\",\"name\":\"Inicio\"}},{\"@type\":\"ListItem\",\"@id\":\"https:\\\/\\\/energiesnet.com\\\/espanol\\\/a-los-traidores-hay-que-llamarlos-por-su-nombre-dice-amlo-tras-reforma-electrica-forbes-mx\\\/#listItem\",\"position\":3,\"name\":\"A los traidores hay que llamarlos por su nombre, dice AMLO tras reforma el\\u00e9ctrica -Forbes mx\",\"previousItem\":{\"@type\":\"ListItem\",\"@id\":\"https:\\\/\\\/energiesnet.com\\\/espanol\\\/category\\\/noticias-diarias\\\/#listItem\",\"name\":\"Noticias Diarias\"}}]},{\"@type\":\"Organization\",\"@id\":\"https:\\\/\\\/energiesnet.com\\\/espanol\\\/#organization\",\"name\":\"EnergiestNet\",\"description\":\"Latin America Energy, Oil ,  Gas & Renewals\",\"url\":\"https:\\\/\\\/energiesnet.com\\\/espanol\\\/\",\"telephone\":\"+584142763041\",\"logo\":{\"@type\":\"ImageObject\",\"url\":\"https:\\\/\\\/energiesnet.com\\\/espanol\\\/wp-content\\\/uploads\\\/2022\\\/12\\\/EnergiesNet-Logo-200.jpg\",\"@id\":\"https:\\\/\\\/energiesnet.com\\\/espanol\\\/a-los-traidores-hay-que-llamarlos-por-su-nombre-dice-amlo-tras-reforma-electrica-forbes-mx\\\/#organizationLogo\",\"width\":200,\"height\":220},\"image\":{\"@id\":\"https:\\\/\\\/energiesnet.com\\\/espanol\\\/a-los-traidores-hay-que-llamarlos-por-su-nombre-dice-amlo-tras-reforma-electrica-forbes-mx\\\/#organizationLogo\"},\"sameAs\":[\"https:\\\/\\\/www.facebook.com\\\/\\\/EnergiesNet\",\"https:\\\/\\\/twitter.com\\\/EnergiesNet1\",\"https:\\\/\\\/www.instagram.com\\\/energiesnet\\\/\",\"https:\\\/\\\/linkedin.com\\\/in\\\/elio-ohep-a465b78\"]},{\"@type\":\"Person\",\"@id\":\"https:\\\/\\\/energiesnet.com\\\/espanol\\\/author\\\/elioohep\\\/#author\",\"url\":\"https:\\\/\\\/energiesnet.com\\\/espanol\\\/author\\\/elioohep\\\/\",\"name\":\"EnergiesNet\",\"image\":{\"@type\":\"ImageObject\",\"@id\":\"https:\\\/\\\/energiesnet.com\\\/espanol\\\/a-los-traidores-hay-que-llamarlos-por-su-nombre-dice-amlo-tras-reforma-electrica-forbes-mx\\\/#authorImage\",\"url\":\"https:\\\/\\\/secure.gravatar.com\\\/avatar\\\/5412deb1089370e2bdf1d1310563df78bf3dc9f9e388ca5748bced95cfdb664b?s=96&d=mm&r=g\",\"width\":96,\"height\":96,\"caption\":\"EnergiesNet\"}},{\"@type\":\"WebPage\",\"@id\":\"https:\\\/\\\/energiesnet.com\\\/espanol\\\/a-los-traidores-hay-que-llamarlos-por-su-nombre-dice-amlo-tras-reforma-electrica-forbes-mx\\\/#webpage\",\"url\":\"https:\\\/\\\/energiesnet.com\\\/espanol\\\/a-los-traidores-hay-que-llamarlos-por-su-nombre-dice-amlo-tras-reforma-electrica-forbes-mx\\\/\",\"name\":\"A los traidores hay que llamarlos por su nombre, dice AMLO tras reforma el\\u00e9ctrica -Forbes mx - EnergiestNet\",\"description\":\"Emmanuel Carrillo, Forbes MX CIUDAD DE M\\u00c9XICOEnergiesNet.com 21 04 2022 El presidente Andr\\u00e9s Manuel L\\u00f3pez Obrador afirm\\u00f3 este jueves que quienes han traicionado a la patria por rechazar a reforma el\\u00e9ctrica y beneficiar a las empresas extranjeras deben ser nombrados por su nombre y que el pueblo conozca las razones que los llevaron a entregar\",\"inLanguage\":\"es-ES\",\"isPartOf\":{\"@id\":\"https:\\\/\\\/energiesnet.com\\\/espanol\\\/#website\"},\"breadcrumb\":{\"@id\":\"https:\\\/\\\/energiesnet.com\\\/espanol\\\/a-los-traidores-hay-que-llamarlos-por-su-nombre-dice-amlo-tras-reforma-electrica-forbes-mx\\\/#breadcrumblist\"},\"author\":{\"@id\":\"https:\\\/\\\/energiesnet.com\\\/espanol\\\/author\\\/elioohep\\\/#author\"},\"creator\":{\"@id\":\"https:\\\/\\\/energiesnet.com\\\/espanol\\\/author\\\/elioohep\\\/#author\"},\"image\":{\"@type\":\"ImageObject\",\"url\":\"https:\\\/\\\/energiesnet.com\\\/espanol\\\/wp-content\\\/uploads\\\/2022\\\/04\\\/amlo_press_conf-presidencia.jpg\",\"@id\":\"https:\\\/\\\/energiesnet.com\\\/espanol\\\/a-los-traidores-hay-que-llamarlos-por-su-nombre-dice-amlo-tras-reforma-electrica-forbes-mx\\\/#mainImage\",\"width\":600,\"height\":338},\"primaryImageOfPage\":{\"@id\":\"https:\\\/\\\/energiesnet.com\\\/espanol\\\/a-los-traidores-hay-que-llamarlos-por-su-nombre-dice-amlo-tras-reforma-electrica-forbes-mx\\\/#mainImage\"},\"datePublished\":\"2022-04-21T10:36:56-04:00\",\"dateModified\":\"2022-04-21T10:36:58-04:00\"},{\"@type\":\"WebSite\",\"@id\":\"https:\\\/\\\/energiesnet.com\\\/espanol\\\/#website\",\"url\":\"https:\\\/\\\/energiesnet.com\\\/espanol\\\/\",\"name\":\"EnergiestNet\",\"description\":\"Latin America Energy, Oil ,  Gas & Renewals\",\"inLanguage\":\"es-ES\",\"publisher\":{\"@id\":\"https:\\\/\\\/energiesnet.com\\\/espanol\\\/#organization\"}}]}\n\t\t<\/script>\n\t\t<!-- All in One SEO -->\n\n","aioseo_head_json":{"title":"A los traidores hay que llamarlos por su nombre, dice AMLO tras reforma el\u00e9ctrica -Forbes mx - EnergiestNet","description":"Emmanuel Carrillo, Forbes MX CIUDAD DE M\u00c9XICOEnergiesNet.com 21 04 2022 El presidente Andr\u00e9s Manuel L\u00f3pez Obrador afirm\u00f3 este jueves que quienes han traicionado a la patria por rechazar a reforma el\u00e9ctrica y beneficiar a las empresas extranjeras deben ser nombrados por su nombre y que el pueblo conozca las razones que los llevaron a entregar","canonical_url":"https:\/\/energiesnet.com\/espanol\/a-los-traidores-hay-que-llamarlos-por-su-nombre-dice-amlo-tras-reforma-electrica-forbes-mx\/","robots":"max-image-preview:large","keywords":"","webmasterTools":{"miscellaneous":""},"schema":{"@context":"https:\/\/schema.org","@graph":[{"@type":"BlogPosting","@id":"https:\/\/energiesnet.com\/espanol\/a-los-traidores-hay-que-llamarlos-por-su-nombre-dice-amlo-tras-reforma-electrica-forbes-mx\/#blogposting","name":"A los traidores hay que llamarlos por su nombre, dice AMLO tras reforma el\u00e9ctrica -Forbes mx - EnergiestNet","headline":"A los traidores hay que llamarlos por su nombre, dice AMLO tras reforma el\u00e9ctrica -Forbes mx","author":{"@id":"https:\/\/energiesnet.com\/espanol\/author\/elioohep\/#author"},"publisher":{"@id":"https:\/\/energiesnet.com\/espanol\/#organization"},"image":{"@type":"ImageObject","url":"https:\/\/energiesnet.com\/espanol\/wp-content\/uploads\/2022\/04\/amlo_press_conf-presidencia.jpg","width":600,"height":338},"datePublished":"2022-04-21T10:36:56-04:00","dateModified":"2022-04-21T10:36:58-04:00","inLanguage":"es-ES","mainEntityOfPage":{"@id":"https:\/\/energiesnet.com\/espanol\/a-los-traidores-hay-que-llamarlos-por-su-nombre-dice-amlo-tras-reforma-electrica-forbes-mx\/#webpage"},"isPartOf":{"@id":"https:\/\/energiesnet.com\/espanol\/a-los-traidores-hay-que-llamarlos-por-su-nombre-dice-amlo-tras-reforma-electrica-forbes-mx\/#webpage"},"articleSection":"Noticias Diarias"},{"@type":"BreadcrumbList","@id":"https:\/\/energiesnet.com\/espanol\/a-los-traidores-hay-que-llamarlos-por-su-nombre-dice-amlo-tras-reforma-electrica-forbes-mx\/#breadcrumblist","itemListElement":[{"@type":"ListItem","@id":"https:\/\/energiesnet.com\/espanol#listItem","position":1,"name":"Inicio","item":"https:\/\/energiesnet.com\/espanol","nextItem":{"@type":"ListItem","@id":"https:\/\/energiesnet.com\/espanol\/category\/noticias-diarias\/#listItem","name":"Noticias Diarias"}},{"@type":"ListItem","@id":"https:\/\/energiesnet.com\/espanol\/category\/noticias-diarias\/#listItem","position":2,"name":"Noticias Diarias","item":"https:\/\/energiesnet.com\/espanol\/category\/noticias-diarias\/","nextItem":{"@type":"ListItem","@id":"https:\/\/energiesnet.com\/espanol\/a-los-traidores-hay-que-llamarlos-por-su-nombre-dice-amlo-tras-reforma-electrica-forbes-mx\/#listItem","name":"A los traidores hay que llamarlos por su nombre, dice AMLO tras reforma el\u00e9ctrica -Forbes mx"},"previousItem":{"@type":"ListItem","@id":"https:\/\/energiesnet.com\/espanol#listItem","name":"Inicio"}},{"@type":"ListItem","@id":"https:\/\/energiesnet.com\/espanol\/a-los-traidores-hay-que-llamarlos-por-su-nombre-dice-amlo-tras-reforma-electrica-forbes-mx\/#listItem","position":3,"name":"A los traidores hay que llamarlos por su nombre, dice AMLO tras reforma el\u00e9ctrica -Forbes mx","previousItem":{"@type":"ListItem","@id":"https:\/\/energiesnet.com\/espanol\/category\/noticias-diarias\/#listItem","name":"Noticias Diarias"}}]},{"@type":"Organization","@id":"https:\/\/energiesnet.com\/espanol\/#organization","name":"EnergiestNet","description":"Latin America Energy, Oil ,  Gas & Renewals","url":"https:\/\/energiesnet.com\/espanol\/","telephone":"+584142763041","logo":{"@type":"ImageObject","url":"https:\/\/energiesnet.com\/espanol\/wp-content\/uploads\/2022\/12\/EnergiesNet-Logo-200.jpg","@id":"https:\/\/energiesnet.com\/espanol\/a-los-traidores-hay-que-llamarlos-por-su-nombre-dice-amlo-tras-reforma-electrica-forbes-mx\/#organizationLogo","width":200,"height":220},"image":{"@id":"https:\/\/energiesnet.com\/espanol\/a-los-traidores-hay-que-llamarlos-por-su-nombre-dice-amlo-tras-reforma-electrica-forbes-mx\/#organizationLogo"},"sameAs":["https:\/\/www.facebook.com\/\/EnergiesNet","https:\/\/twitter.com\/EnergiesNet1","https:\/\/www.instagram.com\/energiesnet\/","https:\/\/linkedin.com\/in\/elio-ohep-a465b78"]},{"@type":"Person","@id":"https:\/\/energiesnet.com\/espanol\/author\/elioohep\/#author","url":"https:\/\/energiesnet.com\/espanol\/author\/elioohep\/","name":"EnergiesNet","image":{"@type":"ImageObject","@id":"https:\/\/energiesnet.com\/espanol\/a-los-traidores-hay-que-llamarlos-por-su-nombre-dice-amlo-tras-reforma-electrica-forbes-mx\/#authorImage","url":"https:\/\/secure.gravatar.com\/avatar\/5412deb1089370e2bdf1d1310563df78bf3dc9f9e388ca5748bced95cfdb664b?s=96&d=mm&r=g","width":96,"height":96,"caption":"EnergiesNet"}},{"@type":"WebPage","@id":"https:\/\/energiesnet.com\/espanol\/a-los-traidores-hay-que-llamarlos-por-su-nombre-dice-amlo-tras-reforma-electrica-forbes-mx\/#webpage","url":"https:\/\/energiesnet.com\/espanol\/a-los-traidores-hay-que-llamarlos-por-su-nombre-dice-amlo-tras-reforma-electrica-forbes-mx\/","name":"A los traidores hay que llamarlos por su nombre, dice AMLO tras reforma el\u00e9ctrica -Forbes mx - EnergiestNet","description":"Emmanuel Carrillo, Forbes MX CIUDAD DE M\u00c9XICOEnergiesNet.com 21 04 2022 El presidente Andr\u00e9s Manuel L\u00f3pez Obrador afirm\u00f3 este jueves que quienes han traicionado a la patria por rechazar a reforma el\u00e9ctrica y beneficiar a las empresas extranjeras deben ser nombrados por su nombre y que el pueblo conozca las razones que los llevaron a entregar","inLanguage":"es-ES","isPartOf":{"@id":"https:\/\/energiesnet.com\/espanol\/#website"},"breadcrumb":{"@id":"https:\/\/energiesnet.com\/espanol\/a-los-traidores-hay-que-llamarlos-por-su-nombre-dice-amlo-tras-reforma-electrica-forbes-mx\/#breadcrumblist"},"author":{"@id":"https:\/\/energiesnet.com\/espanol\/author\/elioohep\/#author"},"creator":{"@id":"https:\/\/energiesnet.com\/espanol\/author\/elioohep\/#author"},"image":{"@type":"ImageObject","url":"https:\/\/energiesnet.com\/espanol\/wp-content\/uploads\/2022\/04\/amlo_press_conf-presidencia.jpg","@id":"https:\/\/energiesnet.com\/espanol\/a-los-traidores-hay-que-llamarlos-por-su-nombre-dice-amlo-tras-reforma-electrica-forbes-mx\/#mainImage","width":600,"height":338},"primaryImageOfPage":{"@id":"https:\/\/energiesnet.com\/espanol\/a-los-traidores-hay-que-llamarlos-por-su-nombre-dice-amlo-tras-reforma-electrica-forbes-mx\/#mainImage"},"datePublished":"2022-04-21T10:36:56-04:00","dateModified":"2022-04-21T10:36:58-04:00"},{"@type":"WebSite","@id":"https:\/\/energiesnet.com\/espanol\/#website","url":"https:\/\/energiesnet.com\/espanol\/","name":"EnergiestNet","description":"Latin America Energy, Oil ,  Gas & Renewals","inLanguage":"es-ES","publisher":{"@id":"https:\/\/energiesnet.com\/espanol\/#organization"}}]},"og:locale":"es_ES","og:site_name":"EnergiestNet - Latin America Energy, Oil ,  Gas &amp; Renewals","og:type":"article","og:title":"A los traidores hay que llamarlos por su nombre, dice AMLO tras reforma el\u00e9ctrica -Forbes mx - EnergiestNet","og:description":"Emmanuel Carrillo, Forbes MX CIUDAD DE M\u00c9XICOEnergiesNet.com 21 04 2022 El presidente Andr\u00e9s Manuel L\u00f3pez Obrador afirm\u00f3 este jueves que quienes han traicionado a la patria por rechazar a reforma el\u00e9ctrica y beneficiar a las empresas extranjeras deben ser nombrados por su nombre y que el pueblo conozca las razones que los llevaron a entregar","og:url":"https:\/\/energiesnet.com\/espanol\/a-los-traidores-hay-que-llamarlos-por-su-nombre-dice-amlo-tras-reforma-electrica-forbes-mx\/","og:image":"https:\/\/energiesnet.com\/espanol","og:image:secure_url":"https:\/\/energiesnet.com\/espanol","article:published_time":"2022-04-21T14:36:56+00:00","article:modified_time":"2022-04-21T14:36:58+00:00","article:publisher":"https:\/\/www.facebook.com\/\/EnergiesNet","twitter:card":"summary_large_image","twitter:site":"@EnergiesNet1","twitter:title":"A los traidores hay que llamarlos por su nombre, dice AMLO tras reforma el\u00e9ctrica -Forbes mx - EnergiestNet","twitter:description":"Emmanuel Carrillo, Forbes MX CIUDAD DE M\u00c9XICOEnergiesNet.com 21 04 2022 El presidente Andr\u00e9s Manuel L\u00f3pez Obrador afirm\u00f3 este jueves que quienes han traicionado a la patria por rechazar a reforma el\u00e9ctrica y beneficiar a las empresas extranjeras deben ser nombrados por su nombre y que el pueblo conozca las razones que los llevaron a entregar","twitter:creator":"@EnergiesNet1","twitter:image":"https:\/\/energiesnet.com\/espanol"},"aioseo_meta_data":{"post_id":"7697","title":null,"description":null,"keywords":null,"keyphrases":null,"primary_term":null,"canonical_url":null,"og_title":null,"og_description":null,"og_object_type":"default","og_image_type":"default","og_image_url":null,"og_image_width":null,"og_image_height":null,"og_image_custom_url":null,"og_image_custom_fields":null,"og_video":null,"og_custom_url":null,"og_article_section":null,"og_article_tags":null,"twitter_use_og":false,"twitter_card":"default","twitter_image_type":"default","twitter_image_url":null,"twitter_image_custom_url":null,"twitter_image_custom_fields":null,"twitter_title":null,"twitter_description":null,"schema":{"blockGraphs":[],"customGraphs":[],"default":{"data":{"Article":[],"Course":[],"Dataset":[],"FAQPage":[],"Movie":[],"Person":[],"Product":[],"ProductReview":[],"Car":[],"Recipe":[],"Service":[],"SoftwareApplication":[],"WebPage":[]},"graphName":"","isEnabled":true},"graphs":[]},"schema_type":"default","schema_type_options":null,"pillar_content":false,"robots_default":true,"robots_noindex":false,"robots_noarchive":false,"robots_nosnippet":false,"robots_nofollow":false,"robots_noimageindex":false,"robots_noodp":false,"robots_notranslate":false,"robots_max_snippet":null,"robots_max_videopreview":null,"robots_max_imagepreview":"large","priority":null,"frequency":null,"local_seo":null,"breadcrumb_settings":null,"limit_modified_date":false,"ai":null,"created":"2022-12-14 13:49:38","updated":"2025-06-04 11:18:50","seo_analyzer_scan_date":null,"focus_keyword":null,"additional_keywords":null,"truseo_locale":null},"aioseo_breadcrumb":"<div class=\"aioseo-breadcrumbs\"><span class=\"aioseo-breadcrumb\">\n\t\t\t<a href=\"https:\/\/energiesnet.com\/espanol\" title=\"Inicio\">Inicio<\/a>\n\t\t<\/span><span class=\"aioseo-breadcrumb-separator\">&raquo;<\/span><span class=\"aioseo-breadcrumb\">\n\t\t\t<a href=\"https:\/\/energiesnet.com\/espanol\/category\/noticias-diarias\/\" title=\"Noticias Diarias\">Noticias Diarias<\/a>\n\t\t<\/span><span class=\"aioseo-breadcrumb-separator\">&raquo;<\/span><span class=\"aioseo-breadcrumb\">\n\t\t\tA los traidores hay que llamarlos por su nombre, dice AMLO tras reforma el\u00e9ctrica -Forbes mx\n\t\t<\/span><\/div>","aioseo_breadcrumb_json":[{"label":"Inicio","link":"https:\/\/energiesnet.com\/espanol"},{"label":"Noticias Diarias","link":"https:\/\/energiesnet.com\/espanol\/category\/noticias-diarias\/"},{"label":"A los traidores hay que llamarlos por su nombre, dice AMLO tras reforma el\u00e9ctrica -Forbes mx","link":"https:\/\/energiesnet.com\/espanol\/a-los-traidores-hay-que-llamarlos-por-su-nombre-dice-amlo-tras-reforma-electrica-forbes-mx\/"}],"_links":{"self":[{"href":"https:\/\/energiesnet.com\/espanol\/wp-json\/wp\/v2\/posts\/7697","targetHints":{"allow":["GET"]}}],"collection":[{"href":"https:\/\/energiesnet.com\/espanol\/wp-json\/wp\/v2\/posts"}],"about":[{"href":"https:\/\/energiesnet.com\/espanol\/wp-json\/wp\/v2\/types\/post"}],"author":[{"embeddable":true,"href":"https:\/\/energiesnet.com\/espanol\/wp-json\/wp\/v2\/users\/2"}],"replies":[{"embeddable":true,"href":"https:\/\/energiesnet.com\/espanol\/wp-json\/wp\/v2\/comments?post=7697"}],"version-history":[{"count":0,"href":"https:\/\/energiesnet.com\/espanol\/wp-json\/wp\/v2\/posts\/7697\/revisions"}],"wp:featuredmedia":[{"embeddable":true,"href":"https:\/\/energiesnet.com\/espanol\/wp-json\/wp\/v2\/media\/7698"}],"wp:attachment":[{"href":"https:\/\/energiesnet.com\/espanol\/wp-json\/wp\/v2\/media?parent=7697"}],"wp:term":[{"taxonomy":"category","embeddable":true,"href":"https:\/\/energiesnet.com\/espanol\/wp-json\/wp\/v2\/categories?post=7697"},{"taxonomy":"post_tag","embeddable":true,"href":"https:\/\/energiesnet.com\/espanol\/wp-json\/wp\/v2\/tags?post=7697"}],"curies":[{"name":"wp","href":"https:\/\/api.w.org\/{rel}","templated":true}]}}