{"id":7703,"date":"2022-04-22T05:55:38","date_gmt":"2022-04-22T09:55:38","guid":{"rendered":"https:\/\/energiesnet.com\/espanol\/?p=7703"},"modified":"2022-04-22T05:55:40","modified_gmt":"2022-04-22T09:55:40","slug":"la-imagen-de-mexico-en-el-mundo","status":"publish","type":"post","link":"https:\/\/energiesnet.com\/espanol\/la-imagen-de-mexico-en-el-mundo\/","title":{"rendered":"La imagen de M\u00e9xico en el mundo"},"content":{"rendered":"\n<figure class=\"wp-block-image size-full is-resized\"><img fetchpriority=\"high\" decoding=\"async\" src=\"https:\/\/energiesnet.com\/espanol\/wp-content\/uploads\/2022\/04\/ruben_aguilar_600-4-11.jpg\" alt=\"\" class=\"wp-image-7704\" width=\"600\" height=\"400\" srcset=\"https:\/\/energiesnet.com\/espanol\/wp-content\/uploads\/2022\/04\/ruben_aguilar_600-4-11.jpg 600w, https:\/\/energiesnet.com\/espanol\/wp-content\/uploads\/2022\/04\/ruben_aguilar_600-4-11-300x200.jpg 300w\" sizes=\"(max-width: 600px) 100vw, 600px\" \/><figcaption>Rub\u00e9n Aguilar Valenzuela<br><br>\u00a0<br>D\u00edas atr\u00e1s, Amnist\u00eda Internacional (AI) dio a conocer su Informe Anual 2021-2022. En la secci\u00f3n dedicada a M\u00e9xico se hacen una serie de afirmaciones, que puede verse desde dos \u00f3pticas.<br>\u00a0<br>De un lado la realidad de la violencia, la violaci\u00f3n de los derechos humanos, la impartici\u00f3n de justicia y la impunidad que prevalece en el pa\u00eds. De otro lado da idea de c\u00f3mo se ve a este gobierno y al pa\u00eds en el mundo. Desgloso lo que el documento se\u00f1ala:\u00a0<br><br>1. Contin\u00faa la militarizaci\u00f3n de la seguridad p\u00fablica.<br><br>2. Prevalece la violaci\u00f3n de los derechos humanos, la tortura y las desapariciones forzadas de personas.<br><br>3. Contin\u00faan las detenciones arbitrarias.<br><br>4. La impunidad de los criminales es absoluta.<br><br>5. Crecen los feminicidios y el feminicidio infantil.<br><br>6. Hay abuso en el trato de los migrantes, por parte de las autoridades.<br><br>7. El presidente ataca de forma abierta y p\u00fablica a las organizaciones de la sociedad civil.<br><br>8. El presidente hace declaraciones en contra de los medios de comunicaci\u00f3n y defensores de los derechos humanos.<br><br>9. El presidente ataca a las instituciones acad\u00e9micas y a los acad\u00e9micos.<br><br>10. El presidente agrede a las organizaciones feministas y a la protesta del movimiento social de las mujeres.<br><br>11. El presidente violenta la libertad de expresi\u00f3n.\u00a0<br><br>12. La narrativa del presidente crea un clima de hostilidad en contra de los sectores que critica y ataca.<br><br>13. Crece el n\u00famero de los periodistas asesinados.\u00a0<br><br>14. En la pandemia del Covid-19, el gobierno hizo caso omiso a las normas de la Organizaci\u00f3n Mundial de la Salud (OMS).\u00a0\u00a0 \u00a0\u00a0\u00a0\u00a0<br><br>Estos son los se\u00f1alamientos puntuales sobre M\u00e9xico del informe de AI. Una buena parte de ellos se refieren al comportamiento del presidente.<br>\u00a0<br>Los 14 puntos dan una idea de c\u00f3mo AI ve a M\u00e9xico en los temas en los que ella trabaja, pero tambi\u00e9n dan cuenta de c\u00f3mo se ve a nuestro pa\u00eds en otras latitudes.<br>\u00a0<br>La realidad que presenta AI est\u00e1 ah\u00ed y es la misma visi\u00f3n que tienen otras\u00a0organizaciones de la sociedad civil, con presencia internacional, y tambi\u00e9n la comparten organismos internacionales.<br>\u00a0<br>El presidente y su gobierno en lugar de aceptar que as\u00ed es, para poder hacerle frente, la niegan. Esta actitud implica que los problemas se hagan todav\u00eda m\u00e1s graves.<br>\u00a0<br>Supone tambi\u00e9n que la imagen de M\u00e9xico se deteriora en la comunidad internacional. Se le ve como un\u00a0pa\u00eds violento, militarizado y que no respeta los derechos humanos.<br>\u00a0<br>Al presidente como a un pol\u00edtico autoritario y antidemocr\u00e1tico, que violenta la libertad de expresi\u00f3n y descalifica a las organizaciones de la sociedad civil y la academia.<br><br><br>_________________________________________________________<br><br><br><em><strong>Rub\u00e9n Aguilar Valenzuela<\/strong><\/em>, Socio fundador de Afan Consultores Internacionales, S.C. Doctor en Ciencias Sociales. Profesor en el Departamento de Comunicaciones y Ciencias Pol\u00edticas de la Universidad Iberoamericana. Articulista en diversos peri\u00f3dicos y revistas. Fue Fundador y director de la Agencia Salpress del FMLN, el Salvador. coordinador de la Secretar\u00eda Particular de la presidencia de Fox (2002-2004) y portavoz del gobierno (2004-2006). Sus \u00faltimos libros en conjunto con Jorge Casta\u00f1eda son: La Diferencia: Radiograf\u00eda de un sexenio (2007) y El Narco: La Guerra Fallida (2009). Twitter:\u00a0<a href=\"https:\/\/twitter.com\/RubenAguilar\">@RubenAguilar.<\/a>\u00a0Los puntos de vista expresados no necesariamente son los de EnergiesNet.com.<br><br>Nota del Editor:\u00a0Este art\u00edculo fue originalmente publicado en Etc\u00e9tera<em>,\u00a0<\/em>el 21 de abril, 2022. Reproducimos el mismo en beneficio de los lectores.\u00a0EnergiesNet.com no se hace responsable por los juicios de valor emitidos por sus colaboradores y columnistas de opini\u00f3n y an\u00e1lisis.<br><br>Aviso de uso: Este sitio contiene material protegido por derechos de autor cuyo uso no siempre ha sido espec\u00edficamente autorizado por el propietario de los derechos. Ponemos a disposici\u00f3n dicho material en nuestro esfuerzo por avanzar en la comprensi\u00f3n de cuestiones de importancia social, medioambiental y humanitaria. Creemos que esto constituye un \u00abuso justo\u00bb de dicho material protegido por derechos de autor, tal y como se establece en la secci\u00f3n 107 de la Ley de Derechos de Autor de los Estados Unidos. De acuerdo con el T\u00edtulo 17 U.S.C. Secci\u00f3n 107.<br><br>Para m\u00e1s informaci\u00f3n, visite: http:\/\/www.law.cornell.edu\/uscode\/17\/107.shtml<br><br>EnergiesNet.com alienta a las personas a reproducir, reimprimir, y divulgar a trav\u00e9s de los medios audiovisuales e Internet, los comentarios editoriales y de opini\u00f3n de Petroleumworld, siempre y cuando esa reproducci\u00f3n identifique, a el autor, y la fuente original, http:\/\/www.petroleumworld.com y se haga dentro de el uso normal (fair use) de la doctrina de la secci\u00f3n 107 de la Ley de derechos de autor de los Estados Unidos de Norteam\u00e9rica (US Copyright).<br><br>energiesnet.com 22 04 2022<br>\u00a0<\/figcaption><\/figure>\n","protected":false},"excerpt":{"rendered":"","protected":false},"author":2,"featured_media":7704,"comment_status":"open","ping_status":"open","sticky":false,"template":"","format":"standard","meta":{"_monsterinsights_skip_tracking":false,"site-sidebar-layout":"default","site-content-layout":"default","ast-global-header-display":"","ast-main-header-display":"","ast-hfb-above-header-display":"","ast-hfb-below-header-display":"","ast-hfb-mobile-header-display":"","site-post-title":"","ast-breadcrumbs-content":"","ast-featured-img":"","footer-sml-layout":"","theme-transparent-header-meta":"default","adv-header-id-meta":"","stick-header-meta":"default","header-above-stick-meta":"","header-main-stick-meta":"","header-below-stick-meta":"","footnotes":""},"categories":[48],"tags":[],"class_list":["post-7703","post","type-post","status-publish","format-standard","has-post-thumbnail","hentry","category-comentario-del-dia"],"aioseo_notices":[],"aioseo_head":"\n\t\t<!-- All in One SEO 5.0.1.1 - aioseo.com -->\n\t<meta name=\"robots\" content=\"max-image-preview:large\" \/>\n\t<meta name=\"author\" content=\"EnergiesNet\"\/>\n\t<link rel=\"canonical\" href=\"https:\/\/energiesnet.com\/espanol\/la-imagen-de-mexico-en-el-mundo\/\" \/>\n\t<meta name=\"generator\" content=\"All in One SEO (AIOSEO) 5.0.1.1\" \/>\n\t\t<meta property=\"og:locale\" content=\"es_ES\" \/>\n\t\t<meta property=\"og:site_name\" content=\"EnergiestNet - Latin America Energy, Oil ,  Gas &amp; Renewals\" \/>\n\t\t<meta property=\"og:type\" content=\"article\" \/>\n\t\t<meta property=\"og:title\" content=\"La imagen de M\u00e9xico en el mundo - EnergiestNet\" \/>\n\t\t<meta property=\"og:url\" content=\"https:\/\/energiesnet.com\/espanol\/la-imagen-de-mexico-en-el-mundo\/\" \/>\n\t\t<meta property=\"og:image\" content=\"https:\/\/energiesnet.com\/espanol\" \/>\n\t\t<meta property=\"og:image:secure_url\" content=\"https:\/\/energiesnet.com\/espanol\" \/>\n\t\t<meta property=\"article:published_time\" content=\"2022-04-22T09:55:38+00:00\" \/>\n\t\t<meta property=\"article:modified_time\" content=\"2022-04-22T09:55:40+00:00\" \/>\n\t\t<meta property=\"article:publisher\" content=\"https:\/\/www.facebook.com\/\/EnergiesNet\" \/>\n\t\t<meta name=\"twitter:card\" content=\"summary_large_image\" \/>\n\t\t<meta name=\"twitter:site\" content=\"@EnergiesNet1\" \/>\n\t\t<meta name=\"twitter:title\" content=\"La imagen de M\u00e9xico en el mundo - EnergiestNet\" \/>\n\t\t<meta name=\"twitter:creator\" content=\"@EnergiesNet1\" \/>\n\t\t<meta name=\"twitter:image\" content=\"https:\/\/energiesnet.com\/espanol\" \/>\n\t\t<script type=\"application\/ld+json\" class=\"aioseo-schema\">\n\t\t\t{\"@context\":\"https:\\\/\\\/schema.org\",\"@graph\":[{\"@type\":\"BlogPosting\",\"@id\":\"https:\\\/\\\/energiesnet.com\\\/espanol\\\/la-imagen-de-mexico-en-el-mundo\\\/#blogposting\",\"name\":\"La imagen de M\\u00e9xico en el mundo - EnergiestNet\",\"headline\":\"La imagen de M\\u00e9xico en el mundo\",\"author\":{\"@id\":\"https:\\\/\\\/energiesnet.com\\\/espanol\\\/author\\\/elioohep\\\/#author\"},\"publisher\":{\"@id\":\"https:\\\/\\\/energiesnet.com\\\/espanol\\\/#organization\"},\"image\":{\"@type\":\"ImageObject\",\"url\":\"https:\\\/\\\/energiesnet.com\\\/espanol\\\/wp-content\\\/uploads\\\/2022\\\/04\\\/ruben_aguilar_600-4-11.jpg\",\"width\":600,\"height\":400},\"datePublished\":\"2022-04-22T05:55:38-04:00\",\"dateModified\":\"2022-04-22T05:55:40-04:00\",\"inLanguage\":\"es-ES\",\"mainEntityOfPage\":{\"@id\":\"https:\\\/\\\/energiesnet.com\\\/espanol\\\/la-imagen-de-mexico-en-el-mundo\\\/#webpage\"},\"isPartOf\":{\"@id\":\"https:\\\/\\\/energiesnet.com\\\/espanol\\\/la-imagen-de-mexico-en-el-mundo\\\/#webpage\"},\"articleSection\":\"Comentario del d\\u00eda\"},{\"@type\":\"BreadcrumbList\",\"@id\":\"https:\\\/\\\/energiesnet.com\\\/espanol\\\/la-imagen-de-mexico-en-el-mundo\\\/#breadcrumblist\",\"itemListElement\":[{\"@type\":\"ListItem\",\"@id\":\"https:\\\/\\\/energiesnet.com\\\/espanol#listItem\",\"position\":1,\"name\":\"Inicio\",\"item\":\"https:\\\/\\\/energiesnet.com\\\/espanol\",\"nextItem\":{\"@type\":\"ListItem\",\"@id\":\"https:\\\/\\\/energiesnet.com\\\/espanol\\\/category\\\/comentario-del-dia\\\/#listItem\",\"name\":\"Comentario del d\\u00eda\"}},{\"@type\":\"ListItem\",\"@id\":\"https:\\\/\\\/energiesnet.com\\\/espanol\\\/category\\\/comentario-del-dia\\\/#listItem\",\"position\":2,\"name\":\"Comentario del d\\u00eda\",\"item\":\"https:\\\/\\\/energiesnet.com\\\/espanol\\\/category\\\/comentario-del-dia\\\/\",\"nextItem\":{\"@type\":\"ListItem\",\"@id\":\"https:\\\/\\\/energiesnet.com\\\/espanol\\\/la-imagen-de-mexico-en-el-mundo\\\/#listItem\",\"name\":\"La imagen de M\\u00e9xico en el mundo\"},\"previousItem\":{\"@type\":\"ListItem\",\"@id\":\"https:\\\/\\\/energiesnet.com\\\/espanol#listItem\",\"name\":\"Inicio\"}},{\"@type\":\"ListItem\",\"@id\":\"https:\\\/\\\/energiesnet.com\\\/espanol\\\/la-imagen-de-mexico-en-el-mundo\\\/#listItem\",\"position\":3,\"name\":\"La imagen de M\\u00e9xico en el mundo\",\"previousItem\":{\"@type\":\"ListItem\",\"@id\":\"https:\\\/\\\/energiesnet.com\\\/espanol\\\/category\\\/comentario-del-dia\\\/#listItem\",\"name\":\"Comentario del d\\u00eda\"}}]},{\"@type\":\"Organization\",\"@id\":\"https:\\\/\\\/energiesnet.com\\\/espanol\\\/#organization\",\"name\":\"EnergiestNet\",\"description\":\"Latin America Energy, Oil ,  Gas & Renewals\",\"url\":\"https:\\\/\\\/energiesnet.com\\\/espanol\\\/\",\"telephone\":\"+584142763041\",\"logo\":{\"@type\":\"ImageObject\",\"url\":\"https:\\\/\\\/energiesnet.com\\\/espanol\\\/wp-content\\\/uploads\\\/2022\\\/12\\\/EnergiesNet-Logo-200.jpg\",\"@id\":\"https:\\\/\\\/energiesnet.com\\\/espanol\\\/la-imagen-de-mexico-en-el-mundo\\\/#organizationLogo\",\"width\":200,\"height\":220},\"image\":{\"@id\":\"https:\\\/\\\/energiesnet.com\\\/espanol\\\/la-imagen-de-mexico-en-el-mundo\\\/#organizationLogo\"},\"sameAs\":[\"https:\\\/\\\/www.facebook.com\\\/\\\/EnergiesNet\",\"https:\\\/\\\/twitter.com\\\/EnergiesNet1\",\"https:\\\/\\\/www.instagram.com\\\/energiesnet\\\/\",\"https:\\\/\\\/linkedin.com\\\/in\\\/elio-ohep-a465b78\"]},{\"@type\":\"Person\",\"@id\":\"https:\\\/\\\/energiesnet.com\\\/espanol\\\/author\\\/elioohep\\\/#author\",\"url\":\"https:\\\/\\\/energiesnet.com\\\/espanol\\\/author\\\/elioohep\\\/\",\"name\":\"EnergiesNet\",\"image\":{\"@type\":\"ImageObject\",\"@id\":\"https:\\\/\\\/energiesnet.com\\\/espanol\\\/la-imagen-de-mexico-en-el-mundo\\\/#authorImage\",\"url\":\"https:\\\/\\\/secure.gravatar.com\\\/avatar\\\/5412deb1089370e2bdf1d1310563df78bf3dc9f9e388ca5748bced95cfdb664b?s=96&d=mm&r=g\",\"width\":96,\"height\":96,\"caption\":\"EnergiesNet\"}},{\"@type\":\"WebPage\",\"@id\":\"https:\\\/\\\/energiesnet.com\\\/espanol\\\/la-imagen-de-mexico-en-el-mundo\\\/#webpage\",\"url\":\"https:\\\/\\\/energiesnet.com\\\/espanol\\\/la-imagen-de-mexico-en-el-mundo\\\/\",\"name\":\"La imagen de M\\u00e9xico en el mundo - EnergiestNet\",\"inLanguage\":\"es-ES\",\"isPartOf\":{\"@id\":\"https:\\\/\\\/energiesnet.com\\\/espanol\\\/#website\"},\"breadcrumb\":{\"@id\":\"https:\\\/\\\/energiesnet.com\\\/espanol\\\/la-imagen-de-mexico-en-el-mundo\\\/#breadcrumblist\"},\"author\":{\"@id\":\"https:\\\/\\\/energiesnet.com\\\/espanol\\\/author\\\/elioohep\\\/#author\"},\"creator\":{\"@id\":\"https:\\\/\\\/energiesnet.com\\\/espanol\\\/author\\\/elioohep\\\/#author\"},\"image\":{\"@type\":\"ImageObject\",\"url\":\"https:\\\/\\\/energiesnet.com\\\/espanol\\\/wp-content\\\/uploads\\\/2022\\\/04\\\/ruben_aguilar_600-4-11.jpg\",\"@id\":\"https:\\\/\\\/energiesnet.com\\\/espanol\\\/la-imagen-de-mexico-en-el-mundo\\\/#mainImage\",\"width\":600,\"height\":400},\"primaryImageOfPage\":{\"@id\":\"https:\\\/\\\/energiesnet.com\\\/espanol\\\/la-imagen-de-mexico-en-el-mundo\\\/#mainImage\"},\"datePublished\":\"2022-04-22T05:55:38-04:00\",\"dateModified\":\"2022-04-22T05:55:40-04:00\"},{\"@type\":\"WebSite\",\"@id\":\"https:\\\/\\\/energiesnet.com\\\/espanol\\\/#website\",\"url\":\"https:\\\/\\\/energiesnet.com\\\/espanol\\\/\",\"name\":\"EnergiestNet\",\"description\":\"Latin America Energy, Oil ,  Gas & Renewals\",\"inLanguage\":\"es-ES\",\"publisher\":{\"@id\":\"https:\\\/\\\/energiesnet.com\\\/espanol\\\/#organization\"}}]}\n\t\t<\/script>\n\t\t<!-- All in One SEO -->\n\n","aioseo_head_json":{"title":"La imagen de M\u00e9xico en el mundo - EnergiestNet","description":"","canonical_url":"https:\/\/energiesnet.com\/espanol\/la-imagen-de-mexico-en-el-mundo\/","robots":"max-image-preview:large","keywords":"","webmasterTools":{"miscellaneous":""},"schema":{"@context":"https:\/\/schema.org","@graph":[{"@type":"BlogPosting","@id":"https:\/\/energiesnet.com\/espanol\/la-imagen-de-mexico-en-el-mundo\/#blogposting","name":"La imagen de M\u00e9xico en el mundo - EnergiestNet","headline":"La imagen de M\u00e9xico en el mundo","author":{"@id":"https:\/\/energiesnet.com\/espanol\/author\/elioohep\/#author"},"publisher":{"@id":"https:\/\/energiesnet.com\/espanol\/#organization"},"image":{"@type":"ImageObject","url":"https:\/\/energiesnet.com\/espanol\/wp-content\/uploads\/2022\/04\/ruben_aguilar_600-4-11.jpg","width":600,"height":400},"datePublished":"2022-04-22T05:55:38-04:00","dateModified":"2022-04-22T05:55:40-04:00","inLanguage":"es-ES","mainEntityOfPage":{"@id":"https:\/\/energiesnet.com\/espanol\/la-imagen-de-mexico-en-el-mundo\/#webpage"},"isPartOf":{"@id":"https:\/\/energiesnet.com\/espanol\/la-imagen-de-mexico-en-el-mundo\/#webpage"},"articleSection":"Comentario del d\u00eda"},{"@type":"BreadcrumbList","@id":"https:\/\/energiesnet.com\/espanol\/la-imagen-de-mexico-en-el-mundo\/#breadcrumblist","itemListElement":[{"@type":"ListItem","@id":"https:\/\/energiesnet.com\/espanol#listItem","position":1,"name":"Inicio","item":"https:\/\/energiesnet.com\/espanol","nextItem":{"@type":"ListItem","@id":"https:\/\/energiesnet.com\/espanol\/category\/comentario-del-dia\/#listItem","name":"Comentario del d\u00eda"}},{"@type":"ListItem","@id":"https:\/\/energiesnet.com\/espanol\/category\/comentario-del-dia\/#listItem","position":2,"name":"Comentario del d\u00eda","item":"https:\/\/energiesnet.com\/espanol\/category\/comentario-del-dia\/","nextItem":{"@type":"ListItem","@id":"https:\/\/energiesnet.com\/espanol\/la-imagen-de-mexico-en-el-mundo\/#listItem","name":"La imagen de M\u00e9xico en el mundo"},"previousItem":{"@type":"ListItem","@id":"https:\/\/energiesnet.com\/espanol#listItem","name":"Inicio"}},{"@type":"ListItem","@id":"https:\/\/energiesnet.com\/espanol\/la-imagen-de-mexico-en-el-mundo\/#listItem","position":3,"name":"La imagen de M\u00e9xico en el mundo","previousItem":{"@type":"ListItem","@id":"https:\/\/energiesnet.com\/espanol\/category\/comentario-del-dia\/#listItem","name":"Comentario del d\u00eda"}}]},{"@type":"Organization","@id":"https:\/\/energiesnet.com\/espanol\/#organization","name":"EnergiestNet","description":"Latin America Energy, Oil ,  Gas & Renewals","url":"https:\/\/energiesnet.com\/espanol\/","telephone":"+584142763041","logo":{"@type":"ImageObject","url":"https:\/\/energiesnet.com\/espanol\/wp-content\/uploads\/2022\/12\/EnergiesNet-Logo-200.jpg","@id":"https:\/\/energiesnet.com\/espanol\/la-imagen-de-mexico-en-el-mundo\/#organizationLogo","width":200,"height":220},"image":{"@id":"https:\/\/energiesnet.com\/espanol\/la-imagen-de-mexico-en-el-mundo\/#organizationLogo"},"sameAs":["https:\/\/www.facebook.com\/\/EnergiesNet","https:\/\/twitter.com\/EnergiesNet1","https:\/\/www.instagram.com\/energiesnet\/","https:\/\/linkedin.com\/in\/elio-ohep-a465b78"]},{"@type":"Person","@id":"https:\/\/energiesnet.com\/espanol\/author\/elioohep\/#author","url":"https:\/\/energiesnet.com\/espanol\/author\/elioohep\/","name":"EnergiesNet","image":{"@type":"ImageObject","@id":"https:\/\/energiesnet.com\/espanol\/la-imagen-de-mexico-en-el-mundo\/#authorImage","url":"https:\/\/secure.gravatar.com\/avatar\/5412deb1089370e2bdf1d1310563df78bf3dc9f9e388ca5748bced95cfdb664b?s=96&d=mm&r=g","width":96,"height":96,"caption":"EnergiesNet"}},{"@type":"WebPage","@id":"https:\/\/energiesnet.com\/espanol\/la-imagen-de-mexico-en-el-mundo\/#webpage","url":"https:\/\/energiesnet.com\/espanol\/la-imagen-de-mexico-en-el-mundo\/","name":"La imagen de M\u00e9xico en el mundo - EnergiestNet","inLanguage":"es-ES","isPartOf":{"@id":"https:\/\/energiesnet.com\/espanol\/#website"},"breadcrumb":{"@id":"https:\/\/energiesnet.com\/espanol\/la-imagen-de-mexico-en-el-mundo\/#breadcrumblist"},"author":{"@id":"https:\/\/energiesnet.com\/espanol\/author\/elioohep\/#author"},"creator":{"@id":"https:\/\/energiesnet.com\/espanol\/author\/elioohep\/#author"},"image":{"@type":"ImageObject","url":"https:\/\/energiesnet.com\/espanol\/wp-content\/uploads\/2022\/04\/ruben_aguilar_600-4-11.jpg","@id":"https:\/\/energiesnet.com\/espanol\/la-imagen-de-mexico-en-el-mundo\/#mainImage","width":600,"height":400},"primaryImageOfPage":{"@id":"https:\/\/energiesnet.com\/espanol\/la-imagen-de-mexico-en-el-mundo\/#mainImage"},"datePublished":"2022-04-22T05:55:38-04:00","dateModified":"2022-04-22T05:55:40-04:00"},{"@type":"WebSite","@id":"https:\/\/energiesnet.com\/espanol\/#website","url":"https:\/\/energiesnet.com\/espanol\/","name":"EnergiestNet","description":"Latin America Energy, Oil ,  Gas & Renewals","inLanguage":"es-ES","publisher":{"@id":"https:\/\/energiesnet.com\/espanol\/#organization"}}]},"og:locale":"es_ES","og:site_name":"EnergiestNet - Latin America Energy, Oil ,  Gas &amp; Renewals","og:type":"article","og:title":"La imagen de M\u00e9xico en el mundo - EnergiestNet","og:url":"https:\/\/energiesnet.com\/espanol\/la-imagen-de-mexico-en-el-mundo\/","og:image":"https:\/\/energiesnet.com\/espanol","og:image:secure_url":"https:\/\/energiesnet.com\/espanol","article:published_time":"2022-04-22T09:55:38+00:00","article:modified_time":"2022-04-22T09:55:40+00:00","article:publisher":"https:\/\/www.facebook.com\/\/EnergiesNet","twitter:card":"summary_large_image","twitter:site":"@EnergiesNet1","twitter:title":"La imagen de M\u00e9xico en el mundo - EnergiestNet","twitter:creator":"@EnergiesNet1","twitter:image":"https:\/\/energiesnet.com\/espanol"},"aioseo_meta_data":{"post_id":"7703","title":null,"description":null,"keywords":null,"keyphrases":null,"primary_term":null,"canonical_url":null,"og_title":null,"og_description":null,"og_object_type":"default","og_image_type":"default","og_image_url":null,"og_image_width":null,"og_image_height":null,"og_image_custom_url":null,"og_image_custom_fields":null,"og_video":null,"og_custom_url":null,"og_article_section":null,"og_article_tags":null,"twitter_use_og":false,"twitter_card":"default","twitter_image_type":"default","twitter_image_url":null,"twitter_image_custom_url":null,"twitter_image_custom_fields":null,"twitter_title":null,"twitter_description":null,"schema":{"blockGraphs":[],"customGraphs":[],"default":{"data":{"Article":[],"Course":[],"Dataset":[],"FAQPage":[],"Movie":[],"Person":[],"Product":[],"ProductReview":[],"Car":[],"Recipe":[],"Service":[],"SoftwareApplication":[],"WebPage":[]},"graphName":"","isEnabled":true},"graphs":[]},"schema_type":"default","schema_type_options":null,"pillar_content":false,"robots_default":true,"robots_noindex":false,"robots_noarchive":false,"robots_nosnippet":false,"robots_nofollow":false,"robots_noimageindex":false,"robots_noodp":false,"robots_notranslate":false,"robots_max_snippet":null,"robots_max_videopreview":null,"robots_max_imagepreview":"large","priority":null,"frequency":null,"local_seo":null,"breadcrumb_settings":null,"limit_modified_date":false,"ai":null,"created":"2022-12-14 13:49:38","updated":"2025-06-04 11:19:58","seo_analyzer_scan_date":null,"focus_keyword":null,"additional_keywords":null,"truseo_locale":null},"aioseo_breadcrumb":"<div class=\"aioseo-breadcrumbs\"><span class=\"aioseo-breadcrumb\">\n\t\t\t<a href=\"https:\/\/energiesnet.com\/espanol\" title=\"Inicio\">Inicio<\/a>\n\t\t<\/span><span class=\"aioseo-breadcrumb-separator\">&raquo;<\/span><span class=\"aioseo-breadcrumb\">\n\t\t\t<a href=\"https:\/\/energiesnet.com\/espanol\/category\/comentario-del-dia\/\" title=\"Comentario del d\u00eda\">Comentario del d\u00eda<\/a>\n\t\t<\/span><span class=\"aioseo-breadcrumb-separator\">&raquo;<\/span><span class=\"aioseo-breadcrumb\">\n\t\t\tLa imagen de M\u00e9xico en el mundo\n\t\t<\/span><\/div>","aioseo_breadcrumb_json":[{"label":"Inicio","link":"https:\/\/energiesnet.com\/espanol"},{"label":"Comentario del d\u00eda","link":"https:\/\/energiesnet.com\/espanol\/category\/comentario-del-dia\/"},{"label":"La imagen de M\u00e9xico en el mundo","link":"https:\/\/energiesnet.com\/espanol\/la-imagen-de-mexico-en-el-mundo\/"}],"_links":{"self":[{"href":"https:\/\/energiesnet.com\/espanol\/wp-json\/wp\/v2\/posts\/7703","targetHints":{"allow":["GET"]}}],"collection":[{"href":"https:\/\/energiesnet.com\/espanol\/wp-json\/wp\/v2\/posts"}],"about":[{"href":"https:\/\/energiesnet.com\/espanol\/wp-json\/wp\/v2\/types\/post"}],"author":[{"embeddable":true,"href":"https:\/\/energiesnet.com\/espanol\/wp-json\/wp\/v2\/users\/2"}],"replies":[{"embeddable":true,"href":"https:\/\/energiesnet.com\/espanol\/wp-json\/wp\/v2\/comments?post=7703"}],"version-history":[{"count":0,"href":"https:\/\/energiesnet.com\/espanol\/wp-json\/wp\/v2\/posts\/7703\/revisions"}],"wp:featuredmedia":[{"embeddable":true,"href":"https:\/\/energiesnet.com\/espanol\/wp-json\/wp\/v2\/media\/7704"}],"wp:attachment":[{"href":"https:\/\/energiesnet.com\/espanol\/wp-json\/wp\/v2\/media?parent=7703"}],"wp:term":[{"taxonomy":"category","embeddable":true,"href":"https:\/\/energiesnet.com\/espanol\/wp-json\/wp\/v2\/categories?post=7703"},{"taxonomy":"post_tag","embeddable":true,"href":"https:\/\/energiesnet.com\/espanol\/wp-json\/wp\/v2\/tags?post=7703"}],"curies":[{"name":"wp","href":"https:\/\/api.w.org\/{rel}","templated":true}]}}