{"id":7836,"date":"2022-04-26T06:16:11","date_gmt":"2022-04-26T10:16:11","guid":{"rendered":"https:\/\/energiesnet.com\/espanol\/?p=7836"},"modified":"2022-04-26T06:16:14","modified_gmt":"2022-04-26T10:16:14","slug":"alejandro-alvarez-venezuela-no-suscribe-escazu-porque-detras-se-esconde-la-corrupcion-talcual","status":"publish","type":"post","link":"https:\/\/energiesnet.com\/espanol\/alejandro-alvarez-venezuela-no-suscribe-escazu-porque-detras-se-esconde-la-corrupcion-talcual\/","title":{"rendered":"Alejandro \u00c1lvarez: \u00abVenezuela no suscribe Escaz\u00fa porque detr\u00e1s se esconde la corrupci\u00f3n\u00bb &#8211; TalCual"},"content":{"rendered":"\n<figure class=\"wp-block-image size-full is-resized\"><img fetchpriority=\"high\" decoding=\"async\" src=\"https:\/\/energiesnet.com\/espanol\/wp-content\/uploads\/2022\/04\/enviroment_destroy_venezuela-Ariadnalimon.jpg\" alt=\"\" class=\"wp-image-7837\" width=\"600\" height=\"400\" srcset=\"https:\/\/energiesnet.com\/espanol\/wp-content\/uploads\/2022\/04\/enviroment_destroy_venezuela-Ariadnalimon.jpg 600w, https:\/\/energiesnet.com\/espanol\/wp-content\/uploads\/2022\/04\/enviroment_destroy_venezuela-Ariadnalimon-300x200.jpg 300w\" sizes=\"(max-width: 600px) 100vw, 600px\" \/><figcaption>El Arco Minero del Orinoco posee unas 11 millones de hect\u00e1reas, el gobierno venezolano manifest\u00f3 que solo explorar\u00e1 el 5%, <br>esto significa 560.000 hect\u00e1reas intervenidas, tal como se muestra en la foto (Ariadna Garcia | @Ariadnalimon)<\/figcaption><\/figure>\n\n\n\n<p class=\"wp-block-paragraph\">Puna Perdomo, TalCual  <\/p>\n\n\n\n<p class=\"wp-block-paragraph\">CARACAS   <br>EnergiesNet.com 26 04 2022  <\/p>\n\n\n\n<p class=\"wp-block-paragraph\">La defensa del territorio y la naturaleza puede conllevar la muerte de sus protectores, y de acuerdo con los datos mundiales, Am\u00e9rica Latina es la regi\u00f3n m\u00e1s peligrosa del mundo para defender la tierra, pues dos tercios de los asesinados sociales mueren luchando por sus espacios.<\/p>\n\n\n\n<p class=\"wp-block-paragraph\">De acuerdo con el&nbsp;<a href=\"https:\/\/www.globalwitness.org\/es\/last-line-defence-es\/\" target=\"_blank\" rel=\"noreferrer noopener\">Global Witness<\/a>, 65 defensores de la tierra y el medio ambiente fueron asesinado<strong>s<\/strong>&nbsp;en Colombia en 2021, 30 en M\u00e9xico, pa\u00eds al que siguen Filipinas con 29 muertes, Brasil (20), Honduras (17), Rep\u00fablica Democr\u00e1tica del Congo (15), Guatemala (13), Nicaragua (12), Per\u00fa (6), India (4), Indonesia (3), Sud\u00e1frica (2) y Tailandia (2).<\/p>\n\n\n\n<p class=\"wp-block-paragraph\">Para ofrecer protecci\u00f3n a los defensores del ambiente surgi\u00f3 el Acuerdo Regional sobre Acceso a la Informaci\u00f3n, la participaci\u00f3n p\u00fablica y el Acceso a la Justicia en Asuntos Ambientales en Am\u00e9rica Latina y el Caribe, mejor conocido como&nbsp;<a href=\"https:\/\/www.cepal.org\/es\/acuerdodeescazu\" target=\"_blank\" rel=\"noreferrer noopener\">Acuerdo de Escaz\u00fa<\/a>, aprobado en 2018 y con vigencia desde el 22 de abril de 2021, luego de que 12 pa\u00edses lo ratificaron.<\/p>\n\n\n\n<p class=\"wp-block-paragraph\"><strong>Este es un instrumento pionero regional que establece la protecci\u00f3n de los defensores del ambiente y los territorios.<\/strong>&nbsp;De suma importancia porque facilita la generaci\u00f3n de di\u00e1logos y participaci\u00f3n social para ayudar a los pa\u00edses a alcanzar los Objetivos de Desarrollo Sostenible de las Naciones Unidas.&nbsp;<\/p>\n\n\n\n<p class=\"wp-block-paragraph\">Sin embargo, no todos los pa\u00edses de la regi\u00f3n lo han suscrito. De los 33 pa\u00edses de Latinoam\u00e9rica y el Caribe, 24 firmaron el acuerdo en 2018, pero solamente 12 lo han ratificado hasta la fecha, cuando se celebr\u00f3 la primera cumbre de pa\u00edses en Chile, entre los d\u00edas 20 y 22 de abril.&nbsp;<\/p>\n\n\n\n<p class=\"wp-block-paragraph\">Los pa\u00edses que se han adherido al Acuerdo de Escaz\u00fa son: Argentina, M\u00e9xico, Guyana, Uruguay, Bolivia, San Vicente y las Granadinas, San Crist\u00f3bal y Nieves, Antigua y Barbuda, Nicaragua, Panam\u00e1, Ecuador y Santa Luc\u00eda.&nbsp;<\/p>\n\n\n\n<p class=\"wp-block-paragraph\">Entre los que no se han suscrito al tratado destacan Colombia, Brasil, Per\u00fa,<strong>&nbsp;Venezuela<\/strong>, Costa Rica y Chile, pese a que estos dos \u00faltimos fueron los principales promotores del acuerdo.<\/p>\n\n\n\n<p class=\"wp-block-paragraph\">A pesar de que en Venezuela las condiciones del ambiente, la tierra, y su defensa son complicadas, y se va en retroceso en esta materia, este pa\u00eds no ha dicho ni una sola palabra sobre el Acuerdo de Escaz\u00fa; pero tampoco se han hecho p\u00fablicas las razones.<\/p>\n\n\n\n<p class=\"wp-block-paragraph\">El bi\u00f3logo&nbsp;Alejandro \u00c1lvarez Iragorry, coordinador general de la organizaci\u00f3n ambiental&nbsp;<a href=\"https:\/\/clima21.net\/secciones\/informes\/\" target=\"_blank\" rel=\"noreferrer noopener\">Clima21<\/a>, y promotor de este acuerdo \u00fanico en el mundo, que consagra est\u00e1ndares de protecci\u00f3n para los defensores de los derechos humanos ambientales, explica lo poco que sabe sobre el&nbsp;silencio oficial al respecto y detalla qu\u00e9 beneficios puede traer al pa\u00eds suscribirse a este tratado.<\/p>\n\n\n\n<p class=\"wp-block-paragraph\"><strong>\u2014<\/strong><strong>\u00bfCu\u00e1l es la importancia del Acuerdo de Escaz\u00fa; ya que es el primero en establecer la necesidad de garant\u00edas a los defensores de derechos ambientales?<\/strong><\/p>\n\n\n\n<p class=\"wp-block-paragraph\">\u2014Lo primero que vale la pena resaltar es que es un acuerdo internacional regional solamente aplicable a Am\u00e9rica Latina y el Caribe, que tard\u00f3 seis a\u00f1os. La idea era desarrollar la Agenda 2021 que dice que el desarrollo sostenible se alcanza mejor cuando la ciudadan\u00eda tiene informaci\u00f3n ambiental, participaci\u00f3n en esos asuntos y acceso a la justicia. Durante la discusi\u00f3n, la sociedad civil de Am\u00e9rica Latina y el Caribe comenz\u00f3 a exigir participaci\u00f3n en una discusi\u00f3n entre pa\u00edses, y lograron que un grupo seleccionado tuviera representantes.<\/p>\n\n\n\n<p class=\"wp-block-paragraph\">Am\u00e9rica Latina es la regi\u00f3n del mundo m\u00e1s peligrosa para defender el ambiente y su territorio. Los datos son brutales: dos tercios de los asesinados sociales es gente que defiende el ambiente y los territorios; en general son ind\u00edgenas. La enorme mayor\u00eda (de los asesinatos) ocurre en Colombia, despu\u00e9s hay 12 pa\u00edses de Centroam\u00e9rica y Brasil. Venezuela va un poco detr\u00e1s, no porque sea un pa\u00eds seguro, para nada, sino porque hasta recientemente se comenz\u00f3 a hacer el monitoreo de lo que significa la violencia contra defensores del ambiente y el territorio.&nbsp;<\/p>\n\n\n\n<p class=\"wp-block-paragraph\">*<strong>Lea tambi\u00e9n:<\/strong>\u00a0<a rel=\"noreferrer noopener\" href=\"https:\/\/talcualdigital.com\/lissette-gonzalez-crisis-de-alimentacion-encerrara-a-venezolanos-en-circulo-de-pobreza\/\" target=\"_blank\">Lissette Gonz\u00e1lez: Crisis de alimentaci\u00f3n encerrar\u00e1 a venezolanos en c\u00edrculo de pobreza<\/a><\/p>\n\n\n\n<p class=\"wp-block-paragraph\">Cuando ocurri\u00f3 esto, la sociedad civil pidi\u00f3 que se incluyera en el tratado el tema de la defensa de los defensores de derechos ambientales y se logr\u00f3. Entonces, cuando se finaliza, tiene cuatro enormes bases: acceso a la informaci\u00f3n, a la participaci\u00f3n, a la justicia y a la defensa de defensores; eso lo hace \u00fanico en el mundo. Hay un tratado similar en Europa, el&nbsp;<a href=\"https:\/\/www.oas.org\/es\/sla\/ddi\/docs\/acceso_informacion_desarrollos_convenio_aahrus.pdf\" target=\"_blank\" rel=\"noreferrer noopener\">Convenio de Aarhus<\/a>, pero no incluye esa parte, esto es por las caracter\u00edsticas de Latinoam\u00e9rica.<\/p>\n\n\n\n<blockquote class=\"wp-block-quote is-layout-flow wp-block-quote-is-layout-flow\"><p>\u00bfQu\u00e9 es lo que lo hace interesante? Es un tratado que promueve la sustentabilidad de las regiones para que la gente tenga acceso a la informaci\u00f3n ambiental, de temas que nos interesan totalmente: el agua, si los alimentos est\u00e1n contaminados o no, si el sitio donde vivo es seguro contra inundaciones, si hay alteraciones en la zona porque los ecosistemas est\u00e9n da\u00f1ados.&nbsp;<\/p><\/blockquote>\n\n\n\n<p class=\"wp-block-paragraph\">Si la gente, adem\u00e1s, tiene acceso a participar de manera adecuada es mucho mejor llegar a la sustentabilidad porque no solamente va a tener la informaci\u00f3n, sino que toda la sociedad se involucra y, de acuerdo a su nivel, a su capacidad, puede generar participaci\u00f3n.&nbsp;<\/p>\n\n\n\n<p class=\"wp-block-paragraph\">El acceso a la justicia es un proceso importante porque si t\u00fa sientes que hay un problema y puedes acceder de manera libre a la justicia y se te va a dar justicia, t\u00fa conf\u00edas en lo que est\u00e1 pasando y puedes participar con mucha m\u00e1s tranquilidad.&nbsp;<\/p>\n\n\n\n<p class=\"wp-block-paragraph\">Esos elementos y el tema de la defensa de defensores lo hace un tratado extraordinariamente importante. Adem\u00e1s, el tratado es lo que se llama un tratado garantista: un tratado que hace que las garant\u00edas a los derechos y, en particular, a los derechos humanos ambientales se reconozcan y se apoyen, pero no sustituye a los pa\u00edses; es decir, no es algo que se vaya a poner por encima de un pa\u00eds y va a disponer de cosas, sencillamente apoya a que cada pa\u00eds, de acuerdo a sus caracter\u00edsticas, leyes y su propio desarrollo, pueda avanzar en un sentido de la garant\u00edas de esos derechos.<\/p>\n\n\n\n<p class=\"wp-block-paragraph\"><strong>\u2014<\/strong><strong>\u00bfCu\u00e1l era la situaci\u00f3n en Am\u00e9rica Latina antes de la firma del Acuerdo y qu\u00e9 ha cambiado despu\u00e9s?<\/strong><\/p>\n\n\n\n<p class=\"wp-block-paragraph\">\u2014Lo primero es que actualmente, en este momento (entre el 20 y 22 de abril) est\u00e1 ocurriendo la primera reuni\u00f3n de las partes, de los que han firmado hasta ahora, y ese acuerdo apenas est\u00e1 comenzando; todav\u00eda no tenemos un cambio importante.&nbsp;<\/p>\n\n\n\n<p class=\"wp-block-paragraph\">Los cambios est\u00e1n cada vez m\u00e1s en la conciencia de la sociedad civil latinoamericana, de la necesidad de que esos derechos son tan importantes y que debemos defenderlos entre todos, m\u00e1s que ninguna otra cosa.&nbsp;<\/p>\n\n\n\n<p class=\"wp-block-paragraph\">Todav\u00eda es muy nuevo como acuerdo y debe pasar un tiempo en el cual cada pa\u00eds comience el proceso de instauraci\u00f3n de sus orientaciones.\u00a0Es la primera vez que se re\u00fanen los pa\u00edses a discutir el avance y algunas reglas de funcionamiento; incluso de algunos conceptos porque sigue la sociedad civil presionando porque quiere participar en la discusi\u00f3n y no se lo est\u00e1n permitiendo. Hay conflictos en este momento.\u00a0<\/p>\n\n\n\n<figure class=\"wp-block-image\"><img decoding=\"async\" src=\"https:\/\/talcualdigital.com\/wp-content\/uploads\/2020\/08\/Alejandro-%C3%81lvarez-Iragorry-960x640.jpg\" alt=\"Alejandro \u00c1lvarez Iragorry\"\/><figcaption><em>El bi\u00f3logo y defensor de derechos humanos Alejandro \u00c1lvarez condena que no haya pronunciamientos por parte del Estado acerca del Acuerdo de Escaz\u00fa que, entre otros aspectos, estipula la protecci\u00f3n para los defensores de los derechos ambientales y del territorio. \u00abEn Venezuela, en este momento, los grandes negocios referidos al ambiente son multimillonarios y casi nadie sabe eso\u00bb, responde cuando se indaga sobre las razones por las que el Gobierno de Nicol\u00e1s Maduro no hace parte al pa\u00eds del acuerdo que abarca a Am\u00e9rica Latina y el Caribe<\/em><\/figcaption><\/figure>\n\n\n\n<p class=\"wp-block-paragraph\"><strong>\u2014\u00bfPor qu\u00e9 Venezuela no ha suscrito el Acuerdo de Escaz\u00fa?<\/strong><\/p>\n\n\n\n<p class=\"wp-block-paragraph\">\u2014Eso lo sabr\u00e1 pap\u00e1 Dios. Hace cuatro a\u00f1os cuando se lanz\u00f3 el Acuerdo, en Venezuela comenzamos la primera campa\u00f1a pro Escaz\u00fa porque no ten\u00edamos ninguna idea de la raz\u00f3n. Yo busqu\u00e9&nbsp;c\u00f3mo fue ese proceso, que fue complejo, dif\u00edcil, y en ning\u00fan momento Venezuela particip\u00f3 en las discusiones.&nbsp;<\/p>\n\n\n\n<p class=\"wp-block-paragraph\">Cuando Escaz\u00fa fue lanzado, me consegu\u00ed con una funcionaria del Ministerio de Ecosocialismo y le pregunt\u00e9:&nbsp;<em>\u00bfQu\u00e9 pasa con esto?<\/em>&nbsp;y me dijo:&nbsp;<em>Mira, es que ah\u00ed hay unos problemas con la discusi\u00f3n de los acuerdos de R\u00edo+20<\/em>. Le dije:&nbsp;<em>todos los elementos que est\u00e1n en Escaz\u00fa, todos, est\u00e1n en la Constituci\u00f3n de Venezuela<\/em>; por lo tanto, para Venezuela, no deb\u00eda ser ning\u00fan problema ratificarlo y ya tiene su Constituci\u00f3n. Se qued\u00f3 como pensativa y me respondi\u00f3:&nbsp;<em>Es que eso es pol\u00edtico<\/em>, y esa es la \u00faltima respuesta que yo consegu\u00ed. No he tenido nunca ninguna respuesta adicional. Tampoco s\u00e9 si esto es realmente la opini\u00f3n de esa persona o algo m\u00e1s, no tengo la menor idea.&nbsp;<\/p>\n\n\n\n<p class=\"wp-block-paragraph\"><strong>\u2014\u00bfLos defensores ambientales de Venezuela est\u00e1n organizados para impulsar o motivar al Estado a suscribir el Acuerdo de Escaz\u00fa? Espec\u00edficamente, \u00bfqu\u00e9 lograr\u00edan los defensores del medio ambiente venezolanos si el Estado se suscribe al acuerdo?<\/strong><\/p>\n\n\n\n<p class=\"wp-block-paragraph\">\u2014No hay una red espec\u00edfica para el tema de Escaz\u00fa, pero recientemente, el a\u00f1o pasado, las organizaciones de Venezuela articularon con organizaciones de Colombia y Per\u00fa para crear una red: Odevida (Observatorio para la Defensa de la Vida); el cual est\u00e1 centrado, principalmente, en el tema de la defensa de los defensores ambientales. Odevida, en este momento, est\u00e1 coordinando las acciones para discutir el tema de Escaz\u00fa en Am\u00e9rica Latina.&nbsp;<\/p>\n\n\n\n<p class=\"wp-block-paragraph\"><strong>\u2014\u00bfQu\u00e9 tienen en com\u00fan los pa\u00edses que no han firmado?<\/strong><\/p>\n\n\n\n<p class=\"wp-block-paragraph\">\u2014Es complejo, en este momento las ideolog\u00edas, las etiquetas&nbsp;<em>derecha<\/em>&nbsp;e&nbsp;<em>izquierda<\/em>&nbsp;cada vez tienen menos sentido. Principalmente los que se han negado a firmarlo han sido pa\u00edses que apoyan m\u00e1s las empresas. Digamos que son gobiernos conservadores en ese sentido, pero Cuba no lo ha firmado ni Venezuela tampoco, Bolivia s\u00ed, la Argentina del anterior gobierno tambi\u00e9n; pero no es f\u00e1cil decirlo.&nbsp;<\/p>\n\n\n\n<p class=\"wp-block-paragraph\">Depende m\u00e1s que de ideolog\u00edas, del poder interno que tienen aquellos grupos de poder que no quieren que se sepa qu\u00e9 pasa con la informaci\u00f3n ambiental porque detr\u00e1s de la ausencia de informaci\u00f3n ambiental se esconde la corrupci\u00f3n y la delincuencia.&nbsp;Si t\u00fa no tienes informaci\u00f3n clara es muy f\u00e1cil esconder corrupci\u00f3n. Los pa\u00edses que buscan la transparencia tienen m\u00e1s controlada la corrupci\u00f3n y la delincuencia.&nbsp;<\/p>\n\n\n\n<blockquote class=\"wp-block-quote is-layout-flow wp-block-quote-is-layout-flow\"><p>El tema m\u00e1s importante de por qu\u00e9 Venezuela no suscribe ese tratado es que detr\u00e1s de eso se esconde la corrupci\u00f3n. En Venezuela, en este momento, los grandes negocios referidos al ambiente son multimillonarios y casi nadie sabe eso.&nbsp;&nbsp;&nbsp;<\/p><\/blockquote>\n\n\n\n<p class=\"wp-block-paragraph\"><strong>\u2014Hay quienes dicen que le teman al Acuerdo de Escaz\u00fa porque le va a impedir a los Estados inversiones, pero contrario a esto, el tratado dice que busca inversiones sostenibles. \u00bfQu\u00e9 podr\u00eda lograr Venezuela en materia econ\u00f3mica y sobre todo en econom\u00eda verde si suscribe el Acuerdo?<\/strong><\/p>\n\n\n\n<p class=\"wp-block-paragraph\">\u2014El Acuerdo bien llevado hace que un pa\u00eds tenga una imagen de confianza. Un pa\u00eds donde, por ejemplo, los temas ambientales, de los objetivos de desarrollo sostenible est\u00e1n bien llevados es un tema que da confianza a muchos pa\u00edses para invertir porque&nbsp;\u2014f\u00edjate lo siguiente\u2014 yo no voy a invertir en un pa\u00eds donde yo no s\u00e9 si hay agua o cu\u00e1ndo va a haber agua.&nbsp;Si t\u00fa adem\u00e1s dices que desde hace 12 a\u00f1os est\u00e1 racionada el agua y nadie sabe por qu\u00e9.<\/p>\n\n\n\n<p class=\"wp-block-paragraph\">Si yo voy a invertir los fondos internacionales en cambio clim\u00e1tico, depende de pa\u00edses cre\u00edbles.&nbsp;Escaz\u00fa dar\u00eda la posibilidad de crear una buena imagen que genera posibilidad de inversi\u00f3n de inversionistas responsables, no de la inversi\u00f3n oscura, y la inversi\u00f3n oscura no quiere eso.<\/p>\n\n\n\n<p class=\"wp-block-paragraph\"><strong>*Lea tambi\u00e9n:\u00a0<\/strong><a rel=\"noreferrer noopener\" href=\"https:\/\/talcualdigital.com\/como-sacarle-jugo-a-la-economia-naranja-en-venezuela\/\" target=\"_blank\">\u00bfQu\u00e9 potencial ofrece la econom\u00eda naranja para la Venezuela poscovid?<\/a><\/p>\n\n\n\n<p class=\"wp-block-paragraph\">Hace seis a\u00f1os se dijo que 150 empresas iban a invertir en el Arco Minero del Orinoco, \u00bfcu\u00e1ntas de ellas est\u00e1n? Nadie lo sabe.&nbsp;<\/p>\n\n\n\n<p class=\"wp-block-paragraph\">Es preferible trabajar con un gobierno donde las cosas son transparentes, donde hay puntos de vistas, hay gente que prefiere que la empresa funcione con menos regulaci\u00f3n, pero esas son discusiones y as\u00ed se llegan a acuerdos. Hay gente que quiere m\u00e1s regulaciones ambientales, otras que no; pero un pa\u00eds donde nadie est\u00e1 claro a d\u00f3nde va la cosa ni c\u00f3mo es\u2026<\/p>\n\n\n\n<p class=\"wp-block-paragraph\"><strong>\u2014En materia ambiental, \u00bfcu\u00e1les son las principales amenazas que afronta Venezuela y qu\u00e9 tan atrasado est\u00e1 el pa\u00eds en este tema y cambio clim\u00e1tico con respecto a la regi\u00f3n?<\/strong><\/p>\n\n\n\n<p class=\"wp-block-paragraph\">\u2014La situaci\u00f3n ambiental de Venezuela est\u00e1 muy mal, terriblemente mal. Si usted pregunta, cada especialista te va a decir que el problema ambiental principal de Venezuela es este o este, seg\u00fan su especialidad. Yo intent\u00e9 llevar unos indicadores que me permitieran entender y el resultado de eso fue dos grandes problemas principales, y muchos otros tambi\u00e9n importantes, pero dos grandes.&nbsp;<\/p>\n\n\n\n<p class=\"wp-block-paragraph\">El primero: tienes toda la poblaci\u00f3n en Venezuela en el eje norte-costero y monta\u00f1oso. Todas las grandes ciudades est\u00e1n en esa zona. La poblaci\u00f3n al sur del Orinoco es bastante m\u00e1s peque\u00f1a; pero en la zona norte-costera es donde hay m\u00e1s problemas de agua. En este momento, 96% de la poblaci\u00f3n de Venezuela no recibe agua de manera normal. Hay partes de Venezuela donde no hay agua en ning\u00fan sitio, ni en ning\u00fan momento.&nbsp;<\/p>\n\n\n\n<p class=\"wp-block-paragraph\">El otro problema que est\u00e1 referido a los problemas ambientales de la miner\u00eda en todo lo que la gente llama Arco Minero, que no es el Arco Minero, porque el Arco Minero es un pedacito, y en toda la Guayana venezolana actualmente se est\u00e1 produciendo un da\u00f1o ambiental de enorme mayor\u00eda que implica la contaminaci\u00f3n de todos los r\u00edos, una deforestaci\u00f3n que va cada vez m\u00e1s r\u00e1pida.&nbsp;<\/p>\n\n\n\n<p class=\"wp-block-paragraph\">Esos son los problemas m\u00e1s graves de Venezuela, pero el cambio clim\u00e1tico, deforestaci\u00f3n en el resto del pa\u00eds y contaminaci\u00f3n en mares van corriendo detr\u00e1s.&nbsp;<\/p>\n\n\n\n<p class=\"wp-block-paragraph\">*<strong>Lea tambi\u00e9n:\u00a0<\/strong><a rel=\"noreferrer noopener\" href=\"https:\/\/talcualdigital.com\/ricardo-molina-relacionan-irregularidades-de-mineria-ilegal-de-siglos-con-el-arco-minero\/\" target=\"_blank\">Diputado Ricardo Molina defiende al Arco Minero y dice que irregularidades en la miner\u00eda tienen siglos<\/a><\/p>\n\n\n\n<p class=\"wp-block-paragraph\">El cambio clim\u00e1tico es un proceso de largo plazo, muy probablemente, muchos de los peores efectos del cambio clim\u00e1tico no lo veamos, sino que lo vea la generaci\u00f3n que viene delante, pero un ni\u00f1o que est\u00e9 naciendo ahorita va a ver un pa\u00eds donde la Costa Oriental del Lago de Maracaibo va a estar bajo el agua y, posiblemente todo el Delta, donde la cantidad de lluvia que caiga sobre Venezuela sea mucho menor y donde las tormentas sean mucho m\u00e1s potentes.&nbsp;\u00bfQu\u00e9 est\u00e1 haciendo el pa\u00eds para prepararse para esto? La respuesta es nada, absolutamente nada; por el contrario, estamos siendo cada vez m\u00e1s vulnerables porque la gente pobre se siente vulnerable y la gente se est\u00e1 empobreciendo cada vez m\u00e1s.&nbsp;<\/p>\n\n\n\n<blockquote class=\"wp-block-quote is-layout-flow wp-block-quote-is-layout-flow\"><p>El gobierno, que es el que tiene capacidad de hacer, no tiene ni la voluntad ni la intenci\u00f3n, aparentemente, de cambiar la situaci\u00f3n.<\/p><\/blockquote>\n\n\n\n<p class=\"wp-block-paragraph\"><strong>\u2014\u00bfSi Venezuela no se adhiere al Acuerdo de Escaz\u00fa o no hace alg\u00fan pronunciamiento c\u00f3mo queda ante la regi\u00f3n y el mundo?<\/strong><\/p>\n\n\n\n<p class=\"wp-block-paragraph\">\u2014Yo no creo que vaya a haber un supercambio. Creo que es un paso necesario, algunos de los cambios son de largo plazo y hay que recorrer esos caminos y dar las peleas que vayan a ser necesarias porque los poderes econ\u00f3micos siempre est\u00e1n ah\u00ed.&nbsp;<\/p>\n\n\n\n<p class=\"wp-block-paragraph\">Venezuela se a\u00edsla cada vez m\u00e1s. Venezuela se est\u00e1 aislando a una velocidad impresionante. Es un pa\u00eds que no es confiable para muchos otros pa\u00edses de la regi\u00f3n, no es un pa\u00eds que facilite el contacto con otro pa\u00eds y la cooperaci\u00f3n. \u00bfY c\u00f3mo vamos a solucionar parte de los problemas en el mundo? Solo con la cooperaci\u00f3n internacional. Entonces, un pa\u00eds aislado con poca confianza ante el resto de los pa\u00edses, es un pa\u00eds donde la cooperaci\u00f3n no se va a dar.&nbsp;<\/p>\n\n\n\n<p class=\"wp-block-paragraph\">Un ejemplo: gran parte al problema al sur de Venezuela se debe a grandes grupos sociales que est\u00e1n controlando las minas, pero ese problema no es solo de Venezuela; es un problema que trasciende las fronteras. Algunos grupos son guerrilleros colombianos, algunos son mineros brasile\u00f1os. \u00bfC\u00f3mo se puede trabajar contra esa gente? Con un trabajo entre los gobiernos de la regi\u00f3n, pero si Venezuela se a\u00edsla, \u00bfc\u00f3mo va a poder darle soluci\u00f3n al tema?<\/p>\n\n\n\n<p class=\"wp-block-paragraph\"><strong>\u2014\u00bfQu\u00e9 medidas se impondr\u00e1n a los pa\u00edses que incumplan el acuerdo?<\/strong><\/p>\n\n\n\n<p class=\"wp-block-paragraph\">\u2014No va a haber sanciones. Ese acuerdo no plantea sanciones, ese acuerdo no busca sancionar, busca apoyar a que los pa\u00edses avancen. Por supuesto, cada uno de los elementos, en particular los que tienen que ver con la violencia contra defensores del ambiente y los territorios, tienen maneras de ir a instancias internacionales.&nbsp;Pero si un pa\u00eds no da informaci\u00f3n ambiental a sus ciudadanos eso no es sancionable. El Acuerdo de Escaz\u00fa no est\u00e1 hecho para eso.<\/p>\n\n\n\n<p class=\"wp-block-paragraph\"><strong>\u2014\u00bfSe sabe cu\u00e1ntos delitos contra defensores del medio ambiente se han cometido en Venezuela en los \u00faltimos a\u00f1os? \u00bfEstos reclamos son atendidos y se dan respuestas?<\/strong><\/p>\n\n\n\n<p class=\"wp-block-paragraph\">\u2014Eso fue publicado el a\u00f1o pasado. Un<a href=\"https:\/\/provea.org\/publicaciones\/el-aire-huele-a-mal-situacion-de-defensores-del-ambiente-en-colombia-y-venezuela-2\/\" target=\"_blank\" rel=\"noreferrer noopener\">&nbsp;informe que se hizo entre Colombia y Venezuela<\/a>. Ah\u00ed aparece el n\u00famero de personas muertas, casi todas ind\u00edgenas. En Venezuela son m\u00e1s de 20. Es un tema dif\u00edcil porque est\u00e1 ocurriendo. Hace un mes fueron asesinados cuatro Yanomamis en una situaci\u00f3n muy poco clara y por lo visto perversa; pero lo poco que ha sido informado acerca de la situaci\u00f3n pareciera ser por motivos f\u00fatiles.<\/p>\n\n\n\n<p class=\"wp-block-paragraph\">Nadie con armamento de guerra soluciona un conflicto contra personas que lo que tienen son piedras y flechas. En Venezuela se ha hecho eso aunque no se deber\u00eda.<\/p>\n\n\n\n<p class=\"wp-block-paragraph\">*<strong>Lea tambi\u00e9n:<\/strong>\u00a0<a rel=\"noreferrer noopener\" href=\"https:\/\/talcualdigital.com\/odevida-11-defensores-ambientales-han-sido-asesinados-por-la-fan-entre-2013-y-2021\/\" target=\"_blank\">Odevida: 11 defensores ambientales han sido asesinados por la FAN entre 2013 y 2021<\/a><\/p>\n\n\n\n<p class=\"wp-block-paragraph\"><strong>\u2014Si Venezuela hubiera suscrito este tratado, \u00bfqu\u00e9 consecuencias habr\u00eda tenido para el pa\u00eds todos estos desastres ecol\u00f3gicos como los derrames de petroleros y el Arco Minero?<\/strong><\/p>\n\n\n\n<p class=\"wp-block-paragraph\">\u2014La \u00faltima vez que Pdvsa hizo un informe en el cual detall\u00f3 el n\u00famero de derrames petroleros fue en 2016. En un a\u00f1o ocurrieron 8.000 derrames, son aproximadamente 50 derrames por d\u00eda.<\/p>\n\n\n\n<p class=\"wp-block-paragraph\">Desde el a\u00f1o pasado empezamos a hacer un monitoreo de derrames petroleros y para poder entender eso, hicimos el conteo de los derrames entre 2016 y 2021 y no llegamos a 200 reportados; eso quiere decir que la mayor parte quedan ocultos, nunca son informados, nunca llegan a los medios de comunicaci\u00f3n, hay desinformaci\u00f3n; pero el deterioro ambiental sigue y eso pasa factura: da\u00f1a territorios, da\u00f1a personas, y se produce cada vez m\u00e1s pobreza y hambre.<\/p>\n\n\n\n<p class=\"wp-block-paragraph\">La obligaci\u00f3n de todo Estado no es solucionar los problemas del pasado, es avanzar hacia el futuro en la medida de lo posible. Escaz\u00fa dice que con transparencia y participaci\u00f3n podemos avanzar.<\/p>\n","protected":false},"excerpt":{"rendered":"<p>Puna Perdomo, TalCual CARACAS EnergiesNet.com 26 04 2022 La defensa del territorio y la naturaleza puede conllevar la muerte de sus protectores, y de acuerdo con los datos mundiales, Am\u00e9rica Latina es la regi\u00f3n m\u00e1s peligrosa del mundo para defender la tierra, pues dos tercios de los asesinados sociales mueren luchando por sus espacios. De &hellip;<\/p>\n<p class=\"read-more\"> <a class=\"\" href=\"https:\/\/energiesnet.com\/espanol\/alejandro-alvarez-venezuela-no-suscribe-escazu-porque-detras-se-esconde-la-corrupcion-talcual\/\"> <span class=\"screen-reader-text\">Alejandro \u00c1lvarez: \u00abVenezuela no suscribe Escaz\u00fa porque detr\u00e1s se esconde la corrupci\u00f3n\u00bb &#8211; TalCual<\/span> Leer m\u00e1s &raquo;<\/a><\/p>\n","protected":false},"author":2,"featured_media":7837,"comment_status":"open","ping_status":"open","sticky":false,"template":"","format":"standard","meta":{"_monsterinsights_skip_tracking":false,"site-sidebar-layout":"default","site-content-layout":"default","ast-global-header-display":"","ast-main-header-display":"","ast-hfb-above-header-display":"","ast-hfb-below-header-display":"","ast-hfb-mobile-header-display":"","site-post-title":"","ast-breadcrumbs-content":"","ast-featured-img":"","footer-sml-layout":"","theme-transparent-header-meta":"default","adv-header-id-meta":"","stick-header-meta":"default","header-above-stick-meta":"","header-main-stick-meta":"","header-below-stick-meta":"","footnotes":""},"categories":[30],"tags":[],"class_list":["post-7836","post","type-post","status-publish","format-standard","has-post-thumbnail","hentry","category-top-news"],"aioseo_notices":[],"aioseo_head":"\n\t\t<!-- All in One SEO 5.0.1.1 - aioseo.com -->\n\t<meta name=\"description\" content=\"Puna Perdomo, TalCual CARACAS EnergiesNet.com 26 04 2022 La defensa del territorio y la naturaleza puede conllevar la muerte de sus protectores, y de acuerdo con los datos mundiales, Am\u00e9rica Latina es la regi\u00f3n m\u00e1s peligrosa del mundo para defender la tierra, pues dos tercios de los asesinados sociales mueren luchando por sus espacios. De\" \/>\n\t<meta name=\"robots\" content=\"max-image-preview:large\" \/>\n\t<meta name=\"author\" content=\"EnergiesNet\"\/>\n\t<link rel=\"canonical\" href=\"https:\/\/energiesnet.com\/espanol\/alejandro-alvarez-venezuela-no-suscribe-escazu-porque-detras-se-esconde-la-corrupcion-talcual\/\" \/>\n\t<meta name=\"generator\" content=\"All in One SEO (AIOSEO) 5.0.1.1\" \/>\n\t\t<meta property=\"og:locale\" content=\"es_ES\" \/>\n\t\t<meta property=\"og:site_name\" content=\"EnergiestNet - Latin America Energy, Oil ,  Gas &amp; Renewals\" \/>\n\t\t<meta property=\"og:type\" content=\"article\" \/>\n\t\t<meta property=\"og:title\" content=\"Alejandro \u00c1lvarez: \u00abVenezuela no suscribe Escaz\u00fa porque detr\u00e1s se esconde la corrupci\u00f3n\u00bb \u2013 TalCual - EnergiestNet\" \/>\n\t\t<meta property=\"og:description\" content=\"Puna Perdomo, TalCual CARACAS EnergiesNet.com 26 04 2022 La defensa del territorio y la naturaleza puede conllevar la muerte de sus protectores, y de acuerdo con los datos mundiales, Am\u00e9rica Latina es la regi\u00f3n m\u00e1s peligrosa del mundo para defender la tierra, pues dos tercios de los asesinados sociales mueren luchando por sus espacios. De\" \/>\n\t\t<meta property=\"og:url\" content=\"https:\/\/energiesnet.com\/espanol\/alejandro-alvarez-venezuela-no-suscribe-escazu-porque-detras-se-esconde-la-corrupcion-talcual\/\" \/>\n\t\t<meta property=\"og:image\" content=\"https:\/\/energiesnet.com\/espanol\" \/>\n\t\t<meta property=\"og:image:secure_url\" content=\"https:\/\/energiesnet.com\/espanol\" \/>\n\t\t<meta property=\"article:published_time\" content=\"2022-04-26T10:16:11+00:00\" \/>\n\t\t<meta property=\"article:modified_time\" content=\"2022-04-26T10:16:14+00:00\" \/>\n\t\t<meta property=\"article:publisher\" content=\"https:\/\/www.facebook.com\/\/EnergiesNet\" \/>\n\t\t<meta name=\"twitter:card\" content=\"summary_large_image\" \/>\n\t\t<meta name=\"twitter:site\" content=\"@EnergiesNet1\" \/>\n\t\t<meta name=\"twitter:title\" content=\"Alejandro \u00c1lvarez: \u00abVenezuela no suscribe Escaz\u00fa porque detr\u00e1s se esconde la corrupci\u00f3n\u00bb \u2013 TalCual - EnergiestNet\" \/>\n\t\t<meta name=\"twitter:description\" content=\"Puna Perdomo, TalCual CARACAS EnergiesNet.com 26 04 2022 La defensa del territorio y la naturaleza puede conllevar la muerte de sus protectores, y de acuerdo con los datos mundiales, Am\u00e9rica Latina es la regi\u00f3n m\u00e1s peligrosa del mundo para defender la tierra, pues dos tercios de los asesinados sociales mueren luchando por sus espacios. De\" \/>\n\t\t<meta name=\"twitter:creator\" content=\"@EnergiesNet1\" \/>\n\t\t<meta name=\"twitter:image\" content=\"https:\/\/energiesnet.com\/espanol\" \/>\n\t\t<script type=\"application\/ld+json\" class=\"aioseo-schema\">\n\t\t\t{\"@context\":\"https:\\\/\\\/schema.org\",\"@graph\":[{\"@type\":\"BlogPosting\",\"@id\":\"https:\\\/\\\/energiesnet.com\\\/espanol\\\/alejandro-alvarez-venezuela-no-suscribe-escazu-porque-detras-se-esconde-la-corrupcion-talcual\\\/#blogposting\",\"name\":\"Alejandro \\u00c1lvarez: \\u00abVenezuela no suscribe Escaz\\u00fa porque detr\\u00e1s se esconde la corrupci\\u00f3n\\u00bb \\u2013 TalCual - EnergiestNet\",\"headline\":\"Alejandro \\u00c1lvarez: \\u00abVenezuela no suscribe Escaz\\u00fa porque detr\\u00e1s se esconde la corrupci\\u00f3n\\u00bb &#8211; TalCual\",\"author\":{\"@id\":\"https:\\\/\\\/energiesnet.com\\\/espanol\\\/author\\\/elioohep\\\/#author\"},\"publisher\":{\"@id\":\"https:\\\/\\\/energiesnet.com\\\/espanol\\\/#organization\"},\"image\":{\"@type\":\"ImageObject\",\"url\":\"https:\\\/\\\/energiesnet.com\\\/espanol\\\/wp-content\\\/uploads\\\/2022\\\/04\\\/enviroment_destroy_venezuela-Ariadnalimon.jpg\",\"width\":600,\"height\":400},\"datePublished\":\"2022-04-26T06:16:11-04:00\",\"dateModified\":\"2022-04-26T06:16:14-04:00\",\"inLanguage\":\"es-ES\",\"mainEntityOfPage\":{\"@id\":\"https:\\\/\\\/energiesnet.com\\\/espanol\\\/alejandro-alvarez-venezuela-no-suscribe-escazu-porque-detras-se-esconde-la-corrupcion-talcual\\\/#webpage\"},\"isPartOf\":{\"@id\":\"https:\\\/\\\/energiesnet.com\\\/espanol\\\/alejandro-alvarez-venezuela-no-suscribe-escazu-porque-detras-se-esconde-la-corrupcion-talcual\\\/#webpage\"},\"articleSection\":\"La Noticia\"},{\"@type\":\"BreadcrumbList\",\"@id\":\"https:\\\/\\\/energiesnet.com\\\/espanol\\\/alejandro-alvarez-venezuela-no-suscribe-escazu-porque-detras-se-esconde-la-corrupcion-talcual\\\/#breadcrumblist\",\"itemListElement\":[{\"@type\":\"ListItem\",\"@id\":\"https:\\\/\\\/energiesnet.com\\\/espanol#listItem\",\"position\":1,\"name\":\"Inicio\",\"item\":\"https:\\\/\\\/energiesnet.com\\\/espanol\",\"nextItem\":{\"@type\":\"ListItem\",\"@id\":\"https:\\\/\\\/energiesnet.com\\\/espanol\\\/category\\\/top-news\\\/#listItem\",\"name\":\"La Noticia\"}},{\"@type\":\"ListItem\",\"@id\":\"https:\\\/\\\/energiesnet.com\\\/espanol\\\/category\\\/top-news\\\/#listItem\",\"position\":2,\"name\":\"La Noticia\",\"item\":\"https:\\\/\\\/energiesnet.com\\\/espanol\\\/category\\\/top-news\\\/\",\"nextItem\":{\"@type\":\"ListItem\",\"@id\":\"https:\\\/\\\/energiesnet.com\\\/espanol\\\/alejandro-alvarez-venezuela-no-suscribe-escazu-porque-detras-se-esconde-la-corrupcion-talcual\\\/#listItem\",\"name\":\"Alejandro \\u00c1lvarez: \\u00abVenezuela no suscribe Escaz\\u00fa porque detr\\u00e1s se esconde la corrupci\\u00f3n\\u00bb &#8211; TalCual\"},\"previousItem\":{\"@type\":\"ListItem\",\"@id\":\"https:\\\/\\\/energiesnet.com\\\/espanol#listItem\",\"name\":\"Inicio\"}},{\"@type\":\"ListItem\",\"@id\":\"https:\\\/\\\/energiesnet.com\\\/espanol\\\/alejandro-alvarez-venezuela-no-suscribe-escazu-porque-detras-se-esconde-la-corrupcion-talcual\\\/#listItem\",\"position\":3,\"name\":\"Alejandro \\u00c1lvarez: \\u00abVenezuela no suscribe Escaz\\u00fa porque detr\\u00e1s se esconde la corrupci\\u00f3n\\u00bb &#8211; TalCual\",\"previousItem\":{\"@type\":\"ListItem\",\"@id\":\"https:\\\/\\\/energiesnet.com\\\/espanol\\\/category\\\/top-news\\\/#listItem\",\"name\":\"La Noticia\"}}]},{\"@type\":\"Organization\",\"@id\":\"https:\\\/\\\/energiesnet.com\\\/espanol\\\/#organization\",\"name\":\"EnergiestNet\",\"description\":\"Latin America Energy, Oil ,  Gas & Renewals\",\"url\":\"https:\\\/\\\/energiesnet.com\\\/espanol\\\/\",\"telephone\":\"+584142763041\",\"logo\":{\"@type\":\"ImageObject\",\"url\":\"https:\\\/\\\/energiesnet.com\\\/espanol\\\/wp-content\\\/uploads\\\/2022\\\/12\\\/EnergiesNet-Logo-200.jpg\",\"@id\":\"https:\\\/\\\/energiesnet.com\\\/espanol\\\/alejandro-alvarez-venezuela-no-suscribe-escazu-porque-detras-se-esconde-la-corrupcion-talcual\\\/#organizationLogo\",\"width\":200,\"height\":220},\"image\":{\"@id\":\"https:\\\/\\\/energiesnet.com\\\/espanol\\\/alejandro-alvarez-venezuela-no-suscribe-escazu-porque-detras-se-esconde-la-corrupcion-talcual\\\/#organizationLogo\"},\"sameAs\":[\"https:\\\/\\\/www.facebook.com\\\/\\\/EnergiesNet\",\"https:\\\/\\\/twitter.com\\\/EnergiesNet1\",\"https:\\\/\\\/www.instagram.com\\\/energiesnet\\\/\",\"https:\\\/\\\/linkedin.com\\\/in\\\/elio-ohep-a465b78\"]},{\"@type\":\"Person\",\"@id\":\"https:\\\/\\\/energiesnet.com\\\/espanol\\\/author\\\/elioohep\\\/#author\",\"url\":\"https:\\\/\\\/energiesnet.com\\\/espanol\\\/author\\\/elioohep\\\/\",\"name\":\"EnergiesNet\",\"image\":{\"@type\":\"ImageObject\",\"@id\":\"https:\\\/\\\/energiesnet.com\\\/espanol\\\/alejandro-alvarez-venezuela-no-suscribe-escazu-porque-detras-se-esconde-la-corrupcion-talcual\\\/#authorImage\",\"url\":\"https:\\\/\\\/secure.gravatar.com\\\/avatar\\\/5412deb1089370e2bdf1d1310563df78bf3dc9f9e388ca5748bced95cfdb664b?s=96&d=mm&r=g\",\"width\":96,\"height\":96,\"caption\":\"EnergiesNet\"}},{\"@type\":\"WebPage\",\"@id\":\"https:\\\/\\\/energiesnet.com\\\/espanol\\\/alejandro-alvarez-venezuela-no-suscribe-escazu-porque-detras-se-esconde-la-corrupcion-talcual\\\/#webpage\",\"url\":\"https:\\\/\\\/energiesnet.com\\\/espanol\\\/alejandro-alvarez-venezuela-no-suscribe-escazu-porque-detras-se-esconde-la-corrupcion-talcual\\\/\",\"name\":\"Alejandro \\u00c1lvarez: \\u00abVenezuela no suscribe Escaz\\u00fa porque detr\\u00e1s se esconde la corrupci\\u00f3n\\u00bb \\u2013 TalCual - EnergiestNet\",\"description\":\"Puna Perdomo, TalCual CARACAS EnergiesNet.com 26 04 2022 La defensa del territorio y la naturaleza puede conllevar la muerte de sus protectores, y de acuerdo con los datos mundiales, Am\\u00e9rica Latina es la regi\\u00f3n m\\u00e1s peligrosa del mundo para defender la tierra, pues dos tercios de los asesinados sociales mueren luchando por sus espacios. De\",\"inLanguage\":\"es-ES\",\"isPartOf\":{\"@id\":\"https:\\\/\\\/energiesnet.com\\\/espanol\\\/#website\"},\"breadcrumb\":{\"@id\":\"https:\\\/\\\/energiesnet.com\\\/espanol\\\/alejandro-alvarez-venezuela-no-suscribe-escazu-porque-detras-se-esconde-la-corrupcion-talcual\\\/#breadcrumblist\"},\"author\":{\"@id\":\"https:\\\/\\\/energiesnet.com\\\/espanol\\\/author\\\/elioohep\\\/#author\"},\"creator\":{\"@id\":\"https:\\\/\\\/energiesnet.com\\\/espanol\\\/author\\\/elioohep\\\/#author\"},\"image\":{\"@type\":\"ImageObject\",\"url\":\"https:\\\/\\\/energiesnet.com\\\/espanol\\\/wp-content\\\/uploads\\\/2022\\\/04\\\/enviroment_destroy_venezuela-Ariadnalimon.jpg\",\"@id\":\"https:\\\/\\\/energiesnet.com\\\/espanol\\\/alejandro-alvarez-venezuela-no-suscribe-escazu-porque-detras-se-esconde-la-corrupcion-talcual\\\/#mainImage\",\"width\":600,\"height\":400},\"primaryImageOfPage\":{\"@id\":\"https:\\\/\\\/energiesnet.com\\\/espanol\\\/alejandro-alvarez-venezuela-no-suscribe-escazu-porque-detras-se-esconde-la-corrupcion-talcual\\\/#mainImage\"},\"datePublished\":\"2022-04-26T06:16:11-04:00\",\"dateModified\":\"2022-04-26T06:16:14-04:00\"},{\"@type\":\"WebSite\",\"@id\":\"https:\\\/\\\/energiesnet.com\\\/espanol\\\/#website\",\"url\":\"https:\\\/\\\/energiesnet.com\\\/espanol\\\/\",\"name\":\"EnergiestNet\",\"description\":\"Latin America Energy, Oil ,  Gas & Renewals\",\"inLanguage\":\"es-ES\",\"publisher\":{\"@id\":\"https:\\\/\\\/energiesnet.com\\\/espanol\\\/#organization\"}}]}\n\t\t<\/script>\n\t\t<!-- All in One SEO -->\n\n","aioseo_head_json":{"title":"Alejandro \u00c1lvarez: \u00abVenezuela no suscribe Escaz\u00fa porque detr\u00e1s se esconde la corrupci\u00f3n\u00bb \u2013 TalCual - EnergiestNet","description":"Puna Perdomo, TalCual CARACAS EnergiesNet.com 26 04 2022 La defensa del territorio y la naturaleza puede conllevar la muerte de sus protectores, y de acuerdo con los datos mundiales, Am\u00e9rica Latina es la regi\u00f3n m\u00e1s peligrosa del mundo para defender la tierra, pues dos tercios de los asesinados sociales mueren luchando por sus espacios. De","canonical_url":"https:\/\/energiesnet.com\/espanol\/alejandro-alvarez-venezuela-no-suscribe-escazu-porque-detras-se-esconde-la-corrupcion-talcual\/","robots":"max-image-preview:large","keywords":"","webmasterTools":{"miscellaneous":""},"schema":{"@context":"https:\/\/schema.org","@graph":[{"@type":"BlogPosting","@id":"https:\/\/energiesnet.com\/espanol\/alejandro-alvarez-venezuela-no-suscribe-escazu-porque-detras-se-esconde-la-corrupcion-talcual\/#blogposting","name":"Alejandro \u00c1lvarez: \u00abVenezuela no suscribe Escaz\u00fa porque detr\u00e1s se esconde la corrupci\u00f3n\u00bb \u2013 TalCual - EnergiestNet","headline":"Alejandro \u00c1lvarez: \u00abVenezuela no suscribe Escaz\u00fa porque detr\u00e1s se esconde la corrupci\u00f3n\u00bb &#8211; TalCual","author":{"@id":"https:\/\/energiesnet.com\/espanol\/author\/elioohep\/#author"},"publisher":{"@id":"https:\/\/energiesnet.com\/espanol\/#organization"},"image":{"@type":"ImageObject","url":"https:\/\/energiesnet.com\/espanol\/wp-content\/uploads\/2022\/04\/enviroment_destroy_venezuela-Ariadnalimon.jpg","width":600,"height":400},"datePublished":"2022-04-26T06:16:11-04:00","dateModified":"2022-04-26T06:16:14-04:00","inLanguage":"es-ES","mainEntityOfPage":{"@id":"https:\/\/energiesnet.com\/espanol\/alejandro-alvarez-venezuela-no-suscribe-escazu-porque-detras-se-esconde-la-corrupcion-talcual\/#webpage"},"isPartOf":{"@id":"https:\/\/energiesnet.com\/espanol\/alejandro-alvarez-venezuela-no-suscribe-escazu-porque-detras-se-esconde-la-corrupcion-talcual\/#webpage"},"articleSection":"La Noticia"},{"@type":"BreadcrumbList","@id":"https:\/\/energiesnet.com\/espanol\/alejandro-alvarez-venezuela-no-suscribe-escazu-porque-detras-se-esconde-la-corrupcion-talcual\/#breadcrumblist","itemListElement":[{"@type":"ListItem","@id":"https:\/\/energiesnet.com\/espanol#listItem","position":1,"name":"Inicio","item":"https:\/\/energiesnet.com\/espanol","nextItem":{"@type":"ListItem","@id":"https:\/\/energiesnet.com\/espanol\/category\/top-news\/#listItem","name":"La Noticia"}},{"@type":"ListItem","@id":"https:\/\/energiesnet.com\/espanol\/category\/top-news\/#listItem","position":2,"name":"La Noticia","item":"https:\/\/energiesnet.com\/espanol\/category\/top-news\/","nextItem":{"@type":"ListItem","@id":"https:\/\/energiesnet.com\/espanol\/alejandro-alvarez-venezuela-no-suscribe-escazu-porque-detras-se-esconde-la-corrupcion-talcual\/#listItem","name":"Alejandro \u00c1lvarez: \u00abVenezuela no suscribe Escaz\u00fa porque detr\u00e1s se esconde la corrupci\u00f3n\u00bb &#8211; TalCual"},"previousItem":{"@type":"ListItem","@id":"https:\/\/energiesnet.com\/espanol#listItem","name":"Inicio"}},{"@type":"ListItem","@id":"https:\/\/energiesnet.com\/espanol\/alejandro-alvarez-venezuela-no-suscribe-escazu-porque-detras-se-esconde-la-corrupcion-talcual\/#listItem","position":3,"name":"Alejandro \u00c1lvarez: \u00abVenezuela no suscribe Escaz\u00fa porque detr\u00e1s se esconde la corrupci\u00f3n\u00bb &#8211; TalCual","previousItem":{"@type":"ListItem","@id":"https:\/\/energiesnet.com\/espanol\/category\/top-news\/#listItem","name":"La Noticia"}}]},{"@type":"Organization","@id":"https:\/\/energiesnet.com\/espanol\/#organization","name":"EnergiestNet","description":"Latin America Energy, Oil ,  Gas & Renewals","url":"https:\/\/energiesnet.com\/espanol\/","telephone":"+584142763041","logo":{"@type":"ImageObject","url":"https:\/\/energiesnet.com\/espanol\/wp-content\/uploads\/2022\/12\/EnergiesNet-Logo-200.jpg","@id":"https:\/\/energiesnet.com\/espanol\/alejandro-alvarez-venezuela-no-suscribe-escazu-porque-detras-se-esconde-la-corrupcion-talcual\/#organizationLogo","width":200,"height":220},"image":{"@id":"https:\/\/energiesnet.com\/espanol\/alejandro-alvarez-venezuela-no-suscribe-escazu-porque-detras-se-esconde-la-corrupcion-talcual\/#organizationLogo"},"sameAs":["https:\/\/www.facebook.com\/\/EnergiesNet","https:\/\/twitter.com\/EnergiesNet1","https:\/\/www.instagram.com\/energiesnet\/","https:\/\/linkedin.com\/in\/elio-ohep-a465b78"]},{"@type":"Person","@id":"https:\/\/energiesnet.com\/espanol\/author\/elioohep\/#author","url":"https:\/\/energiesnet.com\/espanol\/author\/elioohep\/","name":"EnergiesNet","image":{"@type":"ImageObject","@id":"https:\/\/energiesnet.com\/espanol\/alejandro-alvarez-venezuela-no-suscribe-escazu-porque-detras-se-esconde-la-corrupcion-talcual\/#authorImage","url":"https:\/\/secure.gravatar.com\/avatar\/5412deb1089370e2bdf1d1310563df78bf3dc9f9e388ca5748bced95cfdb664b?s=96&d=mm&r=g","width":96,"height":96,"caption":"EnergiesNet"}},{"@type":"WebPage","@id":"https:\/\/energiesnet.com\/espanol\/alejandro-alvarez-venezuela-no-suscribe-escazu-porque-detras-se-esconde-la-corrupcion-talcual\/#webpage","url":"https:\/\/energiesnet.com\/espanol\/alejandro-alvarez-venezuela-no-suscribe-escazu-porque-detras-se-esconde-la-corrupcion-talcual\/","name":"Alejandro \u00c1lvarez: \u00abVenezuela no suscribe Escaz\u00fa porque detr\u00e1s se esconde la corrupci\u00f3n\u00bb \u2013 TalCual - EnergiestNet","description":"Puna Perdomo, TalCual CARACAS EnergiesNet.com 26 04 2022 La defensa del territorio y la naturaleza puede conllevar la muerte de sus protectores, y de acuerdo con los datos mundiales, Am\u00e9rica Latina es la regi\u00f3n m\u00e1s peligrosa del mundo para defender la tierra, pues dos tercios de los asesinados sociales mueren luchando por sus espacios. De","inLanguage":"es-ES","isPartOf":{"@id":"https:\/\/energiesnet.com\/espanol\/#website"},"breadcrumb":{"@id":"https:\/\/energiesnet.com\/espanol\/alejandro-alvarez-venezuela-no-suscribe-escazu-porque-detras-se-esconde-la-corrupcion-talcual\/#breadcrumblist"},"author":{"@id":"https:\/\/energiesnet.com\/espanol\/author\/elioohep\/#author"},"creator":{"@id":"https:\/\/energiesnet.com\/espanol\/author\/elioohep\/#author"},"image":{"@type":"ImageObject","url":"https:\/\/energiesnet.com\/espanol\/wp-content\/uploads\/2022\/04\/enviroment_destroy_venezuela-Ariadnalimon.jpg","@id":"https:\/\/energiesnet.com\/espanol\/alejandro-alvarez-venezuela-no-suscribe-escazu-porque-detras-se-esconde-la-corrupcion-talcual\/#mainImage","width":600,"height":400},"primaryImageOfPage":{"@id":"https:\/\/energiesnet.com\/espanol\/alejandro-alvarez-venezuela-no-suscribe-escazu-porque-detras-se-esconde-la-corrupcion-talcual\/#mainImage"},"datePublished":"2022-04-26T06:16:11-04:00","dateModified":"2022-04-26T06:16:14-04:00"},{"@type":"WebSite","@id":"https:\/\/energiesnet.com\/espanol\/#website","url":"https:\/\/energiesnet.com\/espanol\/","name":"EnergiestNet","description":"Latin America Energy, Oil ,  Gas & Renewals","inLanguage":"es-ES","publisher":{"@id":"https:\/\/energiesnet.com\/espanol\/#organization"}}]},"og:locale":"es_ES","og:site_name":"EnergiestNet - Latin America Energy, Oil ,  Gas &amp; Renewals","og:type":"article","og:title":"Alejandro \u00c1lvarez: \u00abVenezuela no suscribe Escaz\u00fa porque detr\u00e1s se esconde la corrupci\u00f3n\u00bb \u2013 TalCual - EnergiestNet","og:description":"Puna Perdomo, TalCual CARACAS EnergiesNet.com 26 04 2022 La defensa del territorio y la naturaleza puede conllevar la muerte de sus protectores, y de acuerdo con los datos mundiales, Am\u00e9rica Latina es la regi\u00f3n m\u00e1s peligrosa del mundo para defender la tierra, pues dos tercios de los asesinados sociales mueren luchando por sus espacios. De","og:url":"https:\/\/energiesnet.com\/espanol\/alejandro-alvarez-venezuela-no-suscribe-escazu-porque-detras-se-esconde-la-corrupcion-talcual\/","og:image":"https:\/\/energiesnet.com\/espanol","og:image:secure_url":"https:\/\/energiesnet.com\/espanol","article:published_time":"2022-04-26T10:16:11+00:00","article:modified_time":"2022-04-26T10:16:14+00:00","article:publisher":"https:\/\/www.facebook.com\/\/EnergiesNet","twitter:card":"summary_large_image","twitter:site":"@EnergiesNet1","twitter:title":"Alejandro \u00c1lvarez: \u00abVenezuela no suscribe Escaz\u00fa porque detr\u00e1s se esconde la corrupci\u00f3n\u00bb \u2013 TalCual - EnergiestNet","twitter:description":"Puna Perdomo, TalCual CARACAS EnergiesNet.com 26 04 2022 La defensa del territorio y la naturaleza puede conllevar la muerte de sus protectores, y de acuerdo con los datos mundiales, Am\u00e9rica Latina es la regi\u00f3n m\u00e1s peligrosa del mundo para defender la tierra, pues dos tercios de los asesinados sociales mueren luchando por sus espacios. De","twitter:creator":"@EnergiesNet1","twitter:image":"https:\/\/energiesnet.com\/espanol"},"aioseo_meta_data":{"post_id":"7836","title":null,"description":null,"keywords":null,"keyphrases":null,"primary_term":null,"canonical_url":null,"og_title":null,"og_description":null,"og_object_type":"default","og_image_type":"default","og_image_url":null,"og_image_width":null,"og_image_height":null,"og_image_custom_url":null,"og_image_custom_fields":null,"og_video":null,"og_custom_url":null,"og_article_section":null,"og_article_tags":null,"twitter_use_og":false,"twitter_card":"default","twitter_image_type":"default","twitter_image_url":null,"twitter_image_custom_url":null,"twitter_image_custom_fields":null,"twitter_title":null,"twitter_description":null,"schema":{"blockGraphs":[],"customGraphs":[],"default":{"data":{"Article":[],"Course":[],"Dataset":[],"FAQPage":[],"Movie":[],"Person":[],"Product":[],"ProductReview":[],"Car":[],"Recipe":[],"Service":[],"SoftwareApplication":[],"WebPage":[]},"graphName":"","isEnabled":true},"graphs":[]},"schema_type":"default","schema_type_options":null,"pillar_content":false,"robots_default":true,"robots_noindex":false,"robots_noarchive":false,"robots_nosnippet":false,"robots_nofollow":false,"robots_noimageindex":false,"robots_noodp":false,"robots_notranslate":false,"robots_max_snippet":null,"robots_max_videopreview":null,"robots_max_imagepreview":"large","priority":null,"frequency":null,"local_seo":null,"breadcrumb_settings":null,"limit_modified_date":false,"ai":null,"created":"2022-12-14 14:03:47","updated":"2025-06-04 11:22:53","seo_analyzer_scan_date":null,"focus_keyword":null,"additional_keywords":null,"truseo_locale":null},"aioseo_breadcrumb":"<div class=\"aioseo-breadcrumbs\"><span class=\"aioseo-breadcrumb\">\n\t\t\t<a href=\"https:\/\/energiesnet.com\/espanol\" title=\"Inicio\">Inicio<\/a>\n\t\t<\/span><span class=\"aioseo-breadcrumb-separator\">&raquo;<\/span><span class=\"aioseo-breadcrumb\">\n\t\t\t<a href=\"https:\/\/energiesnet.com\/espanol\/category\/top-news\/\" title=\"La Noticia\">La Noticia<\/a>\n\t\t<\/span><span class=\"aioseo-breadcrumb-separator\">&raquo;<\/span><span class=\"aioseo-breadcrumb\">\n\t\t\tAlejandro \u00c1lvarez: \u00abVenezuela no suscribe Escaz\u00fa porque detr\u00e1s se esconde la corrupci\u00f3n\u00bb \u2013 TalCual\n\t\t<\/span><\/div>","aioseo_breadcrumb_json":[{"label":"Inicio","link":"https:\/\/energiesnet.com\/espanol"},{"label":"La Noticia","link":"https:\/\/energiesnet.com\/espanol\/category\/top-news\/"},{"label":"Alejandro \u00c1lvarez: \u00abVenezuela no suscribe Escaz\u00fa porque detr\u00e1s se esconde la corrupci\u00f3n\u00bb &#8211; TalCual","link":"https:\/\/energiesnet.com\/espanol\/alejandro-alvarez-venezuela-no-suscribe-escazu-porque-detras-se-esconde-la-corrupcion-talcual\/"}],"_links":{"self":[{"href":"https:\/\/energiesnet.com\/espanol\/wp-json\/wp\/v2\/posts\/7836","targetHints":{"allow":["GET"]}}],"collection":[{"href":"https:\/\/energiesnet.com\/espanol\/wp-json\/wp\/v2\/posts"}],"about":[{"href":"https:\/\/energiesnet.com\/espanol\/wp-json\/wp\/v2\/types\/post"}],"author":[{"embeddable":true,"href":"https:\/\/energiesnet.com\/espanol\/wp-json\/wp\/v2\/users\/2"}],"replies":[{"embeddable":true,"href":"https:\/\/energiesnet.com\/espanol\/wp-json\/wp\/v2\/comments?post=7836"}],"version-history":[{"count":0,"href":"https:\/\/energiesnet.com\/espanol\/wp-json\/wp\/v2\/posts\/7836\/revisions"}],"wp:featuredmedia":[{"embeddable":true,"href":"https:\/\/energiesnet.com\/espanol\/wp-json\/wp\/v2\/media\/7837"}],"wp:attachment":[{"href":"https:\/\/energiesnet.com\/espanol\/wp-json\/wp\/v2\/media?parent=7836"}],"wp:term":[{"taxonomy":"category","embeddable":true,"href":"https:\/\/energiesnet.com\/espanol\/wp-json\/wp\/v2\/categories?post=7836"},{"taxonomy":"post_tag","embeddable":true,"href":"https:\/\/energiesnet.com\/espanol\/wp-json\/wp\/v2\/tags?post=7836"}],"curies":[{"name":"wp","href":"https:\/\/api.w.org\/{rel}","templated":true}]}}