{"id":7842,"date":"2022-04-26T11:40:51","date_gmt":"2022-04-26T15:40:51","guid":{"rendered":"https:\/\/energiesnet.com\/espanol\/?p=7842"},"modified":"2022-04-26T11:40:56","modified_gmt":"2022-04-26T15:40:56","slug":"una-francia-fracturada-y-otras-lecciones-tras-la-reeleccion-de-macron-afp","status":"publish","type":"post","link":"https:\/\/energiesnet.com\/espanol\/una-francia-fracturada-y-otras-lecciones-tras-la-reeleccion-de-macron-afp\/","title":{"rendered":"Una Francia fracturada y otras lecciones tras la reelecci\u00f3n de Macron -AFP"},"content":{"rendered":"\n<figure class=\"wp-block-image size-full\"><img fetchpriority=\"high\" decoding=\"async\" width=\"600\" height=\"400\" src=\"https:\/\/energiesnet.com\/espanol\/wp-content\/uploads\/2022\/04\/eiffel_tower-afp.jpg\" alt=\"\" class=\"wp-image-7843\" srcset=\"https:\/\/energiesnet.com\/espanol\/wp-content\/uploads\/2022\/04\/eiffel_tower-afp.jpg 600w, https:\/\/energiesnet.com\/espanol\/wp-content\/uploads\/2022\/04\/eiffel_tower-afp-300x200.jpg 300w\" sizes=\"(max-width: 600px) 100vw, 600px\" \/><figcaption>Los simpatizantes de Emmanuel Macron se re\u00fanen en el Campo de Marte para esperar los resultados de las elecciones <br>presidenciales francesas, bajo la silueta imponente de la Torre Eiffel, al anochecer del 24 de abril de 2022 en Par\u00eds (AFP)<\/figcaption><\/figure>\n\n\n\n<p class=\"wp-block-paragraph\">AFP  <\/p>\n\n\n\n<p class=\"wp-block-paragraph\">PARIS  <br>EnergiesNet.com  26 04 2022  <\/p>\n\n\n\n<p class=\"wp-block-paragraph\">El mandatario Emmanuel Macron logr\u00f3 su reelecci\u00f3n el domingo ante una extrema derecha en auge, en un balotaje que sac\u00f3 a relucir las fracturas de una Francia que el centrista deber\u00e1 ahora coser.<\/p>\n\n\n\n<p class=\"wp-block-paragraph\">A continuaci\u00f3n, las principales lecciones de una presidencial en la que Macron se convirti\u00f3, con un 58,5% de votos, en el primer presidente en ser reelegido desde 2002 y Le Pen, con un 40,5%, logr\u00f3 el mejor desempe\u00f1o de la ultraderecha.<\/p>\n\n\n\n<p class=\"wp-block-paragraph\">&#8211;<strong> Un Francia dividida &#8211;<\/strong><\/p>\n\n\n\n<p class=\"wp-block-paragraph\">Los comicios dejaron un pa\u00eds fracturado: una Francia de jubilados y clase media-alta que vot\u00f3 por el caballo ganador Emmanuel Macron, de 44 a\u00f1os, y otra m\u00e1s popular y que se siente excluida, que apoy\u00f3 a su rival, de 53 a\u00f1os.<\/p>\n\n\n\n<p class=\"wp-block-paragraph\">La primera vive en las grandes ciudades y en el oeste. La otra, que apost\u00f3 por Le Pen se encuentra en el antiguo basti\u00f3n industrial del norte, en el este, a orillas del Mediterr\u00e1neo y en sus territorios de Am\u00e9rica Latina y el Caribe.<\/p>\n\n\n\n<p class=\"wp-block-paragraph\">Seg\u00fan los sondeos, Macron obtuvo sus mejores resultados entre los mayores de 60 a\u00f1os y, sobre todo, entre los m\u00e1s de 70. El centrista seduce especialmente a ejecutivos, jubilados y votantes con al menos tres a\u00f1os de estudios superiores.<\/p>\n\n\n\n<p class=\"wp-block-paragraph\">La ultraderechista atrae a un electorado popular constituido de obreros y asalariados, especialmente sensible a una campa\u00f1a basada en defender su poder adquisitivo sin renegar la radicalidad de su programa sobre migraci\u00f3n.<\/p>\n\n\n\n<p class=\"wp-block-paragraph\">&#8211;<strong> Los territorios de ultramar &#8211;<\/strong><\/p>\n\n\n\n<p class=\"wp-block-paragraph\">Marine Le Pen se impuso en la mayor\u00eda de territorios de ultramar: en los americanos de Guadalupe (69,6%), Martinica (60,87%) y Guyana (60,70%), as\u00ed como en la R\u00e9union (59,57%) y Mayotte (59,10%), en el oc\u00e9ano \u00cdndico.<\/p>\n\n\n\n<p class=\"wp-block-paragraph\">Salvo en Mayotte, donde ya gan\u00f3 Le Pen, en el resto se impuso en la primera vuelta el izquierdista Jean-Luc M\u00e9lenchon. El resultado del balotaje refleja as\u00ed un voto de protesta con una crisis social como tel\u00f3n de fondo.<\/p>\n\n\n\n<p class=\"wp-block-paragraph\">\u00abSi Le Pen es mayoritaria en estos territorios (&#8230;) es por un voto por descarte, no un voto de adhesi\u00f3n a su programa\u00bb, indic\u00f3 Martial Foucault, experto de Sciences Po en los territorios de ultramar.<\/p>\n\n\n\n<p class=\"wp-block-paragraph\">El mandatario centrista se impuso por su parte en los territorios del Pac\u00edfico Sur: Nueva Caledonia (61,04%), Polinesia Francesa (51,80%) y Wallis y Futuna (67,44%), seg\u00fan los resultados del ministerio del Interior.<\/p>\n\n\n\n<p class=\"wp-block-paragraph\">&#8211;<strong> Desencanto juvenil &#8211;<\/strong><\/p>\n\n\n\n<p class=\"wp-block-paragraph\">Un 28% de los casi 49 millones de franceses llamados a las urnas se abstuvieron, 2,5 puntos m\u00e1s que en 2017, cuando ya hubo un duelo entre Macron y Le Pen, y un r\u00e9cord desde el balotaje de la presidencial de 1969 (31%).<\/p>\n\n\n\n<p class=\"wp-block-paragraph\">Otros tres millones de electores votaron por su parte en blanco o nulo. Si se suman a los abstencionistas, \u00abm\u00e1s de un tercio del electorado decidi\u00f3 no elegir\u00bb, resumi\u00f3 Mathieu Gallard, de Ipsos, en la radio France Info.<\/p>\n\n\n\n<p class=\"wp-block-paragraph\">Por edades, un 41% de los electores entre 18 y 24 a\u00f1os se abstuvo, as\u00ed como el 38% de los 25-34 a\u00f1os, seg\u00fan un sondeo de Ipsos.<\/p>\n\n\n\n<p class=\"wp-block-paragraph\">Este porcentaje se desploma al 20% entre los 60 a 69 a\u00f1os y al 15% entre los mayores de 70.<\/p>\n\n\n\n<p class=\"wp-block-paragraph\">El desencanto con la primera vuelta llev\u00f3 a estudiantes a ocupar temporalmente la universidad de la Sorbona. Muchos denunciaban el balance social y ecol\u00f3gico de los cinco a\u00f1os de Macron, pero tambi\u00e9n tem\u00edan que la extrema derecha llegara al poder.<a href=\"https:\/\/www.swissinfo.ch\/spa\/no-hay-negocio-correcto-en-una-guerra-equivocada\/47509148?utm_content=o&amp;utm_campaign=own-posts&amp;utm_medium=display&amp;utm_source=swissinfoch\">Opini\u00f3nNo hay negocio correcto en una guerra equivocadaEste contenido fue publicado el 13 abr. 2022<time datetime=\"2022-04-13T09:00:00+02:00\">13 abr. 2022&nbsp;<\/time>Cuatro expertos en \u00e9tica empresarial piensan que las empresas occidentales deber\u00edan dejar de hacer negocios con Rusia, porque tienen el deber moral&#8230;<\/a><\/p>\n\n\n\n<p class=\"wp-block-paragraph\">\u00abEstoy contento de que la extrema derecha no haya llegado al poder, pero no pienso que Emmanuel Macron represente realmente a una gran mayor\u00eda de franceses\u00bb, asegur\u00f3 este lunes a la AFP Baptiste Dengremont, un estudiante de 20 en Lille (norte).<\/p>\n\n\n\n<p class=\"wp-block-paragraph\"><strong>&#8211; Un tablero pol\u00edtico en recomposici\u00f3n &#8211;<\/strong><\/p>\n\n\n\n<p class=\"wp-block-paragraph\">La primera lecci\u00f3n lleg\u00f3 la noche de la primera vuelta. Los partidos tradicionales &#8211;socialistas y Los Republicanos (derecha)&#8211;, tocados ya en 2017, acabaron de hundirse, frente a un tablero ocupado por Macron (centro), Le Pen (extrema derecha) y M\u00e9lenchon (izquierda radical).<\/p>\n\n\n\n<p class=\"wp-block-paragraph\">Los dos \u00faltimos buscan ahora construir bloques en sus respectivos espacios pol\u00edticos para arrebatar la mayor\u00eda parlamentaria al centrista en las elecciones legislativas del 12 y 19 de junio y obligarlo a gobernar conjuntamente.<\/p>\n\n\n\n<p class=\"wp-block-paragraph\">Seg\u00fan los sondeos, m\u00e1s de la mitad de franceses quiere que Macron pierda su mayor\u00eda. La \u00faltima \u00abcohabitaci\u00f3n\u00bb remonta al per\u00edodo de 1997 a 2002, cuando el conservador Jacques Chirac, nombr\u00f3 primer ministro al socialista Lionel Jospin.<\/p>\n\n\n\n<p class=\"wp-block-paragraph\"><strong>&#8211; Un \u00abm\u00e9todo renovado\u00bb de gobierno &#8211;<\/strong><\/p>\n\n\n\n<p class=\"wp-block-paragraph\">Consciente de la situaci\u00f3n pol\u00edtica y social, Emmanuel Macron prometi\u00f3 la noche de su elecci\u00f3n gobernar \u00abpara todos los franceses\u00bb, dar respuesta a la \u00abrabia\u00bb de quienes votaron por Le Pen y se comprometi\u00f3 a adoptar un \u00abm\u00e9todo renovado\u00bb de gobierno.<a href=\"https:\/\/www.swissinfo.ch\/spa\/suscripci%C3%B3n-a-la-newsletter\/42162300\">NewsletterReg\u00edstrese para recibir en su correo electr\u00f3nico nuestro bolet\u00edn semanal con una selecci\u00f3n de los art\u00edculos m\u00e1s interesantes.<\/a><\/p>\n\n\n\n<p class=\"wp-block-paragraph\">Percibido como \u00abpresidente de los ricos\u00bb y \u00abarrogante\u00bb, su primer mandato estuvo marcado por las protestas contra su pol\u00edtica hacia las clases populares, como la de los \u00abchalecos amarillos\u00bb, y contra sus reformas, como su promesa estrella de atrasar la edad de jubilaci\u00f3n de 62 a 65 a\u00f1os.<\/p>\n\n\n\n<p class=\"wp-block-paragraph\">afp.com 25 04 2022<\/p>\n","protected":false},"excerpt":{"rendered":"<p>AFP PARIS EnergiesNet.com 26 04 2022 El mandatario Emmanuel Macron logr\u00f3 su reelecci\u00f3n el domingo ante una extrema derecha en auge, en un balotaje que sac\u00f3 a relucir las fracturas de una Francia que el centrista deber\u00e1 ahora coser. A continuaci\u00f3n, las principales lecciones de una presidencial en la que Macron se convirti\u00f3, con un &hellip;<\/p>\n<p class=\"read-more\"> <a class=\"\" href=\"https:\/\/energiesnet.com\/espanol\/una-francia-fracturada-y-otras-lecciones-tras-la-reeleccion-de-macron-afp\/\"> <span class=\"screen-reader-text\">Una Francia fracturada y otras lecciones tras la reelecci\u00f3n de Macron -AFP<\/span> Leer m\u00e1s &raquo;<\/a><\/p>\n","protected":false},"author":2,"featured_media":7843,"comment_status":"open","ping_status":"open","sticky":false,"template":"","format":"standard","meta":{"_monsterinsights_skip_tracking":false,"site-sidebar-layout":"default","site-content-layout":"default","ast-global-header-display":"","ast-main-header-display":"","ast-hfb-above-header-display":"","ast-hfb-below-header-display":"","ast-hfb-mobile-header-display":"","site-post-title":"","ast-breadcrumbs-content":"","ast-featured-img":"","footer-sml-layout":"","theme-transparent-header-meta":"default","adv-header-id-meta":"","stick-header-meta":"default","header-above-stick-meta":"","header-main-stick-meta":"","header-below-stick-meta":"","footnotes":""},"categories":[45],"tags":[],"class_list":["post-7842","post","type-post","status-publish","format-standard","has-post-thumbnail","hentry","category-noticias-diarias"],"aioseo_notices":[],"aioseo_head":"\n\t\t<!-- All in One SEO 5.0.1.1 - aioseo.com -->\n\t<meta name=\"description\" content=\"AFP PARIS EnergiesNet.com 26 04 2022 El mandatario Emmanuel Macron logr\u00f3 su reelecci\u00f3n el domingo ante una extrema derecha en auge, en un balotaje que sac\u00f3 a relucir las fracturas de una Francia que el centrista deber\u00e1 ahora coser. A continuaci\u00f3n, las principales lecciones de una presidencial en la que Macron se convirti\u00f3, con un\" \/>\n\t<meta name=\"robots\" content=\"max-image-preview:large\" \/>\n\t<meta name=\"author\" content=\"EnergiesNet\"\/>\n\t<link rel=\"canonical\" href=\"https:\/\/energiesnet.com\/espanol\/una-francia-fracturada-y-otras-lecciones-tras-la-reeleccion-de-macron-afp\/\" \/>\n\t<meta name=\"generator\" content=\"All in One SEO (AIOSEO) 5.0.1.1\" \/>\n\t\t<meta property=\"og:locale\" content=\"es_ES\" \/>\n\t\t<meta property=\"og:site_name\" content=\"EnergiestNet - Latin America Energy, Oil ,  Gas &amp; Renewals\" \/>\n\t\t<meta property=\"og:type\" content=\"article\" \/>\n\t\t<meta property=\"og:title\" content=\"Una Francia fracturada y otras lecciones tras la reelecci\u00f3n de Macron -AFP - EnergiestNet\" \/>\n\t\t<meta property=\"og:description\" content=\"AFP PARIS EnergiesNet.com 26 04 2022 El mandatario Emmanuel Macron logr\u00f3 su reelecci\u00f3n el domingo ante una extrema derecha en auge, en un balotaje que sac\u00f3 a relucir las fracturas de una Francia que el centrista deber\u00e1 ahora coser. A continuaci\u00f3n, las principales lecciones de una presidencial en la que Macron se convirti\u00f3, con un\" \/>\n\t\t<meta property=\"og:url\" content=\"https:\/\/energiesnet.com\/espanol\/una-francia-fracturada-y-otras-lecciones-tras-la-reeleccion-de-macron-afp\/\" \/>\n\t\t<meta property=\"og:image\" content=\"https:\/\/energiesnet.com\/espanol\" \/>\n\t\t<meta property=\"og:image:secure_url\" content=\"https:\/\/energiesnet.com\/espanol\" \/>\n\t\t<meta property=\"article:published_time\" content=\"2022-04-26T15:40:51+00:00\" \/>\n\t\t<meta property=\"article:modified_time\" content=\"2022-04-26T15:40:56+00:00\" \/>\n\t\t<meta property=\"article:publisher\" content=\"https:\/\/www.facebook.com\/\/EnergiesNet\" \/>\n\t\t<meta name=\"twitter:card\" content=\"summary_large_image\" \/>\n\t\t<meta name=\"twitter:site\" content=\"@EnergiesNet1\" \/>\n\t\t<meta name=\"twitter:title\" content=\"Una Francia fracturada y otras lecciones tras la reelecci\u00f3n de Macron -AFP - EnergiestNet\" \/>\n\t\t<meta name=\"twitter:description\" content=\"AFP PARIS EnergiesNet.com 26 04 2022 El mandatario Emmanuel Macron logr\u00f3 su reelecci\u00f3n el domingo ante una extrema derecha en auge, en un balotaje que sac\u00f3 a relucir las fracturas de una Francia que el centrista deber\u00e1 ahora coser. A continuaci\u00f3n, las principales lecciones de una presidencial en la que Macron se convirti\u00f3, con un\" \/>\n\t\t<meta name=\"twitter:creator\" content=\"@EnergiesNet1\" \/>\n\t\t<meta name=\"twitter:image\" content=\"https:\/\/energiesnet.com\/espanol\" \/>\n\t\t<script type=\"application\/ld+json\" class=\"aioseo-schema\">\n\t\t\t{\"@context\":\"https:\\\/\\\/schema.org\",\"@graph\":[{\"@type\":\"BlogPosting\",\"@id\":\"https:\\\/\\\/energiesnet.com\\\/espanol\\\/una-francia-fracturada-y-otras-lecciones-tras-la-reeleccion-de-macron-afp\\\/#blogposting\",\"name\":\"Una Francia fracturada y otras lecciones tras la reelecci\\u00f3n de Macron -AFP - EnergiestNet\",\"headline\":\"Una Francia fracturada y otras lecciones tras la reelecci\\u00f3n de Macron -AFP\",\"author\":{\"@id\":\"https:\\\/\\\/energiesnet.com\\\/espanol\\\/author\\\/elioohep\\\/#author\"},\"publisher\":{\"@id\":\"https:\\\/\\\/energiesnet.com\\\/espanol\\\/#organization\"},\"image\":{\"@type\":\"ImageObject\",\"url\":\"https:\\\/\\\/energiesnet.com\\\/espanol\\\/wp-content\\\/uploads\\\/2022\\\/04\\\/eiffel_tower-afp.jpg\",\"width\":600,\"height\":400},\"datePublished\":\"2022-04-26T11:40:51-04:00\",\"dateModified\":\"2022-04-26T11:40:56-04:00\",\"inLanguage\":\"es-ES\",\"mainEntityOfPage\":{\"@id\":\"https:\\\/\\\/energiesnet.com\\\/espanol\\\/una-francia-fracturada-y-otras-lecciones-tras-la-reeleccion-de-macron-afp\\\/#webpage\"},\"isPartOf\":{\"@id\":\"https:\\\/\\\/energiesnet.com\\\/espanol\\\/una-francia-fracturada-y-otras-lecciones-tras-la-reeleccion-de-macron-afp\\\/#webpage\"},\"articleSection\":\"Noticias Diarias\"},{\"@type\":\"BreadcrumbList\",\"@id\":\"https:\\\/\\\/energiesnet.com\\\/espanol\\\/una-francia-fracturada-y-otras-lecciones-tras-la-reeleccion-de-macron-afp\\\/#breadcrumblist\",\"itemListElement\":[{\"@type\":\"ListItem\",\"@id\":\"https:\\\/\\\/energiesnet.com\\\/espanol#listItem\",\"position\":1,\"name\":\"Inicio\",\"item\":\"https:\\\/\\\/energiesnet.com\\\/espanol\",\"nextItem\":{\"@type\":\"ListItem\",\"@id\":\"https:\\\/\\\/energiesnet.com\\\/espanol\\\/category\\\/noticias-diarias\\\/#listItem\",\"name\":\"Noticias Diarias\"}},{\"@type\":\"ListItem\",\"@id\":\"https:\\\/\\\/energiesnet.com\\\/espanol\\\/category\\\/noticias-diarias\\\/#listItem\",\"position\":2,\"name\":\"Noticias Diarias\",\"item\":\"https:\\\/\\\/energiesnet.com\\\/espanol\\\/category\\\/noticias-diarias\\\/\",\"nextItem\":{\"@type\":\"ListItem\",\"@id\":\"https:\\\/\\\/energiesnet.com\\\/espanol\\\/una-francia-fracturada-y-otras-lecciones-tras-la-reeleccion-de-macron-afp\\\/#listItem\",\"name\":\"Una Francia fracturada y otras lecciones tras la reelecci\\u00f3n de Macron -AFP\"},\"previousItem\":{\"@type\":\"ListItem\",\"@id\":\"https:\\\/\\\/energiesnet.com\\\/espanol#listItem\",\"name\":\"Inicio\"}},{\"@type\":\"ListItem\",\"@id\":\"https:\\\/\\\/energiesnet.com\\\/espanol\\\/una-francia-fracturada-y-otras-lecciones-tras-la-reeleccion-de-macron-afp\\\/#listItem\",\"position\":3,\"name\":\"Una Francia fracturada y otras lecciones tras la reelecci\\u00f3n de Macron -AFP\",\"previousItem\":{\"@type\":\"ListItem\",\"@id\":\"https:\\\/\\\/energiesnet.com\\\/espanol\\\/category\\\/noticias-diarias\\\/#listItem\",\"name\":\"Noticias Diarias\"}}]},{\"@type\":\"Organization\",\"@id\":\"https:\\\/\\\/energiesnet.com\\\/espanol\\\/#organization\",\"name\":\"EnergiestNet\",\"description\":\"Latin America Energy, Oil ,  Gas & Renewals\",\"url\":\"https:\\\/\\\/energiesnet.com\\\/espanol\\\/\",\"telephone\":\"+584142763041\",\"logo\":{\"@type\":\"ImageObject\",\"url\":\"https:\\\/\\\/energiesnet.com\\\/espanol\\\/wp-content\\\/uploads\\\/2022\\\/12\\\/EnergiesNet-Logo-200.jpg\",\"@id\":\"https:\\\/\\\/energiesnet.com\\\/espanol\\\/una-francia-fracturada-y-otras-lecciones-tras-la-reeleccion-de-macron-afp\\\/#organizationLogo\",\"width\":200,\"height\":220},\"image\":{\"@id\":\"https:\\\/\\\/energiesnet.com\\\/espanol\\\/una-francia-fracturada-y-otras-lecciones-tras-la-reeleccion-de-macron-afp\\\/#organizationLogo\"},\"sameAs\":[\"https:\\\/\\\/www.facebook.com\\\/\\\/EnergiesNet\",\"https:\\\/\\\/twitter.com\\\/EnergiesNet1\",\"https:\\\/\\\/www.instagram.com\\\/energiesnet\\\/\",\"https:\\\/\\\/linkedin.com\\\/in\\\/elio-ohep-a465b78\"]},{\"@type\":\"Person\",\"@id\":\"https:\\\/\\\/energiesnet.com\\\/espanol\\\/author\\\/elioohep\\\/#author\",\"url\":\"https:\\\/\\\/energiesnet.com\\\/espanol\\\/author\\\/elioohep\\\/\",\"name\":\"EnergiesNet\",\"image\":{\"@type\":\"ImageObject\",\"@id\":\"https:\\\/\\\/energiesnet.com\\\/espanol\\\/una-francia-fracturada-y-otras-lecciones-tras-la-reeleccion-de-macron-afp\\\/#authorImage\",\"url\":\"https:\\\/\\\/secure.gravatar.com\\\/avatar\\\/5412deb1089370e2bdf1d1310563df78bf3dc9f9e388ca5748bced95cfdb664b?s=96&d=mm&r=g\",\"width\":96,\"height\":96,\"caption\":\"EnergiesNet\"}},{\"@type\":\"WebPage\",\"@id\":\"https:\\\/\\\/energiesnet.com\\\/espanol\\\/una-francia-fracturada-y-otras-lecciones-tras-la-reeleccion-de-macron-afp\\\/#webpage\",\"url\":\"https:\\\/\\\/energiesnet.com\\\/espanol\\\/una-francia-fracturada-y-otras-lecciones-tras-la-reeleccion-de-macron-afp\\\/\",\"name\":\"Una Francia fracturada y otras lecciones tras la reelecci\\u00f3n de Macron -AFP - EnergiestNet\",\"description\":\"AFP PARIS EnergiesNet.com 26 04 2022 El mandatario Emmanuel Macron logr\\u00f3 su reelecci\\u00f3n el domingo ante una extrema derecha en auge, en un balotaje que sac\\u00f3 a relucir las fracturas de una Francia que el centrista deber\\u00e1 ahora coser. A continuaci\\u00f3n, las principales lecciones de una presidencial en la que Macron se convirti\\u00f3, con un\",\"inLanguage\":\"es-ES\",\"isPartOf\":{\"@id\":\"https:\\\/\\\/energiesnet.com\\\/espanol\\\/#website\"},\"breadcrumb\":{\"@id\":\"https:\\\/\\\/energiesnet.com\\\/espanol\\\/una-francia-fracturada-y-otras-lecciones-tras-la-reeleccion-de-macron-afp\\\/#breadcrumblist\"},\"author\":{\"@id\":\"https:\\\/\\\/energiesnet.com\\\/espanol\\\/author\\\/elioohep\\\/#author\"},\"creator\":{\"@id\":\"https:\\\/\\\/energiesnet.com\\\/espanol\\\/author\\\/elioohep\\\/#author\"},\"image\":{\"@type\":\"ImageObject\",\"url\":\"https:\\\/\\\/energiesnet.com\\\/espanol\\\/wp-content\\\/uploads\\\/2022\\\/04\\\/eiffel_tower-afp.jpg\",\"@id\":\"https:\\\/\\\/energiesnet.com\\\/espanol\\\/una-francia-fracturada-y-otras-lecciones-tras-la-reeleccion-de-macron-afp\\\/#mainImage\",\"width\":600,\"height\":400},\"primaryImageOfPage\":{\"@id\":\"https:\\\/\\\/energiesnet.com\\\/espanol\\\/una-francia-fracturada-y-otras-lecciones-tras-la-reeleccion-de-macron-afp\\\/#mainImage\"},\"datePublished\":\"2022-04-26T11:40:51-04:00\",\"dateModified\":\"2022-04-26T11:40:56-04:00\"},{\"@type\":\"WebSite\",\"@id\":\"https:\\\/\\\/energiesnet.com\\\/espanol\\\/#website\",\"url\":\"https:\\\/\\\/energiesnet.com\\\/espanol\\\/\",\"name\":\"EnergiestNet\",\"description\":\"Latin America Energy, Oil ,  Gas & Renewals\",\"inLanguage\":\"es-ES\",\"publisher\":{\"@id\":\"https:\\\/\\\/energiesnet.com\\\/espanol\\\/#organization\"}}]}\n\t\t<\/script>\n\t\t<!-- All in One SEO -->\n\n","aioseo_head_json":{"title":"Una Francia fracturada y otras lecciones tras la reelecci\u00f3n de Macron -AFP - EnergiestNet","description":"AFP PARIS EnergiesNet.com 26 04 2022 El mandatario Emmanuel Macron logr\u00f3 su reelecci\u00f3n el domingo ante una extrema derecha en auge, en un balotaje que sac\u00f3 a relucir las fracturas de una Francia que el centrista deber\u00e1 ahora coser. A continuaci\u00f3n, las principales lecciones de una presidencial en la que Macron se convirti\u00f3, con un","canonical_url":"https:\/\/energiesnet.com\/espanol\/una-francia-fracturada-y-otras-lecciones-tras-la-reeleccion-de-macron-afp\/","robots":"max-image-preview:large","keywords":"","webmasterTools":{"miscellaneous":""},"schema":{"@context":"https:\/\/schema.org","@graph":[{"@type":"BlogPosting","@id":"https:\/\/energiesnet.com\/espanol\/una-francia-fracturada-y-otras-lecciones-tras-la-reeleccion-de-macron-afp\/#blogposting","name":"Una Francia fracturada y otras lecciones tras la reelecci\u00f3n de Macron -AFP - EnergiestNet","headline":"Una Francia fracturada y otras lecciones tras la reelecci\u00f3n de Macron -AFP","author":{"@id":"https:\/\/energiesnet.com\/espanol\/author\/elioohep\/#author"},"publisher":{"@id":"https:\/\/energiesnet.com\/espanol\/#organization"},"image":{"@type":"ImageObject","url":"https:\/\/energiesnet.com\/espanol\/wp-content\/uploads\/2022\/04\/eiffel_tower-afp.jpg","width":600,"height":400},"datePublished":"2022-04-26T11:40:51-04:00","dateModified":"2022-04-26T11:40:56-04:00","inLanguage":"es-ES","mainEntityOfPage":{"@id":"https:\/\/energiesnet.com\/espanol\/una-francia-fracturada-y-otras-lecciones-tras-la-reeleccion-de-macron-afp\/#webpage"},"isPartOf":{"@id":"https:\/\/energiesnet.com\/espanol\/una-francia-fracturada-y-otras-lecciones-tras-la-reeleccion-de-macron-afp\/#webpage"},"articleSection":"Noticias Diarias"},{"@type":"BreadcrumbList","@id":"https:\/\/energiesnet.com\/espanol\/una-francia-fracturada-y-otras-lecciones-tras-la-reeleccion-de-macron-afp\/#breadcrumblist","itemListElement":[{"@type":"ListItem","@id":"https:\/\/energiesnet.com\/espanol#listItem","position":1,"name":"Inicio","item":"https:\/\/energiesnet.com\/espanol","nextItem":{"@type":"ListItem","@id":"https:\/\/energiesnet.com\/espanol\/category\/noticias-diarias\/#listItem","name":"Noticias Diarias"}},{"@type":"ListItem","@id":"https:\/\/energiesnet.com\/espanol\/category\/noticias-diarias\/#listItem","position":2,"name":"Noticias Diarias","item":"https:\/\/energiesnet.com\/espanol\/category\/noticias-diarias\/","nextItem":{"@type":"ListItem","@id":"https:\/\/energiesnet.com\/espanol\/una-francia-fracturada-y-otras-lecciones-tras-la-reeleccion-de-macron-afp\/#listItem","name":"Una Francia fracturada y otras lecciones tras la reelecci\u00f3n de Macron -AFP"},"previousItem":{"@type":"ListItem","@id":"https:\/\/energiesnet.com\/espanol#listItem","name":"Inicio"}},{"@type":"ListItem","@id":"https:\/\/energiesnet.com\/espanol\/una-francia-fracturada-y-otras-lecciones-tras-la-reeleccion-de-macron-afp\/#listItem","position":3,"name":"Una Francia fracturada y otras lecciones tras la reelecci\u00f3n de Macron -AFP","previousItem":{"@type":"ListItem","@id":"https:\/\/energiesnet.com\/espanol\/category\/noticias-diarias\/#listItem","name":"Noticias Diarias"}}]},{"@type":"Organization","@id":"https:\/\/energiesnet.com\/espanol\/#organization","name":"EnergiestNet","description":"Latin America Energy, Oil ,  Gas & Renewals","url":"https:\/\/energiesnet.com\/espanol\/","telephone":"+584142763041","logo":{"@type":"ImageObject","url":"https:\/\/energiesnet.com\/espanol\/wp-content\/uploads\/2022\/12\/EnergiesNet-Logo-200.jpg","@id":"https:\/\/energiesnet.com\/espanol\/una-francia-fracturada-y-otras-lecciones-tras-la-reeleccion-de-macron-afp\/#organizationLogo","width":200,"height":220},"image":{"@id":"https:\/\/energiesnet.com\/espanol\/una-francia-fracturada-y-otras-lecciones-tras-la-reeleccion-de-macron-afp\/#organizationLogo"},"sameAs":["https:\/\/www.facebook.com\/\/EnergiesNet","https:\/\/twitter.com\/EnergiesNet1","https:\/\/www.instagram.com\/energiesnet\/","https:\/\/linkedin.com\/in\/elio-ohep-a465b78"]},{"@type":"Person","@id":"https:\/\/energiesnet.com\/espanol\/author\/elioohep\/#author","url":"https:\/\/energiesnet.com\/espanol\/author\/elioohep\/","name":"EnergiesNet","image":{"@type":"ImageObject","@id":"https:\/\/energiesnet.com\/espanol\/una-francia-fracturada-y-otras-lecciones-tras-la-reeleccion-de-macron-afp\/#authorImage","url":"https:\/\/secure.gravatar.com\/avatar\/5412deb1089370e2bdf1d1310563df78bf3dc9f9e388ca5748bced95cfdb664b?s=96&d=mm&r=g","width":96,"height":96,"caption":"EnergiesNet"}},{"@type":"WebPage","@id":"https:\/\/energiesnet.com\/espanol\/una-francia-fracturada-y-otras-lecciones-tras-la-reeleccion-de-macron-afp\/#webpage","url":"https:\/\/energiesnet.com\/espanol\/una-francia-fracturada-y-otras-lecciones-tras-la-reeleccion-de-macron-afp\/","name":"Una Francia fracturada y otras lecciones tras la reelecci\u00f3n de Macron -AFP - EnergiestNet","description":"AFP PARIS EnergiesNet.com 26 04 2022 El mandatario Emmanuel Macron logr\u00f3 su reelecci\u00f3n el domingo ante una extrema derecha en auge, en un balotaje que sac\u00f3 a relucir las fracturas de una Francia que el centrista deber\u00e1 ahora coser. A continuaci\u00f3n, las principales lecciones de una presidencial en la que Macron se convirti\u00f3, con un","inLanguage":"es-ES","isPartOf":{"@id":"https:\/\/energiesnet.com\/espanol\/#website"},"breadcrumb":{"@id":"https:\/\/energiesnet.com\/espanol\/una-francia-fracturada-y-otras-lecciones-tras-la-reeleccion-de-macron-afp\/#breadcrumblist"},"author":{"@id":"https:\/\/energiesnet.com\/espanol\/author\/elioohep\/#author"},"creator":{"@id":"https:\/\/energiesnet.com\/espanol\/author\/elioohep\/#author"},"image":{"@type":"ImageObject","url":"https:\/\/energiesnet.com\/espanol\/wp-content\/uploads\/2022\/04\/eiffel_tower-afp.jpg","@id":"https:\/\/energiesnet.com\/espanol\/una-francia-fracturada-y-otras-lecciones-tras-la-reeleccion-de-macron-afp\/#mainImage","width":600,"height":400},"primaryImageOfPage":{"@id":"https:\/\/energiesnet.com\/espanol\/una-francia-fracturada-y-otras-lecciones-tras-la-reeleccion-de-macron-afp\/#mainImage"},"datePublished":"2022-04-26T11:40:51-04:00","dateModified":"2022-04-26T11:40:56-04:00"},{"@type":"WebSite","@id":"https:\/\/energiesnet.com\/espanol\/#website","url":"https:\/\/energiesnet.com\/espanol\/","name":"EnergiestNet","description":"Latin America Energy, Oil ,  Gas & Renewals","inLanguage":"es-ES","publisher":{"@id":"https:\/\/energiesnet.com\/espanol\/#organization"}}]},"og:locale":"es_ES","og:site_name":"EnergiestNet - Latin America Energy, Oil ,  Gas &amp; Renewals","og:type":"article","og:title":"Una Francia fracturada y otras lecciones tras la reelecci\u00f3n de Macron -AFP - EnergiestNet","og:description":"AFP PARIS EnergiesNet.com 26 04 2022 El mandatario Emmanuel Macron logr\u00f3 su reelecci\u00f3n el domingo ante una extrema derecha en auge, en un balotaje que sac\u00f3 a relucir las fracturas de una Francia que el centrista deber\u00e1 ahora coser. A continuaci\u00f3n, las principales lecciones de una presidencial en la que Macron se convirti\u00f3, con un","og:url":"https:\/\/energiesnet.com\/espanol\/una-francia-fracturada-y-otras-lecciones-tras-la-reeleccion-de-macron-afp\/","og:image":"https:\/\/energiesnet.com\/espanol","og:image:secure_url":"https:\/\/energiesnet.com\/espanol","article:published_time":"2022-04-26T15:40:51+00:00","article:modified_time":"2022-04-26T15:40:56+00:00","article:publisher":"https:\/\/www.facebook.com\/\/EnergiesNet","twitter:card":"summary_large_image","twitter:site":"@EnergiesNet1","twitter:title":"Una Francia fracturada y otras lecciones tras la reelecci\u00f3n de Macron -AFP - EnergiestNet","twitter:description":"AFP PARIS EnergiesNet.com 26 04 2022 El mandatario Emmanuel Macron logr\u00f3 su reelecci\u00f3n el domingo ante una extrema derecha en auge, en un balotaje que sac\u00f3 a relucir las fracturas de una Francia que el centrista deber\u00e1 ahora coser. A continuaci\u00f3n, las principales lecciones de una presidencial en la que Macron se convirti\u00f3, con un","twitter:creator":"@EnergiesNet1","twitter:image":"https:\/\/energiesnet.com\/espanol"},"aioseo_meta_data":{"post_id":"7842","title":null,"description":null,"keywords":null,"keyphrases":null,"primary_term":null,"canonical_url":null,"og_title":null,"og_description":null,"og_object_type":"default","og_image_type":"default","og_image_url":null,"og_image_width":null,"og_image_height":null,"og_image_custom_url":null,"og_image_custom_fields":null,"og_video":null,"og_custom_url":null,"og_article_section":null,"og_article_tags":null,"twitter_use_og":false,"twitter_card":"default","twitter_image_type":"default","twitter_image_url":null,"twitter_image_custom_url":null,"twitter_image_custom_fields":null,"twitter_title":null,"twitter_description":null,"schema":{"blockGraphs":[],"customGraphs":[],"default":{"data":{"Article":[],"Course":[],"Dataset":[],"FAQPage":[],"Movie":[],"Person":[],"Product":[],"ProductReview":[],"Car":[],"Recipe":[],"Service":[],"SoftwareApplication":[],"WebPage":[]},"graphName":"","isEnabled":true},"graphs":[]},"schema_type":"default","schema_type_options":null,"pillar_content":false,"robots_default":true,"robots_noindex":false,"robots_noarchive":false,"robots_nosnippet":false,"robots_nofollow":false,"robots_noimageindex":false,"robots_noodp":false,"robots_notranslate":false,"robots_max_snippet":null,"robots_max_videopreview":null,"robots_max_imagepreview":"large","priority":null,"frequency":null,"local_seo":null,"breadcrumb_settings":null,"limit_modified_date":false,"ai":null,"created":"2022-12-14 14:03:47","updated":"2025-06-04 11:22:53","seo_analyzer_scan_date":null,"focus_keyword":null,"additional_keywords":null,"truseo_locale":null},"aioseo_breadcrumb":"<div class=\"aioseo-breadcrumbs\"><span class=\"aioseo-breadcrumb\">\n\t\t\t<a href=\"https:\/\/energiesnet.com\/espanol\" title=\"Inicio\">Inicio<\/a>\n\t\t<\/span><span class=\"aioseo-breadcrumb-separator\">&raquo;<\/span><span class=\"aioseo-breadcrumb\">\n\t\t\t<a href=\"https:\/\/energiesnet.com\/espanol\/category\/noticias-diarias\/\" title=\"Noticias Diarias\">Noticias Diarias<\/a>\n\t\t<\/span><span class=\"aioseo-breadcrumb-separator\">&raquo;<\/span><span class=\"aioseo-breadcrumb\">\n\t\t\tUna Francia fracturada y otras lecciones tras la reelecci\u00f3n de Macron -AFP\n\t\t<\/span><\/div>","aioseo_breadcrumb_json":[{"label":"Inicio","link":"https:\/\/energiesnet.com\/espanol"},{"label":"Noticias Diarias","link":"https:\/\/energiesnet.com\/espanol\/category\/noticias-diarias\/"},{"label":"Una Francia fracturada y otras lecciones tras la reelecci\u00f3n de Macron -AFP","link":"https:\/\/energiesnet.com\/espanol\/una-francia-fracturada-y-otras-lecciones-tras-la-reeleccion-de-macron-afp\/"}],"_links":{"self":[{"href":"https:\/\/energiesnet.com\/espanol\/wp-json\/wp\/v2\/posts\/7842","targetHints":{"allow":["GET"]}}],"collection":[{"href":"https:\/\/energiesnet.com\/espanol\/wp-json\/wp\/v2\/posts"}],"about":[{"href":"https:\/\/energiesnet.com\/espanol\/wp-json\/wp\/v2\/types\/post"}],"author":[{"embeddable":true,"href":"https:\/\/energiesnet.com\/espanol\/wp-json\/wp\/v2\/users\/2"}],"replies":[{"embeddable":true,"href":"https:\/\/energiesnet.com\/espanol\/wp-json\/wp\/v2\/comments?post=7842"}],"version-history":[{"count":0,"href":"https:\/\/energiesnet.com\/espanol\/wp-json\/wp\/v2\/posts\/7842\/revisions"}],"wp:featuredmedia":[{"embeddable":true,"href":"https:\/\/energiesnet.com\/espanol\/wp-json\/wp\/v2\/media\/7843"}],"wp:attachment":[{"href":"https:\/\/energiesnet.com\/espanol\/wp-json\/wp\/v2\/media?parent=7842"}],"wp:term":[{"taxonomy":"category","embeddable":true,"href":"https:\/\/energiesnet.com\/espanol\/wp-json\/wp\/v2\/categories?post=7842"},{"taxonomy":"post_tag","embeddable":true,"href":"https:\/\/energiesnet.com\/espanol\/wp-json\/wp\/v2\/tags?post=7842"}],"curies":[{"name":"wp","href":"https:\/\/api.w.org\/{rel}","templated":true}]}}