{"id":7886,"date":"2022-04-28T09:52:26","date_gmt":"2022-04-28T13:52:26","guid":{"rendered":"https:\/\/energiesnet.com\/espanol\/?p=7886"},"modified":"2022-04-28T09:53:35","modified_gmt":"2022-04-28T13:53:35","slug":"la-onu-adopta-una-propuesta-de-justificar-el-recurso-al-veto-impulsada-por-la-guerra-en-ucrania-afp","status":"publish","type":"post","link":"https:\/\/energiesnet.com\/espanol\/la-onu-adopta-una-propuesta-de-justificar-el-recurso-al-veto-impulsada-por-la-guerra-en-ucrania-afp\/","title":{"rendered":"La ONU adopta una propuesta de justificar el recurso al veto impulsada por la guerra en Ucrania -AFP"},"content":{"rendered":"\n<figure class=\"wp-block-image size-full is-resized\"><img fetchpriority=\"high\" decoding=\"async\" src=\"https:\/\/energiesnet.com\/espanol\/wp-content\/uploads\/2022\/04\/nu-1_march-2022-afp.jpg\" alt=\"\" class=\"wp-image-7887\" width=\"600\" height=\"400\" srcset=\"https:\/\/energiesnet.com\/espanol\/wp-content\/uploads\/2022\/04\/nu-1_march-2022-afp.jpg 600w, https:\/\/energiesnet.com\/espanol\/wp-content\/uploads\/2022\/04\/nu-1_march-2022-afp-300x200.jpg 300w\" sizes=\"(max-width: 600px) 100vw, 600px\" \/><figcaption> El hemiciclo de la Asamblea General de la ONU, en Nueva York, el 1 de marzo de 2022&nbsp; (AFP)<br><br>AFP     <br><br>NUEVA YORK<br>EnergiesNet.com 27 04  2022<br><br>La Asamblea General de la ONU adopt\u00f3 este martes por consenso la resoluci\u00f3n que obliga a los cinco miembros permanentes del Consejo de Seguridad a que justifiquen su recurso al veto, una reforma relanzada a ra\u00edz de la invasi\u00f3n rusa de Ucrania.<br><br>La medida, que afecta directamente a China, Estados Unidos, Francia, Reino Unido y Rusia, los \u00fanicos pa\u00edses con derecho a veto, fue promovida por Liechtenstein, para \u00abhacerles pagar un precio pol\u00edtico m\u00e1s alto\u00bb cuando recurran al veto, dijo el embajador de un pa\u00eds que pidi\u00f3 el anonimato.<br><br>\u00bfContribuir\u00e1 a que los cinco miembros permanentes recurran menos a esta prerrogativa criticada crecientemente por m\u00e1s pa\u00edses? Solo el futuro podr\u00e1 decirlo.<br><br>Algunos pa\u00edses podr\u00e1n presionar a Estados Unidos a que justifique su veto en las iniciativas relacionadas con Israel. Por otro lado, Washington podr\u00eda someter a voto en el Consejo de Seguridad, un proyecto de resoluci\u00f3n que refuerce las sanciones contra Corea del Norte, en discusi\u00f3n desde hace varias semanas, pese a que sabe que tanto Mosc\u00fa como Pek\u00edn lo vetar\u00e1n.<br><br>Casi un centenar de pa\u00edses copatrocinaron el texto propuesto por Liechtenstein, entre ellos Estados Unidos, Reino Unido y Francia, as\u00ed como el conjunto de los pa\u00edses miembros de la Uni\u00f3n Europea.<br><br>Ni Rusia ni China suscribieron el texto. Va a \u00abdividir\u00bb todav\u00eda m\u00e1s a la ONU, dijo antes de la adopci\u00f3n un diplom\u00e1tico ruso que pidi\u00f3 el anonimato.<br><br>&#8211;<strong> Rusia en la mira &#8211;<\/strong><br><br>El texto \u00abno est\u00e1 dirigido contra nadie\u00bb, asegur\u00f3 el embajador de Liechtenstein, Christian Wenaweser. \u00abNo est\u00e1 dirigido contra Rusia\u00bb, insisti\u00f3 pese a que la propuesta de votarlo tras m\u00e1s de dos a\u00f1os de gesti\u00f3n infructuosa coincidi\u00f3 con la par\u00e1lisis del Consejo de Seguridad para intentar parar la invasi\u00f3n rusa, debido al derecho de veto de Mosc\u00fa.<br><br>Para Estados Unidos, Rusia abusa de su derecho a veto desde hace dos d\u00e9cadas y el texto propuesto pretende remediarlo.<br><br>La resoluci\u00f3n quiere \u00abpromover el papel de Naciones Unidas, el multilateralismo y la voz de todos nosotros, que no tenemos derecho a veto y no nos sentamos en el Consejo de Seguridad, sobre cuestiones de paz y seguridad internacional\u00bb, dijo Christian Wenaweser.<br><br>El texto no es vinculante y nada obliga a que un pa\u00eds que haya ejercido su derecho a veto acuda a la Asamblea General a dar explicaciones. Pero su aplicaci\u00f3n \u00abarrojar\u00e1 luz\u00bb sobre este privilegio y sobre los \u00abbloqueos\u00bb del Consejo de Seguridad, dijo, sin embargo, un embajador que prefiri\u00f3 no ser identificado.<br><br>Adem\u00e1s de sus cinco miembros permanentes, el Consejo de Seguridad cuenta tambi\u00e9n con diez miembros elegidos por periodos de dos a\u00f1os, sin derecho a veto.<br><br>Entre los copatrocinadores de la resoluci\u00f3n figuran, adem\u00e1s de Ucrania, Jap\u00f3n y Alemania, dos de los pa\u00edses que aspiran a un sill\u00f3n permanente en un eventual Consejo de Seguridad ampliado que represente de manera m\u00e1s fiel al mundo actual. Pero ni Brasil, que record\u00f3 que el veto puede ser \u00fatil para garantizar la paz, ni India, otros aspirantes a una posici\u00f3n permanente en el Consejo, lo copatrocinaron.<br><br>Desde que la Uni\u00f3n Sovi\u00e9tica recurri\u00f3 por primera vez al derecho a veto en 1946 sobre un diferendo sirio-liban\u00e9s, Mosc\u00fa ha recurrido 143 veces, por delante de Estados Unidos (86), Reino Unido (30) y China (18) y Francia (18).<br><br>afp.com 26 04 2022<br>            <\/figcaption><\/figure>\n","protected":false},"excerpt":{"rendered":"","protected":false},"author":2,"featured_media":7887,"comment_status":"open","ping_status":"open","sticky":false,"template":"","format":"standard","meta":{"_monsterinsights_skip_tracking":false,"site-sidebar-layout":"default","site-content-layout":"default","ast-global-header-display":"","ast-main-header-display":"","ast-hfb-above-header-display":"","ast-hfb-below-header-display":"","ast-hfb-mobile-header-display":"","site-post-title":"","ast-breadcrumbs-content":"","ast-featured-img":"","footer-sml-layout":"","theme-transparent-header-meta":"default","adv-header-id-meta":"","stick-header-meta":"default","header-above-stick-meta":"","header-main-stick-meta":"","header-below-stick-meta":"","footnotes":""},"categories":[45],"tags":[],"class_list":["post-7886","post","type-post","status-publish","format-standard","has-post-thumbnail","hentry","category-noticias-diarias"],"aioseo_notices":[],"aioseo_head":"\n\t\t<!-- All in One SEO 5.0.1.1 - aioseo.com -->\n\t<meta name=\"robots\" content=\"max-image-preview:large\" \/>\n\t<meta name=\"author\" content=\"EnergiesNet\"\/>\n\t<link rel=\"canonical\" href=\"https:\/\/energiesnet.com\/espanol\/la-onu-adopta-una-propuesta-de-justificar-el-recurso-al-veto-impulsada-por-la-guerra-en-ucrania-afp\/\" \/>\n\t<meta name=\"generator\" content=\"All in One SEO (AIOSEO) 5.0.1.1\" \/>\n\t\t<meta property=\"og:locale\" content=\"es_ES\" \/>\n\t\t<meta property=\"og:site_name\" content=\"EnergiestNet - Latin America Energy, Oil ,  Gas &amp; Renewals\" \/>\n\t\t<meta property=\"og:type\" content=\"article\" \/>\n\t\t<meta property=\"og:title\" content=\"La ONU adopta una propuesta de justificar el recurso al veto impulsada por la guerra en Ucrania -AFP - EnergiestNet\" \/>\n\t\t<meta property=\"og:url\" content=\"https:\/\/energiesnet.com\/espanol\/la-onu-adopta-una-propuesta-de-justificar-el-recurso-al-veto-impulsada-por-la-guerra-en-ucrania-afp\/\" \/>\n\t\t<meta property=\"og:image\" content=\"https:\/\/energiesnet.com\/espanol\" \/>\n\t\t<meta property=\"og:image:secure_url\" content=\"https:\/\/energiesnet.com\/espanol\" \/>\n\t\t<meta property=\"article:published_time\" content=\"2022-04-28T13:52:26+00:00\" \/>\n\t\t<meta property=\"article:modified_time\" content=\"2022-04-28T13:53:35+00:00\" \/>\n\t\t<meta property=\"article:publisher\" content=\"https:\/\/www.facebook.com\/\/EnergiesNet\" \/>\n\t\t<meta name=\"twitter:card\" content=\"summary_large_image\" \/>\n\t\t<meta name=\"twitter:site\" content=\"@EnergiesNet1\" \/>\n\t\t<meta name=\"twitter:title\" content=\"La ONU adopta una propuesta de justificar el recurso al veto impulsada por la guerra en Ucrania -AFP - EnergiestNet\" \/>\n\t\t<meta name=\"twitter:creator\" content=\"@EnergiesNet1\" \/>\n\t\t<meta name=\"twitter:image\" content=\"https:\/\/energiesnet.com\/espanol\" \/>\n\t\t<script type=\"application\/ld+json\" class=\"aioseo-schema\">\n\t\t\t{\"@context\":\"https:\\\/\\\/schema.org\",\"@graph\":[{\"@type\":\"BlogPosting\",\"@id\":\"https:\\\/\\\/energiesnet.com\\\/espanol\\\/la-onu-adopta-una-propuesta-de-justificar-el-recurso-al-veto-impulsada-por-la-guerra-en-ucrania-afp\\\/#blogposting\",\"name\":\"La ONU adopta una propuesta de justificar el recurso al veto impulsada por la guerra en Ucrania -AFP - EnergiestNet\",\"headline\":\"La ONU adopta una propuesta de justificar el recurso al veto impulsada por la guerra en Ucrania -AFP\",\"author\":{\"@id\":\"https:\\\/\\\/energiesnet.com\\\/espanol\\\/author\\\/elioohep\\\/#author\"},\"publisher\":{\"@id\":\"https:\\\/\\\/energiesnet.com\\\/espanol\\\/#organization\"},\"image\":{\"@type\":\"ImageObject\",\"url\":\"https:\\\/\\\/energiesnet.com\\\/espanol\\\/wp-content\\\/uploads\\\/2022\\\/04\\\/nu-1_march-2022-afp.jpg\",\"width\":600,\"height\":400},\"datePublished\":\"2022-04-28T09:52:26-04:00\",\"dateModified\":\"2022-04-28T09:53:35-04:00\",\"inLanguage\":\"es-ES\",\"mainEntityOfPage\":{\"@id\":\"https:\\\/\\\/energiesnet.com\\\/espanol\\\/la-onu-adopta-una-propuesta-de-justificar-el-recurso-al-veto-impulsada-por-la-guerra-en-ucrania-afp\\\/#webpage\"},\"isPartOf\":{\"@id\":\"https:\\\/\\\/energiesnet.com\\\/espanol\\\/la-onu-adopta-una-propuesta-de-justificar-el-recurso-al-veto-impulsada-por-la-guerra-en-ucrania-afp\\\/#webpage\"},\"articleSection\":\"Noticias Diarias\"},{\"@type\":\"BreadcrumbList\",\"@id\":\"https:\\\/\\\/energiesnet.com\\\/espanol\\\/la-onu-adopta-una-propuesta-de-justificar-el-recurso-al-veto-impulsada-por-la-guerra-en-ucrania-afp\\\/#breadcrumblist\",\"itemListElement\":[{\"@type\":\"ListItem\",\"@id\":\"https:\\\/\\\/energiesnet.com\\\/espanol#listItem\",\"position\":1,\"name\":\"Inicio\",\"item\":\"https:\\\/\\\/energiesnet.com\\\/espanol\",\"nextItem\":{\"@type\":\"ListItem\",\"@id\":\"https:\\\/\\\/energiesnet.com\\\/espanol\\\/category\\\/noticias-diarias\\\/#listItem\",\"name\":\"Noticias Diarias\"}},{\"@type\":\"ListItem\",\"@id\":\"https:\\\/\\\/energiesnet.com\\\/espanol\\\/category\\\/noticias-diarias\\\/#listItem\",\"position\":2,\"name\":\"Noticias Diarias\",\"item\":\"https:\\\/\\\/energiesnet.com\\\/espanol\\\/category\\\/noticias-diarias\\\/\",\"nextItem\":{\"@type\":\"ListItem\",\"@id\":\"https:\\\/\\\/energiesnet.com\\\/espanol\\\/la-onu-adopta-una-propuesta-de-justificar-el-recurso-al-veto-impulsada-por-la-guerra-en-ucrania-afp\\\/#listItem\",\"name\":\"La ONU adopta una propuesta de justificar el recurso al veto impulsada por la guerra en Ucrania -AFP\"},\"previousItem\":{\"@type\":\"ListItem\",\"@id\":\"https:\\\/\\\/energiesnet.com\\\/espanol#listItem\",\"name\":\"Inicio\"}},{\"@type\":\"ListItem\",\"@id\":\"https:\\\/\\\/energiesnet.com\\\/espanol\\\/la-onu-adopta-una-propuesta-de-justificar-el-recurso-al-veto-impulsada-por-la-guerra-en-ucrania-afp\\\/#listItem\",\"position\":3,\"name\":\"La ONU adopta una propuesta de justificar el recurso al veto impulsada por la guerra en Ucrania -AFP\",\"previousItem\":{\"@type\":\"ListItem\",\"@id\":\"https:\\\/\\\/energiesnet.com\\\/espanol\\\/category\\\/noticias-diarias\\\/#listItem\",\"name\":\"Noticias Diarias\"}}]},{\"@type\":\"Organization\",\"@id\":\"https:\\\/\\\/energiesnet.com\\\/espanol\\\/#organization\",\"name\":\"EnergiestNet\",\"description\":\"Latin America Energy, Oil ,  Gas & Renewals\",\"url\":\"https:\\\/\\\/energiesnet.com\\\/espanol\\\/\",\"telephone\":\"+584142763041\",\"logo\":{\"@type\":\"ImageObject\",\"url\":\"https:\\\/\\\/energiesnet.com\\\/espanol\\\/wp-content\\\/uploads\\\/2022\\\/12\\\/EnergiesNet-Logo-200.jpg\",\"@id\":\"https:\\\/\\\/energiesnet.com\\\/espanol\\\/la-onu-adopta-una-propuesta-de-justificar-el-recurso-al-veto-impulsada-por-la-guerra-en-ucrania-afp\\\/#organizationLogo\",\"width\":200,\"height\":220},\"image\":{\"@id\":\"https:\\\/\\\/energiesnet.com\\\/espanol\\\/la-onu-adopta-una-propuesta-de-justificar-el-recurso-al-veto-impulsada-por-la-guerra-en-ucrania-afp\\\/#organizationLogo\"},\"sameAs\":[\"https:\\\/\\\/www.facebook.com\\\/\\\/EnergiesNet\",\"https:\\\/\\\/twitter.com\\\/EnergiesNet1\",\"https:\\\/\\\/www.instagram.com\\\/energiesnet\\\/\",\"https:\\\/\\\/linkedin.com\\\/in\\\/elio-ohep-a465b78\"]},{\"@type\":\"Person\",\"@id\":\"https:\\\/\\\/energiesnet.com\\\/espanol\\\/author\\\/elioohep\\\/#author\",\"url\":\"https:\\\/\\\/energiesnet.com\\\/espanol\\\/author\\\/elioohep\\\/\",\"name\":\"EnergiesNet\",\"image\":{\"@type\":\"ImageObject\",\"@id\":\"https:\\\/\\\/energiesnet.com\\\/espanol\\\/la-onu-adopta-una-propuesta-de-justificar-el-recurso-al-veto-impulsada-por-la-guerra-en-ucrania-afp\\\/#authorImage\",\"url\":\"https:\\\/\\\/secure.gravatar.com\\\/avatar\\\/5412deb1089370e2bdf1d1310563df78bf3dc9f9e388ca5748bced95cfdb664b?s=96&d=mm&r=g\",\"width\":96,\"height\":96,\"caption\":\"EnergiesNet\"}},{\"@type\":\"WebPage\",\"@id\":\"https:\\\/\\\/energiesnet.com\\\/espanol\\\/la-onu-adopta-una-propuesta-de-justificar-el-recurso-al-veto-impulsada-por-la-guerra-en-ucrania-afp\\\/#webpage\",\"url\":\"https:\\\/\\\/energiesnet.com\\\/espanol\\\/la-onu-adopta-una-propuesta-de-justificar-el-recurso-al-veto-impulsada-por-la-guerra-en-ucrania-afp\\\/\",\"name\":\"La ONU adopta una propuesta de justificar el recurso al veto impulsada por la guerra en Ucrania -AFP - EnergiestNet\",\"inLanguage\":\"es-ES\",\"isPartOf\":{\"@id\":\"https:\\\/\\\/energiesnet.com\\\/espanol\\\/#website\"},\"breadcrumb\":{\"@id\":\"https:\\\/\\\/energiesnet.com\\\/espanol\\\/la-onu-adopta-una-propuesta-de-justificar-el-recurso-al-veto-impulsada-por-la-guerra-en-ucrania-afp\\\/#breadcrumblist\"},\"author\":{\"@id\":\"https:\\\/\\\/energiesnet.com\\\/espanol\\\/author\\\/elioohep\\\/#author\"},\"creator\":{\"@id\":\"https:\\\/\\\/energiesnet.com\\\/espanol\\\/author\\\/elioohep\\\/#author\"},\"image\":{\"@type\":\"ImageObject\",\"url\":\"https:\\\/\\\/energiesnet.com\\\/espanol\\\/wp-content\\\/uploads\\\/2022\\\/04\\\/nu-1_march-2022-afp.jpg\",\"@id\":\"https:\\\/\\\/energiesnet.com\\\/espanol\\\/la-onu-adopta-una-propuesta-de-justificar-el-recurso-al-veto-impulsada-por-la-guerra-en-ucrania-afp\\\/#mainImage\",\"width\":600,\"height\":400},\"primaryImageOfPage\":{\"@id\":\"https:\\\/\\\/energiesnet.com\\\/espanol\\\/la-onu-adopta-una-propuesta-de-justificar-el-recurso-al-veto-impulsada-por-la-guerra-en-ucrania-afp\\\/#mainImage\"},\"datePublished\":\"2022-04-28T09:52:26-04:00\",\"dateModified\":\"2022-04-28T09:53:35-04:00\"},{\"@type\":\"WebSite\",\"@id\":\"https:\\\/\\\/energiesnet.com\\\/espanol\\\/#website\",\"url\":\"https:\\\/\\\/energiesnet.com\\\/espanol\\\/\",\"name\":\"EnergiestNet\",\"description\":\"Latin America Energy, Oil ,  Gas & Renewals\",\"inLanguage\":\"es-ES\",\"publisher\":{\"@id\":\"https:\\\/\\\/energiesnet.com\\\/espanol\\\/#organization\"}}]}\n\t\t<\/script>\n\t\t<!-- All in One SEO -->\n\n","aioseo_head_json":{"title":"La ONU adopta una propuesta de justificar el recurso al veto impulsada por la guerra en Ucrania -AFP - EnergiestNet","description":"","canonical_url":"https:\/\/energiesnet.com\/espanol\/la-onu-adopta-una-propuesta-de-justificar-el-recurso-al-veto-impulsada-por-la-guerra-en-ucrania-afp\/","robots":"max-image-preview:large","keywords":"","webmasterTools":{"miscellaneous":""},"schema":{"@context":"https:\/\/schema.org","@graph":[{"@type":"BlogPosting","@id":"https:\/\/energiesnet.com\/espanol\/la-onu-adopta-una-propuesta-de-justificar-el-recurso-al-veto-impulsada-por-la-guerra-en-ucrania-afp\/#blogposting","name":"La ONU adopta una propuesta de justificar el recurso al veto impulsada por la guerra en Ucrania -AFP - EnergiestNet","headline":"La ONU adopta una propuesta de justificar el recurso al veto impulsada por la guerra en Ucrania -AFP","author":{"@id":"https:\/\/energiesnet.com\/espanol\/author\/elioohep\/#author"},"publisher":{"@id":"https:\/\/energiesnet.com\/espanol\/#organization"},"image":{"@type":"ImageObject","url":"https:\/\/energiesnet.com\/espanol\/wp-content\/uploads\/2022\/04\/nu-1_march-2022-afp.jpg","width":600,"height":400},"datePublished":"2022-04-28T09:52:26-04:00","dateModified":"2022-04-28T09:53:35-04:00","inLanguage":"es-ES","mainEntityOfPage":{"@id":"https:\/\/energiesnet.com\/espanol\/la-onu-adopta-una-propuesta-de-justificar-el-recurso-al-veto-impulsada-por-la-guerra-en-ucrania-afp\/#webpage"},"isPartOf":{"@id":"https:\/\/energiesnet.com\/espanol\/la-onu-adopta-una-propuesta-de-justificar-el-recurso-al-veto-impulsada-por-la-guerra-en-ucrania-afp\/#webpage"},"articleSection":"Noticias Diarias"},{"@type":"BreadcrumbList","@id":"https:\/\/energiesnet.com\/espanol\/la-onu-adopta-una-propuesta-de-justificar-el-recurso-al-veto-impulsada-por-la-guerra-en-ucrania-afp\/#breadcrumblist","itemListElement":[{"@type":"ListItem","@id":"https:\/\/energiesnet.com\/espanol#listItem","position":1,"name":"Inicio","item":"https:\/\/energiesnet.com\/espanol","nextItem":{"@type":"ListItem","@id":"https:\/\/energiesnet.com\/espanol\/category\/noticias-diarias\/#listItem","name":"Noticias Diarias"}},{"@type":"ListItem","@id":"https:\/\/energiesnet.com\/espanol\/category\/noticias-diarias\/#listItem","position":2,"name":"Noticias Diarias","item":"https:\/\/energiesnet.com\/espanol\/category\/noticias-diarias\/","nextItem":{"@type":"ListItem","@id":"https:\/\/energiesnet.com\/espanol\/la-onu-adopta-una-propuesta-de-justificar-el-recurso-al-veto-impulsada-por-la-guerra-en-ucrania-afp\/#listItem","name":"La ONU adopta una propuesta de justificar el recurso al veto impulsada por la guerra en Ucrania -AFP"},"previousItem":{"@type":"ListItem","@id":"https:\/\/energiesnet.com\/espanol#listItem","name":"Inicio"}},{"@type":"ListItem","@id":"https:\/\/energiesnet.com\/espanol\/la-onu-adopta-una-propuesta-de-justificar-el-recurso-al-veto-impulsada-por-la-guerra-en-ucrania-afp\/#listItem","position":3,"name":"La ONU adopta una propuesta de justificar el recurso al veto impulsada por la guerra en Ucrania -AFP","previousItem":{"@type":"ListItem","@id":"https:\/\/energiesnet.com\/espanol\/category\/noticias-diarias\/#listItem","name":"Noticias Diarias"}}]},{"@type":"Organization","@id":"https:\/\/energiesnet.com\/espanol\/#organization","name":"EnergiestNet","description":"Latin America Energy, Oil ,  Gas & Renewals","url":"https:\/\/energiesnet.com\/espanol\/","telephone":"+584142763041","logo":{"@type":"ImageObject","url":"https:\/\/energiesnet.com\/espanol\/wp-content\/uploads\/2022\/12\/EnergiesNet-Logo-200.jpg","@id":"https:\/\/energiesnet.com\/espanol\/la-onu-adopta-una-propuesta-de-justificar-el-recurso-al-veto-impulsada-por-la-guerra-en-ucrania-afp\/#organizationLogo","width":200,"height":220},"image":{"@id":"https:\/\/energiesnet.com\/espanol\/la-onu-adopta-una-propuesta-de-justificar-el-recurso-al-veto-impulsada-por-la-guerra-en-ucrania-afp\/#organizationLogo"},"sameAs":["https:\/\/www.facebook.com\/\/EnergiesNet","https:\/\/twitter.com\/EnergiesNet1","https:\/\/www.instagram.com\/energiesnet\/","https:\/\/linkedin.com\/in\/elio-ohep-a465b78"]},{"@type":"Person","@id":"https:\/\/energiesnet.com\/espanol\/author\/elioohep\/#author","url":"https:\/\/energiesnet.com\/espanol\/author\/elioohep\/","name":"EnergiesNet","image":{"@type":"ImageObject","@id":"https:\/\/energiesnet.com\/espanol\/la-onu-adopta-una-propuesta-de-justificar-el-recurso-al-veto-impulsada-por-la-guerra-en-ucrania-afp\/#authorImage","url":"https:\/\/secure.gravatar.com\/avatar\/5412deb1089370e2bdf1d1310563df78bf3dc9f9e388ca5748bced95cfdb664b?s=96&d=mm&r=g","width":96,"height":96,"caption":"EnergiesNet"}},{"@type":"WebPage","@id":"https:\/\/energiesnet.com\/espanol\/la-onu-adopta-una-propuesta-de-justificar-el-recurso-al-veto-impulsada-por-la-guerra-en-ucrania-afp\/#webpage","url":"https:\/\/energiesnet.com\/espanol\/la-onu-adopta-una-propuesta-de-justificar-el-recurso-al-veto-impulsada-por-la-guerra-en-ucrania-afp\/","name":"La ONU adopta una propuesta de justificar el recurso al veto impulsada por la guerra en Ucrania -AFP - EnergiestNet","inLanguage":"es-ES","isPartOf":{"@id":"https:\/\/energiesnet.com\/espanol\/#website"},"breadcrumb":{"@id":"https:\/\/energiesnet.com\/espanol\/la-onu-adopta-una-propuesta-de-justificar-el-recurso-al-veto-impulsada-por-la-guerra-en-ucrania-afp\/#breadcrumblist"},"author":{"@id":"https:\/\/energiesnet.com\/espanol\/author\/elioohep\/#author"},"creator":{"@id":"https:\/\/energiesnet.com\/espanol\/author\/elioohep\/#author"},"image":{"@type":"ImageObject","url":"https:\/\/energiesnet.com\/espanol\/wp-content\/uploads\/2022\/04\/nu-1_march-2022-afp.jpg","@id":"https:\/\/energiesnet.com\/espanol\/la-onu-adopta-una-propuesta-de-justificar-el-recurso-al-veto-impulsada-por-la-guerra-en-ucrania-afp\/#mainImage","width":600,"height":400},"primaryImageOfPage":{"@id":"https:\/\/energiesnet.com\/espanol\/la-onu-adopta-una-propuesta-de-justificar-el-recurso-al-veto-impulsada-por-la-guerra-en-ucrania-afp\/#mainImage"},"datePublished":"2022-04-28T09:52:26-04:00","dateModified":"2022-04-28T09:53:35-04:00"},{"@type":"WebSite","@id":"https:\/\/energiesnet.com\/espanol\/#website","url":"https:\/\/energiesnet.com\/espanol\/","name":"EnergiestNet","description":"Latin America Energy, Oil ,  Gas & Renewals","inLanguage":"es-ES","publisher":{"@id":"https:\/\/energiesnet.com\/espanol\/#organization"}}]},"og:locale":"es_ES","og:site_name":"EnergiestNet - Latin America Energy, Oil ,  Gas &amp; Renewals","og:type":"article","og:title":"La ONU adopta una propuesta de justificar el recurso al veto impulsada por la guerra en Ucrania -AFP - EnergiestNet","og:url":"https:\/\/energiesnet.com\/espanol\/la-onu-adopta-una-propuesta-de-justificar-el-recurso-al-veto-impulsada-por-la-guerra-en-ucrania-afp\/","og:image":"https:\/\/energiesnet.com\/espanol","og:image:secure_url":"https:\/\/energiesnet.com\/espanol","article:published_time":"2022-04-28T13:52:26+00:00","article:modified_time":"2022-04-28T13:53:35+00:00","article:publisher":"https:\/\/www.facebook.com\/\/EnergiesNet","twitter:card":"summary_large_image","twitter:site":"@EnergiesNet1","twitter:title":"La ONU adopta una propuesta de justificar el recurso al veto impulsada por la guerra en Ucrania -AFP - EnergiestNet","twitter:creator":"@EnergiesNet1","twitter:image":"https:\/\/energiesnet.com\/espanol"},"aioseo_meta_data":{"post_id":"7886","title":null,"description":null,"keywords":null,"keyphrases":null,"primary_term":null,"canonical_url":null,"og_title":null,"og_description":null,"og_object_type":"default","og_image_type":"default","og_image_url":null,"og_image_width":null,"og_image_height":null,"og_image_custom_url":null,"og_image_custom_fields":null,"og_video":null,"og_custom_url":null,"og_article_section":null,"og_article_tags":null,"twitter_use_og":false,"twitter_card":"default","twitter_image_type":"default","twitter_image_url":null,"twitter_image_custom_url":null,"twitter_image_custom_fields":null,"twitter_title":null,"twitter_description":null,"schema":{"blockGraphs":[],"customGraphs":[],"default":{"data":{"Article":[],"Course":[],"Dataset":[],"FAQPage":[],"Movie":[],"Person":[],"Product":[],"ProductReview":[],"Car":[],"Recipe":[],"Service":[],"SoftwareApplication":[],"WebPage":[]},"graphName":"","isEnabled":true},"graphs":[]},"schema_type":"default","schema_type_options":null,"pillar_content":false,"robots_default":true,"robots_noindex":false,"robots_noarchive":false,"robots_nosnippet":false,"robots_nofollow":false,"robots_noimageindex":false,"robots_noodp":false,"robots_notranslate":false,"robots_max_snippet":null,"robots_max_videopreview":null,"robots_max_imagepreview":"large","priority":null,"frequency":null,"local_seo":null,"breadcrumb_settings":null,"limit_modified_date":false,"ai":null,"created":"2022-12-14 14:08:54","updated":"2025-06-04 11:24:24","seo_analyzer_scan_date":null,"focus_keyword":null,"additional_keywords":null,"truseo_locale":null},"aioseo_breadcrumb":"<div class=\"aioseo-breadcrumbs\"><span class=\"aioseo-breadcrumb\">\n\t\t\t<a href=\"https:\/\/energiesnet.com\/espanol\" title=\"Inicio\">Inicio<\/a>\n\t\t<\/span><span class=\"aioseo-breadcrumb-separator\">&raquo;<\/span><span class=\"aioseo-breadcrumb\">\n\t\t\t<a href=\"https:\/\/energiesnet.com\/espanol\/category\/noticias-diarias\/\" title=\"Noticias Diarias\">Noticias Diarias<\/a>\n\t\t<\/span><span class=\"aioseo-breadcrumb-separator\">&raquo;<\/span><span class=\"aioseo-breadcrumb\">\n\t\t\tLa ONU adopta una propuesta de justificar el recurso al veto impulsada por la guerra en Ucrania -AFP\n\t\t<\/span><\/div>","aioseo_breadcrumb_json":[{"label":"Inicio","link":"https:\/\/energiesnet.com\/espanol"},{"label":"Noticias Diarias","link":"https:\/\/energiesnet.com\/espanol\/category\/noticias-diarias\/"},{"label":"La ONU adopta una propuesta de justificar el recurso al veto impulsada por la guerra en Ucrania -AFP","link":"https:\/\/energiesnet.com\/espanol\/la-onu-adopta-una-propuesta-de-justificar-el-recurso-al-veto-impulsada-por-la-guerra-en-ucrania-afp\/"}],"_links":{"self":[{"href":"https:\/\/energiesnet.com\/espanol\/wp-json\/wp\/v2\/posts\/7886","targetHints":{"allow":["GET"]}}],"collection":[{"href":"https:\/\/energiesnet.com\/espanol\/wp-json\/wp\/v2\/posts"}],"about":[{"href":"https:\/\/energiesnet.com\/espanol\/wp-json\/wp\/v2\/types\/post"}],"author":[{"embeddable":true,"href":"https:\/\/energiesnet.com\/espanol\/wp-json\/wp\/v2\/users\/2"}],"replies":[{"embeddable":true,"href":"https:\/\/energiesnet.com\/espanol\/wp-json\/wp\/v2\/comments?post=7886"}],"version-history":[{"count":0,"href":"https:\/\/energiesnet.com\/espanol\/wp-json\/wp\/v2\/posts\/7886\/revisions"}],"wp:featuredmedia":[{"embeddable":true,"href":"https:\/\/energiesnet.com\/espanol\/wp-json\/wp\/v2\/media\/7887"}],"wp:attachment":[{"href":"https:\/\/energiesnet.com\/espanol\/wp-json\/wp\/v2\/media?parent=7886"}],"wp:term":[{"taxonomy":"category","embeddable":true,"href":"https:\/\/energiesnet.com\/espanol\/wp-json\/wp\/v2\/categories?post=7886"},{"taxonomy":"post_tag","embeddable":true,"href":"https:\/\/energiesnet.com\/espanol\/wp-json\/wp\/v2\/tags?post=7886"}],"curies":[{"name":"wp","href":"https:\/\/api.w.org\/{rel}","templated":true}]}}