{"id":7898,"date":"2022-04-29T01:55:21","date_gmt":"2022-04-29T05:55:21","guid":{"rendered":"https:\/\/energiesnet.com\/espanol\/?p=7898"},"modified":"2022-04-29T01:55:23","modified_gmt":"2022-04-29T05:55:23","slug":"acuerdo-en-bruselas-para-que-espana-y-portugal-puedan-limitar-excepcionalmente-el-precio-de-electricidad-afp","status":"publish","type":"post","link":"https:\/\/energiesnet.com\/espanol\/acuerdo-en-bruselas-para-que-espana-y-portugal-puedan-limitar-excepcionalmente-el-precio-de-electricidad-afp\/","title":{"rendered":"Acuerdo en Bruselas para que Espa\u00f1a y Portugal puedan limitar excepcionalmente el precio de electricidad -AFP"},"content":{"rendered":"\n<figure class=\"wp-block-image size-full\"><img fetchpriority=\"high\" decoding=\"async\" width=\"600\" height=\"400\" src=\"https:\/\/energiesnet.com\/espanol\/wp-content\/uploads\/2022\/04\/gas_cooking_burner-afp.jpg\" alt=\"\" class=\"wp-image-7899\" srcset=\"https:\/\/energiesnet.com\/espanol\/wp-content\/uploads\/2022\/04\/gas_cooking_burner-afp.jpg 600w, https:\/\/energiesnet.com\/espanol\/wp-content\/uploads\/2022\/04\/gas_cooking_burner-afp-300x200.jpg 300w\" sizes=\"(max-width: 600px) 100vw, 600px\" \/><figcaption>Una estufa de gas, fotografiada en un piso de Madrid el 26 de enero de 2022 (AFP)<\/figcaption><\/figure>\n\n\n\n<p class=\"wp-block-paragraph\">AFP  <\/p>\n\n\n\n<p class=\"wp-block-paragraph\">BRUSELAS  <br>EnergiesNet.com 27 04 2022  <\/p>\n\n\n\n<p class=\"wp-block-paragraph\">Espa\u00f1a y Portugal alcanzaron el martes un acuerdo con la Comisi\u00f3n Europea para limitar el precio de la electricidad en la pen\u00ednsula ib\u00e9rica al poner un tope al del gas.<\/p>\n\n\n\n<p class=\"wp-block-paragraph\">\u00abEspa\u00f1a y Portugal alcanzamos hoy un importante acuerdo con Bruselas para fijar un precio de referencia del gas y reducir la factura de la electricidad\u00bb, escribi\u00f3 en Twitter el presidente del gobierno espa\u00f1ol, Pedro S\u00e1nchez.<\/p>\n\n\n\n<p class=\"wp-block-paragraph\">Este acuerdo, que entrar\u00e1 en vigor en los pr\u00f3ximos d\u00edas, permitir\u00e1 \u00abreforzar la protecci\u00f3n de los consumidores\u00bb espa\u00f1oles y portugueses, dijo en Bruselas la ministra espa\u00f1ola de Transici\u00f3n Ecol\u00f3gica, Teresa Ribera, en una conferencia de prensa con su hom\u00f3logo portugu\u00e9s, Jos\u00e9 Duarte Cordeiro.<\/p>\n\n\n\n<p class=\"wp-block-paragraph\">La Uni\u00f3n Europea autoriz\u00f3 a finales de marzo a Espa\u00f1a y Portugal a tomar \u00abmedidas excepcionales\u00bb para reducir el precio del gas usado para producir la electricidad y aliviar as\u00ed la factura de los hogares, particularmente elevado en estos dos pa\u00edses.<\/p>\n\n\n\n<p class=\"wp-block-paragraph\">Esta medida derogatoria fue permitida \u00abteniendo en cuenta la situaci\u00f3n particular\u00bb de estos dos pa\u00edses que tienen \u00abuna matriz energ\u00e9tica compuesta en su mayor\u00eda de energ\u00edas renovables y que cuentan con muy pocas interconexiones con el mercado europeo\u00bb, seg\u00fan la presidenta de la Comisi\u00f3n Europea, Ursula von der Leyen.<\/p>\n\n\n\n<p class=\"wp-block-paragraph\">El acuerdo aprobado el martes por Bruselas tras un mes de negociaciones permitir\u00e1 \u00abdisociar la formaci\u00f3n del precio de la electricidad\u00bb del \u00abdel gas\u00bb y podr\u00e1 aplicarse durante doce meses, afirm\u00f3 Duarte Cordeiro.<\/p>\n\n\n\n<p class=\"wp-block-paragraph\">Permitir\u00e1 en un primer momento limitar a 40 euros (42,5 d\u00f3lares) por megavatio hora (MWh) el precio del gas usado en la producci\u00f3n de electricidad, con un objetivo medio de 50 euros en los pr\u00f3ximos 12 meses. \u00abSi los precios del gas siguen altos, los ahorros ser\u00e1n importantes\u00bb, insisti\u00f3 el ministro.<\/p>\n\n\n\n<p class=\"wp-block-paragraph\">El precio del gas natural en el mercado mayoristas est\u00e1 alrededor de los 90 euros el megavatio hora.<\/p>\n\n\n\n<p class=\"wp-block-paragraph\">Seg\u00fan Madrid, cerca del 40% de los hogares espa\u00f1oles se beneficiar\u00e1 de este dispositivo -el resto ya cuenta con un sistema de precios regulados desvinculado de los vaivenes del mercado. Entre 70% y 80% de las empresas espa\u00f1olas se ver\u00e1n beneficiadas.<\/p>\n\n\n\n<p class=\"wp-block-paragraph\">El precio de la energ\u00eda sufri\u00f3 un fuerte incremento en los \u00faltimos meses en Espa\u00f1a y Portugal por las reglas europeas del mercado de electricidad, que obligan a los productores a vender su energ\u00eda al precio de la tecnolog\u00eda m\u00e1s cara, actualmente el gas.<\/p>\n\n\n\n<p class=\"wp-block-paragraph\">afp.com 26 04 2022  <\/p>\n","protected":false},"excerpt":{"rendered":"<p>AFP BRUSELAS EnergiesNet.com 27 04 2022 Espa\u00f1a y Portugal alcanzaron el martes un acuerdo con la Comisi\u00f3n Europea para limitar el precio de la electricidad en la pen\u00ednsula ib\u00e9rica al poner un tope al del gas. \u00abEspa\u00f1a y Portugal alcanzamos hoy un importante acuerdo con Bruselas para fijar un precio de referencia del gas y &hellip;<\/p>\n<p class=\"read-more\"> <a class=\"\" href=\"https:\/\/energiesnet.com\/espanol\/acuerdo-en-bruselas-para-que-espana-y-portugal-puedan-limitar-excepcionalmente-el-precio-de-electricidad-afp\/\"> <span class=\"screen-reader-text\">Acuerdo en Bruselas para que Espa\u00f1a y Portugal puedan limitar excepcionalmente el precio de electricidad -AFP<\/span> Leer m\u00e1s &raquo;<\/a><\/p>\n","protected":false},"author":2,"featured_media":7899,"comment_status":"open","ping_status":"open","sticky":false,"template":"","format":"standard","meta":{"_monsterinsights_skip_tracking":false,"site-sidebar-layout":"default","site-content-layout":"default","ast-global-header-display":"","ast-main-header-display":"","ast-hfb-above-header-display":"","ast-hfb-below-header-display":"","ast-hfb-mobile-header-display":"","site-post-title":"","ast-breadcrumbs-content":"","ast-featured-img":"","footer-sml-layout":"","theme-transparent-header-meta":"default","adv-header-id-meta":"","stick-header-meta":"default","header-above-stick-meta":"","header-main-stick-meta":"","header-below-stick-meta":"","footnotes":""},"categories":[45],"tags":[],"class_list":["post-7898","post","type-post","status-publish","format-standard","has-post-thumbnail","hentry","category-noticias-diarias"],"aioseo_notices":[],"aioseo_head":"\n\t\t<!-- All in One SEO 5.0.1.1 - aioseo.com -->\n\t<meta name=\"description\" content=\"AFP BRUSELAS EnergiesNet.com 27 04 2022 Espa\u00f1a y Portugal alcanzaron el martes un acuerdo con la Comisi\u00f3n Europea para limitar el precio de la electricidad en la pen\u00ednsula ib\u00e9rica al poner un tope al del gas. &quot;Espa\u00f1a y Portugal alcanzamos hoy un importante acuerdo con Bruselas para fijar un precio de referencia del gas y\" \/>\n\t<meta name=\"robots\" content=\"max-image-preview:large\" \/>\n\t<meta name=\"author\" content=\"EnergiesNet\"\/>\n\t<link rel=\"canonical\" href=\"https:\/\/energiesnet.com\/espanol\/acuerdo-en-bruselas-para-que-espana-y-portugal-puedan-limitar-excepcionalmente-el-precio-de-electricidad-afp\/\" \/>\n\t<meta name=\"generator\" content=\"All in One SEO (AIOSEO) 5.0.1.1\" \/>\n\t\t<meta property=\"og:locale\" content=\"es_ES\" \/>\n\t\t<meta property=\"og:site_name\" content=\"EnergiestNet - Latin America Energy, Oil ,  Gas &amp; Renewals\" \/>\n\t\t<meta property=\"og:type\" content=\"article\" \/>\n\t\t<meta property=\"og:title\" content=\"Acuerdo en Bruselas para que Espa\u00f1a y Portugal puedan limitar excepcionalmente el precio de electricidad -AFP - EnergiestNet\" \/>\n\t\t<meta property=\"og:description\" content=\"AFP BRUSELAS EnergiesNet.com 27 04 2022 Espa\u00f1a y Portugal alcanzaron el martes un acuerdo con la Comisi\u00f3n Europea para limitar el precio de la electricidad en la pen\u00ednsula ib\u00e9rica al poner un tope al del gas. &quot;Espa\u00f1a y Portugal alcanzamos hoy un importante acuerdo con Bruselas para fijar un precio de referencia del gas y\" \/>\n\t\t<meta property=\"og:url\" content=\"https:\/\/energiesnet.com\/espanol\/acuerdo-en-bruselas-para-que-espana-y-portugal-puedan-limitar-excepcionalmente-el-precio-de-electricidad-afp\/\" \/>\n\t\t<meta property=\"og:image\" content=\"https:\/\/energiesnet.com\/espanol\" \/>\n\t\t<meta property=\"og:image:secure_url\" content=\"https:\/\/energiesnet.com\/espanol\" \/>\n\t\t<meta property=\"article:published_time\" content=\"2022-04-29T05:55:21+00:00\" \/>\n\t\t<meta property=\"article:modified_time\" content=\"2022-04-29T05:55:23+00:00\" \/>\n\t\t<meta property=\"article:publisher\" content=\"https:\/\/www.facebook.com\/\/EnergiesNet\" \/>\n\t\t<meta name=\"twitter:card\" content=\"summary_large_image\" \/>\n\t\t<meta name=\"twitter:site\" content=\"@EnergiesNet1\" \/>\n\t\t<meta name=\"twitter:title\" content=\"Acuerdo en Bruselas para que Espa\u00f1a y Portugal puedan limitar excepcionalmente el precio de electricidad -AFP - EnergiestNet\" \/>\n\t\t<meta name=\"twitter:description\" content=\"AFP BRUSELAS EnergiesNet.com 27 04 2022 Espa\u00f1a y Portugal alcanzaron el martes un acuerdo con la Comisi\u00f3n Europea para limitar el precio de la electricidad en la pen\u00ednsula ib\u00e9rica al poner un tope al del gas. &quot;Espa\u00f1a y Portugal alcanzamos hoy un importante acuerdo con Bruselas para fijar un precio de referencia del gas y\" \/>\n\t\t<meta name=\"twitter:creator\" content=\"@EnergiesNet1\" \/>\n\t\t<meta name=\"twitter:image\" content=\"https:\/\/energiesnet.com\/espanol\" \/>\n\t\t<script type=\"application\/ld+json\" class=\"aioseo-schema\">\n\t\t\t{\"@context\":\"https:\\\/\\\/schema.org\",\"@graph\":[{\"@type\":\"BlogPosting\",\"@id\":\"https:\\\/\\\/energiesnet.com\\\/espanol\\\/acuerdo-en-bruselas-para-que-espana-y-portugal-puedan-limitar-excepcionalmente-el-precio-de-electricidad-afp\\\/#blogposting\",\"name\":\"Acuerdo en Bruselas para que Espa\\u00f1a y Portugal puedan limitar excepcionalmente el precio de electricidad -AFP - EnergiestNet\",\"headline\":\"Acuerdo en Bruselas para que Espa\\u00f1a y Portugal puedan limitar excepcionalmente el precio de electricidad -AFP\",\"author\":{\"@id\":\"https:\\\/\\\/energiesnet.com\\\/espanol\\\/author\\\/elioohep\\\/#author\"},\"publisher\":{\"@id\":\"https:\\\/\\\/energiesnet.com\\\/espanol\\\/#organization\"},\"image\":{\"@type\":\"ImageObject\",\"url\":\"https:\\\/\\\/energiesnet.com\\\/espanol\\\/wp-content\\\/uploads\\\/2022\\\/04\\\/gas_cooking_burner-afp.jpg\",\"width\":600,\"height\":400},\"datePublished\":\"2022-04-29T01:55:21-04:00\",\"dateModified\":\"2022-04-29T01:55:23-04:00\",\"inLanguage\":\"es-ES\",\"mainEntityOfPage\":{\"@id\":\"https:\\\/\\\/energiesnet.com\\\/espanol\\\/acuerdo-en-bruselas-para-que-espana-y-portugal-puedan-limitar-excepcionalmente-el-precio-de-electricidad-afp\\\/#webpage\"},\"isPartOf\":{\"@id\":\"https:\\\/\\\/energiesnet.com\\\/espanol\\\/acuerdo-en-bruselas-para-que-espana-y-portugal-puedan-limitar-excepcionalmente-el-precio-de-electricidad-afp\\\/#webpage\"},\"articleSection\":\"Noticias Diarias\"},{\"@type\":\"BreadcrumbList\",\"@id\":\"https:\\\/\\\/energiesnet.com\\\/espanol\\\/acuerdo-en-bruselas-para-que-espana-y-portugal-puedan-limitar-excepcionalmente-el-precio-de-electricidad-afp\\\/#breadcrumblist\",\"itemListElement\":[{\"@type\":\"ListItem\",\"@id\":\"https:\\\/\\\/energiesnet.com\\\/espanol#listItem\",\"position\":1,\"name\":\"Inicio\",\"item\":\"https:\\\/\\\/energiesnet.com\\\/espanol\",\"nextItem\":{\"@type\":\"ListItem\",\"@id\":\"https:\\\/\\\/energiesnet.com\\\/espanol\\\/category\\\/noticias-diarias\\\/#listItem\",\"name\":\"Noticias Diarias\"}},{\"@type\":\"ListItem\",\"@id\":\"https:\\\/\\\/energiesnet.com\\\/espanol\\\/category\\\/noticias-diarias\\\/#listItem\",\"position\":2,\"name\":\"Noticias Diarias\",\"item\":\"https:\\\/\\\/energiesnet.com\\\/espanol\\\/category\\\/noticias-diarias\\\/\",\"nextItem\":{\"@type\":\"ListItem\",\"@id\":\"https:\\\/\\\/energiesnet.com\\\/espanol\\\/acuerdo-en-bruselas-para-que-espana-y-portugal-puedan-limitar-excepcionalmente-el-precio-de-electricidad-afp\\\/#listItem\",\"name\":\"Acuerdo en Bruselas para que Espa\\u00f1a y Portugal puedan limitar excepcionalmente el precio de electricidad -AFP\"},\"previousItem\":{\"@type\":\"ListItem\",\"@id\":\"https:\\\/\\\/energiesnet.com\\\/espanol#listItem\",\"name\":\"Inicio\"}},{\"@type\":\"ListItem\",\"@id\":\"https:\\\/\\\/energiesnet.com\\\/espanol\\\/acuerdo-en-bruselas-para-que-espana-y-portugal-puedan-limitar-excepcionalmente-el-precio-de-electricidad-afp\\\/#listItem\",\"position\":3,\"name\":\"Acuerdo en Bruselas para que Espa\\u00f1a y Portugal puedan limitar excepcionalmente el precio de electricidad -AFP\",\"previousItem\":{\"@type\":\"ListItem\",\"@id\":\"https:\\\/\\\/energiesnet.com\\\/espanol\\\/category\\\/noticias-diarias\\\/#listItem\",\"name\":\"Noticias Diarias\"}}]},{\"@type\":\"Organization\",\"@id\":\"https:\\\/\\\/energiesnet.com\\\/espanol\\\/#organization\",\"name\":\"EnergiestNet\",\"description\":\"Latin America Energy, Oil ,  Gas & Renewals\",\"url\":\"https:\\\/\\\/energiesnet.com\\\/espanol\\\/\",\"telephone\":\"+584142763041\",\"logo\":{\"@type\":\"ImageObject\",\"url\":\"https:\\\/\\\/energiesnet.com\\\/espanol\\\/wp-content\\\/uploads\\\/2022\\\/12\\\/EnergiesNet-Logo-200.jpg\",\"@id\":\"https:\\\/\\\/energiesnet.com\\\/espanol\\\/acuerdo-en-bruselas-para-que-espana-y-portugal-puedan-limitar-excepcionalmente-el-precio-de-electricidad-afp\\\/#organizationLogo\",\"width\":200,\"height\":220},\"image\":{\"@id\":\"https:\\\/\\\/energiesnet.com\\\/espanol\\\/acuerdo-en-bruselas-para-que-espana-y-portugal-puedan-limitar-excepcionalmente-el-precio-de-electricidad-afp\\\/#organizationLogo\"},\"sameAs\":[\"https:\\\/\\\/www.facebook.com\\\/\\\/EnergiesNet\",\"https:\\\/\\\/twitter.com\\\/EnergiesNet1\",\"https:\\\/\\\/www.instagram.com\\\/energiesnet\\\/\",\"https:\\\/\\\/linkedin.com\\\/in\\\/elio-ohep-a465b78\"]},{\"@type\":\"Person\",\"@id\":\"https:\\\/\\\/energiesnet.com\\\/espanol\\\/author\\\/elioohep\\\/#author\",\"url\":\"https:\\\/\\\/energiesnet.com\\\/espanol\\\/author\\\/elioohep\\\/\",\"name\":\"EnergiesNet\",\"image\":{\"@type\":\"ImageObject\",\"@id\":\"https:\\\/\\\/energiesnet.com\\\/espanol\\\/acuerdo-en-bruselas-para-que-espana-y-portugal-puedan-limitar-excepcionalmente-el-precio-de-electricidad-afp\\\/#authorImage\",\"url\":\"https:\\\/\\\/secure.gravatar.com\\\/avatar\\\/5412deb1089370e2bdf1d1310563df78bf3dc9f9e388ca5748bced95cfdb664b?s=96&d=mm&r=g\",\"width\":96,\"height\":96,\"caption\":\"EnergiesNet\"}},{\"@type\":\"WebPage\",\"@id\":\"https:\\\/\\\/energiesnet.com\\\/espanol\\\/acuerdo-en-bruselas-para-que-espana-y-portugal-puedan-limitar-excepcionalmente-el-precio-de-electricidad-afp\\\/#webpage\",\"url\":\"https:\\\/\\\/energiesnet.com\\\/espanol\\\/acuerdo-en-bruselas-para-que-espana-y-portugal-puedan-limitar-excepcionalmente-el-precio-de-electricidad-afp\\\/\",\"name\":\"Acuerdo en Bruselas para que Espa\\u00f1a y Portugal puedan limitar excepcionalmente el precio de electricidad -AFP - EnergiestNet\",\"description\":\"AFP BRUSELAS EnergiesNet.com 27 04 2022 Espa\\u00f1a y Portugal alcanzaron el martes un acuerdo con la Comisi\\u00f3n Europea para limitar el precio de la electricidad en la pen\\u00ednsula ib\\u00e9rica al poner un tope al del gas. \\\"Espa\\u00f1a y Portugal alcanzamos hoy un importante acuerdo con Bruselas para fijar un precio de referencia del gas y\",\"inLanguage\":\"es-ES\",\"isPartOf\":{\"@id\":\"https:\\\/\\\/energiesnet.com\\\/espanol\\\/#website\"},\"breadcrumb\":{\"@id\":\"https:\\\/\\\/energiesnet.com\\\/espanol\\\/acuerdo-en-bruselas-para-que-espana-y-portugal-puedan-limitar-excepcionalmente-el-precio-de-electricidad-afp\\\/#breadcrumblist\"},\"author\":{\"@id\":\"https:\\\/\\\/energiesnet.com\\\/espanol\\\/author\\\/elioohep\\\/#author\"},\"creator\":{\"@id\":\"https:\\\/\\\/energiesnet.com\\\/espanol\\\/author\\\/elioohep\\\/#author\"},\"image\":{\"@type\":\"ImageObject\",\"url\":\"https:\\\/\\\/energiesnet.com\\\/espanol\\\/wp-content\\\/uploads\\\/2022\\\/04\\\/gas_cooking_burner-afp.jpg\",\"@id\":\"https:\\\/\\\/energiesnet.com\\\/espanol\\\/acuerdo-en-bruselas-para-que-espana-y-portugal-puedan-limitar-excepcionalmente-el-precio-de-electricidad-afp\\\/#mainImage\",\"width\":600,\"height\":400},\"primaryImageOfPage\":{\"@id\":\"https:\\\/\\\/energiesnet.com\\\/espanol\\\/acuerdo-en-bruselas-para-que-espana-y-portugal-puedan-limitar-excepcionalmente-el-precio-de-electricidad-afp\\\/#mainImage\"},\"datePublished\":\"2022-04-29T01:55:21-04:00\",\"dateModified\":\"2022-04-29T01:55:23-04:00\"},{\"@type\":\"WebSite\",\"@id\":\"https:\\\/\\\/energiesnet.com\\\/espanol\\\/#website\",\"url\":\"https:\\\/\\\/energiesnet.com\\\/espanol\\\/\",\"name\":\"EnergiestNet\",\"description\":\"Latin America Energy, Oil ,  Gas & Renewals\",\"inLanguage\":\"es-ES\",\"publisher\":{\"@id\":\"https:\\\/\\\/energiesnet.com\\\/espanol\\\/#organization\"}}]}\n\t\t<\/script>\n\t\t<!-- All in One SEO -->\n\n","aioseo_head_json":{"title":"Acuerdo en Bruselas para que Espa\u00f1a y Portugal puedan limitar excepcionalmente el precio de electricidad -AFP - EnergiestNet","description":"AFP BRUSELAS EnergiesNet.com 27 04 2022 Espa\u00f1a y Portugal alcanzaron el martes un acuerdo con la Comisi\u00f3n Europea para limitar el precio de la electricidad en la pen\u00ednsula ib\u00e9rica al poner un tope al del gas. \"Espa\u00f1a y Portugal alcanzamos hoy un importante acuerdo con Bruselas para fijar un precio de referencia del gas y","canonical_url":"https:\/\/energiesnet.com\/espanol\/acuerdo-en-bruselas-para-que-espana-y-portugal-puedan-limitar-excepcionalmente-el-precio-de-electricidad-afp\/","robots":"max-image-preview:large","keywords":"","webmasterTools":{"miscellaneous":""},"schema":{"@context":"https:\/\/schema.org","@graph":[{"@type":"BlogPosting","@id":"https:\/\/energiesnet.com\/espanol\/acuerdo-en-bruselas-para-que-espana-y-portugal-puedan-limitar-excepcionalmente-el-precio-de-electricidad-afp\/#blogposting","name":"Acuerdo en Bruselas para que Espa\u00f1a y Portugal puedan limitar excepcionalmente el precio de electricidad -AFP - EnergiestNet","headline":"Acuerdo en Bruselas para que Espa\u00f1a y Portugal puedan limitar excepcionalmente el precio de electricidad -AFP","author":{"@id":"https:\/\/energiesnet.com\/espanol\/author\/elioohep\/#author"},"publisher":{"@id":"https:\/\/energiesnet.com\/espanol\/#organization"},"image":{"@type":"ImageObject","url":"https:\/\/energiesnet.com\/espanol\/wp-content\/uploads\/2022\/04\/gas_cooking_burner-afp.jpg","width":600,"height":400},"datePublished":"2022-04-29T01:55:21-04:00","dateModified":"2022-04-29T01:55:23-04:00","inLanguage":"es-ES","mainEntityOfPage":{"@id":"https:\/\/energiesnet.com\/espanol\/acuerdo-en-bruselas-para-que-espana-y-portugal-puedan-limitar-excepcionalmente-el-precio-de-electricidad-afp\/#webpage"},"isPartOf":{"@id":"https:\/\/energiesnet.com\/espanol\/acuerdo-en-bruselas-para-que-espana-y-portugal-puedan-limitar-excepcionalmente-el-precio-de-electricidad-afp\/#webpage"},"articleSection":"Noticias Diarias"},{"@type":"BreadcrumbList","@id":"https:\/\/energiesnet.com\/espanol\/acuerdo-en-bruselas-para-que-espana-y-portugal-puedan-limitar-excepcionalmente-el-precio-de-electricidad-afp\/#breadcrumblist","itemListElement":[{"@type":"ListItem","@id":"https:\/\/energiesnet.com\/espanol#listItem","position":1,"name":"Inicio","item":"https:\/\/energiesnet.com\/espanol","nextItem":{"@type":"ListItem","@id":"https:\/\/energiesnet.com\/espanol\/category\/noticias-diarias\/#listItem","name":"Noticias Diarias"}},{"@type":"ListItem","@id":"https:\/\/energiesnet.com\/espanol\/category\/noticias-diarias\/#listItem","position":2,"name":"Noticias Diarias","item":"https:\/\/energiesnet.com\/espanol\/category\/noticias-diarias\/","nextItem":{"@type":"ListItem","@id":"https:\/\/energiesnet.com\/espanol\/acuerdo-en-bruselas-para-que-espana-y-portugal-puedan-limitar-excepcionalmente-el-precio-de-electricidad-afp\/#listItem","name":"Acuerdo en Bruselas para que Espa\u00f1a y Portugal puedan limitar excepcionalmente el precio de electricidad -AFP"},"previousItem":{"@type":"ListItem","@id":"https:\/\/energiesnet.com\/espanol#listItem","name":"Inicio"}},{"@type":"ListItem","@id":"https:\/\/energiesnet.com\/espanol\/acuerdo-en-bruselas-para-que-espana-y-portugal-puedan-limitar-excepcionalmente-el-precio-de-electricidad-afp\/#listItem","position":3,"name":"Acuerdo en Bruselas para que Espa\u00f1a y Portugal puedan limitar excepcionalmente el precio de electricidad -AFP","previousItem":{"@type":"ListItem","@id":"https:\/\/energiesnet.com\/espanol\/category\/noticias-diarias\/#listItem","name":"Noticias Diarias"}}]},{"@type":"Organization","@id":"https:\/\/energiesnet.com\/espanol\/#organization","name":"EnergiestNet","description":"Latin America Energy, Oil ,  Gas & Renewals","url":"https:\/\/energiesnet.com\/espanol\/","telephone":"+584142763041","logo":{"@type":"ImageObject","url":"https:\/\/energiesnet.com\/espanol\/wp-content\/uploads\/2022\/12\/EnergiesNet-Logo-200.jpg","@id":"https:\/\/energiesnet.com\/espanol\/acuerdo-en-bruselas-para-que-espana-y-portugal-puedan-limitar-excepcionalmente-el-precio-de-electricidad-afp\/#organizationLogo","width":200,"height":220},"image":{"@id":"https:\/\/energiesnet.com\/espanol\/acuerdo-en-bruselas-para-que-espana-y-portugal-puedan-limitar-excepcionalmente-el-precio-de-electricidad-afp\/#organizationLogo"},"sameAs":["https:\/\/www.facebook.com\/\/EnergiesNet","https:\/\/twitter.com\/EnergiesNet1","https:\/\/www.instagram.com\/energiesnet\/","https:\/\/linkedin.com\/in\/elio-ohep-a465b78"]},{"@type":"Person","@id":"https:\/\/energiesnet.com\/espanol\/author\/elioohep\/#author","url":"https:\/\/energiesnet.com\/espanol\/author\/elioohep\/","name":"EnergiesNet","image":{"@type":"ImageObject","@id":"https:\/\/energiesnet.com\/espanol\/acuerdo-en-bruselas-para-que-espana-y-portugal-puedan-limitar-excepcionalmente-el-precio-de-electricidad-afp\/#authorImage","url":"https:\/\/secure.gravatar.com\/avatar\/5412deb1089370e2bdf1d1310563df78bf3dc9f9e388ca5748bced95cfdb664b?s=96&d=mm&r=g","width":96,"height":96,"caption":"EnergiesNet"}},{"@type":"WebPage","@id":"https:\/\/energiesnet.com\/espanol\/acuerdo-en-bruselas-para-que-espana-y-portugal-puedan-limitar-excepcionalmente-el-precio-de-electricidad-afp\/#webpage","url":"https:\/\/energiesnet.com\/espanol\/acuerdo-en-bruselas-para-que-espana-y-portugal-puedan-limitar-excepcionalmente-el-precio-de-electricidad-afp\/","name":"Acuerdo en Bruselas para que Espa\u00f1a y Portugal puedan limitar excepcionalmente el precio de electricidad -AFP - EnergiestNet","description":"AFP BRUSELAS EnergiesNet.com 27 04 2022 Espa\u00f1a y Portugal alcanzaron el martes un acuerdo con la Comisi\u00f3n Europea para limitar el precio de la electricidad en la pen\u00ednsula ib\u00e9rica al poner un tope al del gas. \"Espa\u00f1a y Portugal alcanzamos hoy un importante acuerdo con Bruselas para fijar un precio de referencia del gas y","inLanguage":"es-ES","isPartOf":{"@id":"https:\/\/energiesnet.com\/espanol\/#website"},"breadcrumb":{"@id":"https:\/\/energiesnet.com\/espanol\/acuerdo-en-bruselas-para-que-espana-y-portugal-puedan-limitar-excepcionalmente-el-precio-de-electricidad-afp\/#breadcrumblist"},"author":{"@id":"https:\/\/energiesnet.com\/espanol\/author\/elioohep\/#author"},"creator":{"@id":"https:\/\/energiesnet.com\/espanol\/author\/elioohep\/#author"},"image":{"@type":"ImageObject","url":"https:\/\/energiesnet.com\/espanol\/wp-content\/uploads\/2022\/04\/gas_cooking_burner-afp.jpg","@id":"https:\/\/energiesnet.com\/espanol\/acuerdo-en-bruselas-para-que-espana-y-portugal-puedan-limitar-excepcionalmente-el-precio-de-electricidad-afp\/#mainImage","width":600,"height":400},"primaryImageOfPage":{"@id":"https:\/\/energiesnet.com\/espanol\/acuerdo-en-bruselas-para-que-espana-y-portugal-puedan-limitar-excepcionalmente-el-precio-de-electricidad-afp\/#mainImage"},"datePublished":"2022-04-29T01:55:21-04:00","dateModified":"2022-04-29T01:55:23-04:00"},{"@type":"WebSite","@id":"https:\/\/energiesnet.com\/espanol\/#website","url":"https:\/\/energiesnet.com\/espanol\/","name":"EnergiestNet","description":"Latin America Energy, Oil ,  Gas & Renewals","inLanguage":"es-ES","publisher":{"@id":"https:\/\/energiesnet.com\/espanol\/#organization"}}]},"og:locale":"es_ES","og:site_name":"EnergiestNet - Latin America Energy, Oil ,  Gas &amp; Renewals","og:type":"article","og:title":"Acuerdo en Bruselas para que Espa\u00f1a y Portugal puedan limitar excepcionalmente el precio de electricidad -AFP - EnergiestNet","og:description":"AFP BRUSELAS EnergiesNet.com 27 04 2022 Espa\u00f1a y Portugal alcanzaron el martes un acuerdo con la Comisi\u00f3n Europea para limitar el precio de la electricidad en la pen\u00ednsula ib\u00e9rica al poner un tope al del gas. &quot;Espa\u00f1a y Portugal alcanzamos hoy un importante acuerdo con Bruselas para fijar un precio de referencia del gas y","og:url":"https:\/\/energiesnet.com\/espanol\/acuerdo-en-bruselas-para-que-espana-y-portugal-puedan-limitar-excepcionalmente-el-precio-de-electricidad-afp\/","og:image":"https:\/\/energiesnet.com\/espanol","og:image:secure_url":"https:\/\/energiesnet.com\/espanol","article:published_time":"2022-04-29T05:55:21+00:00","article:modified_time":"2022-04-29T05:55:23+00:00","article:publisher":"https:\/\/www.facebook.com\/\/EnergiesNet","twitter:card":"summary_large_image","twitter:site":"@EnergiesNet1","twitter:title":"Acuerdo en Bruselas para que Espa\u00f1a y Portugal puedan limitar excepcionalmente el precio de electricidad -AFP - EnergiestNet","twitter:description":"AFP BRUSELAS EnergiesNet.com 27 04 2022 Espa\u00f1a y Portugal alcanzaron el martes un acuerdo con la Comisi\u00f3n Europea para limitar el precio de la electricidad en la pen\u00ednsula ib\u00e9rica al poner un tope al del gas. &quot;Espa\u00f1a y Portugal alcanzamos hoy un importante acuerdo con Bruselas para fijar un precio de referencia del gas y","twitter:creator":"@EnergiesNet1","twitter:image":"https:\/\/energiesnet.com\/espanol"},"aioseo_meta_data":{"post_id":"7898","title":null,"description":null,"keywords":null,"keyphrases":null,"primary_term":null,"canonical_url":null,"og_title":null,"og_description":null,"og_object_type":"default","og_image_type":"default","og_image_url":null,"og_image_width":null,"og_image_height":null,"og_image_custom_url":null,"og_image_custom_fields":null,"og_video":null,"og_custom_url":null,"og_article_section":null,"og_article_tags":null,"twitter_use_og":false,"twitter_card":"default","twitter_image_type":"default","twitter_image_url":null,"twitter_image_custom_url":null,"twitter_image_custom_fields":null,"twitter_title":null,"twitter_description":null,"schema":{"blockGraphs":[],"customGraphs":[],"default":{"data":{"Article":[],"Course":[],"Dataset":[],"FAQPage":[],"Movie":[],"Person":[],"Product":[],"ProductReview":[],"Car":[],"Recipe":[],"Service":[],"SoftwareApplication":[],"WebPage":[]},"graphName":"","isEnabled":true},"graphs":[]},"schema_type":"default","schema_type_options":null,"pillar_content":false,"robots_default":true,"robots_noindex":false,"robots_noarchive":false,"robots_nosnippet":false,"robots_nofollow":false,"robots_noimageindex":false,"robots_noodp":false,"robots_notranslate":false,"robots_max_snippet":null,"robots_max_videopreview":null,"robots_max_imagepreview":"large","priority":null,"frequency":null,"local_seo":null,"breadcrumb_settings":null,"limit_modified_date":false,"ai":null,"created":"2022-12-14 14:10:11","updated":"2025-06-04 11:24:24","seo_analyzer_scan_date":null,"focus_keyword":null,"additional_keywords":null,"truseo_locale":null},"aioseo_breadcrumb":"<div class=\"aioseo-breadcrumbs\"><span class=\"aioseo-breadcrumb\">\n\t\t\t<a href=\"https:\/\/energiesnet.com\/espanol\" title=\"Inicio\">Inicio<\/a>\n\t\t<\/span><span class=\"aioseo-breadcrumb-separator\">&raquo;<\/span><span class=\"aioseo-breadcrumb\">\n\t\t\t<a href=\"https:\/\/energiesnet.com\/espanol\/category\/noticias-diarias\/\" title=\"Noticias Diarias\">Noticias Diarias<\/a>\n\t\t<\/span><span class=\"aioseo-breadcrumb-separator\">&raquo;<\/span><span class=\"aioseo-breadcrumb\">\n\t\t\tAcuerdo en Bruselas para que Espa\u00f1a y Portugal puedan limitar excepcionalmente el precio de electricidad -AFP\n\t\t<\/span><\/div>","aioseo_breadcrumb_json":[{"label":"Inicio","link":"https:\/\/energiesnet.com\/espanol"},{"label":"Noticias Diarias","link":"https:\/\/energiesnet.com\/espanol\/category\/noticias-diarias\/"},{"label":"Acuerdo en Bruselas para que Espa\u00f1a y Portugal puedan limitar excepcionalmente el precio de electricidad -AFP","link":"https:\/\/energiesnet.com\/espanol\/acuerdo-en-bruselas-para-que-espana-y-portugal-puedan-limitar-excepcionalmente-el-precio-de-electricidad-afp\/"}],"_links":{"self":[{"href":"https:\/\/energiesnet.com\/espanol\/wp-json\/wp\/v2\/posts\/7898","targetHints":{"allow":["GET"]}}],"collection":[{"href":"https:\/\/energiesnet.com\/espanol\/wp-json\/wp\/v2\/posts"}],"about":[{"href":"https:\/\/energiesnet.com\/espanol\/wp-json\/wp\/v2\/types\/post"}],"author":[{"embeddable":true,"href":"https:\/\/energiesnet.com\/espanol\/wp-json\/wp\/v2\/users\/2"}],"replies":[{"embeddable":true,"href":"https:\/\/energiesnet.com\/espanol\/wp-json\/wp\/v2\/comments?post=7898"}],"version-history":[{"count":0,"href":"https:\/\/energiesnet.com\/espanol\/wp-json\/wp\/v2\/posts\/7898\/revisions"}],"wp:featuredmedia":[{"embeddable":true,"href":"https:\/\/energiesnet.com\/espanol\/wp-json\/wp\/v2\/media\/7899"}],"wp:attachment":[{"href":"https:\/\/energiesnet.com\/espanol\/wp-json\/wp\/v2\/media?parent=7898"}],"wp:term":[{"taxonomy":"category","embeddable":true,"href":"https:\/\/energiesnet.com\/espanol\/wp-json\/wp\/v2\/categories?post=7898"},{"taxonomy":"post_tag","embeddable":true,"href":"https:\/\/energiesnet.com\/espanol\/wp-json\/wp\/v2\/tags?post=7898"}],"curies":[{"name":"wp","href":"https:\/\/api.w.org\/{rel}","templated":true}]}}