{"id":9036,"date":"2022-06-09T02:49:41","date_gmt":"2022-06-09T06:49:41","guid":{"rendered":"https:\/\/energiesnet.com\/espanol\/?p=9036"},"modified":"2022-06-09T02:50:32","modified_gmt":"2022-06-09T06:50:32","slug":"biden-presenta-en-la-cumbre-de-las-americas-la-alianza-de-las-americas-para-la-prosperidad-economica","status":"publish","type":"post","link":"https:\/\/energiesnet.com\/espanol\/biden-presenta-en-la-cumbre-de-las-americas-la-alianza-de-las-americas-para-la-prosperidad-economica\/","title":{"rendered":"Biden presenta en la cumbre de las Am\u00e9ricas, la \u00abAlianza de las Am\u00e9ricas para la Prosperidad Econ\u00f3mica\u00bb -Reuters"},"content":{"rendered":"\n<figure class=\"wp-block-image size-full\"><img fetchpriority=\"high\" decoding=\"async\" width=\"600\" height=\"407\" src=\"https:\/\/energiesnet.com\/espanol\/wp-content\/uploads\/2022\/06\/boric_summit_la_2022-rtr.jpg\" alt=\"\" class=\"wp-image-9037\" srcset=\"https:\/\/energiesnet.com\/espanol\/wp-content\/uploads\/2022\/06\/boric_summit_la_2022-rtr.jpg 600w, https:\/\/energiesnet.com\/espanol\/wp-content\/uploads\/2022\/06\/boric_summit_la_2022-rtr-300x204.jpg 300w\" sizes=\"(max-width: 600px) 100vw, 600px\" \/><figcaption>El presidente de Chile, Gabriel Boric, llega a la novena Cumbre de las Am\u00e9ricas, en Los \u00c1ngeles, California, Estados Unidos, el 8 de junio de 2022. (Lucy Nicholson\/Reuters)<\/figcaption><\/figure>\n\n\n\n<p class=\"wp-block-paragraph\">Trevor Hunnicutt, Daina Beth Solomon y Matt Spetalnick, Reuters  <\/p>\n\n\n\n<p class=\"wp-block-paragraph\">LOS ANGELES  <br>EnergiesNet.com 09 06 2022  <\/p>\n\n\n\n<p class=\"wp-block-paragraph\">El presidente Joe Biden anunci\u00f3 el mi\u00e9rcoles una propuesta de nueva asociaci\u00f3n econ\u00f3mica de Estados Unidos con Am\u00e9rica Latina destinada a contrarrestar el creciente peso de China, en el inicio de una cumbre regional empa\u00f1ada por la discordia y los desaires sobre la lista de invitados.<\/p>\n\n\n\n<p class=\"wp-block-paragraph\">Como anfitri\u00f3n de la Cumbre de las Am\u00e9ricas en Los \u00c1ngeles, Biden trat\u00f3 de asegurar a los l\u00edderes reunidos el compromiso de su administraci\u00f3n con la regi\u00f3n, a pesar de las persistentes preocupaciones de que Washington, a veces, sigue tratando de dictar a sus vecinos m\u00e1s pobres del sur.<br><br>La lista de jefes de Estado y de Gobierno que asistieron a la reuni\u00f3n se redujo a 21 despu\u00e9s de que Biden excluyera a Cuba, Venezuela y Nicaragua, lo que provoc\u00f3 que el presidente mexicano Andr\u00e9s Manuel L\u00f3pez Obrador y varios otros l\u00edderes se mantuvieran al margen en se\u00f1al de protesta.<\/p>\n\n\n\n<figure class=\"wp-block-image size-full\"><img decoding=\"async\" width=\"600\" height=\"414\" src=\"https:\/\/energiesnet.com\/espanol\/wp-content\/uploads\/2022\/06\/biden_americas_summit-rtr.jpg\" alt=\"\" class=\"wp-image-9038\" srcset=\"https:\/\/energiesnet.com\/espanol\/wp-content\/uploads\/2022\/06\/biden_americas_summit-rtr.jpg 600w, https:\/\/energiesnet.com\/espanol\/wp-content\/uploads\/2022\/06\/biden_americas_summit-rtr-300x207.jpg 300w\" sizes=\"(max-width: 600px) 100vw, 600px\" \/><figcaption>El presidente de Estados Unidos, Joe Biden, y la primera dama, Jill Biden, llegan al interior de la sede de la novena Cumbre de las Am\u00e9ricas, en Los \u00c1ngeles, California, Estados Unidos, el 8 de junio de 2022. (Kevin Lamarque\/Reuters)<\/figcaption><\/figure>\n\n\n\n<p class=\"wp-block-paragraph\">\u00abTenemos que invertir en asegurar que nuestro comercio sea sostenible y responsable en la creaci\u00f3n de cadenas de suministro que sean m\u00e1s resistentes, m\u00e1s seguras y m\u00e1s sostenibles\u00bb, dijo Biden en la ceremonia de apertura de la gala.<br><br>Biden est\u00e1 tratando de presentar a los pa\u00edses latinoamericanos una alternativa a China que exige un mayor compromiso econ\u00f3mico de EE.UU., incluyendo m\u00e1s inversiones y la construcci\u00f3n de acuerdos comerciales existentes.<\/p>\n\n\n\n<p class=\"wp-block-paragraph\">Sin embargo, su \u00abAlianza de las Am\u00e9ricas para la Prosperidad Econ\u00f3mica\u00bb, que todav\u00eda parece ser un trabajo en curso, no llega a ofrecer una reducci\u00f3n de aranceles y, seg\u00fan un alto funcionario de la administraci\u00f3n, se centrar\u00e1 inicialmente en \u00absocios afines\u00bb que ya tienen acuerdos comerciales con Estados Unidos. Se espera que las negociaciones comiencen a principios de oto\u00f1o, a\u00f1adi\u00f3 el funcionario.<br><br>Biden esboz\u00f3 su plan al lanzar la cumbre, que fue concebida como una plataforma para mostrar el liderazgo de Estados Unidos en la reactivaci\u00f3n de las econom\u00edas latinoamericanas y en la lucha contra los niveles r\u00e9cord de migraci\u00f3n irregular en la frontera entre Estados Unidos y M\u00e9xico.<\/p>\n\n\n\n<figure class=\"wp-block-image size-full is-resized\"><img decoding=\"async\" src=\"https:\/\/energiesnet.com\/espanol\/wp-content\/uploads\/2022\/06\/duque_buden_amercias_summit-rtr.jpg\" alt=\"\" class=\"wp-image-9039\" width=\"600\" height=\"407\" srcset=\"https:\/\/energiesnet.com\/espanol\/wp-content\/uploads\/2022\/06\/duque_buden_amercias_summit-rtr.jpg 600w, https:\/\/energiesnet.com\/espanol\/wp-content\/uploads\/2022\/06\/duque_buden_amercias_summit-rtr-300x204.jpg 300w\" sizes=\"(max-width: 600px) 100vw, 600px\" \/><figcaption>El presidente de Estados Unidos, Joe Biden, y la primera dama, Jill Biden, reciben al presidente de Colombia, Iv\u00e1n Duque, durante la Cumbre de las Am\u00e9ricas, en Los \u00c1ngeles, California, Estados Unidos, el 8 de junio de 2022. (Kevin Lamarque\/Reuters)<\/figcaption><\/figure>\n\n\n\n<p class=\"wp-block-paragraph\">Pero su agenda se ha visto socavada por el boicot parcial de los l\u00edderes molestos por la decisi\u00f3n de Washington de prescindir de sus principales antagonistas de izquierda en la regi\u00f3n.<\/p>\n\n\n\n<p class=\"wp-block-paragraph\">Por ello, Biden se encontr\u00f3 con un contingente de ministros de Asuntos Exteriores m\u00e1s numeroso de lo normal, que sustitu\u00eda a sus l\u00edderes nacionales, mientras los dignatarios que llegaban caminaban uno a uno por una alfombra roja flanqueada por una guardia de honor militar.<\/p>\n\n\n\n<figure class=\"wp-block-image size-full\"><img loading=\"lazy\" decoding=\"async\" width=\"600\" height=\"404\" src=\"https:\/\/energiesnet.com\/espanol\/wp-content\/uploads\/2022\/06\/mayta_bolivia_biden_amercias_summit-rtr.jpg\" alt=\"\" class=\"wp-image-9040\" srcset=\"https:\/\/energiesnet.com\/espanol\/wp-content\/uploads\/2022\/06\/mayta_bolivia_biden_amercias_summit-rtr.jpg 600w, https:\/\/energiesnet.com\/espanol\/wp-content\/uploads\/2022\/06\/mayta_bolivia_biden_amercias_summit-rtr-300x202.jpg 300w\" sizes=\"(max-width: 600px) 100vw, 600px\" \/><figcaption>El presidente de Estados Unidos, Joe Biden, acompa\u00f1ado de la primera dama, Jill Biden, saluda al ministro de Relaciones Exteriores de Bolivia, Rogelio Mayta, durante la Cumbre de las Am\u00e9ricas, en Los \u00c1ngeles, California, Estados Unidos, el 8 de junio de 2022. (Kevin Lamarque\/Reuters)<\/figcaption><\/figure>\n\n\n\n<p class=\"wp-block-paragraph\">Las autoridades estadounidenses esperan que la cumbre y una reuni\u00f3n paralela de ejecutivos de empresas puedan allanar el camino para una mayor cooperaci\u00f3n, ya que los gobiernos que se enfrentan a una mayor inflaci\u00f3n trabajan para acercar las cadenas de suministro estiradas por la pandemia del COVID-19.<\/p>\n\n\n\n<p class=\"wp-block-paragraph\">Biden tambi\u00e9n aprovech\u00f3 su discurso para adelantar una declaraci\u00f3n de la cumbre sobre migraci\u00f3n que se presentar\u00e1 el viernes, y la calific\u00f3 de \u00abnuevo enfoque innovador e integrado\u00bb con responsabilidad compartida en todo el hemisferio. Pero dio pocos detalles.<\/p>\n\n\n\n<figure class=\"wp-block-image size-full\"><img loading=\"lazy\" decoding=\"async\" width=\"600\" height=\"398\" src=\"https:\/\/energiesnet.com\/espanol\/wp-content\/uploads\/2022\/06\/biden_trudeau_summit_amercias_rtr.jpg\" alt=\"\" class=\"wp-image-9041\" srcset=\"https:\/\/energiesnet.com\/espanol\/wp-content\/uploads\/2022\/06\/biden_trudeau_summit_amercias_rtr.jpg 600w, https:\/\/energiesnet.com\/espanol\/wp-content\/uploads\/2022\/06\/biden_trudeau_summit_amercias_rtr-300x199.jpg 300w\" sizes=\"(max-width: 600px) 100vw, 600px\" \/><figcaption>El presidente de Estados Unidos, Joe Biden, y la primera dama, Jill Biden, posan con el primer ministro de Canad\u00e1, Justin Trudeau, y su esposa, Sophie Gregoire Trudeau, durante la Cumbre de las Am\u00e9ricas, en Los \u00c1ngeles, California, Estados Unidos, el 8 de junio de 2022. (Daniel Becerril\/Reuters)<\/figcaption><\/figure>\n\n\n\n<p class=\"wp-block-paragraph\">Mientras Biden se ocupa de prioridades como los tiroteos masivos, la alta inflaci\u00f3n y la guerra de Ucrania, el funcionario estadounidense dijo que el presidente busca presionar los objetivos competitivos de la administraci\u00f3n contra China con el lanzamiento de la nueva asociaci\u00f3n para la regi\u00f3n.<\/p>\n\n\n\n<p class=\"wp-block-paragraph\">El plan estadounidense tambi\u00e9n propone revitalizar el Banco Interamericano de Desarrollo y crear puestos de trabajo de energ\u00eda limpia<\/p>\n\n\n\n<p class=\"wp-block-paragraph\">Sin embargo, la administraci\u00f3n parece actuar con cautela, consciente de que una iniciativa que promueve el empleo en el extranjero podr\u00eda enfrentarse a la presi\u00f3n proteccionista de Estados Unidos.<\/p>\n\n\n\n<p class=\"wp-block-paragraph\">EL RETO DE CHINA<br><br>El desaf\u00edo de China es claramente una consideraci\u00f3n importante.<\/p>\n\n\n\n<p class=\"wp-block-paragraph\">China ha ampliado la brecha con respecto a Estados Unidos en t\u00e9rminos comerciales en gran parte de Am\u00e9rica Latina desde que Biden asumi\u00f3 el cargo en enero de 2021, seg\u00fan muestran los datos.<\/p>\n\n\n\n<p class=\"wp-block-paragraph\">Un an\u00e1lisis exclusivo de Reuters de los datos comerciales de la ONU entre 2015 y 2021 muestra que fuera de M\u00e9xico, el principal socio comercial de Estados Unidos, China ha superado a Estados Unidos en Am\u00e9rica Latina y aument\u00f3 su ventaja el a\u00f1o pasado. leer m\u00e1s<\/p>\n\n\n\n<p class=\"wp-block-paragraph\">\u00abEl mejor ant\u00eddoto para las incursiones de China en la regi\u00f3n es asegurar que estamos impulsando nuestra propia visi\u00f3n afirmativa para la regi\u00f3n econ\u00f3micamente\u00bb, dijo el funcionario de la administraci\u00f3n.<\/p>\n\n\n\n<p class=\"wp-block-paragraph\">Los ayudantes de Biden han enmarcado la cumbre como una oportunidad para que Estados Unidos reafirme su liderazgo en Am\u00e9rica Latina despu\u00e9s de a\u00f1os de abandono comparativo bajo su predecesor Donald Trump.<\/p>\n\n\n\n<p class=\"wp-block-paragraph\">Pero las tensiones diplom\u00e1ticas estallaron esta semana cuando Washington opt\u00f3 por no invitar a los tres pa\u00edses que, seg\u00fan dice, violan los derechos humanos y los valores democr\u00e1ticos.<\/p>\n\n\n\n<p class=\"wp-block-paragraph\">Rebatido en su exigencia de que todos los pa\u00edses deben ser invitados, L\u00f3pez Obrador dijo que se mantendr\u00eda al margen, desviando la atenci\u00f3n de los objetivos de la administraci\u00f3n estadounidense y hacia las divisiones regionales.<\/p>\n\n\n\n<p class=\"wp-block-paragraph\">El asesor de seguridad nacional de Biden, Jake Sullivan, dijo a los periodistas que la decisi\u00f3n de algunos l\u00edderes de no asistir reflejaba sus propias \u00abdecisiones idiosincr\u00e1sicas\u00bb y que a\u00fan as\u00ed se llevar\u00eda a cabo un trabajo sustantivo.<\/p>\n\n\n\n<p class=\"wp-block-paragraph\">El presidente cubano Miguel D\u00edaz-Canel dijo que Estados Unidos carec\u00eda de \u00abautoridad moral\u00bb para dar lecciones de democracia y agradeci\u00f3 a L\u00f3pez Obrador su \u00absolidaridad\u00bb.<\/p>\n\n\n\n<p class=\"wp-block-paragraph\">Los l\u00edderes de Guatemala y Honduras, dos de los pa\u00edses que m\u00e1s migrantes env\u00edan a Estados Unidos, tambi\u00e9n se quedaron en casa, lo que plante\u00f3 dudas sobre la importancia de la pr\u00f3xima declaraci\u00f3n conjunta sobre migraci\u00f3n.<\/p>\n\n\n\n<p class=\"wp-block-paragraph\">Aun as\u00ed, los l\u00edderes de m\u00e1s de 20 pa\u00edses, incluidos Canad\u00e1, Brasil y Argentina, asisten a la cumbre, organizada por Estados Unidos por primera vez desde su sesi\u00f3n inaugural en 1994.<\/p>\n\n\n\n<p class=\"wp-block-paragraph\">Biden aprovechar\u00e1 una reuni\u00f3n el jueves con el presidente brasile\u00f1o Jair Bolsonaro para hablar sobre el cambio clim\u00e1tico y tambi\u00e9n tratar\u00e1 el tema de las \u00abelecciones abiertas, transparentes y democr\u00e1ticas\u00bb en Brasil. <\/p>\n\n\n\n<p class=\"wp-block-paragraph\">Bolsonaro, un populista admirador de Trump que ha tenido relaciones fr\u00edas con Biden, ha planteado dudas sobre el sistema de votaci\u00f3n de Brasil, sin aportar pruebas, antes de las elecciones de octubre que, seg\u00fan las encuestas, perder\u00e1 frente a su rival de izquierdas Luiz Inacio Lula da Silva.<\/p>\n\n\n\n<p class=\"wp-block-paragraph\"><\/p>\n\n\n\n<p class=\"wp-block-paragraph\">Reporte de Trevor Hunnicutt, Daina Beth Solomon, Matt Spetalnick, Dave Graham y Humeyra Pamuk; informaci\u00f3n adicional de Jeff Mason, Steve Holland y Dave Sherwood; redacci\u00f3n de Matt Spetalnick y Dave Graham; edici\u00f3n de Grant McCool y Richard Pullin. Traducci\u00f3n de Elio Ohep, Editor EnergiesNet.com <\/p>\n\n\n\n<p class=\"wp-block-paragraph\">reuters.com 09 06 2022<\/p>\n","protected":false},"excerpt":{"rendered":"<p>Trevor Hunnicutt, Daina Beth Solomon y Matt Spetalnick, Reuters LOS ANGELES EnergiesNet.com 09 06 2022 El presidente Joe Biden anunci\u00f3 el mi\u00e9rcoles una propuesta de nueva asociaci\u00f3n econ\u00f3mica de Estados Unidos con Am\u00e9rica Latina destinada a contrarrestar el creciente peso de China, en el inicio de una cumbre regional empa\u00f1ada por la discordia y los &hellip;<\/p>\n<p class=\"read-more\"> <a class=\"\" href=\"https:\/\/energiesnet.com\/espanol\/biden-presenta-en-la-cumbre-de-las-americas-la-alianza-de-las-americas-para-la-prosperidad-economica\/\"> <span class=\"screen-reader-text\">Biden presenta en la cumbre de las Am\u00e9ricas, la \u00abAlianza de las Am\u00e9ricas para la Prosperidad Econ\u00f3mica\u00bb -Reuters<\/span> Leer m\u00e1s &raquo;<\/a><\/p>\n","protected":false},"author":2,"featured_media":9037,"comment_status":"open","ping_status":"open","sticky":false,"template":"","format":"standard","meta":{"_monsterinsights_skip_tracking":false,"site-sidebar-layout":"default","site-content-layout":"default","ast-global-header-display":"","ast-main-header-display":"","ast-hfb-above-header-display":"","ast-hfb-below-header-display":"","ast-hfb-mobile-header-display":"","site-post-title":"","ast-breadcrumbs-content":"","ast-featured-img":"","footer-sml-layout":"","theme-transparent-header-meta":"default","adv-header-id-meta":"","stick-header-meta":"default","header-above-stick-meta":"","header-main-stick-meta":"","header-below-stick-meta":"","footnotes":""},"categories":[30,45],"tags":[],"class_list":["post-9036","post","type-post","status-publish","format-standard","has-post-thumbnail","hentry","category-top-news","category-noticias-diarias"],"aioseo_notices":[],"aioseo_head":"\n\t\t<!-- All in One SEO 5.0.1.1 - aioseo.com -->\n\t<meta name=\"description\" content=\"Trevor Hunnicutt, Daina Beth Solomon y Matt Spetalnick, Reuters LOS ANGELES EnergiesNet.com 09 06 2022 El presidente Joe Biden anunci\u00f3 el mi\u00e9rcoles una propuesta de nueva asociaci\u00f3n econ\u00f3mica de Estados Unidos con Am\u00e9rica Latina destinada a contrarrestar el creciente peso de China, en el inicio de una cumbre regional empa\u00f1ada por la discordia y los\" \/>\n\t<meta name=\"robots\" content=\"max-image-preview:large\" \/>\n\t<meta name=\"author\" content=\"EnergiesNet\"\/>\n\t<link rel=\"canonical\" href=\"https:\/\/energiesnet.com\/espanol\/biden-presenta-en-la-cumbre-de-las-americas-la-alianza-de-las-americas-para-la-prosperidad-economica\/\" \/>\n\t<meta name=\"generator\" content=\"All in One SEO (AIOSEO) 5.0.1.1\" \/>\n\t\t<meta property=\"og:locale\" content=\"es_ES\" \/>\n\t\t<meta property=\"og:site_name\" content=\"EnergiestNet - Latin America Energy, Oil ,  Gas &amp; Renewals\" \/>\n\t\t<meta property=\"og:type\" content=\"article\" \/>\n\t\t<meta property=\"og:title\" content=\"Biden presenta en la cumbre de las Am\u00e9ricas, la \u00abAlianza de las Am\u00e9ricas para la Prosperidad Econ\u00f3mica\u00bb -Reuters - EnergiestNet\" \/>\n\t\t<meta property=\"og:description\" content=\"Trevor Hunnicutt, Daina Beth Solomon y Matt Spetalnick, Reuters LOS ANGELES EnergiesNet.com 09 06 2022 El presidente Joe Biden anunci\u00f3 el mi\u00e9rcoles una propuesta de nueva asociaci\u00f3n econ\u00f3mica de Estados Unidos con Am\u00e9rica Latina destinada a contrarrestar el creciente peso de China, en el inicio de una cumbre regional empa\u00f1ada por la discordia y los\" \/>\n\t\t<meta property=\"og:url\" content=\"https:\/\/energiesnet.com\/espanol\/biden-presenta-en-la-cumbre-de-las-americas-la-alianza-de-las-americas-para-la-prosperidad-economica\/\" \/>\n\t\t<meta property=\"og:image\" content=\"https:\/\/energiesnet.com\/espanol\" \/>\n\t\t<meta property=\"og:image:secure_url\" content=\"https:\/\/energiesnet.com\/espanol\" \/>\n\t\t<meta property=\"article:published_time\" content=\"2022-06-09T06:49:41+00:00\" \/>\n\t\t<meta property=\"article:modified_time\" content=\"2022-06-09T06:50:32+00:00\" \/>\n\t\t<meta property=\"article:publisher\" content=\"https:\/\/www.facebook.com\/\/EnergiesNet\" \/>\n\t\t<meta name=\"twitter:card\" content=\"summary_large_image\" \/>\n\t\t<meta name=\"twitter:site\" content=\"@EnergiesNet1\" \/>\n\t\t<meta name=\"twitter:title\" content=\"Biden presenta en la cumbre de las Am\u00e9ricas, la \u00abAlianza de las Am\u00e9ricas para la Prosperidad Econ\u00f3mica\u00bb -Reuters - EnergiestNet\" \/>\n\t\t<meta name=\"twitter:description\" content=\"Trevor Hunnicutt, Daina Beth Solomon y Matt Spetalnick, Reuters LOS ANGELES EnergiesNet.com 09 06 2022 El presidente Joe Biden anunci\u00f3 el mi\u00e9rcoles una propuesta de nueva asociaci\u00f3n econ\u00f3mica de Estados Unidos con Am\u00e9rica Latina destinada a contrarrestar el creciente peso de China, en el inicio de una cumbre regional empa\u00f1ada por la discordia y los\" \/>\n\t\t<meta name=\"twitter:creator\" content=\"@EnergiesNet1\" \/>\n\t\t<meta name=\"twitter:image\" content=\"https:\/\/energiesnet.com\/espanol\" \/>\n\t\t<script type=\"application\/ld+json\" class=\"aioseo-schema\">\n\t\t\t{\"@context\":\"https:\\\/\\\/schema.org\",\"@graph\":[{\"@type\":\"BlogPosting\",\"@id\":\"https:\\\/\\\/energiesnet.com\\\/espanol\\\/biden-presenta-en-la-cumbre-de-las-americas-la-alianza-de-las-americas-para-la-prosperidad-economica\\\/#blogposting\",\"name\":\"Biden presenta en la cumbre de las Am\\u00e9ricas, la \\u00abAlianza de las Am\\u00e9ricas para la Prosperidad Econ\\u00f3mica\\u00bb -Reuters - EnergiestNet\",\"headline\":\"Biden presenta en la cumbre de las Am\\u00e9ricas, la \\u00abAlianza de las Am\\u00e9ricas para la Prosperidad Econ\\u00f3mica\\u00bb -Reuters\",\"author\":{\"@id\":\"https:\\\/\\\/energiesnet.com\\\/espanol\\\/author\\\/elioohep\\\/#author\"},\"publisher\":{\"@id\":\"https:\\\/\\\/energiesnet.com\\\/espanol\\\/#organization\"},\"image\":{\"@type\":\"ImageObject\",\"url\":\"https:\\\/\\\/energiesnet.com\\\/espanol\\\/wp-content\\\/uploads\\\/2022\\\/06\\\/boric_summit_la_2022-rtr.jpg\",\"width\":600,\"height\":407},\"datePublished\":\"2022-06-09T02:49:41-04:00\",\"dateModified\":\"2022-06-09T02:50:32-04:00\",\"inLanguage\":\"es-ES\",\"mainEntityOfPage\":{\"@id\":\"https:\\\/\\\/energiesnet.com\\\/espanol\\\/biden-presenta-en-la-cumbre-de-las-americas-la-alianza-de-las-americas-para-la-prosperidad-economica\\\/#webpage\"},\"isPartOf\":{\"@id\":\"https:\\\/\\\/energiesnet.com\\\/espanol\\\/biden-presenta-en-la-cumbre-de-las-americas-la-alianza-de-las-americas-para-la-prosperidad-economica\\\/#webpage\"},\"articleSection\":\"La Noticia, Noticias Diarias\"},{\"@type\":\"BreadcrumbList\",\"@id\":\"https:\\\/\\\/energiesnet.com\\\/espanol\\\/biden-presenta-en-la-cumbre-de-las-americas-la-alianza-de-las-americas-para-la-prosperidad-economica\\\/#breadcrumblist\",\"itemListElement\":[{\"@type\":\"ListItem\",\"@id\":\"https:\\\/\\\/energiesnet.com\\\/espanol#listItem\",\"position\":1,\"name\":\"Inicio\",\"item\":\"https:\\\/\\\/energiesnet.com\\\/espanol\",\"nextItem\":{\"@type\":\"ListItem\",\"@id\":\"https:\\\/\\\/energiesnet.com\\\/espanol\\\/category\\\/top-news\\\/#listItem\",\"name\":\"La Noticia\"}},{\"@type\":\"ListItem\",\"@id\":\"https:\\\/\\\/energiesnet.com\\\/espanol\\\/category\\\/top-news\\\/#listItem\",\"position\":2,\"name\":\"La Noticia\",\"item\":\"https:\\\/\\\/energiesnet.com\\\/espanol\\\/category\\\/top-news\\\/\",\"nextItem\":{\"@type\":\"ListItem\",\"@id\":\"https:\\\/\\\/energiesnet.com\\\/espanol\\\/biden-presenta-en-la-cumbre-de-las-americas-la-alianza-de-las-americas-para-la-prosperidad-economica\\\/#listItem\",\"name\":\"Biden presenta en la cumbre de las Am\\u00e9ricas, la \\u00abAlianza de las Am\\u00e9ricas para la Prosperidad Econ\\u00f3mica\\u00bb -Reuters\"},\"previousItem\":{\"@type\":\"ListItem\",\"@id\":\"https:\\\/\\\/energiesnet.com\\\/espanol#listItem\",\"name\":\"Inicio\"}},{\"@type\":\"ListItem\",\"@id\":\"https:\\\/\\\/energiesnet.com\\\/espanol\\\/biden-presenta-en-la-cumbre-de-las-americas-la-alianza-de-las-americas-para-la-prosperidad-economica\\\/#listItem\",\"position\":3,\"name\":\"Biden presenta en la cumbre de las Am\\u00e9ricas, la \\u00abAlianza de las Am\\u00e9ricas para la Prosperidad Econ\\u00f3mica\\u00bb -Reuters\",\"previousItem\":{\"@type\":\"ListItem\",\"@id\":\"https:\\\/\\\/energiesnet.com\\\/espanol\\\/category\\\/top-news\\\/#listItem\",\"name\":\"La Noticia\"}}]},{\"@type\":\"Organization\",\"@id\":\"https:\\\/\\\/energiesnet.com\\\/espanol\\\/#organization\",\"name\":\"EnergiestNet\",\"description\":\"Latin America Energy, Oil ,  Gas & Renewals\",\"url\":\"https:\\\/\\\/energiesnet.com\\\/espanol\\\/\",\"telephone\":\"+584142763041\",\"logo\":{\"@type\":\"ImageObject\",\"url\":\"https:\\\/\\\/energiesnet.com\\\/espanol\\\/wp-content\\\/uploads\\\/2022\\\/12\\\/EnergiesNet-Logo-200.jpg\",\"@id\":\"https:\\\/\\\/energiesnet.com\\\/espanol\\\/biden-presenta-en-la-cumbre-de-las-americas-la-alianza-de-las-americas-para-la-prosperidad-economica\\\/#organizationLogo\",\"width\":200,\"height\":220},\"image\":{\"@id\":\"https:\\\/\\\/energiesnet.com\\\/espanol\\\/biden-presenta-en-la-cumbre-de-las-americas-la-alianza-de-las-americas-para-la-prosperidad-economica\\\/#organizationLogo\"},\"sameAs\":[\"https:\\\/\\\/www.facebook.com\\\/\\\/EnergiesNet\",\"https:\\\/\\\/twitter.com\\\/EnergiesNet1\",\"https:\\\/\\\/www.instagram.com\\\/energiesnet\\\/\",\"https:\\\/\\\/linkedin.com\\\/in\\\/elio-ohep-a465b78\"]},{\"@type\":\"Person\",\"@id\":\"https:\\\/\\\/energiesnet.com\\\/espanol\\\/author\\\/elioohep\\\/#author\",\"url\":\"https:\\\/\\\/energiesnet.com\\\/espanol\\\/author\\\/elioohep\\\/\",\"name\":\"EnergiesNet\",\"image\":{\"@type\":\"ImageObject\",\"@id\":\"https:\\\/\\\/energiesnet.com\\\/espanol\\\/biden-presenta-en-la-cumbre-de-las-americas-la-alianza-de-las-americas-para-la-prosperidad-economica\\\/#authorImage\",\"url\":\"https:\\\/\\\/secure.gravatar.com\\\/avatar\\\/5412deb1089370e2bdf1d1310563df78bf3dc9f9e388ca5748bced95cfdb664b?s=96&d=mm&r=g\",\"width\":96,\"height\":96,\"caption\":\"EnergiesNet\"}},{\"@type\":\"WebPage\",\"@id\":\"https:\\\/\\\/energiesnet.com\\\/espanol\\\/biden-presenta-en-la-cumbre-de-las-americas-la-alianza-de-las-americas-para-la-prosperidad-economica\\\/#webpage\",\"url\":\"https:\\\/\\\/energiesnet.com\\\/espanol\\\/biden-presenta-en-la-cumbre-de-las-americas-la-alianza-de-las-americas-para-la-prosperidad-economica\\\/\",\"name\":\"Biden presenta en la cumbre de las Am\\u00e9ricas, la \\u00abAlianza de las Am\\u00e9ricas para la Prosperidad Econ\\u00f3mica\\u00bb -Reuters - EnergiestNet\",\"description\":\"Trevor Hunnicutt, Daina Beth Solomon y Matt Spetalnick, Reuters LOS ANGELES EnergiesNet.com 09 06 2022 El presidente Joe Biden anunci\\u00f3 el mi\\u00e9rcoles una propuesta de nueva asociaci\\u00f3n econ\\u00f3mica de Estados Unidos con Am\\u00e9rica Latina destinada a contrarrestar el creciente peso de China, en el inicio de una cumbre regional empa\\u00f1ada por la discordia y los\",\"inLanguage\":\"es-ES\",\"isPartOf\":{\"@id\":\"https:\\\/\\\/energiesnet.com\\\/espanol\\\/#website\"},\"breadcrumb\":{\"@id\":\"https:\\\/\\\/energiesnet.com\\\/espanol\\\/biden-presenta-en-la-cumbre-de-las-americas-la-alianza-de-las-americas-para-la-prosperidad-economica\\\/#breadcrumblist\"},\"author\":{\"@id\":\"https:\\\/\\\/energiesnet.com\\\/espanol\\\/author\\\/elioohep\\\/#author\"},\"creator\":{\"@id\":\"https:\\\/\\\/energiesnet.com\\\/espanol\\\/author\\\/elioohep\\\/#author\"},\"image\":{\"@type\":\"ImageObject\",\"url\":\"https:\\\/\\\/energiesnet.com\\\/espanol\\\/wp-content\\\/uploads\\\/2022\\\/06\\\/boric_summit_la_2022-rtr.jpg\",\"@id\":\"https:\\\/\\\/energiesnet.com\\\/espanol\\\/biden-presenta-en-la-cumbre-de-las-americas-la-alianza-de-las-americas-para-la-prosperidad-economica\\\/#mainImage\",\"width\":600,\"height\":407},\"primaryImageOfPage\":{\"@id\":\"https:\\\/\\\/energiesnet.com\\\/espanol\\\/biden-presenta-en-la-cumbre-de-las-americas-la-alianza-de-las-americas-para-la-prosperidad-economica\\\/#mainImage\"},\"datePublished\":\"2022-06-09T02:49:41-04:00\",\"dateModified\":\"2022-06-09T02:50:32-04:00\"},{\"@type\":\"WebSite\",\"@id\":\"https:\\\/\\\/energiesnet.com\\\/espanol\\\/#website\",\"url\":\"https:\\\/\\\/energiesnet.com\\\/espanol\\\/\",\"name\":\"EnergiestNet\",\"description\":\"Latin America Energy, Oil ,  Gas & Renewals\",\"inLanguage\":\"es-ES\",\"publisher\":{\"@id\":\"https:\\\/\\\/energiesnet.com\\\/espanol\\\/#organization\"}}]}\n\t\t<\/script>\n\t\t<!-- All in One SEO -->\n\n","aioseo_head_json":{"title":"Biden presenta en la cumbre de las Am\u00e9ricas, la \u00abAlianza de las Am\u00e9ricas para la Prosperidad Econ\u00f3mica\u00bb -Reuters - EnergiestNet","description":"Trevor Hunnicutt, Daina Beth Solomon y Matt Spetalnick, Reuters LOS ANGELES EnergiesNet.com 09 06 2022 El presidente Joe Biden anunci\u00f3 el mi\u00e9rcoles una propuesta de nueva asociaci\u00f3n econ\u00f3mica de Estados Unidos con Am\u00e9rica Latina destinada a contrarrestar el creciente peso de China, en el inicio de una cumbre regional empa\u00f1ada por la discordia y los","canonical_url":"https:\/\/energiesnet.com\/espanol\/biden-presenta-en-la-cumbre-de-las-americas-la-alianza-de-las-americas-para-la-prosperidad-economica\/","robots":"max-image-preview:large","keywords":"","webmasterTools":{"miscellaneous":""},"schema":{"@context":"https:\/\/schema.org","@graph":[{"@type":"BlogPosting","@id":"https:\/\/energiesnet.com\/espanol\/biden-presenta-en-la-cumbre-de-las-americas-la-alianza-de-las-americas-para-la-prosperidad-economica\/#blogposting","name":"Biden presenta en la cumbre de las Am\u00e9ricas, la \u00abAlianza de las Am\u00e9ricas para la Prosperidad Econ\u00f3mica\u00bb -Reuters - EnergiestNet","headline":"Biden presenta en la cumbre de las Am\u00e9ricas, la \u00abAlianza de las Am\u00e9ricas para la Prosperidad Econ\u00f3mica\u00bb -Reuters","author":{"@id":"https:\/\/energiesnet.com\/espanol\/author\/elioohep\/#author"},"publisher":{"@id":"https:\/\/energiesnet.com\/espanol\/#organization"},"image":{"@type":"ImageObject","url":"https:\/\/energiesnet.com\/espanol\/wp-content\/uploads\/2022\/06\/boric_summit_la_2022-rtr.jpg","width":600,"height":407},"datePublished":"2022-06-09T02:49:41-04:00","dateModified":"2022-06-09T02:50:32-04:00","inLanguage":"es-ES","mainEntityOfPage":{"@id":"https:\/\/energiesnet.com\/espanol\/biden-presenta-en-la-cumbre-de-las-americas-la-alianza-de-las-americas-para-la-prosperidad-economica\/#webpage"},"isPartOf":{"@id":"https:\/\/energiesnet.com\/espanol\/biden-presenta-en-la-cumbre-de-las-americas-la-alianza-de-las-americas-para-la-prosperidad-economica\/#webpage"},"articleSection":"La Noticia, Noticias Diarias"},{"@type":"BreadcrumbList","@id":"https:\/\/energiesnet.com\/espanol\/biden-presenta-en-la-cumbre-de-las-americas-la-alianza-de-las-americas-para-la-prosperidad-economica\/#breadcrumblist","itemListElement":[{"@type":"ListItem","@id":"https:\/\/energiesnet.com\/espanol#listItem","position":1,"name":"Inicio","item":"https:\/\/energiesnet.com\/espanol","nextItem":{"@type":"ListItem","@id":"https:\/\/energiesnet.com\/espanol\/category\/top-news\/#listItem","name":"La Noticia"}},{"@type":"ListItem","@id":"https:\/\/energiesnet.com\/espanol\/category\/top-news\/#listItem","position":2,"name":"La Noticia","item":"https:\/\/energiesnet.com\/espanol\/category\/top-news\/","nextItem":{"@type":"ListItem","@id":"https:\/\/energiesnet.com\/espanol\/biden-presenta-en-la-cumbre-de-las-americas-la-alianza-de-las-americas-para-la-prosperidad-economica\/#listItem","name":"Biden presenta en la cumbre de las Am\u00e9ricas, la \u00abAlianza de las Am\u00e9ricas para la Prosperidad Econ\u00f3mica\u00bb -Reuters"},"previousItem":{"@type":"ListItem","@id":"https:\/\/energiesnet.com\/espanol#listItem","name":"Inicio"}},{"@type":"ListItem","@id":"https:\/\/energiesnet.com\/espanol\/biden-presenta-en-la-cumbre-de-las-americas-la-alianza-de-las-americas-para-la-prosperidad-economica\/#listItem","position":3,"name":"Biden presenta en la cumbre de las Am\u00e9ricas, la \u00abAlianza de las Am\u00e9ricas para la Prosperidad Econ\u00f3mica\u00bb -Reuters","previousItem":{"@type":"ListItem","@id":"https:\/\/energiesnet.com\/espanol\/category\/top-news\/#listItem","name":"La Noticia"}}]},{"@type":"Organization","@id":"https:\/\/energiesnet.com\/espanol\/#organization","name":"EnergiestNet","description":"Latin America Energy, Oil ,  Gas & Renewals","url":"https:\/\/energiesnet.com\/espanol\/","telephone":"+584142763041","logo":{"@type":"ImageObject","url":"https:\/\/energiesnet.com\/espanol\/wp-content\/uploads\/2022\/12\/EnergiesNet-Logo-200.jpg","@id":"https:\/\/energiesnet.com\/espanol\/biden-presenta-en-la-cumbre-de-las-americas-la-alianza-de-las-americas-para-la-prosperidad-economica\/#organizationLogo","width":200,"height":220},"image":{"@id":"https:\/\/energiesnet.com\/espanol\/biden-presenta-en-la-cumbre-de-las-americas-la-alianza-de-las-americas-para-la-prosperidad-economica\/#organizationLogo"},"sameAs":["https:\/\/www.facebook.com\/\/EnergiesNet","https:\/\/twitter.com\/EnergiesNet1","https:\/\/www.instagram.com\/energiesnet\/","https:\/\/linkedin.com\/in\/elio-ohep-a465b78"]},{"@type":"Person","@id":"https:\/\/energiesnet.com\/espanol\/author\/elioohep\/#author","url":"https:\/\/energiesnet.com\/espanol\/author\/elioohep\/","name":"EnergiesNet","image":{"@type":"ImageObject","@id":"https:\/\/energiesnet.com\/espanol\/biden-presenta-en-la-cumbre-de-las-americas-la-alianza-de-las-americas-para-la-prosperidad-economica\/#authorImage","url":"https:\/\/secure.gravatar.com\/avatar\/5412deb1089370e2bdf1d1310563df78bf3dc9f9e388ca5748bced95cfdb664b?s=96&d=mm&r=g","width":96,"height":96,"caption":"EnergiesNet"}},{"@type":"WebPage","@id":"https:\/\/energiesnet.com\/espanol\/biden-presenta-en-la-cumbre-de-las-americas-la-alianza-de-las-americas-para-la-prosperidad-economica\/#webpage","url":"https:\/\/energiesnet.com\/espanol\/biden-presenta-en-la-cumbre-de-las-americas-la-alianza-de-las-americas-para-la-prosperidad-economica\/","name":"Biden presenta en la cumbre de las Am\u00e9ricas, la \u00abAlianza de las Am\u00e9ricas para la Prosperidad Econ\u00f3mica\u00bb -Reuters - EnergiestNet","description":"Trevor Hunnicutt, Daina Beth Solomon y Matt Spetalnick, Reuters LOS ANGELES EnergiesNet.com 09 06 2022 El presidente Joe Biden anunci\u00f3 el mi\u00e9rcoles una propuesta de nueva asociaci\u00f3n econ\u00f3mica de Estados Unidos con Am\u00e9rica Latina destinada a contrarrestar el creciente peso de China, en el inicio de una cumbre regional empa\u00f1ada por la discordia y los","inLanguage":"es-ES","isPartOf":{"@id":"https:\/\/energiesnet.com\/espanol\/#website"},"breadcrumb":{"@id":"https:\/\/energiesnet.com\/espanol\/biden-presenta-en-la-cumbre-de-las-americas-la-alianza-de-las-americas-para-la-prosperidad-economica\/#breadcrumblist"},"author":{"@id":"https:\/\/energiesnet.com\/espanol\/author\/elioohep\/#author"},"creator":{"@id":"https:\/\/energiesnet.com\/espanol\/author\/elioohep\/#author"},"image":{"@type":"ImageObject","url":"https:\/\/energiesnet.com\/espanol\/wp-content\/uploads\/2022\/06\/boric_summit_la_2022-rtr.jpg","@id":"https:\/\/energiesnet.com\/espanol\/biden-presenta-en-la-cumbre-de-las-americas-la-alianza-de-las-americas-para-la-prosperidad-economica\/#mainImage","width":600,"height":407},"primaryImageOfPage":{"@id":"https:\/\/energiesnet.com\/espanol\/biden-presenta-en-la-cumbre-de-las-americas-la-alianza-de-las-americas-para-la-prosperidad-economica\/#mainImage"},"datePublished":"2022-06-09T02:49:41-04:00","dateModified":"2022-06-09T02:50:32-04:00"},{"@type":"WebSite","@id":"https:\/\/energiesnet.com\/espanol\/#website","url":"https:\/\/energiesnet.com\/espanol\/","name":"EnergiestNet","description":"Latin America Energy, Oil ,  Gas & Renewals","inLanguage":"es-ES","publisher":{"@id":"https:\/\/energiesnet.com\/espanol\/#organization"}}]},"og:locale":"es_ES","og:site_name":"EnergiestNet - Latin America Energy, Oil ,  Gas &amp; Renewals","og:type":"article","og:title":"Biden presenta en la cumbre de las Am\u00e9ricas, la \u00abAlianza de las Am\u00e9ricas para la Prosperidad Econ\u00f3mica\u00bb -Reuters - EnergiestNet","og:description":"Trevor Hunnicutt, Daina Beth Solomon y Matt Spetalnick, Reuters LOS ANGELES EnergiesNet.com 09 06 2022 El presidente Joe Biden anunci\u00f3 el mi\u00e9rcoles una propuesta de nueva asociaci\u00f3n econ\u00f3mica de Estados Unidos con Am\u00e9rica Latina destinada a contrarrestar el creciente peso de China, en el inicio de una cumbre regional empa\u00f1ada por la discordia y los","og:url":"https:\/\/energiesnet.com\/espanol\/biden-presenta-en-la-cumbre-de-las-americas-la-alianza-de-las-americas-para-la-prosperidad-economica\/","og:image":"https:\/\/energiesnet.com\/espanol","og:image:secure_url":"https:\/\/energiesnet.com\/espanol","article:published_time":"2022-06-09T06:49:41+00:00","article:modified_time":"2022-06-09T06:50:32+00:00","article:publisher":"https:\/\/www.facebook.com\/\/EnergiesNet","twitter:card":"summary_large_image","twitter:site":"@EnergiesNet1","twitter:title":"Biden presenta en la cumbre de las Am\u00e9ricas, la \u00abAlianza de las Am\u00e9ricas para la Prosperidad Econ\u00f3mica\u00bb -Reuters - EnergiestNet","twitter:description":"Trevor Hunnicutt, Daina Beth Solomon y Matt Spetalnick, Reuters LOS ANGELES EnergiesNet.com 09 06 2022 El presidente Joe Biden anunci\u00f3 el mi\u00e9rcoles una propuesta de nueva asociaci\u00f3n econ\u00f3mica de Estados Unidos con Am\u00e9rica Latina destinada a contrarrestar el creciente peso de China, en el inicio de una cumbre regional empa\u00f1ada por la discordia y los","twitter:creator":"@EnergiesNet1","twitter:image":"https:\/\/energiesnet.com\/espanol"},"aioseo_meta_data":{"post_id":"9036","title":null,"description":null,"keywords":null,"keyphrases":null,"primary_term":null,"canonical_url":null,"og_title":null,"og_description":null,"og_object_type":"default","og_image_type":"default","og_image_url":null,"og_image_width":null,"og_image_height":null,"og_image_custom_url":null,"og_image_custom_fields":null,"og_video":null,"og_custom_url":null,"og_article_section":null,"og_article_tags":null,"twitter_use_og":false,"twitter_card":"default","twitter_image_type":"default","twitter_image_url":null,"twitter_image_custom_url":null,"twitter_image_custom_fields":null,"twitter_title":null,"twitter_description":null,"schema":{"blockGraphs":[],"customGraphs":[],"default":{"data":{"Article":[],"Course":[],"Dataset":[],"FAQPage":[],"Movie":[],"Person":[],"Product":[],"ProductReview":[],"Car":[],"Recipe":[],"Service":[],"SoftwareApplication":[],"WebPage":[]},"graphName":"","isEnabled":true},"graphs":[]},"schema_type":"default","schema_type_options":null,"pillar_content":false,"robots_default":true,"robots_noindex":false,"robots_noarchive":false,"robots_nosnippet":false,"robots_nofollow":false,"robots_noimageindex":false,"robots_noodp":false,"robots_notranslate":false,"robots_max_snippet":null,"robots_max_videopreview":null,"robots_max_imagepreview":"large","priority":null,"frequency":null,"local_seo":null,"breadcrumb_settings":null,"limit_modified_date":false,"ai":null,"created":"2022-12-14 16:14:28","updated":"2025-06-04 11:59:05","seo_analyzer_scan_date":null,"focus_keyword":null,"additional_keywords":null,"truseo_locale":null},"aioseo_breadcrumb":"<div class=\"aioseo-breadcrumbs\"><span class=\"aioseo-breadcrumb\">\n\t\t\t<a href=\"https:\/\/energiesnet.com\/espanol\" title=\"Inicio\">Inicio<\/a>\n\t\t<\/span><span class=\"aioseo-breadcrumb-separator\">&raquo;<\/span><span class=\"aioseo-breadcrumb\">\n\t\t\t<a href=\"https:\/\/energiesnet.com\/espanol\/category\/top-news\/\" title=\"La Noticia\">La Noticia<\/a>\n\t\t<\/span><span class=\"aioseo-breadcrumb-separator\">&raquo;<\/span><span class=\"aioseo-breadcrumb\">\n\t\t\tBiden presenta en la cumbre de las Am\u00e9ricas, la \u00abAlianza de las Am\u00e9ricas para la Prosperidad Econ\u00f3mica\u00bb -Reuters\n\t\t<\/span><\/div>","aioseo_breadcrumb_json":[{"label":"Inicio","link":"https:\/\/energiesnet.com\/espanol"},{"label":"La Noticia","link":"https:\/\/energiesnet.com\/espanol\/category\/top-news\/"},{"label":"Biden presenta en la cumbre de las Am\u00e9ricas, la \u00abAlianza de las Am\u00e9ricas para la Prosperidad Econ\u00f3mica\u00bb -Reuters","link":"https:\/\/energiesnet.com\/espanol\/biden-presenta-en-la-cumbre-de-las-americas-la-alianza-de-las-americas-para-la-prosperidad-economica\/"}],"_links":{"self":[{"href":"https:\/\/energiesnet.com\/espanol\/wp-json\/wp\/v2\/posts\/9036","targetHints":{"allow":["GET"]}}],"collection":[{"href":"https:\/\/energiesnet.com\/espanol\/wp-json\/wp\/v2\/posts"}],"about":[{"href":"https:\/\/energiesnet.com\/espanol\/wp-json\/wp\/v2\/types\/post"}],"author":[{"embeddable":true,"href":"https:\/\/energiesnet.com\/espanol\/wp-json\/wp\/v2\/users\/2"}],"replies":[{"embeddable":true,"href":"https:\/\/energiesnet.com\/espanol\/wp-json\/wp\/v2\/comments?post=9036"}],"version-history":[{"count":0,"href":"https:\/\/energiesnet.com\/espanol\/wp-json\/wp\/v2\/posts\/9036\/revisions"}],"wp:featuredmedia":[{"embeddable":true,"href":"https:\/\/energiesnet.com\/espanol\/wp-json\/wp\/v2\/media\/9037"}],"wp:attachment":[{"href":"https:\/\/energiesnet.com\/espanol\/wp-json\/wp\/v2\/media?parent=9036"}],"wp:term":[{"taxonomy":"category","embeddable":true,"href":"https:\/\/energiesnet.com\/espanol\/wp-json\/wp\/v2\/categories?post=9036"},{"taxonomy":"post_tag","embeddable":true,"href":"https:\/\/energiesnet.com\/espanol\/wp-json\/wp\/v2\/tags?post=9036"}],"curies":[{"name":"wp","href":"https:\/\/api.w.org\/{rel}","templated":true}]}}