{"id":9137,"date":"2022-06-15T09:48:06","date_gmt":"2022-06-15T13:48:06","guid":{"rendered":"https:\/\/energiesnet.com\/espanol\/?p=9137"},"modified":"2022-06-15T09:48:08","modified_gmt":"2022-06-15T13:48:08","slug":"kerry-ve-disposicion-de-amlo-para-abrir-sector-energetico-a-ip-forbes-mx","status":"publish","type":"post","link":"https:\/\/energiesnet.com\/espanol\/kerry-ve-disposicion-de-amlo-para-abrir-sector-energetico-a-ip-forbes-mx\/","title":{"rendered":"Kerry ve disposici\u00f3n de AMLO para abrir sector energ\u00e9tico a IP -Forbes MX"},"content":{"rendered":"\n<figure class=\"wp-block-image size-full\"><img fetchpriority=\"high\" decoding=\"async\" width=\"600\" height=\"338\" src=\"https:\/\/energiesnet.com\/espanol\/wp-content\/uploads\/2022\/06\/kerry_amol-gobierno-mexico.jpg\" alt=\"\" class=\"wp-image-9138\" srcset=\"https:\/\/energiesnet.com\/espanol\/wp-content\/uploads\/2022\/06\/kerry_amol-gobierno-mexico.jpg 600w, https:\/\/energiesnet.com\/espanol\/wp-content\/uploads\/2022\/06\/kerry_amol-gobierno-mexico-300x169.jpg 300w\" sizes=\"(max-width: 600px) 100vw, 600px\" \/><figcaption>Tras reunirse con L\u00f3pez Obrador, Kerry afirm\u00f3 que M\u00e9xico tiene disposici\u00f3n de permitir a la iniciativa privada participar en el sector energ\u00e9tico.<br>(Gobierno de M\u00e9xico)<\/figcaption><\/figure>\n\n\n\n<p class=\"wp-block-paragraph\" id=\"block-391bf1e2-c2df-498a-87a5-c2a14be2f016\">Enmanuel Carrillo, Forbes MX<\/p>\n\n\n\n<p class=\"wp-block-paragraph\" id=\"block-e0926691-740f-47bc-983c-cbc6571ba5e0\">C<a href=\"http:\/\/www.energiesnet.com\/?_ga=2.168335905.1675649186.1645904658-297366494.1645904658\">IUDAD DE M\u00c9XICO<\/a>  <br>EnergiesNet.com 14 06 2022    <\/p>\n\n\n\n<p class=\"wp-block-paragraph\">John Kerry, enviado de la Casa Blanca para el Clima, afirm\u00f3 que el gobierno del presidente Andr\u00e9s Manuel L\u00f3pez Obrador tiene la disposici\u00f3n de trabajar junto a la iniciativa privada y abrir a la inversi\u00f3n el sector energ\u00e9tico.<\/p>\n\n\n\n<p class=\"wp-block-paragraph\">Luego de una reuni\u00f3n de dos horas con el mandatario mexicano en Palacio Nacional, Kerry brind\u00f3 un mensaje a los medios de comunicaci\u00f3n en el que destac\u00f3 que durante las \u00faltimas semanas, L\u00f3pez Obrador ha trabajado a la par del embajador Ken Salazar para llegar a acuerdos con empresas estadounidenses que tienen inversiones en el sector energ\u00e9tico en M\u00e9xico.<\/p>\n\n\n\n<p class=\"wp-block-paragraph\">\u201cEl presidente L\u00f3pez Obrador ha tomado tiempo en las \u00faltimas semanas, ha trabajando con el Embajador (Ken Salazar) y otros para traer a las compa\u00f1\u00edas y escuchar a las empresas\u201d, expuso Kerry.<\/p>\n\n\n\n<p class=\"wp-block-paragraph\">\u201cEl presidente ha sido muy claro, la decisi\u00f3n es tratar de facilitar que esas compa\u00f1\u00edas sean capaces de avanzar para hacer negocios, y adem\u00e1s enviar un mensaje de que el sector privado podr\u00e1 formar parte de muchas maneras para invertir y ser parte de la transici\u00f3n (energ\u00e9tica)\u201d, sostuvo.<\/p>\n\n\n\n<p class=\"wp-block-paragraph\">En el \u00faltimo mes, el jefe del Ejecutivo federal se ha reunido&nbsp;<a href=\"https:\/\/www.forbes.com.mx\/amlo-perfila-acuerdo-con-talos-sobre-campo-zama-y-16-empresas-estadounidenses\/\">con 16 empresas estadounidenses<\/a>&nbsp;con quien el gobierno tiene contratos en la materia a fin de redefinirlos y avanzar en su concreci\u00f3n de manera justa para la administraci\u00f3n federal.<\/p>\n\n\n\n<p class=\"wp-block-paragraph\">Entre las empresas con las que hay un grado avanzado de acuerdo es Talos Energy sobre la explotaci\u00f3n del campo Zama en el mar de Campeche, con unos 850 millones de barriles de petr\u00f3leo equivalentes en un yacimiento que result\u00f3 compartido con Pemex.<\/p>\n\n\n\n<p class=\"wp-block-paragraph\">La disputa entre Pemex y Talos Energy se dio a partir de que el gobierno de M\u00e9xico decidi\u00f3 dar la operaci\u00f3n y administraci\u00f3n a la empresa del Estado al comprobar que tiene m\u00e1s experiencia en la exploraci\u00f3n de pozos y a que contaba con m\u00e1s reservas probadas sobre su parte del campo.<\/p>\n\n\n\n<p class=\"wp-block-paragraph\">Lee m\u00e1s:\u00a0<em><a href=\"https:\/\/energiesnet.com\/espanol\/talos-renuncia-a-bloque-petrolero-hokchi-regresa-otro-por-no-hallar-hidrocarburos-forbes-mx\/\">Termina unificaci\u00f3n del megayacimiento Zama; Talos tendr\u00e1 solo 17.35% de participaci\u00f3n<\/a><\/em><\/p>\n\n\n\n<p class=\"wp-block-paragraph\">En septiembre del a\u00f1o pasado, Talos&nbsp;present\u00f3 al gobierno mexicano notificaciones de disputa en virtud del acuerdo comercial entre Estados Unidos, M\u00e9xico y Canad\u00e1 (T-MEC), un paso previo a la introducci\u00f3n de un reclamo de arbitraje internacional, mismo que fue&nbsp;<a href=\"https:\/\/www.forbes.com.mx\/talos-energy-pausa-arbitraje-contra-mexico-por-proyecto-petrolero-mientras-negocia-con-el-gobierno\/\">pausado ante las negociaciones de alto nivel<\/a>.<\/p>\n\n\n\n<p class=\"wp-block-paragraph\">Al respecto de las negociaciones, Kerry coment\u00f3 que hoy en d\u00eda gobierno y empresarios deben trabajar juntos pues la correlaci\u00f3n es tan intr\u00ednseca que no se puede salir adelante individualmente.<\/p>\n\n\n\n<p class=\"wp-block-paragraph\">\u201cSomos realistas, nadie puede hacerlo solo, ning\u00fan gobierno puede hacerlo solo, ninguna empresa puede hacerlo sola, tenemos que trabajar juntos y avanzar\u201d.<\/p>\n\n\n\n<p class=\"wp-block-paragraph\">\u201cEl presidente L\u00f3pez Obrador est\u00e1 muy comprometido a hacer eso. Es un nuevo tiempo, una nueva oportunidad para todos, y el presidente L\u00f3pez Obrador expres\u00f3 que entiende eso\u201d, a\u00f1adi\u00f3.<\/p>\n\n\n\n<p class=\"wp-block-paragraph\">El canciller Marcelo Ebrard, quien acompa\u00f1\u00f3 a Kerry con los medios, asegur\u00f3 que M\u00e9xico ha mandado un mensaje positivo para el arribo de inversi\u00f3n extranjera, por lo que hay certeza.<\/p>\n\n\n\n<p class=\"wp-block-paragraph\">\u201cS\u00ed, desde luego que s\u00ed, por eso recibi\u00f3 (el presidente) a todas las empresas, revis\u00f3 cada caso, pasamos aqu\u00ed casi semana y media con Ken Salazar\u201d, dijo Ebrard.<\/p>\n\n\n\n<p class=\"wp-block-paragraph\">\u201cDesde luego que s\u00ed, lo que es la inversi\u00f3n de buena fe, que trae tecnolog\u00eda a M\u00e9xico, gente que nos interesa que est\u00e9 aqu\u00ed, por supuesto que son bienvenidos\u201d.<\/p>\n\n\n\n<p class=\"wp-block-paragraph\">Al encuentro en Palacio Nacional tambi\u00e9n asistieron el canciller Marcelo Ebrard, la secretaria de Energ\u00eda, Roc\u00edo Nahle, el secretario de Gobernaci\u00f3n, Ad\u00e1n L\u00f3pez Hern\u00e1ndez, y el director general de Pemex, Octavio Ram\u00edrez Oropeza.<\/p>\n\n\n\n<p class=\"wp-block-paragraph\">Se tiene previsto, que el pr\u00f3ximo viernes el presidente L\u00f3pez Obrador participe en una cumbre virtual organizada por Estados Unidos con las principales econom\u00edas del mundo para abordar metas y compromisos para combatir el cambio clim\u00e1tico a trav\u00e9s de la implementaci\u00f3n de energ\u00edas limpias.<\/p>\n\n\n\n<p class=\"wp-block-paragraph\">forbes.com.mx 14 06 2022<\/p>\n","protected":false},"excerpt":{"rendered":"<p>Enmanuel Carrillo, Forbes MX CIUDAD DE M\u00c9XICO EnergiesNet.com 14 06 2022 John Kerry, enviado de la Casa Blanca para el Clima, afirm\u00f3 que el gobierno del presidente Andr\u00e9s Manuel L\u00f3pez Obrador tiene la disposici\u00f3n de trabajar junto a la iniciativa privada y abrir a la inversi\u00f3n el sector energ\u00e9tico. Luego de una reuni\u00f3n de dos &hellip;<\/p>\n<p class=\"read-more\"> <a class=\"\" href=\"https:\/\/energiesnet.com\/espanol\/kerry-ve-disposicion-de-amlo-para-abrir-sector-energetico-a-ip-forbes-mx\/\"> <span class=\"screen-reader-text\">Kerry ve disposici\u00f3n de AMLO para abrir sector energ\u00e9tico a IP -Forbes MX<\/span> Leer m\u00e1s &raquo;<\/a><\/p>\n","protected":false},"author":2,"featured_media":9138,"comment_status":"open","ping_status":"open","sticky":false,"template":"","format":"standard","meta":{"_monsterinsights_skip_tracking":false,"site-sidebar-layout":"default","site-content-layout":"default","ast-global-header-display":"","ast-main-header-display":"","ast-hfb-above-header-display":"","ast-hfb-below-header-display":"","ast-hfb-mobile-header-display":"","site-post-title":"","ast-breadcrumbs-content":"","ast-featured-img":"","footer-sml-layout":"","theme-transparent-header-meta":"default","adv-header-id-meta":"","stick-header-meta":"default","header-above-stick-meta":"","header-main-stick-meta":"","header-below-stick-meta":"","footnotes":""},"categories":[30,45],"tags":[],"class_list":["post-9137","post","type-post","status-publish","format-standard","has-post-thumbnail","hentry","category-top-news","category-noticias-diarias"],"aioseo_notices":[],"aioseo_head":"\n\t\t<!-- All in One SEO 5.0.1.1 - aioseo.com -->\n\t<meta name=\"description\" content=\"Enmanuel Carrillo, Forbes MX CIUDAD DE M\u00c9XICO EnergiesNet.com 14 06 2022 John Kerry, enviado de la Casa Blanca para el Clima, afirm\u00f3 que el gobierno del presidente Andr\u00e9s Manuel L\u00f3pez Obrador tiene la disposici\u00f3n de trabajar junto a la iniciativa privada y abrir a la inversi\u00f3n el sector energ\u00e9tico. Luego de una reuni\u00f3n de dos\" \/>\n\t<meta name=\"robots\" content=\"max-image-preview:large\" \/>\n\t<meta name=\"author\" content=\"EnergiesNet\"\/>\n\t<link rel=\"canonical\" href=\"https:\/\/energiesnet.com\/espanol\/kerry-ve-disposicion-de-amlo-para-abrir-sector-energetico-a-ip-forbes-mx\/\" \/>\n\t<meta name=\"generator\" content=\"All in One SEO (AIOSEO) 5.0.1.1\" \/>\n\t\t<meta property=\"og:locale\" content=\"es_ES\" \/>\n\t\t<meta property=\"og:site_name\" content=\"EnergiestNet - Latin America Energy, Oil ,  Gas &amp; Renewals\" \/>\n\t\t<meta property=\"og:type\" content=\"article\" \/>\n\t\t<meta property=\"og:title\" content=\"Kerry ve disposici\u00f3n de AMLO para abrir sector energ\u00e9tico a IP -Forbes MX - EnergiestNet\" \/>\n\t\t<meta property=\"og:description\" content=\"Enmanuel Carrillo, Forbes MX CIUDAD DE M\u00c9XICO EnergiesNet.com 14 06 2022 John Kerry, enviado de la Casa Blanca para el Clima, afirm\u00f3 que el gobierno del presidente Andr\u00e9s Manuel L\u00f3pez Obrador tiene la disposici\u00f3n de trabajar junto a la iniciativa privada y abrir a la inversi\u00f3n el sector energ\u00e9tico. Luego de una reuni\u00f3n de dos\" \/>\n\t\t<meta property=\"og:url\" content=\"https:\/\/energiesnet.com\/espanol\/kerry-ve-disposicion-de-amlo-para-abrir-sector-energetico-a-ip-forbes-mx\/\" \/>\n\t\t<meta property=\"og:image\" content=\"https:\/\/energiesnet.com\/espanol\" \/>\n\t\t<meta property=\"og:image:secure_url\" content=\"https:\/\/energiesnet.com\/espanol\" \/>\n\t\t<meta property=\"article:published_time\" content=\"2022-06-15T13:48:06+00:00\" \/>\n\t\t<meta property=\"article:modified_time\" content=\"2022-06-15T13:48:08+00:00\" \/>\n\t\t<meta property=\"article:publisher\" content=\"https:\/\/www.facebook.com\/\/EnergiesNet\" \/>\n\t\t<meta name=\"twitter:card\" content=\"summary_large_image\" \/>\n\t\t<meta name=\"twitter:site\" content=\"@EnergiesNet1\" \/>\n\t\t<meta name=\"twitter:title\" content=\"Kerry ve disposici\u00f3n de AMLO para abrir sector energ\u00e9tico a IP -Forbes MX - EnergiestNet\" \/>\n\t\t<meta name=\"twitter:description\" content=\"Enmanuel Carrillo, Forbes MX CIUDAD DE M\u00c9XICO EnergiesNet.com 14 06 2022 John Kerry, enviado de la Casa Blanca para el Clima, afirm\u00f3 que el gobierno del presidente Andr\u00e9s Manuel L\u00f3pez Obrador tiene la disposici\u00f3n de trabajar junto a la iniciativa privada y abrir a la inversi\u00f3n el sector energ\u00e9tico. Luego de una reuni\u00f3n de dos\" \/>\n\t\t<meta name=\"twitter:creator\" content=\"@EnergiesNet1\" \/>\n\t\t<meta name=\"twitter:image\" content=\"https:\/\/energiesnet.com\/espanol\" \/>\n\t\t<script type=\"application\/ld+json\" class=\"aioseo-schema\">\n\t\t\t{\"@context\":\"https:\\\/\\\/schema.org\",\"@graph\":[{\"@type\":\"BlogPosting\",\"@id\":\"https:\\\/\\\/energiesnet.com\\\/espanol\\\/kerry-ve-disposicion-de-amlo-para-abrir-sector-energetico-a-ip-forbes-mx\\\/#blogposting\",\"name\":\"Kerry ve disposici\\u00f3n de AMLO para abrir sector energ\\u00e9tico a IP -Forbes MX - EnergiestNet\",\"headline\":\"Kerry ve disposici\\u00f3n de AMLO para abrir sector energ\\u00e9tico a IP -Forbes MX\",\"author\":{\"@id\":\"https:\\\/\\\/energiesnet.com\\\/espanol\\\/author\\\/elioohep\\\/#author\"},\"publisher\":{\"@id\":\"https:\\\/\\\/energiesnet.com\\\/espanol\\\/#organization\"},\"image\":{\"@type\":\"ImageObject\",\"url\":\"https:\\\/\\\/energiesnet.com\\\/espanol\\\/wp-content\\\/uploads\\\/2022\\\/06\\\/kerry_amol-gobierno-mexico.jpg\",\"width\":600,\"height\":338},\"datePublished\":\"2022-06-15T09:48:06-04:00\",\"dateModified\":\"2022-06-15T09:48:08-04:00\",\"inLanguage\":\"es-ES\",\"mainEntityOfPage\":{\"@id\":\"https:\\\/\\\/energiesnet.com\\\/espanol\\\/kerry-ve-disposicion-de-amlo-para-abrir-sector-energetico-a-ip-forbes-mx\\\/#webpage\"},\"isPartOf\":{\"@id\":\"https:\\\/\\\/energiesnet.com\\\/espanol\\\/kerry-ve-disposicion-de-amlo-para-abrir-sector-energetico-a-ip-forbes-mx\\\/#webpage\"},\"articleSection\":\"La Noticia, Noticias Diarias\"},{\"@type\":\"BreadcrumbList\",\"@id\":\"https:\\\/\\\/energiesnet.com\\\/espanol\\\/kerry-ve-disposicion-de-amlo-para-abrir-sector-energetico-a-ip-forbes-mx\\\/#breadcrumblist\",\"itemListElement\":[{\"@type\":\"ListItem\",\"@id\":\"https:\\\/\\\/energiesnet.com\\\/espanol#listItem\",\"position\":1,\"name\":\"Inicio\",\"item\":\"https:\\\/\\\/energiesnet.com\\\/espanol\",\"nextItem\":{\"@type\":\"ListItem\",\"@id\":\"https:\\\/\\\/energiesnet.com\\\/espanol\\\/category\\\/top-news\\\/#listItem\",\"name\":\"La Noticia\"}},{\"@type\":\"ListItem\",\"@id\":\"https:\\\/\\\/energiesnet.com\\\/espanol\\\/category\\\/top-news\\\/#listItem\",\"position\":2,\"name\":\"La Noticia\",\"item\":\"https:\\\/\\\/energiesnet.com\\\/espanol\\\/category\\\/top-news\\\/\",\"nextItem\":{\"@type\":\"ListItem\",\"@id\":\"https:\\\/\\\/energiesnet.com\\\/espanol\\\/kerry-ve-disposicion-de-amlo-para-abrir-sector-energetico-a-ip-forbes-mx\\\/#listItem\",\"name\":\"Kerry ve disposici\\u00f3n de AMLO para abrir sector energ\\u00e9tico a IP -Forbes MX\"},\"previousItem\":{\"@type\":\"ListItem\",\"@id\":\"https:\\\/\\\/energiesnet.com\\\/espanol#listItem\",\"name\":\"Inicio\"}},{\"@type\":\"ListItem\",\"@id\":\"https:\\\/\\\/energiesnet.com\\\/espanol\\\/kerry-ve-disposicion-de-amlo-para-abrir-sector-energetico-a-ip-forbes-mx\\\/#listItem\",\"position\":3,\"name\":\"Kerry ve disposici\\u00f3n de AMLO para abrir sector energ\\u00e9tico a IP -Forbes MX\",\"previousItem\":{\"@type\":\"ListItem\",\"@id\":\"https:\\\/\\\/energiesnet.com\\\/espanol\\\/category\\\/top-news\\\/#listItem\",\"name\":\"La Noticia\"}}]},{\"@type\":\"Organization\",\"@id\":\"https:\\\/\\\/energiesnet.com\\\/espanol\\\/#organization\",\"name\":\"EnergiestNet\",\"description\":\"Latin America Energy, Oil ,  Gas & Renewals\",\"url\":\"https:\\\/\\\/energiesnet.com\\\/espanol\\\/\",\"telephone\":\"+584142763041\",\"logo\":{\"@type\":\"ImageObject\",\"url\":\"https:\\\/\\\/energiesnet.com\\\/espanol\\\/wp-content\\\/uploads\\\/2022\\\/12\\\/EnergiesNet-Logo-200.jpg\",\"@id\":\"https:\\\/\\\/energiesnet.com\\\/espanol\\\/kerry-ve-disposicion-de-amlo-para-abrir-sector-energetico-a-ip-forbes-mx\\\/#organizationLogo\",\"width\":200,\"height\":220},\"image\":{\"@id\":\"https:\\\/\\\/energiesnet.com\\\/espanol\\\/kerry-ve-disposicion-de-amlo-para-abrir-sector-energetico-a-ip-forbes-mx\\\/#organizationLogo\"},\"sameAs\":[\"https:\\\/\\\/www.facebook.com\\\/\\\/EnergiesNet\",\"https:\\\/\\\/twitter.com\\\/EnergiesNet1\",\"https:\\\/\\\/www.instagram.com\\\/energiesnet\\\/\",\"https:\\\/\\\/linkedin.com\\\/in\\\/elio-ohep-a465b78\"]},{\"@type\":\"Person\",\"@id\":\"https:\\\/\\\/energiesnet.com\\\/espanol\\\/author\\\/elioohep\\\/#author\",\"url\":\"https:\\\/\\\/energiesnet.com\\\/espanol\\\/author\\\/elioohep\\\/\",\"name\":\"EnergiesNet\",\"image\":{\"@type\":\"ImageObject\",\"@id\":\"https:\\\/\\\/energiesnet.com\\\/espanol\\\/kerry-ve-disposicion-de-amlo-para-abrir-sector-energetico-a-ip-forbes-mx\\\/#authorImage\",\"url\":\"https:\\\/\\\/secure.gravatar.com\\\/avatar\\\/5412deb1089370e2bdf1d1310563df78bf3dc9f9e388ca5748bced95cfdb664b?s=96&d=mm&r=g\",\"width\":96,\"height\":96,\"caption\":\"EnergiesNet\"}},{\"@type\":\"WebPage\",\"@id\":\"https:\\\/\\\/energiesnet.com\\\/espanol\\\/kerry-ve-disposicion-de-amlo-para-abrir-sector-energetico-a-ip-forbes-mx\\\/#webpage\",\"url\":\"https:\\\/\\\/energiesnet.com\\\/espanol\\\/kerry-ve-disposicion-de-amlo-para-abrir-sector-energetico-a-ip-forbes-mx\\\/\",\"name\":\"Kerry ve disposici\\u00f3n de AMLO para abrir sector energ\\u00e9tico a IP -Forbes MX - EnergiestNet\",\"description\":\"Enmanuel Carrillo, Forbes MX CIUDAD DE M\\u00c9XICO EnergiesNet.com 14 06 2022 John Kerry, enviado de la Casa Blanca para el Clima, afirm\\u00f3 que el gobierno del presidente Andr\\u00e9s Manuel L\\u00f3pez Obrador tiene la disposici\\u00f3n de trabajar junto a la iniciativa privada y abrir a la inversi\\u00f3n el sector energ\\u00e9tico. Luego de una reuni\\u00f3n de dos\",\"inLanguage\":\"es-ES\",\"isPartOf\":{\"@id\":\"https:\\\/\\\/energiesnet.com\\\/espanol\\\/#website\"},\"breadcrumb\":{\"@id\":\"https:\\\/\\\/energiesnet.com\\\/espanol\\\/kerry-ve-disposicion-de-amlo-para-abrir-sector-energetico-a-ip-forbes-mx\\\/#breadcrumblist\"},\"author\":{\"@id\":\"https:\\\/\\\/energiesnet.com\\\/espanol\\\/author\\\/elioohep\\\/#author\"},\"creator\":{\"@id\":\"https:\\\/\\\/energiesnet.com\\\/espanol\\\/author\\\/elioohep\\\/#author\"},\"image\":{\"@type\":\"ImageObject\",\"url\":\"https:\\\/\\\/energiesnet.com\\\/espanol\\\/wp-content\\\/uploads\\\/2022\\\/06\\\/kerry_amol-gobierno-mexico.jpg\",\"@id\":\"https:\\\/\\\/energiesnet.com\\\/espanol\\\/kerry-ve-disposicion-de-amlo-para-abrir-sector-energetico-a-ip-forbes-mx\\\/#mainImage\",\"width\":600,\"height\":338},\"primaryImageOfPage\":{\"@id\":\"https:\\\/\\\/energiesnet.com\\\/espanol\\\/kerry-ve-disposicion-de-amlo-para-abrir-sector-energetico-a-ip-forbes-mx\\\/#mainImage\"},\"datePublished\":\"2022-06-15T09:48:06-04:00\",\"dateModified\":\"2022-06-15T09:48:08-04:00\"},{\"@type\":\"WebSite\",\"@id\":\"https:\\\/\\\/energiesnet.com\\\/espanol\\\/#website\",\"url\":\"https:\\\/\\\/energiesnet.com\\\/espanol\\\/\",\"name\":\"EnergiestNet\",\"description\":\"Latin America Energy, Oil ,  Gas & Renewals\",\"inLanguage\":\"es-ES\",\"publisher\":{\"@id\":\"https:\\\/\\\/energiesnet.com\\\/espanol\\\/#organization\"}}]}\n\t\t<\/script>\n\t\t<!-- All in One SEO -->\n\n","aioseo_head_json":{"title":"Kerry ve disposici\u00f3n de AMLO para abrir sector energ\u00e9tico a IP -Forbes MX - EnergiestNet","description":"Enmanuel Carrillo, Forbes MX CIUDAD DE M\u00c9XICO EnergiesNet.com 14 06 2022 John Kerry, enviado de la Casa Blanca para el Clima, afirm\u00f3 que el gobierno del presidente Andr\u00e9s Manuel L\u00f3pez Obrador tiene la disposici\u00f3n de trabajar junto a la iniciativa privada y abrir a la inversi\u00f3n el sector energ\u00e9tico. Luego de una reuni\u00f3n de dos","canonical_url":"https:\/\/energiesnet.com\/espanol\/kerry-ve-disposicion-de-amlo-para-abrir-sector-energetico-a-ip-forbes-mx\/","robots":"max-image-preview:large","keywords":"","webmasterTools":{"miscellaneous":""},"schema":{"@context":"https:\/\/schema.org","@graph":[{"@type":"BlogPosting","@id":"https:\/\/energiesnet.com\/espanol\/kerry-ve-disposicion-de-amlo-para-abrir-sector-energetico-a-ip-forbes-mx\/#blogposting","name":"Kerry ve disposici\u00f3n de AMLO para abrir sector energ\u00e9tico a IP -Forbes MX - EnergiestNet","headline":"Kerry ve disposici\u00f3n de AMLO para abrir sector energ\u00e9tico a IP -Forbes MX","author":{"@id":"https:\/\/energiesnet.com\/espanol\/author\/elioohep\/#author"},"publisher":{"@id":"https:\/\/energiesnet.com\/espanol\/#organization"},"image":{"@type":"ImageObject","url":"https:\/\/energiesnet.com\/espanol\/wp-content\/uploads\/2022\/06\/kerry_amol-gobierno-mexico.jpg","width":600,"height":338},"datePublished":"2022-06-15T09:48:06-04:00","dateModified":"2022-06-15T09:48:08-04:00","inLanguage":"es-ES","mainEntityOfPage":{"@id":"https:\/\/energiesnet.com\/espanol\/kerry-ve-disposicion-de-amlo-para-abrir-sector-energetico-a-ip-forbes-mx\/#webpage"},"isPartOf":{"@id":"https:\/\/energiesnet.com\/espanol\/kerry-ve-disposicion-de-amlo-para-abrir-sector-energetico-a-ip-forbes-mx\/#webpage"},"articleSection":"La Noticia, Noticias Diarias"},{"@type":"BreadcrumbList","@id":"https:\/\/energiesnet.com\/espanol\/kerry-ve-disposicion-de-amlo-para-abrir-sector-energetico-a-ip-forbes-mx\/#breadcrumblist","itemListElement":[{"@type":"ListItem","@id":"https:\/\/energiesnet.com\/espanol#listItem","position":1,"name":"Inicio","item":"https:\/\/energiesnet.com\/espanol","nextItem":{"@type":"ListItem","@id":"https:\/\/energiesnet.com\/espanol\/category\/top-news\/#listItem","name":"La Noticia"}},{"@type":"ListItem","@id":"https:\/\/energiesnet.com\/espanol\/category\/top-news\/#listItem","position":2,"name":"La Noticia","item":"https:\/\/energiesnet.com\/espanol\/category\/top-news\/","nextItem":{"@type":"ListItem","@id":"https:\/\/energiesnet.com\/espanol\/kerry-ve-disposicion-de-amlo-para-abrir-sector-energetico-a-ip-forbes-mx\/#listItem","name":"Kerry ve disposici\u00f3n de AMLO para abrir sector energ\u00e9tico a IP -Forbes MX"},"previousItem":{"@type":"ListItem","@id":"https:\/\/energiesnet.com\/espanol#listItem","name":"Inicio"}},{"@type":"ListItem","@id":"https:\/\/energiesnet.com\/espanol\/kerry-ve-disposicion-de-amlo-para-abrir-sector-energetico-a-ip-forbes-mx\/#listItem","position":3,"name":"Kerry ve disposici\u00f3n de AMLO para abrir sector energ\u00e9tico a IP -Forbes MX","previousItem":{"@type":"ListItem","@id":"https:\/\/energiesnet.com\/espanol\/category\/top-news\/#listItem","name":"La Noticia"}}]},{"@type":"Organization","@id":"https:\/\/energiesnet.com\/espanol\/#organization","name":"EnergiestNet","description":"Latin America Energy, Oil ,  Gas & Renewals","url":"https:\/\/energiesnet.com\/espanol\/","telephone":"+584142763041","logo":{"@type":"ImageObject","url":"https:\/\/energiesnet.com\/espanol\/wp-content\/uploads\/2022\/12\/EnergiesNet-Logo-200.jpg","@id":"https:\/\/energiesnet.com\/espanol\/kerry-ve-disposicion-de-amlo-para-abrir-sector-energetico-a-ip-forbes-mx\/#organizationLogo","width":200,"height":220},"image":{"@id":"https:\/\/energiesnet.com\/espanol\/kerry-ve-disposicion-de-amlo-para-abrir-sector-energetico-a-ip-forbes-mx\/#organizationLogo"},"sameAs":["https:\/\/www.facebook.com\/\/EnergiesNet","https:\/\/twitter.com\/EnergiesNet1","https:\/\/www.instagram.com\/energiesnet\/","https:\/\/linkedin.com\/in\/elio-ohep-a465b78"]},{"@type":"Person","@id":"https:\/\/energiesnet.com\/espanol\/author\/elioohep\/#author","url":"https:\/\/energiesnet.com\/espanol\/author\/elioohep\/","name":"EnergiesNet","image":{"@type":"ImageObject","@id":"https:\/\/energiesnet.com\/espanol\/kerry-ve-disposicion-de-amlo-para-abrir-sector-energetico-a-ip-forbes-mx\/#authorImage","url":"https:\/\/secure.gravatar.com\/avatar\/5412deb1089370e2bdf1d1310563df78bf3dc9f9e388ca5748bced95cfdb664b?s=96&d=mm&r=g","width":96,"height":96,"caption":"EnergiesNet"}},{"@type":"WebPage","@id":"https:\/\/energiesnet.com\/espanol\/kerry-ve-disposicion-de-amlo-para-abrir-sector-energetico-a-ip-forbes-mx\/#webpage","url":"https:\/\/energiesnet.com\/espanol\/kerry-ve-disposicion-de-amlo-para-abrir-sector-energetico-a-ip-forbes-mx\/","name":"Kerry ve disposici\u00f3n de AMLO para abrir sector energ\u00e9tico a IP -Forbes MX - EnergiestNet","description":"Enmanuel Carrillo, Forbes MX CIUDAD DE M\u00c9XICO EnergiesNet.com 14 06 2022 John Kerry, enviado de la Casa Blanca para el Clima, afirm\u00f3 que el gobierno del presidente Andr\u00e9s Manuel L\u00f3pez Obrador tiene la disposici\u00f3n de trabajar junto a la iniciativa privada y abrir a la inversi\u00f3n el sector energ\u00e9tico. Luego de una reuni\u00f3n de dos","inLanguage":"es-ES","isPartOf":{"@id":"https:\/\/energiesnet.com\/espanol\/#website"},"breadcrumb":{"@id":"https:\/\/energiesnet.com\/espanol\/kerry-ve-disposicion-de-amlo-para-abrir-sector-energetico-a-ip-forbes-mx\/#breadcrumblist"},"author":{"@id":"https:\/\/energiesnet.com\/espanol\/author\/elioohep\/#author"},"creator":{"@id":"https:\/\/energiesnet.com\/espanol\/author\/elioohep\/#author"},"image":{"@type":"ImageObject","url":"https:\/\/energiesnet.com\/espanol\/wp-content\/uploads\/2022\/06\/kerry_amol-gobierno-mexico.jpg","@id":"https:\/\/energiesnet.com\/espanol\/kerry-ve-disposicion-de-amlo-para-abrir-sector-energetico-a-ip-forbes-mx\/#mainImage","width":600,"height":338},"primaryImageOfPage":{"@id":"https:\/\/energiesnet.com\/espanol\/kerry-ve-disposicion-de-amlo-para-abrir-sector-energetico-a-ip-forbes-mx\/#mainImage"},"datePublished":"2022-06-15T09:48:06-04:00","dateModified":"2022-06-15T09:48:08-04:00"},{"@type":"WebSite","@id":"https:\/\/energiesnet.com\/espanol\/#website","url":"https:\/\/energiesnet.com\/espanol\/","name":"EnergiestNet","description":"Latin America Energy, Oil ,  Gas & Renewals","inLanguage":"es-ES","publisher":{"@id":"https:\/\/energiesnet.com\/espanol\/#organization"}}]},"og:locale":"es_ES","og:site_name":"EnergiestNet - Latin America Energy, Oil ,  Gas &amp; Renewals","og:type":"article","og:title":"Kerry ve disposici\u00f3n de AMLO para abrir sector energ\u00e9tico a IP -Forbes MX - EnergiestNet","og:description":"Enmanuel Carrillo, Forbes MX CIUDAD DE M\u00c9XICO EnergiesNet.com 14 06 2022 John Kerry, enviado de la Casa Blanca para el Clima, afirm\u00f3 que el gobierno del presidente Andr\u00e9s Manuel L\u00f3pez Obrador tiene la disposici\u00f3n de trabajar junto a la iniciativa privada y abrir a la inversi\u00f3n el sector energ\u00e9tico. Luego de una reuni\u00f3n de dos","og:url":"https:\/\/energiesnet.com\/espanol\/kerry-ve-disposicion-de-amlo-para-abrir-sector-energetico-a-ip-forbes-mx\/","og:image":"https:\/\/energiesnet.com\/espanol","og:image:secure_url":"https:\/\/energiesnet.com\/espanol","article:published_time":"2022-06-15T13:48:06+00:00","article:modified_time":"2022-06-15T13:48:08+00:00","article:publisher":"https:\/\/www.facebook.com\/\/EnergiesNet","twitter:card":"summary_large_image","twitter:site":"@EnergiesNet1","twitter:title":"Kerry ve disposici\u00f3n de AMLO para abrir sector energ\u00e9tico a IP -Forbes MX - EnergiestNet","twitter:description":"Enmanuel Carrillo, Forbes MX CIUDAD DE M\u00c9XICO EnergiesNet.com 14 06 2022 John Kerry, enviado de la Casa Blanca para el Clima, afirm\u00f3 que el gobierno del presidente Andr\u00e9s Manuel L\u00f3pez Obrador tiene la disposici\u00f3n de trabajar junto a la iniciativa privada y abrir a la inversi\u00f3n el sector energ\u00e9tico. Luego de una reuni\u00f3n de dos","twitter:creator":"@EnergiesNet1","twitter:image":"https:\/\/energiesnet.com\/espanol"},"aioseo_meta_data":{"post_id":"9137","title":null,"description":null,"keywords":null,"keyphrases":null,"primary_term":null,"canonical_url":null,"og_title":null,"og_description":null,"og_object_type":"default","og_image_type":"default","og_image_url":null,"og_image_width":null,"og_image_height":null,"og_image_custom_url":null,"og_image_custom_fields":null,"og_video":null,"og_custom_url":null,"og_article_section":null,"og_article_tags":null,"twitter_use_og":false,"twitter_card":"default","twitter_image_type":"default","twitter_image_url":null,"twitter_image_custom_url":null,"twitter_image_custom_fields":null,"twitter_title":null,"twitter_description":null,"schema":{"blockGraphs":[],"customGraphs":[],"default":{"data":{"Article":[],"Course":[],"Dataset":[],"FAQPage":[],"Movie":[],"Person":[],"Product":[],"ProductReview":[],"Car":[],"Recipe":[],"Service":[],"SoftwareApplication":[],"WebPage":[]},"graphName":"","isEnabled":true},"graphs":[]},"schema_type":"default","schema_type_options":null,"pillar_content":false,"robots_default":true,"robots_noindex":false,"robots_noarchive":false,"robots_nosnippet":false,"robots_nofollow":false,"robots_noimageindex":false,"robots_noodp":false,"robots_notranslate":false,"robots_max_snippet":null,"robots_max_videopreview":null,"robots_max_imagepreview":"large","priority":null,"frequency":null,"local_seo":null,"breadcrumb_settings":null,"limit_modified_date":false,"ai":null,"created":"2022-12-14 16:23:05","updated":"2025-06-04 11:59:41","seo_analyzer_scan_date":null,"focus_keyword":null,"additional_keywords":null,"truseo_locale":null},"aioseo_breadcrumb":"<div class=\"aioseo-breadcrumbs\"><span class=\"aioseo-breadcrumb\">\n\t\t\t<a href=\"https:\/\/energiesnet.com\/espanol\" title=\"Inicio\">Inicio<\/a>\n\t\t<\/span><span class=\"aioseo-breadcrumb-separator\">&raquo;<\/span><span class=\"aioseo-breadcrumb\">\n\t\t\t<a href=\"https:\/\/energiesnet.com\/espanol\/category\/top-news\/\" title=\"La Noticia\">La Noticia<\/a>\n\t\t<\/span><span class=\"aioseo-breadcrumb-separator\">&raquo;<\/span><span class=\"aioseo-breadcrumb\">\n\t\t\tKerry ve disposici\u00f3n de AMLO para abrir sector energ\u00e9tico a IP -Forbes MX\n\t\t<\/span><\/div>","aioseo_breadcrumb_json":[{"label":"Inicio","link":"https:\/\/energiesnet.com\/espanol"},{"label":"La Noticia","link":"https:\/\/energiesnet.com\/espanol\/category\/top-news\/"},{"label":"Kerry ve disposici\u00f3n de AMLO para abrir sector energ\u00e9tico a IP -Forbes MX","link":"https:\/\/energiesnet.com\/espanol\/kerry-ve-disposicion-de-amlo-para-abrir-sector-energetico-a-ip-forbes-mx\/"}],"_links":{"self":[{"href":"https:\/\/energiesnet.com\/espanol\/wp-json\/wp\/v2\/posts\/9137","targetHints":{"allow":["GET"]}}],"collection":[{"href":"https:\/\/energiesnet.com\/espanol\/wp-json\/wp\/v2\/posts"}],"about":[{"href":"https:\/\/energiesnet.com\/espanol\/wp-json\/wp\/v2\/types\/post"}],"author":[{"embeddable":true,"href":"https:\/\/energiesnet.com\/espanol\/wp-json\/wp\/v2\/users\/2"}],"replies":[{"embeddable":true,"href":"https:\/\/energiesnet.com\/espanol\/wp-json\/wp\/v2\/comments?post=9137"}],"version-history":[{"count":0,"href":"https:\/\/energiesnet.com\/espanol\/wp-json\/wp\/v2\/posts\/9137\/revisions"}],"wp:featuredmedia":[{"embeddable":true,"href":"https:\/\/energiesnet.com\/espanol\/wp-json\/wp\/v2\/media\/9138"}],"wp:attachment":[{"href":"https:\/\/energiesnet.com\/espanol\/wp-json\/wp\/v2\/media?parent=9137"}],"wp:term":[{"taxonomy":"category","embeddable":true,"href":"https:\/\/energiesnet.com\/espanol\/wp-json\/wp\/v2\/categories?post=9137"},{"taxonomy":"post_tag","embeddable":true,"href":"https:\/\/energiesnet.com\/espanol\/wp-json\/wp\/v2\/tags?post=9137"}],"curies":[{"name":"wp","href":"https:\/\/api.w.org\/{rel}","templated":true}]}}